{"id":94578,"global_id":"mont-roig.cat\/es\/?id=94578","global_id_lineage":["mont-roig.cat\/es\/?id=94578"],"author":"13","status":"publish","date":"2026-08-11 09:53:04","date_utc":"2026-08-11 07:53:04","modified":"2026-08-11 09:53:04","modified_utc":"2026-08-11 07:53:04","url":"https:\/\/mont-roig.cat\/es\/acte\/diada-de-catalunya\/","rest_url":"https:\/\/mont-roig.cat\/es\/wp-json\/tribe\/events\/v1\/events\/94578","title":"Diada de Catalunya","description":"<p><strong>Mont-roig del Camp i Miami Platja<\/strong><\/p>\n<hr \/>\n<ul>\n<li>Pr\u00f3ximament m\u00e9s informaci\u00f3<a href=\"https:\/\/mont-roig.cat\/wp-content\/uploads\/BANNER-CAT.png\"><img loading=\"lazy\" decoding=\"async\" class=\"alignright size-medium wp-image-94579\" src=\"https:\/\/mont-roig.cat\/wp-content\/uploads\/BANNER-CAT-500x185.png\" alt=\"\" width=\"500\" height=\"185\" srcset=\"https:\/\/mont-roig.cat\/wp-content\/uploads\/BANNER-CAT-500x185.png 500w, https:\/\/mont-roig.cat\/wp-content\/uploads\/BANNER-CAT-768x284.png 768w, https:\/\/mont-roig.cat\/wp-content\/uploads\/BANNER-CAT.png 851w\" sizes=\"auto, (max-width: 500px) 100vw, 500px\" \/><\/a><\/li>\n<\/ul>","excerpt":"","slug":"diada-de-catalunya","image":{"url":"https:\/\/mont-roig.cat\/wp-content\/uploads\/BANNER-CAT.png","id":94579,"extension":"png","width":851,"height":315,"filesize":39478,"sizes":{"medium":{"width":500,"height":185,"mime-type":"image\/png","filesize":32486,"url":"https:\/\/mont-roig.cat\/wp-content\/uploads\/BANNER-CAT-500x185.png"},"thumbnail":{"width":50,"height":50,"mime-type":"image\/png","filesize":2947,"url":"https:\/\/mont-roig.cat\/wp-content\/uploads\/BANNER-CAT-50x50.png"},"medium_large":{"width":768,"height":284,"mime-type":"image\/png","filesize":52057,"url":"https:\/\/mont-roig.cat\/wp-content\/uploads\/BANNER-CAT-768x284.png"},"blog-medium":{"width":463,"height":315,"mime-type":"image\/png","filesize":25643,"url":"https:\/\/mont-roig.cat\/wp-content\/uploads\/BANNER-CAT-463x315.png"},"related-post":{"width":450,"height":231,"mime-type":"image\/png","filesize":31082,"url":"https:\/\/mont-roig.cat\/wp-content\/uploads\/BANNER-CAT-450x231.png"},"portfolio-large":{"width":560,"height":315,"mime-type":"image\/png","filesize":30957,"url":"https:\/\/mont-roig.cat\/wp-content\/uploads\/BANNER-CAT-560x315.png"},"portfolio-medium":{"width":367,"height":315,"mime-type":"image\/png","filesize":19766,"url":"https:\/\/mont-roig.cat\/wp-content\/uploads\/BANNER-CAT-367x315.png"},"related-portfolio":{"width":450,"height":315,"mime-type":"image\/png","filesize":24809,"url":"https:\/\/mont-roig.cat\/wp-content\/uploads\/BANNER-CAT-450x315.png"},"member":{"width":367,"height":315,"mime-type":"image\/png","filesize":19766,"url":"https:\/\/mont-roig.cat\/wp-content\/uploads\/BANNER-CAT-367x315.png"},"widget-thumb-medium":{"width":85,"height":85,"mime-type":"image\/png","filesize":5142,"url":"https:\/\/mont-roig.cat\/wp-content\/uploads\/BANNER-CAT-85x85.png"},"widget-thumb":{"width":50,"height":50,"mime-type":"image\/png","filesize":2947,"url":"https:\/\/mont-roig.cat\/wp-content\/uploads\/BANNER-CAT-50x50.png"},"rpwe-thumbnail":{"width":45,"height":45,"mime-type":"image\/png","filesize":2594,"url":"https:\/\/mont-roig.cat\/wp-content\/uploads\/BANNER-CAT-45x45.png"}}},"all_day":false,"start_date":"2026-09-11 00:00:00","start_date_details":{"year":"2026","month":"09","day":"11","hour":"00","minutes":"00","seconds":"00"},"end_date":"2026-09-11 00:00:00","end_date_details":{"year":"2026","month":"09","day":"11","hour":"00","minutes":"00","seconds":"00"},"utc_start_date":"2026-09-10 22:00:00","utc_start_date_details":{"year":"2026","month":"09","day":"10","hour":"22","minutes":"00","seconds":"00"},"utc_end_date":"2026-09-10 22:00:00","utc_end_date_details":{"year":"2026","month":"09","day":"10","hour":"22","minutes":"00","seconds":"00"},"timezone":"Europe\/Madrid","timezone_abbr":"CEST","cost":"","cost_details":{"currency_symbol":"","currency_code":"","currency_position":"prefix","values":[]},"website":"","show_map":true,"show_map_link":true,"hide_from_listings":false,"sticky":false,"featured":false,"categories":[{"name":"Ajuntament","slug":"ajuntament-es","term_group":0,"term_taxonomy_id":136,"taxonomy":"tribe_events_cat","description":"","parent":0,"count":33,"filter":"raw","id":136,"urls":{"self":"https:\/\/mont-roig.cat\/es\/wp-json\/tribe\/events\/v1\/categories\/136","collection":"https:\/\/mont-roig.cat\/es\/wp-json\/tribe\/events\/v1\/categories"}},{"name":"Cultura","slug":"cultura-es","term_group":0,"term_taxonomy_id":139,"taxonomy":"tribe_events_cat","description":"","parent":0,"count":17,"filter":"raw","id":139,"urls":{"self":"https:\/\/mont-roig.cat\/es\/wp-json\/tribe\/events\/v1\/categories\/139","collection":"https:\/\/mont-roig.cat\/es\/wp-json\/tribe\/events\/v1\/categories"}}],"tags":[],"venue":{"id":34806,"author":"4","status":"publish","date":"2019-03-06 13:21:15","date_utc":"2019-03-06 12:21:15","modified":"2019-03-06 13:21:15","modified_utc":"2019-03-06 12:21:15","url":"https:\/\/mont-roig.cat\/local\/parc-de-les-oliveres\/","venue":"Parc de les Oliveres","slug":"parc-de-les-oliveres","json_ld":{"@type":"Place","name":"Parc de les Oliveres","description":"","url":"https:\/\/mont-roig.cat\/local\/parc-de-les-oliveres\/","address":{"@type":"PostalAddress"},"telephone":"","sameAs":""},"show_map":true,"show_map_link":true,"global_id":"mont-roig.cat\/es\/?id=34806","global_id_lineage":["mont-roig.cat\/es\/?id=34806"]},"organizer":[{"id":76934,"author":"13","status":"publish","date":"2024-06-07 14:34:57","date_utc":"2024-06-07 12:34:57","modified":"2024-06-07 14:34:57","modified_utc":"2024-06-07 12:34:57","url":"https:\/\/mont-roig.cat\/organizador\/regidoria-cultura\/","organizer":"Regidoria Cultura","slug":"regidoria-cultura","json_ld":{"@type":"Person","name":"Regidoria Cultura","description":"","url":"","telephone":"","email":"","sameAs":""},"global_id":"mont-roig.cat\/es\/?id=76934","global_id_lineage":["mont-roig.cat\/es\/?id=76934"]}],"json_ld":{"@context":"http:\/\/schema.org","@type":"Event","name":"Diada de Catalunya","description":"&lt;p&gt;Mont-roig del Camp i Miami Platja Pr\u00f3ximament m\u00e9s informaci\u00f3&lt;\/p&gt;\\n","image":"https:\/\/mont-roig.cat\/wp-content\/uploads\/BANNER-CAT.png","url":"https:\/\/mont-roig.cat\/es\/acte\/diada-de-catalunya\/","startDate":"2026-09-11T00:00:00+02:00","endDate":"2026-09-11T00:00:00+02:00","location":{"@type":"Place","name":"Parc de les Oliveres","description":"","url":"https:\/\/mont-roig.cat\/local\/parc-de-les-oliveres\/","address":{"@type":"PostalAddress"},"telephone":"","sameAs":""},"organizer":{"@type":"Person","name":"Regidoria Cultura","description":"","url":"","telephone":"","email":"","sameAs":""},"performer":"Organization"}}