{"id":10239,"date":"2016-03-23T10:53:39","date_gmt":"2016-03-23T09:53:39","guid":{"rendered":"http:\/\/mont-roig.cat\/es\/?p=10239"},"modified":"2016-03-23T10:53:39","modified_gmt":"2016-03-23T09:53:39","slug":"los-alumnos-del-ptt-auxiliar-viveros-jardines-decoran-las-bibliotecas-joan-miro-kokedamas","status":"publish","type":"post","link":"https:\/\/mont-roig.cat\/es\/actualitat\/noticies\/los-alumnos-del-ptt-auxiliar-viveros-jardines-decoran-las-bibliotecas-joan-miro-kokedamas\/","title":{"rendered":"Los alumnos del PTT de Auxiliar en viveros y jardines decoran las Bibliotecas Joan Mir\u00f3 con &#8220;kokedamas&#8221;"},"content":{"rendered":"<div class=\"wpb-content-wrapper\">[vc_row][vc_column][vc_column_text]<span style=\"line-height: 1.5;\"><strong>El objetivo del proyecto es motivar a los j\u00f3venes y poner en valor su trabajo y esfuerzo<\/strong><\/span><\/p>\n<p><span style=\"line-height: 1.5;\">Unas &#8220;kokedamas&#8221; elaboradas por los alumnos del PTT de Auxiliar en viveros y jardines lucen desde hace unos d\u00edas en las bibliotecas municipales de Mont-roig y Miami Platja. Se trata de unas plantas cultivadas sobre una bola de musgo y sustrato, sin maceta, siguiendo una antigua t\u00e9cnica japonesa. El resultado ha sorprendido a todos los usuarios de estos equipamientos que han coincidido en destacar el trabajo y la originalidad de presentaci\u00f3n de las plantas.<\/span><\/p>\n<p><span style=\"line-height: 1.5;\">La iniciativa forma parte de la asignatura &#8220;Proyecto integrado&#8221; del PTT-PFI (Plan de Transici\u00f3n al Trabajo &#8211; Programa de Inserci\u00f3n y Formaci\u00f3n) que se lleva a cabo en el Instituto Antoni Ballester. La colocaci\u00f3n de las kokedamas en estos equipamientos municipales sirve para dar visibilidad a estos estudios, destinados a j\u00f3venes de entre 16 y 21 a\u00f1os que no han obtenido el graduado en ESO. El protagonismo que adquieren con la presentaci\u00f3n p\u00fablica de los trabajos es un elemento motivador para los alumnos y un refuerzo positivo hacia su trabajo.<\/span><\/p>\n<p><span style=\"line-height: 1.5;\">Todo el trabajo realizado, as\u00ed como las diversas actividades y proyectos que llevan a cabo est\u00e1n explicados en su blog \u201c<\/span><a style=\"line-height: 1.5;\" href=\"http:\/\/femhoverdptt.blogspot.com.es\/search\/label\/El%20nostre%20dia%20a%20dia\" target=\"_blank\">Fem-ho verd<\/a><span style=\"line-height: 1.5;\">\u201d.<\/span>[\/vc_column_text][\/vc_column][\/vc_row][vc_row][vc_column][vc_images_carousel images=&#8221;10228,10227,10229,10226,10225,10224,10223,10222,10221&#8243; img_size=&#8221;medium&#8221; autoplay=&#8221;yes&#8221; wrap=&#8221;yes&#8221;][\/vc_column][\/vc_row]\n<\/div>","protected":false},"excerpt":{"rendered":"<p>Unas &#8220;kokedamas&#8221; elaboradas por los alumnos del PTT de Auxiliar en viveros y jardines lucen desde hace unos d\u00edas en las bibliotecas municipales de Mont-roig y Miami Platja. Se trata de unas plantas cultivadas sobre una bola de musgo y sustrato, sin maceta, siguiendo una antigua t\u00e9cnica japonesa. El resultado ha sorprendido a todos los usuarios de estos equipamientos que han coincidido en destacar el trabajo y la originalidad de presentaci\u00f3n de las plantas.<\/p>\n","protected":false},"author":4,"featured_media":10229,"comment_status":"closed","ping_status":"closed","sticky":false,"template":"","format":"standard","meta":{"inline_featured_image":false,"_monsterinsights_skip_tracking":false,"_monsterinsights_sitenote_active":false,"_monsterinsights_sitenote_note":"","_monsterinsights_sitenote_category":0,"footnotes":""},"categories":[103],"tags":[],"class_list":["post-10239","post","type-post","status-publish","format-standard","has-post-thumbnail","hentry","category-educacion"],"yoast_head":"<!-- This site is optimized with the Yoast SEO plugin v27.4 - https:\/\/yoast.com\/product\/yoast-seo-wordpress\/ -->\n<title>Los alumnos del PTT de Auxiliar en viveros y jardines decoran las Bibliotecas Joan Mir\u00f3 con &quot;kokedamas&quot; - Ajuntament de Mont-roig del Camp<\/title>\n<meta name=\"robots\" content=\"index, follow, max-snippet:-1, max-image-preview:large, max-video-preview:-1\" \/>\n<link rel=\"canonical\" href=\"https:\/\/mont-roig.cat\/es\/actualitat\/noticies\/los-alumnos-del-ptt-auxiliar-viveros-jardines-decoran-las-bibliotecas-joan-miro-kokedamas\/\" \/>\n<meta property=\"og:locale\" content=\"es_ES\" \/>\n<meta property=\"og:type\" content=\"article\" \/>\n<meta property=\"og:title\" content=\"Los alumnos del PTT de Auxiliar en viveros y jardines decoran las Bibliotecas Joan Mir\u00f3 con &quot;kokedamas&quot; - Ajuntament de Mont-roig del Camp\" \/>\n<meta property=\"og:description\" content=\"Unas &quot;kokedamas&quot; elaboradas por los alumnos del PTT de Auxiliar en viveros y jardines lucen desde hace unos d\u00edas en las bibliotecas municipales de Mont-roig y Miami Platja. Se trata de unas plantas cultivadas sobre una bola de musgo y sustrato, sin maceta, siguiendo una antigua t\u00e9cnica japonesa. El resultado ha sorprendido a todos los usuarios de estos equipamientos que han coincidido en destacar el trabajo y la originalidad de presentaci\u00f3n de las plantas.\" \/>\n<meta property=\"og:url\" content=\"https:\/\/mont-roig.cat\/es\/actualitat\/noticies\/los-alumnos-del-ptt-auxiliar-viveros-jardines-decoran-las-bibliotecas-joan-miro-kokedamas\/\" \/>\n<meta property=\"og:site_name\" content=\"Ajuntament de Mont-roig del Camp\" \/>\n<meta property=\"article:published_time\" content=\"2016-03-23T09:53:39+00:00\" \/>\n<meta property=\"og:image\" content=\"https:\/\/mont-roig.cat\/wp-content\/uploads\/IMG-20160317-WA0008.jpg\" \/>\n\t<meta property=\"og:image:width\" content=\"1600\" \/>\n\t<meta property=\"og:image:height\" content=\"1200\" \/>\n\t<meta property=\"og:image:type\" content=\"image\/jpeg\" \/>\n<meta name=\"author\" content=\"administrador\" \/>\n<meta name=\"twitter:card\" content=\"summary_large_image\" \/>\n<meta name=\"twitter:label1\" content=\"Escrito por\" \/>\n\t<meta name=\"twitter:data1\" content=\"administrador\" \/>\n\t<meta name=\"twitter:label2\" content=\"Tiempo de lectura\" \/>\n\t<meta name=\"twitter:data2\" content=\"1 minuto\" \/>\n<script type=\"application\/ld+json\" class=\"yoast-schema-graph\">{\"@context\":\"https:\\\/\\\/schema.org\",\"@graph\":[{\"@type\":\"Article\",\"@id\":\"https:\\\/\\\/mont-roig.cat\\\/es\\\/actualitat\\\/noticies\\\/los-alumnos-del-ptt-auxiliar-viveros-jardines-decoran-las-bibliotecas-joan-miro-kokedamas\\\/#article\",\"isPartOf\":{\"@id\":\"https:\\\/\\\/mont-roig.cat\\\/es\\\/actualitat\\\/noticies\\\/los-alumnos-del-ptt-auxiliar-viveros-jardines-decoran-las-bibliotecas-joan-miro-kokedamas\\\/\"},\"author\":{\"name\":\"administrador\",\"@id\":\"https:\\\/\\\/mont-roig.cat\\\/es\\\/#\\\/schema\\\/person\\\/f2b111789f22b7d0c3bd6786c9128cba\"},\"headline\":\"Los alumnos del PTT de Auxiliar en viveros y jardines decoran las Bibliotecas Joan Mir\u00f3 con &#8220;kokedamas&#8221;\",\"datePublished\":\"2016-03-23T09:53:39+00:00\",\"mainEntityOfPage\":{\"@id\":\"https:\\\/\\\/mont-roig.cat\\\/es\\\/actualitat\\\/noticies\\\/los-alumnos-del-ptt-auxiliar-viveros-jardines-decoran-las-bibliotecas-joan-miro-kokedamas\\\/\"},\"wordCount\":264,\"image\":{\"@id\":\"https:\\\/\\\/mont-roig.cat\\\/es\\\/actualitat\\\/noticies\\\/los-alumnos-del-ptt-auxiliar-viveros-jardines-decoran-las-bibliotecas-joan-miro-kokedamas\\\/#primaryimage\"},\"thumbnailUrl\":\"https:\\\/\\\/mont-roig.cat\\\/wp-content\\\/uploads\\\/IMG-20160317-WA0008.jpg\",\"articleSection\":[\"Educaci\u00f3n\"],\"inLanguage\":\"es\"},{\"@type\":\"WebPage\",\"@id\":\"https:\\\/\\\/mont-roig.cat\\\/es\\\/actualitat\\\/noticies\\\/los-alumnos-del-ptt-auxiliar-viveros-jardines-decoran-las-bibliotecas-joan-miro-kokedamas\\\/\",\"url\":\"https:\\\/\\\/mont-roig.cat\\\/es\\\/actualitat\\\/noticies\\\/los-alumnos-del-ptt-auxiliar-viveros-jardines-decoran-las-bibliotecas-joan-miro-kokedamas\\\/\",\"name\":\"Los alumnos del PTT de Auxiliar en viveros y jardines decoran las Bibliotecas Joan Mir\u00f3 con \\\"kokedamas\\\" - Ajuntament de Mont-roig del Camp\",\"isPartOf\":{\"@id\":\"https:\\\/\\\/mont-roig.cat\\\/es\\\/#website\"},\"primaryImageOfPage\":{\"@id\":\"https:\\\/\\\/mont-roig.cat\\\/es\\\/actualitat\\\/noticies\\\/los-alumnos-del-ptt-auxiliar-viveros-jardines-decoran-las-bibliotecas-joan-miro-kokedamas\\\/#primaryimage\"},\"image\":{\"@id\":\"https:\\\/\\\/mont-roig.cat\\\/es\\\/actualitat\\\/noticies\\\/los-alumnos-del-ptt-auxiliar-viveros-jardines-decoran-las-bibliotecas-joan-miro-kokedamas\\\/#primaryimage\"},\"thumbnailUrl\":\"https:\\\/\\\/mont-roig.cat\\\/wp-content\\\/uploads\\\/IMG-20160317-WA0008.jpg\",\"datePublished\":\"2016-03-23T09:53:39+00:00\",\"author\":{\"@id\":\"https:\\\/\\\/mont-roig.cat\\\/es\\\/#\\\/schema\\\/person\\\/f2b111789f22b7d0c3bd6786c9128cba\"},\"breadcrumb\":{\"@id\":\"https:\\\/\\\/mont-roig.cat\\\/es\\\/actualitat\\\/noticies\\\/los-alumnos-del-ptt-auxiliar-viveros-jardines-decoran-las-bibliotecas-joan-miro-kokedamas\\\/#breadcrumb\"},\"inLanguage\":\"es\",\"potentialAction\":[{\"@type\":\"ReadAction\",\"target\":[\"https:\\\/\\\/mont-roig.cat\\\/es\\\/actualitat\\\/noticies\\\/los-alumnos-del-ptt-auxiliar-viveros-jardines-decoran-las-bibliotecas-joan-miro-kokedamas\\\/\"]}]},{\"@type\":\"ImageObject\",\"inLanguage\":\"es\",\"@id\":\"https:\\\/\\\/mont-roig.cat\\\/es\\\/actualitat\\\/noticies\\\/los-alumnos-del-ptt-auxiliar-viveros-jardines-decoran-las-bibliotecas-joan-miro-kokedamas\\\/#primaryimage\",\"url\":\"https:\\\/\\\/mont-roig.cat\\\/wp-content\\\/uploads\\\/IMG-20160317-WA0008.jpg\",\"contentUrl\":\"https:\\\/\\\/mont-roig.cat\\\/wp-content\\\/uploads\\\/IMG-20160317-WA0008.jpg\",\"width\":1600,\"height\":1200},{\"@type\":\"BreadcrumbList\",\"@id\":\"https:\\\/\\\/mont-roig.cat\\\/es\\\/actualitat\\\/noticies\\\/los-alumnos-del-ptt-auxiliar-viveros-jardines-decoran-las-bibliotecas-joan-miro-kokedamas\\\/#breadcrumb\",\"itemListElement\":[{\"@type\":\"ListItem\",\"position\":1,\"name\":\"Inici\",\"item\":\"https:\\\/\\\/mont-roig.cat\\\/es\\\/pagina-de-inicio\\\/\"},{\"@type\":\"ListItem\",\"position\":2,\"name\":\"Los alumnos del PTT de Auxiliar en viveros y jardines decoran las Bibliotecas Joan Mir\u00f3 con &#8220;kokedamas&#8221;\"}]},{\"@type\":\"WebSite\",\"@id\":\"https:\\\/\\\/mont-roig.cat\\\/es\\\/#website\",\"url\":\"https:\\\/\\\/mont-roig.cat\\\/es\\\/\",\"name\":\"Ajuntament de Mont-roig del Camp\",\"description\":\"Tota la informaci\u00f3 sobre la instituci\u00f3, els seus \u00f2rgans de govern, actualitat, serveis i molt m\u00e9s.\",\"potentialAction\":[{\"@type\":\"SearchAction\",\"target\":{\"@type\":\"EntryPoint\",\"urlTemplate\":\"https:\\\/\\\/mont-roig.cat\\\/es\\\/?s={search_term_string}\"},\"query-input\":{\"@type\":\"PropertyValueSpecification\",\"valueRequired\":true,\"valueName\":\"search_term_string\"}}],\"inLanguage\":\"es\"},{\"@type\":\"Person\",\"@id\":\"https:\\\/\\\/mont-roig.cat\\\/es\\\/#\\\/schema\\\/person\\\/f2b111789f22b7d0c3bd6786c9128cba\",\"name\":\"administrador\",\"image\":{\"@type\":\"ImageObject\",\"inLanguage\":\"es\",\"@id\":\"https:\\\/\\\/secure.gravatar.com\\\/avatar\\\/9137aac6891e2595c9d3036fd83bcb653b4db3c946db4c7d9b9be193c3c944bb?s=96&d=mm&r=g\",\"url\":\"https:\\\/\\\/secure.gravatar.com\\\/avatar\\\/9137aac6891e2595c9d3036fd83bcb653b4db3c946db4c7d9b9be193c3c944bb?s=96&d=mm&r=g\",\"contentUrl\":\"https:\\\/\\\/secure.gravatar.com\\\/avatar\\\/9137aac6891e2595c9d3036fd83bcb653b4db3c946db4c7d9b9be193c3c944bb?s=96&d=mm&r=g\",\"caption\":\"administrador\"},\"url\":\"https:\\\/\\\/mont-roig.cat\\\/es\\\/actualitat\\\/noticies\\\/author\\\/administrador\\\/\"}]}<\/script>\n<!-- \/ Yoast SEO plugin. -->","yoast_head_json":{"title":"Los alumnos del PTT de Auxiliar en viveros y jardines decoran las Bibliotecas Joan Mir\u00f3 con \"kokedamas\" - Ajuntament de Mont-roig del Camp","robots":{"index":"index","follow":"follow","max-snippet":"max-snippet:-1","max-image-preview":"max-image-preview:large","max-video-preview":"max-video-preview:-1"},"canonical":"https:\/\/mont-roig.cat\/es\/actualitat\/noticies\/los-alumnos-del-ptt-auxiliar-viveros-jardines-decoran-las-bibliotecas-joan-miro-kokedamas\/","og_locale":"es_ES","og_type":"article","og_title":"Los alumnos del PTT de Auxiliar en viveros y jardines decoran las Bibliotecas Joan Mir\u00f3 con \"kokedamas\" - Ajuntament de Mont-roig del Camp","og_description":"Unas \"kokedamas\" elaboradas por los alumnos del PTT de Auxiliar en viveros y jardines lucen desde hace unos d\u00edas en las bibliotecas municipales de Mont-roig y Miami Platja. Se trata de unas plantas cultivadas sobre una bola de musgo y sustrato, sin maceta, siguiendo una antigua t\u00e9cnica japonesa. El resultado ha sorprendido a todos los usuarios de estos equipamientos que han coincidido en destacar el trabajo y la originalidad de presentaci\u00f3n de las plantas.","og_url":"https:\/\/mont-roig.cat\/es\/actualitat\/noticies\/los-alumnos-del-ptt-auxiliar-viveros-jardines-decoran-las-bibliotecas-joan-miro-kokedamas\/","og_site_name":"Ajuntament de Mont-roig del Camp","article_published_time":"2016-03-23T09:53:39+00:00","og_image":[{"width":1600,"height":1200,"url":"https:\/\/mont-roig.cat\/wp-content\/uploads\/IMG-20160317-WA0008.jpg","type":"image\/jpeg"}],"author":"administrador","twitter_card":"summary_large_image","twitter_misc":{"Escrito por":"administrador","Tiempo de lectura":"1 minuto"},"schema":{"@context":"https:\/\/schema.org","@graph":[{"@type":"Article","@id":"https:\/\/mont-roig.cat\/es\/actualitat\/noticies\/los-alumnos-del-ptt-auxiliar-viveros-jardines-decoran-las-bibliotecas-joan-miro-kokedamas\/#article","isPartOf":{"@id":"https:\/\/mont-roig.cat\/es\/actualitat\/noticies\/los-alumnos-del-ptt-auxiliar-viveros-jardines-decoran-las-bibliotecas-joan-miro-kokedamas\/"},"author":{"name":"administrador","@id":"https:\/\/mont-roig.cat\/es\/#\/schema\/person\/f2b111789f22b7d0c3bd6786c9128cba"},"headline":"Los alumnos del PTT de Auxiliar en viveros y jardines decoran las Bibliotecas Joan Mir\u00f3 con &#8220;kokedamas&#8221;","datePublished":"2016-03-23T09:53:39+00:00","mainEntityOfPage":{"@id":"https:\/\/mont-roig.cat\/es\/actualitat\/noticies\/los-alumnos-del-ptt-auxiliar-viveros-jardines-decoran-las-bibliotecas-joan-miro-kokedamas\/"},"wordCount":264,"image":{"@id":"https:\/\/mont-roig.cat\/es\/actualitat\/noticies\/los-alumnos-del-ptt-auxiliar-viveros-jardines-decoran-las-bibliotecas-joan-miro-kokedamas\/#primaryimage"},"thumbnailUrl":"https:\/\/mont-roig.cat\/wp-content\/uploads\/IMG-20160317-WA0008.jpg","articleSection":["Educaci\u00f3n"],"inLanguage":"es"},{"@type":"WebPage","@id":"https:\/\/mont-roig.cat\/es\/actualitat\/noticies\/los-alumnos-del-ptt-auxiliar-viveros-jardines-decoran-las-bibliotecas-joan-miro-kokedamas\/","url":"https:\/\/mont-roig.cat\/es\/actualitat\/noticies\/los-alumnos-del-ptt-auxiliar-viveros-jardines-decoran-las-bibliotecas-joan-miro-kokedamas\/","name":"Los alumnos del PTT de Auxiliar en viveros y jardines decoran las Bibliotecas Joan Mir\u00f3 con \"kokedamas\" - Ajuntament de Mont-roig del Camp","isPartOf":{"@id":"https:\/\/mont-roig.cat\/es\/#website"},"primaryImageOfPage":{"@id":"https:\/\/mont-roig.cat\/es\/actualitat\/noticies\/los-alumnos-del-ptt-auxiliar-viveros-jardines-decoran-las-bibliotecas-joan-miro-kokedamas\/#primaryimage"},"image":{"@id":"https:\/\/mont-roig.cat\/es\/actualitat\/noticies\/los-alumnos-del-ptt-auxiliar-viveros-jardines-decoran-las-bibliotecas-joan-miro-kokedamas\/#primaryimage"},"thumbnailUrl":"https:\/\/mont-roig.cat\/wp-content\/uploads\/IMG-20160317-WA0008.jpg","datePublished":"2016-03-23T09:53:39+00:00","author":{"@id":"https:\/\/mont-roig.cat\/es\/#\/schema\/person\/f2b111789f22b7d0c3bd6786c9128cba"},"breadcrumb":{"@id":"https:\/\/mont-roig.cat\/es\/actualitat\/noticies\/los-alumnos-del-ptt-auxiliar-viveros-jardines-decoran-las-bibliotecas-joan-miro-kokedamas\/#breadcrumb"},"inLanguage":"es","potentialAction":[{"@type":"ReadAction","target":["https:\/\/mont-roig.cat\/es\/actualitat\/noticies\/los-alumnos-del-ptt-auxiliar-viveros-jardines-decoran-las-bibliotecas-joan-miro-kokedamas\/"]}]},{"@type":"ImageObject","inLanguage":"es","@id":"https:\/\/mont-roig.cat\/es\/actualitat\/noticies\/los-alumnos-del-ptt-auxiliar-viveros-jardines-decoran-las-bibliotecas-joan-miro-kokedamas\/#primaryimage","url":"https:\/\/mont-roig.cat\/wp-content\/uploads\/IMG-20160317-WA0008.jpg","contentUrl":"https:\/\/mont-roig.cat\/wp-content\/uploads\/IMG-20160317-WA0008.jpg","width":1600,"height":1200},{"@type":"BreadcrumbList","@id":"https:\/\/mont-roig.cat\/es\/actualitat\/noticies\/los-alumnos-del-ptt-auxiliar-viveros-jardines-decoran-las-bibliotecas-joan-miro-kokedamas\/#breadcrumb","itemListElement":[{"@type":"ListItem","position":1,"name":"Inici","item":"https:\/\/mont-roig.cat\/es\/pagina-de-inicio\/"},{"@type":"ListItem","position":2,"name":"Los alumnos del PTT de Auxiliar en viveros y jardines decoran las Bibliotecas Joan Mir\u00f3 con &#8220;kokedamas&#8221;"}]},{"@type":"WebSite","@id":"https:\/\/mont-roig.cat\/es\/#website","url":"https:\/\/mont-roig.cat\/es\/","name":"Ajuntament de Mont-roig del Camp","description":"Tota la informaci\u00f3 sobre la instituci\u00f3, els seus \u00f2rgans de govern, actualitat, serveis i molt m\u00e9s.","potentialAction":[{"@type":"SearchAction","target":{"@type":"EntryPoint","urlTemplate":"https:\/\/mont-roig.cat\/es\/?s={search_term_string}"},"query-input":{"@type":"PropertyValueSpecification","valueRequired":true,"valueName":"search_term_string"}}],"inLanguage":"es"},{"@type":"Person","@id":"https:\/\/mont-roig.cat\/es\/#\/schema\/person\/f2b111789f22b7d0c3bd6786c9128cba","name":"administrador","image":{"@type":"ImageObject","inLanguage":"es","@id":"https:\/\/secure.gravatar.com\/avatar\/9137aac6891e2595c9d3036fd83bcb653b4db3c946db4c7d9b9be193c3c944bb?s=96&d=mm&r=g","url":"https:\/\/secure.gravatar.com\/avatar\/9137aac6891e2595c9d3036fd83bcb653b4db3c946db4c7d9b9be193c3c944bb?s=96&d=mm&r=g","contentUrl":"https:\/\/secure.gravatar.com\/avatar\/9137aac6891e2595c9d3036fd83bcb653b4db3c946db4c7d9b9be193c3c944bb?s=96&d=mm&r=g","caption":"administrador"},"url":"https:\/\/mont-roig.cat\/es\/actualitat\/noticies\/author\/administrador\/"}]}},"_links":{"self":[{"href":"https:\/\/mont-roig.cat\/es\/wp-json\/wp\/v2\/posts\/10239","targetHints":{"allow":["GET"]}}],"collection":[{"href":"https:\/\/mont-roig.cat\/es\/wp-json\/wp\/v2\/posts"}],"about":[{"href":"https:\/\/mont-roig.cat\/es\/wp-json\/wp\/v2\/types\/post"}],"author":[{"embeddable":true,"href":"https:\/\/mont-roig.cat\/es\/wp-json\/wp\/v2\/users\/4"}],"replies":[{"embeddable":true,"href":"https:\/\/mont-roig.cat\/es\/wp-json\/wp\/v2\/comments?post=10239"}],"version-history":[{"count":0,"href":"https:\/\/mont-roig.cat\/es\/wp-json\/wp\/v2\/posts\/10239\/revisions"}],"wp:featuredmedia":[{"embeddable":true,"href":"https:\/\/mont-roig.cat\/es\/wp-json\/wp\/v2\/media\/10229"}],"wp:attachment":[{"href":"https:\/\/mont-roig.cat\/es\/wp-json\/wp\/v2\/media?parent=10239"}],"wp:term":[{"taxonomy":"category","embeddable":true,"href":"https:\/\/mont-roig.cat\/es\/wp-json\/wp\/v2\/categories?post=10239"},{"taxonomy":"post_tag","embeddable":true,"href":"https:\/\/mont-roig.cat\/es\/wp-json\/wp\/v2\/tags?post=10239"}],"curies":[{"name":"wp","href":"https:\/\/api.w.org\/{rel}","templated":true}]}}