{"id":10433,"date":"2016-04-06T08:44:20","date_gmt":"2016-04-06T06:44:20","guid":{"rendered":"http:\/\/mont-roig.cat\/es\/?p=10433"},"modified":"2016-04-06T09:06:29","modified_gmt":"2016-04-06T07:06:29","slug":"ayuntamiento-pone-marcha-quincena-cursos-formativos-gratuitos","status":"publish","type":"post","link":"https:\/\/mont-roig.cat\/es\/actualitat\/noticies\/ayuntamiento-pone-marcha-quincena-cursos-formativos-gratuitos\/","title":{"rendered":"El Ayuntamiento pone en marcha una quincena de cursos formativos gratuitos"},"content":{"rendered":"<p><strong><a href=\"http:\/\/mont-roig.cat\/wp-content\/uploads\/Encaixa-el-teu-futur-1.png\" rel=\"attachment wp-att-10431\"><img loading=\"lazy\" decoding=\"async\" class=\"alignright wp-image-10431\" src=\"http:\/\/mont-roig.cat\/wp-content\/uploads\/Encaixa-el-teu-futur-1-500x236.png\" alt=\"Encaixa el teu futur\" width=\"350\" height=\"165\" srcset=\"https:\/\/mont-roig.cat\/wp-content\/uploads\/Encaixa-el-teu-futur-1-500x236.png 500w, https:\/\/mont-roig.cat\/wp-content\/uploads\/Encaixa-el-teu-futur-1-768x362.png 768w, https:\/\/mont-roig.cat\/wp-content\/uploads\/Encaixa-el-teu-futur-1-1024x483.png 1024w, https:\/\/mont-roig.cat\/wp-content\/uploads\/Encaixa-el-teu-futur-1.png 1102w\" sizes=\"auto, (max-width: 350px) 100vw, 350px\" \/><\/a><\/strong><\/p>\n<p><strong>Los cursos est\u00e1n dirigidos a personas en situaci\u00f3n de paro, trabajadores del municipio, empresarios y j\u00f3venes<\/strong><\/p>\n<p><strong>La oferta incluye cursos de idiomas, de inform\u00e1tica y espec\u00edficos para empresas<\/strong><\/p>\n<p>Las concejal\u00edas de Impulso Econ\u00f3mico y Pla de Barris del Ayuntamiento de Mont-roig del Camp han puesto en marcha una amplia programaci\u00f3n de acciones formativas para que las personas que se encuentran en situaci\u00f3n de paro, los trabajadores de las empresas del municipio, los aut\u00f3nomos y los j\u00f3venes puedan ampliar sus conocimientos.<\/p>\n<p>Con el lema &#8220;Encaja tu futuro, React\u00edvate&#8221;, el\u00a0objetivo es animar a la poblaci\u00f3n a formarse para poder mejorar sus oportunidades laborales. Los interesados \u200b\u200bpodr\u00e1n encontrar cursos de idiomas, inform\u00e1tica o espec\u00edficos para empresas.<\/p>\n<p>As\u00ed desde el Pla de Barris se ofrecer\u00e1n cursos de ingl\u00e9s y franc\u00e9s comercial y tur\u00edstico, de community manager, de e-commerce, de manipulador de alimentos, de monitor de ocio infantil y de prevenci\u00f3n de riesgos laborales. Todos estos cursos se realizar\u00e1n en el Aula del TIC del Pla de Barris situada en el Centro Polivalente de Miami Platja.<\/p>\n<p>Por su parte, la concejal\u00eda de Impulso Econ\u00f3mico ofrecer\u00e1 los cursos de manipulador de alimentos, manipulador de productos fitosanitarios y de ayudante de cocina. Tambi\u00e9n programar\u00e1 charlas formativas y talleres de tem\u00e1tica diversa como aparadorismo, habilidades comunicativas o t\u00e9cnicas de venta. Estos cursos y sesiones tendr\u00e1n lugar en la Casa de Cultura Agust\u00ed Sard\u00e0 de Mont-roig, excepto el curso de ayudante de cocina que se realizar\u00e1 en la Escuela de Hosteler\u00eda y Turismo de Cambrils. Cabe\u00a0decir que desde el Club de Trabajo tambi\u00e9n se realizar\u00e1n, seg\u00fan demanda, c\u00e1psulas formativas para parados.<\/p>\n<p>Todas estas acciones formativas son gratuitas. Adem\u00e1s, los alumnos que lo deseen podr\u00e1n hacer uso, tambi\u00e9n de forma gratuita, del autob\u00fas municipal para desplazarse entre Mont-roig y Miami Platja y asistir a los cursos.<\/p>\n<p>Por otra parte y con el objetivo de apostar por la formaci\u00f3n reglada en el \u00e1mbito de los idiomas, la concejal\u00eda de Impulso Econ\u00f3mico ofrecer\u00e1 cursos para preparar los niveles PET y KET de Ingl\u00e9s, el nivel ICET de Franc\u00e9s y el nivel C de Catal\u00e1n. En este caso el precio aproximado es de 500 \u20ac.<\/p>\n<p>M\u00e1s informaci\u00f3n e inscripciones en la concejal\u00eda de Pla de Barris (pladebarris@mont-roig.cat) y en la concejal\u00eda de Impulso Econ\u00f3mico (promocio@mont-roig.cat).<\/p>\n<p>Consulta el cat\u00e1logo de cursos en:\u00a0<a href=\"http:\/\/mont-roig.cat\/wp-content\/uploads\/Flyer-oferta-formativa_AF_web.pdf\" target=\"_blank\" rel=\"\">Oferta formativa Pla de Barris y Impulso Econ\u00f3mico 2016<\/a><\/p>\n","protected":false},"excerpt":{"rendered":"<p>Los cursos est\u00e1n dirigidos a personas en situaci\u00f3n de paro, trabajadores del municipio, empresarios y j\u00f3venes La oferta incluye cursos de idiomas, de inform\u00e1tica y espec\u00edficos para empresas Las concejal\u00edas de Impulso Econ\u00f3mico y Pla de Barris del Ayuntamiento de Mont-roig del Camp han puesto en marcha una amplia programaci\u00f3n de acciones formativas para que [&hellip;]<\/p>\n","protected":false},"author":4,"featured_media":10431,"comment_status":"closed","ping_status":"closed","sticky":false,"template":"","format":"standard","meta":{"inline_featured_image":false,"_monsterinsights_skip_tracking":false,"_monsterinsights_sitenote_active":false,"_monsterinsights_sitenote_note":"","_monsterinsights_sitenote_category":0,"footnotes":""},"categories":[110],"tags":[],"class_list":["post-10433","post","type-post","status-publish","format-standard","has-post-thumbnail","hentry","category-promocion-economica"],"yoast_head":"<!-- This site is optimized with the Yoast SEO plugin v27.4 - https:\/\/yoast.com\/product\/yoast-seo-wordpress\/ -->\n<title>El Ayuntamiento pone en marcha una quincena de cursos formativos gratuitos - Ajuntament de Mont-roig del Camp<\/title>\n<meta name=\"robots\" content=\"index, follow, max-snippet:-1, max-image-preview:large, max-video-preview:-1\" \/>\n<link rel=\"canonical\" href=\"https:\/\/mont-roig.cat\/es\/actualitat\/noticies\/ayuntamiento-pone-marcha-quincena-cursos-formativos-gratuitos\/\" \/>\n<meta property=\"og:locale\" content=\"es_ES\" \/>\n<meta property=\"og:type\" content=\"article\" \/>\n<meta property=\"og:title\" content=\"El Ayuntamiento pone en marcha una quincena de cursos formativos gratuitos - Ajuntament de Mont-roig del Camp\" \/>\n<meta property=\"og:description\" content=\"Los cursos est\u00e1n dirigidos a personas en situaci\u00f3n de paro, trabajadores del municipio, empresarios y j\u00f3venes La oferta incluye cursos de idiomas, de inform\u00e1tica y espec\u00edficos para empresas Las concejal\u00edas de Impulso Econ\u00f3mico y Pla de Barris del Ayuntamiento de Mont-roig del Camp han puesto en marcha una amplia programaci\u00f3n de acciones formativas para que [&hellip;]\" \/>\n<meta property=\"og:url\" content=\"https:\/\/mont-roig.cat\/es\/actualitat\/noticies\/ayuntamiento-pone-marcha-quincena-cursos-formativos-gratuitos\/\" \/>\n<meta property=\"og:site_name\" content=\"Ajuntament de Mont-roig del Camp\" \/>\n<meta property=\"article:published_time\" content=\"2016-04-06T06:44:20+00:00\" \/>\n<meta property=\"article:modified_time\" content=\"2016-04-06T07:06:29+00:00\" \/>\n<meta property=\"og:image\" content=\"https:\/\/mont-roig.cat\/wp-content\/uploads\/Encaixa-el-teu-futur-1.png\" \/>\n\t<meta property=\"og:image:width\" content=\"1102\" \/>\n\t<meta property=\"og:image:height\" content=\"520\" \/>\n\t<meta property=\"og:image:type\" content=\"image\/png\" \/>\n<meta name=\"author\" content=\"administrador\" \/>\n<meta name=\"twitter:card\" content=\"summary_large_image\" \/>\n<meta name=\"twitter:label1\" content=\"Escrito por\" \/>\n\t<meta name=\"twitter:data1\" content=\"administrador\" \/>\n\t<meta name=\"twitter:label2\" content=\"Tiempo de lectura\" \/>\n\t<meta name=\"twitter:data2\" content=\"2 minutos\" \/>\n<script type=\"application\/ld+json\" class=\"yoast-schema-graph\">{\"@context\":\"https:\\\/\\\/schema.org\",\"@graph\":[{\"@type\":\"Article\",\"@id\":\"https:\\\/\\\/mont-roig.cat\\\/es\\\/actualitat\\\/noticies\\\/ayuntamiento-pone-marcha-quincena-cursos-formativos-gratuitos\\\/#article\",\"isPartOf\":{\"@id\":\"https:\\\/\\\/mont-roig.cat\\\/es\\\/actualitat\\\/noticies\\\/ayuntamiento-pone-marcha-quincena-cursos-formativos-gratuitos\\\/\"},\"author\":{\"name\":\"administrador\",\"@id\":\"https:\\\/\\\/mont-roig.cat\\\/es\\\/#\\\/schema\\\/person\\\/f2b111789f22b7d0c3bd6786c9128cba\"},\"headline\":\"El Ayuntamiento pone en marcha una quincena de cursos formativos gratuitos\",\"datePublished\":\"2016-04-06T06:44:20+00:00\",\"dateModified\":\"2016-04-06T07:06:29+00:00\",\"mainEntityOfPage\":{\"@id\":\"https:\\\/\\\/mont-roig.cat\\\/es\\\/actualitat\\\/noticies\\\/ayuntamiento-pone-marcha-quincena-cursos-formativos-gratuitos\\\/\"},\"wordCount\":453,\"image\":{\"@id\":\"https:\\\/\\\/mont-roig.cat\\\/es\\\/actualitat\\\/noticies\\\/ayuntamiento-pone-marcha-quincena-cursos-formativos-gratuitos\\\/#primaryimage\"},\"thumbnailUrl\":\"https:\\\/\\\/mont-roig.cat\\\/wp-content\\\/uploads\\\/Encaixa-el-teu-futur-1.png\",\"articleSection\":[\"Promoci\u00f3n econ\u00f3mica\"],\"inLanguage\":\"es\"},{\"@type\":\"WebPage\",\"@id\":\"https:\\\/\\\/mont-roig.cat\\\/es\\\/actualitat\\\/noticies\\\/ayuntamiento-pone-marcha-quincena-cursos-formativos-gratuitos\\\/\",\"url\":\"https:\\\/\\\/mont-roig.cat\\\/es\\\/actualitat\\\/noticies\\\/ayuntamiento-pone-marcha-quincena-cursos-formativos-gratuitos\\\/\",\"name\":\"El Ayuntamiento pone en marcha una quincena de cursos formativos gratuitos - Ajuntament de Mont-roig del Camp\",\"isPartOf\":{\"@id\":\"https:\\\/\\\/mont-roig.cat\\\/es\\\/#website\"},\"primaryImageOfPage\":{\"@id\":\"https:\\\/\\\/mont-roig.cat\\\/es\\\/actualitat\\\/noticies\\\/ayuntamiento-pone-marcha-quincena-cursos-formativos-gratuitos\\\/#primaryimage\"},\"image\":{\"@id\":\"https:\\\/\\\/mont-roig.cat\\\/es\\\/actualitat\\\/noticies\\\/ayuntamiento-pone-marcha-quincena-cursos-formativos-gratuitos\\\/#primaryimage\"},\"thumbnailUrl\":\"https:\\\/\\\/mont-roig.cat\\\/wp-content\\\/uploads\\\/Encaixa-el-teu-futur-1.png\",\"datePublished\":\"2016-04-06T06:44:20+00:00\",\"dateModified\":\"2016-04-06T07:06:29+00:00\",\"author\":{\"@id\":\"https:\\\/\\\/mont-roig.cat\\\/es\\\/#\\\/schema\\\/person\\\/f2b111789f22b7d0c3bd6786c9128cba\"},\"breadcrumb\":{\"@id\":\"https:\\\/\\\/mont-roig.cat\\\/es\\\/actualitat\\\/noticies\\\/ayuntamiento-pone-marcha-quincena-cursos-formativos-gratuitos\\\/#breadcrumb\"},\"inLanguage\":\"es\",\"potentialAction\":[{\"@type\":\"ReadAction\",\"target\":[\"https:\\\/\\\/mont-roig.cat\\\/es\\\/actualitat\\\/noticies\\\/ayuntamiento-pone-marcha-quincena-cursos-formativos-gratuitos\\\/\"]}]},{\"@type\":\"ImageObject\",\"inLanguage\":\"es\",\"@id\":\"https:\\\/\\\/mont-roig.cat\\\/es\\\/actualitat\\\/noticies\\\/ayuntamiento-pone-marcha-quincena-cursos-formativos-gratuitos\\\/#primaryimage\",\"url\":\"https:\\\/\\\/mont-roig.cat\\\/wp-content\\\/uploads\\\/Encaixa-el-teu-futur-1.png\",\"contentUrl\":\"https:\\\/\\\/mont-roig.cat\\\/wp-content\\\/uploads\\\/Encaixa-el-teu-futur-1.png\",\"width\":1102,\"height\":520},{\"@type\":\"BreadcrumbList\",\"@id\":\"https:\\\/\\\/mont-roig.cat\\\/es\\\/actualitat\\\/noticies\\\/ayuntamiento-pone-marcha-quincena-cursos-formativos-gratuitos\\\/#breadcrumb\",\"itemListElement\":[{\"@type\":\"ListItem\",\"position\":1,\"name\":\"Inici\",\"item\":\"https:\\\/\\\/mont-roig.cat\\\/es\\\/pagina-de-inicio\\\/\"},{\"@type\":\"ListItem\",\"position\":2,\"name\":\"El Ayuntamiento pone en marcha una quincena de cursos formativos gratuitos\"}]},{\"@type\":\"WebSite\",\"@id\":\"https:\\\/\\\/mont-roig.cat\\\/es\\\/#website\",\"url\":\"https:\\\/\\\/mont-roig.cat\\\/es\\\/\",\"name\":\"Ajuntament de Mont-roig del Camp\",\"description\":\"Tota la informaci\u00f3 sobre la instituci\u00f3, els seus \u00f2rgans de govern, actualitat, serveis i molt m\u00e9s.\",\"potentialAction\":[{\"@type\":\"SearchAction\",\"target\":{\"@type\":\"EntryPoint\",\"urlTemplate\":\"https:\\\/\\\/mont-roig.cat\\\/es\\\/?s={search_term_string}\"},\"query-input\":{\"@type\":\"PropertyValueSpecification\",\"valueRequired\":true,\"valueName\":\"search_term_string\"}}],\"inLanguage\":\"es\"},{\"@type\":\"Person\",\"@id\":\"https:\\\/\\\/mont-roig.cat\\\/es\\\/#\\\/schema\\\/person\\\/f2b111789f22b7d0c3bd6786c9128cba\",\"name\":\"administrador\",\"image\":{\"@type\":\"ImageObject\",\"inLanguage\":\"es\",\"@id\":\"https:\\\/\\\/secure.gravatar.com\\\/avatar\\\/9137aac6891e2595c9d3036fd83bcb653b4db3c946db4c7d9b9be193c3c944bb?s=96&d=mm&r=g\",\"url\":\"https:\\\/\\\/secure.gravatar.com\\\/avatar\\\/9137aac6891e2595c9d3036fd83bcb653b4db3c946db4c7d9b9be193c3c944bb?s=96&d=mm&r=g\",\"contentUrl\":\"https:\\\/\\\/secure.gravatar.com\\\/avatar\\\/9137aac6891e2595c9d3036fd83bcb653b4db3c946db4c7d9b9be193c3c944bb?s=96&d=mm&r=g\",\"caption\":\"administrador\"},\"url\":\"https:\\\/\\\/mont-roig.cat\\\/es\\\/actualitat\\\/noticies\\\/author\\\/administrador\\\/\"}]}<\/script>\n<!-- \/ Yoast SEO plugin. -->","yoast_head_json":{"title":"El Ayuntamiento pone en marcha una quincena de cursos formativos gratuitos - Ajuntament de Mont-roig del Camp","robots":{"index":"index","follow":"follow","max-snippet":"max-snippet:-1","max-image-preview":"max-image-preview:large","max-video-preview":"max-video-preview:-1"},"canonical":"https:\/\/mont-roig.cat\/es\/actualitat\/noticies\/ayuntamiento-pone-marcha-quincena-cursos-formativos-gratuitos\/","og_locale":"es_ES","og_type":"article","og_title":"El Ayuntamiento pone en marcha una quincena de cursos formativos gratuitos - Ajuntament de Mont-roig del Camp","og_description":"Los cursos est\u00e1n dirigidos a personas en situaci\u00f3n de paro, trabajadores del municipio, empresarios y j\u00f3venes La oferta incluye cursos de idiomas, de inform\u00e1tica y espec\u00edficos para empresas Las concejal\u00edas de Impulso Econ\u00f3mico y Pla de Barris del Ayuntamiento de Mont-roig del Camp han puesto en marcha una amplia programaci\u00f3n de acciones formativas para que [&hellip;]","og_url":"https:\/\/mont-roig.cat\/es\/actualitat\/noticies\/ayuntamiento-pone-marcha-quincena-cursos-formativos-gratuitos\/","og_site_name":"Ajuntament de Mont-roig del Camp","article_published_time":"2016-04-06T06:44:20+00:00","article_modified_time":"2016-04-06T07:06:29+00:00","og_image":[{"width":1102,"height":520,"url":"https:\/\/mont-roig.cat\/wp-content\/uploads\/Encaixa-el-teu-futur-1.png","type":"image\/png"}],"author":"administrador","twitter_card":"summary_large_image","twitter_misc":{"Escrito por":"administrador","Tiempo de lectura":"2 minutos"},"schema":{"@context":"https:\/\/schema.org","@graph":[{"@type":"Article","@id":"https:\/\/mont-roig.cat\/es\/actualitat\/noticies\/ayuntamiento-pone-marcha-quincena-cursos-formativos-gratuitos\/#article","isPartOf":{"@id":"https:\/\/mont-roig.cat\/es\/actualitat\/noticies\/ayuntamiento-pone-marcha-quincena-cursos-formativos-gratuitos\/"},"author":{"name":"administrador","@id":"https:\/\/mont-roig.cat\/es\/#\/schema\/person\/f2b111789f22b7d0c3bd6786c9128cba"},"headline":"El Ayuntamiento pone en marcha una quincena de cursos formativos gratuitos","datePublished":"2016-04-06T06:44:20+00:00","dateModified":"2016-04-06T07:06:29+00:00","mainEntityOfPage":{"@id":"https:\/\/mont-roig.cat\/es\/actualitat\/noticies\/ayuntamiento-pone-marcha-quincena-cursos-formativos-gratuitos\/"},"wordCount":453,"image":{"@id":"https:\/\/mont-roig.cat\/es\/actualitat\/noticies\/ayuntamiento-pone-marcha-quincena-cursos-formativos-gratuitos\/#primaryimage"},"thumbnailUrl":"https:\/\/mont-roig.cat\/wp-content\/uploads\/Encaixa-el-teu-futur-1.png","articleSection":["Promoci\u00f3n econ\u00f3mica"],"inLanguage":"es"},{"@type":"WebPage","@id":"https:\/\/mont-roig.cat\/es\/actualitat\/noticies\/ayuntamiento-pone-marcha-quincena-cursos-formativos-gratuitos\/","url":"https:\/\/mont-roig.cat\/es\/actualitat\/noticies\/ayuntamiento-pone-marcha-quincena-cursos-formativos-gratuitos\/","name":"El Ayuntamiento pone en marcha una quincena de cursos formativos gratuitos - Ajuntament de Mont-roig del Camp","isPartOf":{"@id":"https:\/\/mont-roig.cat\/es\/#website"},"primaryImageOfPage":{"@id":"https:\/\/mont-roig.cat\/es\/actualitat\/noticies\/ayuntamiento-pone-marcha-quincena-cursos-formativos-gratuitos\/#primaryimage"},"image":{"@id":"https:\/\/mont-roig.cat\/es\/actualitat\/noticies\/ayuntamiento-pone-marcha-quincena-cursos-formativos-gratuitos\/#primaryimage"},"thumbnailUrl":"https:\/\/mont-roig.cat\/wp-content\/uploads\/Encaixa-el-teu-futur-1.png","datePublished":"2016-04-06T06:44:20+00:00","dateModified":"2016-04-06T07:06:29+00:00","author":{"@id":"https:\/\/mont-roig.cat\/es\/#\/schema\/person\/f2b111789f22b7d0c3bd6786c9128cba"},"breadcrumb":{"@id":"https:\/\/mont-roig.cat\/es\/actualitat\/noticies\/ayuntamiento-pone-marcha-quincena-cursos-formativos-gratuitos\/#breadcrumb"},"inLanguage":"es","potentialAction":[{"@type":"ReadAction","target":["https:\/\/mont-roig.cat\/es\/actualitat\/noticies\/ayuntamiento-pone-marcha-quincena-cursos-formativos-gratuitos\/"]}]},{"@type":"ImageObject","inLanguage":"es","@id":"https:\/\/mont-roig.cat\/es\/actualitat\/noticies\/ayuntamiento-pone-marcha-quincena-cursos-formativos-gratuitos\/#primaryimage","url":"https:\/\/mont-roig.cat\/wp-content\/uploads\/Encaixa-el-teu-futur-1.png","contentUrl":"https:\/\/mont-roig.cat\/wp-content\/uploads\/Encaixa-el-teu-futur-1.png","width":1102,"height":520},{"@type":"BreadcrumbList","@id":"https:\/\/mont-roig.cat\/es\/actualitat\/noticies\/ayuntamiento-pone-marcha-quincena-cursos-formativos-gratuitos\/#breadcrumb","itemListElement":[{"@type":"ListItem","position":1,"name":"Inici","item":"https:\/\/mont-roig.cat\/es\/pagina-de-inicio\/"},{"@type":"ListItem","position":2,"name":"El Ayuntamiento pone en marcha una quincena de cursos formativos gratuitos"}]},{"@type":"WebSite","@id":"https:\/\/mont-roig.cat\/es\/#website","url":"https:\/\/mont-roig.cat\/es\/","name":"Ajuntament de Mont-roig del Camp","description":"Tota la informaci\u00f3 sobre la instituci\u00f3, els seus \u00f2rgans de govern, actualitat, serveis i molt m\u00e9s.","potentialAction":[{"@type":"SearchAction","target":{"@type":"EntryPoint","urlTemplate":"https:\/\/mont-roig.cat\/es\/?s={search_term_string}"},"query-input":{"@type":"PropertyValueSpecification","valueRequired":true,"valueName":"search_term_string"}}],"inLanguage":"es"},{"@type":"Person","@id":"https:\/\/mont-roig.cat\/es\/#\/schema\/person\/f2b111789f22b7d0c3bd6786c9128cba","name":"administrador","image":{"@type":"ImageObject","inLanguage":"es","@id":"https:\/\/secure.gravatar.com\/avatar\/9137aac6891e2595c9d3036fd83bcb653b4db3c946db4c7d9b9be193c3c944bb?s=96&d=mm&r=g","url":"https:\/\/secure.gravatar.com\/avatar\/9137aac6891e2595c9d3036fd83bcb653b4db3c946db4c7d9b9be193c3c944bb?s=96&d=mm&r=g","contentUrl":"https:\/\/secure.gravatar.com\/avatar\/9137aac6891e2595c9d3036fd83bcb653b4db3c946db4c7d9b9be193c3c944bb?s=96&d=mm&r=g","caption":"administrador"},"url":"https:\/\/mont-roig.cat\/es\/actualitat\/noticies\/author\/administrador\/"}]}},"_links":{"self":[{"href":"https:\/\/mont-roig.cat\/es\/wp-json\/wp\/v2\/posts\/10433","targetHints":{"allow":["GET"]}}],"collection":[{"href":"https:\/\/mont-roig.cat\/es\/wp-json\/wp\/v2\/posts"}],"about":[{"href":"https:\/\/mont-roig.cat\/es\/wp-json\/wp\/v2\/types\/post"}],"author":[{"embeddable":true,"href":"https:\/\/mont-roig.cat\/es\/wp-json\/wp\/v2\/users\/4"}],"replies":[{"embeddable":true,"href":"https:\/\/mont-roig.cat\/es\/wp-json\/wp\/v2\/comments?post=10433"}],"version-history":[{"count":0,"href":"https:\/\/mont-roig.cat\/es\/wp-json\/wp\/v2\/posts\/10433\/revisions"}],"wp:featuredmedia":[{"embeddable":true,"href":"https:\/\/mont-roig.cat\/es\/wp-json\/wp\/v2\/media\/10431"}],"wp:attachment":[{"href":"https:\/\/mont-roig.cat\/es\/wp-json\/wp\/v2\/media?parent=10433"}],"wp:term":[{"taxonomy":"category","embeddable":true,"href":"https:\/\/mont-roig.cat\/es\/wp-json\/wp\/v2\/categories?post=10433"},{"taxonomy":"post_tag","embeddable":true,"href":"https:\/\/mont-roig.cat\/es\/wp-json\/wp\/v2\/tags?post=10433"}],"curies":[{"name":"wp","href":"https:\/\/api.w.org\/{rel}","templated":true}]}}