{"id":10445,"date":"2016-04-06T10:40:56","date_gmt":"2016-04-06T08:40:56","guid":{"rendered":"http:\/\/mont-roig.cat\/es\/?p=10445"},"modified":"2016-04-06T10:40:56","modified_gmt":"2016-04-06T08:40:56","slug":"ultimos-dos-dias-para-hacer-las-preinscripciones-escolares","status":"publish","type":"post","link":"https:\/\/mont-roig.cat\/es\/actualitat\/noticies\/ultimos-dos-dias-para-hacer-las-preinscripciones-escolares\/","title":{"rendered":"\u00daltimos dos d\u00edas para hacer las preinscripciones escolares"},"content":{"rendered":"<p><a href=\"http:\/\/mont-roig.cat\/wp-content\/uploads\/Cartell-preinscripcions.jpg\" rel=\"attachment wp-att-10443\"><img loading=\"lazy\" decoding=\"async\" class=\" wp-image-10443 alignright\" src=\"http:\/\/mont-roig.cat\/wp-content\/uploads\/Cartell-preinscripcions-257x500.jpg\" alt=\"Cartell preinscripcions\" width=\"200\" height=\"389\" srcset=\"https:\/\/mont-roig.cat\/wp-content\/uploads\/Cartell-preinscripcions-257x500.jpg 257w, https:\/\/mont-roig.cat\/wp-content\/uploads\/Cartell-preinscripcions.jpg 378w\" sizes=\"auto, (max-width: 200px) 100vw, 200px\" \/><\/a>Las preinscripciones para acceder al segundo ciclo de educaci\u00f3n infantil, primaria y secundaria finalizan ma\u00f1ana jueves 7 de abril. En el municipio, las escuelas Joan Mir\u00f3, Marcel\u00b7l\u00ed Esquius y Mare de D\u00e9u\u00a0de la Roca ofrecen el segundo ciclo de educaci\u00f3n infantil y educaci\u00f3n primaria, mientras que el Instituto Antoni Ballester ofrece educaci\u00f3n secundaria obligatoria. Con la preinscripci\u00f3n, que hay que hacerla antes de la matr\u00edcula, se solicita la admisi\u00f3n en un centro determinado.<\/p>\n<p>Se pueden matricular en el primer curso de segundo ciclo de educaci\u00f3n infantil los ni\u00f1os que cumplen los 3 a\u00f1os este 2016. Por otra parte, han de matricularse en el primer curso de educaci\u00f3n primaria los ni\u00f1os y ni\u00f1as que cumplen 6 a\u00f1os este 2016 y los de edad diferente a los que corresponde cursar este nivel porque proceden del \u00faltimo curso de educaci\u00f3n infantil. Finalmente, es necesario que se matriculen en el primer curso de educaci\u00f3n secundaria obligatoria los ni\u00f1os que cumplen 12 a\u00f1os en el a\u00f1o 2016 y los de edad diferente a los que corresponde acad\u00e9micamente iniciar esta etapa.<\/p>\n<p>En el siguiente <a href=\"http:\/\/queestudiar.gencat.cat\/ca\/preinscripcio\/\" target=\"_blank\">enlace<\/a>\u00a0puede consultar la documentaci\u00f3n que debe aportar para hacer la solicitud y saber cu\u00e1l es el procedimiento a seguir.<\/p>\n","protected":false},"excerpt":{"rendered":"<p>Las preinscripciones para acceder al segundo ciclo de educaci\u00f3n infantil, primaria y secundaria finalizan ma\u00f1ana jueves 7 de abril. En el municipio, las escuelas Joan Mir\u00f3, Marcel\u00b7l\u00ed Esquius y Mare de D\u00e9u\u00a0de la Roca ofrecen el segundo ciclo de educaci\u00f3n infantil y educaci\u00f3n primaria, mientras que el Instituto Antoni Ballester ofrece educaci\u00f3n secundaria obligatoria. Con [&hellip;]<\/p>\n","protected":false},"author":4,"featured_media":10443,"comment_status":"closed","ping_status":"closed","sticky":false,"template":"","format":"standard","meta":{"inline_featured_image":false,"_monsterinsights_skip_tracking":false,"_monsterinsights_sitenote_active":false,"_monsterinsights_sitenote_note":"","_monsterinsights_sitenote_category":0,"footnotes":""},"categories":[103],"tags":[],"class_list":["post-10445","post","type-post","status-publish","format-standard","has-post-thumbnail","hentry","category-educacion"],"yoast_head":"<!-- This site is optimized with the Yoast SEO plugin v27.4 - https:\/\/yoast.com\/product\/yoast-seo-wordpress\/ -->\n<title>\u00daltimos dos d\u00edas para hacer las preinscripciones escolares - Ajuntament de Mont-roig del Camp<\/title>\n<meta name=\"robots\" content=\"index, follow, max-snippet:-1, max-image-preview:large, max-video-preview:-1\" \/>\n<link rel=\"canonical\" href=\"https:\/\/mont-roig.cat\/es\/actualitat\/noticies\/ultimos-dos-dias-para-hacer-las-preinscripciones-escolares\/\" \/>\n<meta property=\"og:locale\" content=\"es_ES\" \/>\n<meta property=\"og:type\" content=\"article\" \/>\n<meta property=\"og:title\" content=\"\u00daltimos dos d\u00edas para hacer las preinscripciones escolares - Ajuntament de Mont-roig del Camp\" \/>\n<meta property=\"og:description\" content=\"Las preinscripciones para acceder al segundo ciclo de educaci\u00f3n infantil, primaria y secundaria finalizan ma\u00f1ana jueves 7 de abril. En el municipio, las escuelas Joan Mir\u00f3, Marcel\u00b7l\u00ed Esquius y Mare de D\u00e9u\u00a0de la Roca ofrecen el segundo ciclo de educaci\u00f3n infantil y educaci\u00f3n primaria, mientras que el Instituto Antoni Ballester ofrece educaci\u00f3n secundaria obligatoria. Con [&hellip;]\" \/>\n<meta property=\"og:url\" content=\"https:\/\/mont-roig.cat\/es\/actualitat\/noticies\/ultimos-dos-dias-para-hacer-las-preinscripciones-escolares\/\" \/>\n<meta property=\"og:site_name\" content=\"Ajuntament de Mont-roig del Camp\" \/>\n<meta property=\"article:published_time\" content=\"2016-04-06T08:40:56+00:00\" \/>\n<meta property=\"og:image\" content=\"https:\/\/mont-roig.cat\/wp-content\/uploads\/Cartell-preinscripcions.jpg\" \/>\n\t<meta property=\"og:image:width\" content=\"378\" \/>\n\t<meta property=\"og:image:height\" content=\"734\" \/>\n\t<meta property=\"og:image:type\" content=\"image\/jpeg\" \/>\n<meta name=\"author\" content=\"administrador\" \/>\n<meta name=\"twitter:card\" content=\"summary_large_image\" \/>\n<meta name=\"twitter:label1\" content=\"Escrito por\" \/>\n\t<meta name=\"twitter:data1\" content=\"administrador\" \/>\n\t<meta name=\"twitter:label2\" content=\"Tiempo de lectura\" \/>\n\t<meta name=\"twitter:data2\" content=\"1 minuto\" \/>\n<script type=\"application\/ld+json\" class=\"yoast-schema-graph\">{\"@context\":\"https:\\\/\\\/schema.org\",\"@graph\":[{\"@type\":\"Article\",\"@id\":\"https:\\\/\\\/mont-roig.cat\\\/es\\\/actualitat\\\/noticies\\\/ultimos-dos-dias-para-hacer-las-preinscripciones-escolares\\\/#article\",\"isPartOf\":{\"@id\":\"https:\\\/\\\/mont-roig.cat\\\/es\\\/actualitat\\\/noticies\\\/ultimos-dos-dias-para-hacer-las-preinscripciones-escolares\\\/\"},\"author\":{\"name\":\"administrador\",\"@id\":\"https:\\\/\\\/mont-roig.cat\\\/es\\\/#\\\/schema\\\/person\\\/f2b111789f22b7d0c3bd6786c9128cba\"},\"headline\":\"\u00daltimos dos d\u00edas para hacer las preinscripciones escolares\",\"datePublished\":\"2016-04-06T08:40:56+00:00\",\"mainEntityOfPage\":{\"@id\":\"https:\\\/\\\/mont-roig.cat\\\/es\\\/actualitat\\\/noticies\\\/ultimos-dos-dias-para-hacer-las-preinscripciones-escolares\\\/\"},\"wordCount\":226,\"image\":{\"@id\":\"https:\\\/\\\/mont-roig.cat\\\/es\\\/actualitat\\\/noticies\\\/ultimos-dos-dias-para-hacer-las-preinscripciones-escolares\\\/#primaryimage\"},\"thumbnailUrl\":\"https:\\\/\\\/mont-roig.cat\\\/wp-content\\\/uploads\\\/Cartell-preinscripcions.jpg\",\"articleSection\":[\"Educaci\u00f3n\"],\"inLanguage\":\"es\"},{\"@type\":\"WebPage\",\"@id\":\"https:\\\/\\\/mont-roig.cat\\\/es\\\/actualitat\\\/noticies\\\/ultimos-dos-dias-para-hacer-las-preinscripciones-escolares\\\/\",\"url\":\"https:\\\/\\\/mont-roig.cat\\\/es\\\/actualitat\\\/noticies\\\/ultimos-dos-dias-para-hacer-las-preinscripciones-escolares\\\/\",\"name\":\"\u00daltimos dos d\u00edas para hacer las preinscripciones escolares - Ajuntament de Mont-roig del Camp\",\"isPartOf\":{\"@id\":\"https:\\\/\\\/mont-roig.cat\\\/es\\\/#website\"},\"primaryImageOfPage\":{\"@id\":\"https:\\\/\\\/mont-roig.cat\\\/es\\\/actualitat\\\/noticies\\\/ultimos-dos-dias-para-hacer-las-preinscripciones-escolares\\\/#primaryimage\"},\"image\":{\"@id\":\"https:\\\/\\\/mont-roig.cat\\\/es\\\/actualitat\\\/noticies\\\/ultimos-dos-dias-para-hacer-las-preinscripciones-escolares\\\/#primaryimage\"},\"thumbnailUrl\":\"https:\\\/\\\/mont-roig.cat\\\/wp-content\\\/uploads\\\/Cartell-preinscripcions.jpg\",\"datePublished\":\"2016-04-06T08:40:56+00:00\",\"author\":{\"@id\":\"https:\\\/\\\/mont-roig.cat\\\/es\\\/#\\\/schema\\\/person\\\/f2b111789f22b7d0c3bd6786c9128cba\"},\"breadcrumb\":{\"@id\":\"https:\\\/\\\/mont-roig.cat\\\/es\\\/actualitat\\\/noticies\\\/ultimos-dos-dias-para-hacer-las-preinscripciones-escolares\\\/#breadcrumb\"},\"inLanguage\":\"es\",\"potentialAction\":[{\"@type\":\"ReadAction\",\"target\":[\"https:\\\/\\\/mont-roig.cat\\\/es\\\/actualitat\\\/noticies\\\/ultimos-dos-dias-para-hacer-las-preinscripciones-escolares\\\/\"]}]},{\"@type\":\"ImageObject\",\"inLanguage\":\"es\",\"@id\":\"https:\\\/\\\/mont-roig.cat\\\/es\\\/actualitat\\\/noticies\\\/ultimos-dos-dias-para-hacer-las-preinscripciones-escolares\\\/#primaryimage\",\"url\":\"https:\\\/\\\/mont-roig.cat\\\/wp-content\\\/uploads\\\/Cartell-preinscripcions.jpg\",\"contentUrl\":\"https:\\\/\\\/mont-roig.cat\\\/wp-content\\\/uploads\\\/Cartell-preinscripcions.jpg\",\"width\":378,\"height\":734},{\"@type\":\"BreadcrumbList\",\"@id\":\"https:\\\/\\\/mont-roig.cat\\\/es\\\/actualitat\\\/noticies\\\/ultimos-dos-dias-para-hacer-las-preinscripciones-escolares\\\/#breadcrumb\",\"itemListElement\":[{\"@type\":\"ListItem\",\"position\":1,\"name\":\"Inici\",\"item\":\"https:\\\/\\\/mont-roig.cat\\\/es\\\/pagina-de-inicio\\\/\"},{\"@type\":\"ListItem\",\"position\":2,\"name\":\"\u00daltimos dos d\u00edas para hacer las preinscripciones escolares\"}]},{\"@type\":\"WebSite\",\"@id\":\"https:\\\/\\\/mont-roig.cat\\\/es\\\/#website\",\"url\":\"https:\\\/\\\/mont-roig.cat\\\/es\\\/\",\"name\":\"Ajuntament de Mont-roig del Camp\",\"description\":\"Tota la informaci\u00f3 sobre la instituci\u00f3, els seus \u00f2rgans de govern, actualitat, serveis i molt m\u00e9s.\",\"potentialAction\":[{\"@type\":\"SearchAction\",\"target\":{\"@type\":\"EntryPoint\",\"urlTemplate\":\"https:\\\/\\\/mont-roig.cat\\\/es\\\/?s={search_term_string}\"},\"query-input\":{\"@type\":\"PropertyValueSpecification\",\"valueRequired\":true,\"valueName\":\"search_term_string\"}}],\"inLanguage\":\"es\"},{\"@type\":\"Person\",\"@id\":\"https:\\\/\\\/mont-roig.cat\\\/es\\\/#\\\/schema\\\/person\\\/f2b111789f22b7d0c3bd6786c9128cba\",\"name\":\"administrador\",\"image\":{\"@type\":\"ImageObject\",\"inLanguage\":\"es\",\"@id\":\"https:\\\/\\\/secure.gravatar.com\\\/avatar\\\/9137aac6891e2595c9d3036fd83bcb653b4db3c946db4c7d9b9be193c3c944bb?s=96&d=mm&r=g\",\"url\":\"https:\\\/\\\/secure.gravatar.com\\\/avatar\\\/9137aac6891e2595c9d3036fd83bcb653b4db3c946db4c7d9b9be193c3c944bb?s=96&d=mm&r=g\",\"contentUrl\":\"https:\\\/\\\/secure.gravatar.com\\\/avatar\\\/9137aac6891e2595c9d3036fd83bcb653b4db3c946db4c7d9b9be193c3c944bb?s=96&d=mm&r=g\",\"caption\":\"administrador\"},\"url\":\"https:\\\/\\\/mont-roig.cat\\\/es\\\/actualitat\\\/noticies\\\/author\\\/administrador\\\/\"}]}<\/script>\n<!-- \/ Yoast SEO plugin. -->","yoast_head_json":{"title":"\u00daltimos dos d\u00edas para hacer las preinscripciones escolares - Ajuntament de Mont-roig del Camp","robots":{"index":"index","follow":"follow","max-snippet":"max-snippet:-1","max-image-preview":"max-image-preview:large","max-video-preview":"max-video-preview:-1"},"canonical":"https:\/\/mont-roig.cat\/es\/actualitat\/noticies\/ultimos-dos-dias-para-hacer-las-preinscripciones-escolares\/","og_locale":"es_ES","og_type":"article","og_title":"\u00daltimos dos d\u00edas para hacer las preinscripciones escolares - Ajuntament de Mont-roig del Camp","og_description":"Las preinscripciones para acceder al segundo ciclo de educaci\u00f3n infantil, primaria y secundaria finalizan ma\u00f1ana jueves 7 de abril. En el municipio, las escuelas Joan Mir\u00f3, Marcel\u00b7l\u00ed Esquius y Mare de D\u00e9u\u00a0de la Roca ofrecen el segundo ciclo de educaci\u00f3n infantil y educaci\u00f3n primaria, mientras que el Instituto Antoni Ballester ofrece educaci\u00f3n secundaria obligatoria. Con [&hellip;]","og_url":"https:\/\/mont-roig.cat\/es\/actualitat\/noticies\/ultimos-dos-dias-para-hacer-las-preinscripciones-escolares\/","og_site_name":"Ajuntament de Mont-roig del Camp","article_published_time":"2016-04-06T08:40:56+00:00","og_image":[{"width":378,"height":734,"url":"https:\/\/mont-roig.cat\/wp-content\/uploads\/Cartell-preinscripcions.jpg","type":"image\/jpeg"}],"author":"administrador","twitter_card":"summary_large_image","twitter_misc":{"Escrito por":"administrador","Tiempo de lectura":"1 minuto"},"schema":{"@context":"https:\/\/schema.org","@graph":[{"@type":"Article","@id":"https:\/\/mont-roig.cat\/es\/actualitat\/noticies\/ultimos-dos-dias-para-hacer-las-preinscripciones-escolares\/#article","isPartOf":{"@id":"https:\/\/mont-roig.cat\/es\/actualitat\/noticies\/ultimos-dos-dias-para-hacer-las-preinscripciones-escolares\/"},"author":{"name":"administrador","@id":"https:\/\/mont-roig.cat\/es\/#\/schema\/person\/f2b111789f22b7d0c3bd6786c9128cba"},"headline":"\u00daltimos dos d\u00edas para hacer las preinscripciones escolares","datePublished":"2016-04-06T08:40:56+00:00","mainEntityOfPage":{"@id":"https:\/\/mont-roig.cat\/es\/actualitat\/noticies\/ultimos-dos-dias-para-hacer-las-preinscripciones-escolares\/"},"wordCount":226,"image":{"@id":"https:\/\/mont-roig.cat\/es\/actualitat\/noticies\/ultimos-dos-dias-para-hacer-las-preinscripciones-escolares\/#primaryimage"},"thumbnailUrl":"https:\/\/mont-roig.cat\/wp-content\/uploads\/Cartell-preinscripcions.jpg","articleSection":["Educaci\u00f3n"],"inLanguage":"es"},{"@type":"WebPage","@id":"https:\/\/mont-roig.cat\/es\/actualitat\/noticies\/ultimos-dos-dias-para-hacer-las-preinscripciones-escolares\/","url":"https:\/\/mont-roig.cat\/es\/actualitat\/noticies\/ultimos-dos-dias-para-hacer-las-preinscripciones-escolares\/","name":"\u00daltimos dos d\u00edas para hacer las preinscripciones escolares - Ajuntament de Mont-roig del Camp","isPartOf":{"@id":"https:\/\/mont-roig.cat\/es\/#website"},"primaryImageOfPage":{"@id":"https:\/\/mont-roig.cat\/es\/actualitat\/noticies\/ultimos-dos-dias-para-hacer-las-preinscripciones-escolares\/#primaryimage"},"image":{"@id":"https:\/\/mont-roig.cat\/es\/actualitat\/noticies\/ultimos-dos-dias-para-hacer-las-preinscripciones-escolares\/#primaryimage"},"thumbnailUrl":"https:\/\/mont-roig.cat\/wp-content\/uploads\/Cartell-preinscripcions.jpg","datePublished":"2016-04-06T08:40:56+00:00","author":{"@id":"https:\/\/mont-roig.cat\/es\/#\/schema\/person\/f2b111789f22b7d0c3bd6786c9128cba"},"breadcrumb":{"@id":"https:\/\/mont-roig.cat\/es\/actualitat\/noticies\/ultimos-dos-dias-para-hacer-las-preinscripciones-escolares\/#breadcrumb"},"inLanguage":"es","potentialAction":[{"@type":"ReadAction","target":["https:\/\/mont-roig.cat\/es\/actualitat\/noticies\/ultimos-dos-dias-para-hacer-las-preinscripciones-escolares\/"]}]},{"@type":"ImageObject","inLanguage":"es","@id":"https:\/\/mont-roig.cat\/es\/actualitat\/noticies\/ultimos-dos-dias-para-hacer-las-preinscripciones-escolares\/#primaryimage","url":"https:\/\/mont-roig.cat\/wp-content\/uploads\/Cartell-preinscripcions.jpg","contentUrl":"https:\/\/mont-roig.cat\/wp-content\/uploads\/Cartell-preinscripcions.jpg","width":378,"height":734},{"@type":"BreadcrumbList","@id":"https:\/\/mont-roig.cat\/es\/actualitat\/noticies\/ultimos-dos-dias-para-hacer-las-preinscripciones-escolares\/#breadcrumb","itemListElement":[{"@type":"ListItem","position":1,"name":"Inici","item":"https:\/\/mont-roig.cat\/es\/pagina-de-inicio\/"},{"@type":"ListItem","position":2,"name":"\u00daltimos dos d\u00edas para hacer las preinscripciones escolares"}]},{"@type":"WebSite","@id":"https:\/\/mont-roig.cat\/es\/#website","url":"https:\/\/mont-roig.cat\/es\/","name":"Ajuntament de Mont-roig del Camp","description":"Tota la informaci\u00f3 sobre la instituci\u00f3, els seus \u00f2rgans de govern, actualitat, serveis i molt m\u00e9s.","potentialAction":[{"@type":"SearchAction","target":{"@type":"EntryPoint","urlTemplate":"https:\/\/mont-roig.cat\/es\/?s={search_term_string}"},"query-input":{"@type":"PropertyValueSpecification","valueRequired":true,"valueName":"search_term_string"}}],"inLanguage":"es"},{"@type":"Person","@id":"https:\/\/mont-roig.cat\/es\/#\/schema\/person\/f2b111789f22b7d0c3bd6786c9128cba","name":"administrador","image":{"@type":"ImageObject","inLanguage":"es","@id":"https:\/\/secure.gravatar.com\/avatar\/9137aac6891e2595c9d3036fd83bcb653b4db3c946db4c7d9b9be193c3c944bb?s=96&d=mm&r=g","url":"https:\/\/secure.gravatar.com\/avatar\/9137aac6891e2595c9d3036fd83bcb653b4db3c946db4c7d9b9be193c3c944bb?s=96&d=mm&r=g","contentUrl":"https:\/\/secure.gravatar.com\/avatar\/9137aac6891e2595c9d3036fd83bcb653b4db3c946db4c7d9b9be193c3c944bb?s=96&d=mm&r=g","caption":"administrador"},"url":"https:\/\/mont-roig.cat\/es\/actualitat\/noticies\/author\/administrador\/"}]}},"_links":{"self":[{"href":"https:\/\/mont-roig.cat\/es\/wp-json\/wp\/v2\/posts\/10445","targetHints":{"allow":["GET"]}}],"collection":[{"href":"https:\/\/mont-roig.cat\/es\/wp-json\/wp\/v2\/posts"}],"about":[{"href":"https:\/\/mont-roig.cat\/es\/wp-json\/wp\/v2\/types\/post"}],"author":[{"embeddable":true,"href":"https:\/\/mont-roig.cat\/es\/wp-json\/wp\/v2\/users\/4"}],"replies":[{"embeddable":true,"href":"https:\/\/mont-roig.cat\/es\/wp-json\/wp\/v2\/comments?post=10445"}],"version-history":[{"count":0,"href":"https:\/\/mont-roig.cat\/es\/wp-json\/wp\/v2\/posts\/10445\/revisions"}],"wp:featuredmedia":[{"embeddable":true,"href":"https:\/\/mont-roig.cat\/es\/wp-json\/wp\/v2\/media\/10443"}],"wp:attachment":[{"href":"https:\/\/mont-roig.cat\/es\/wp-json\/wp\/v2\/media?parent=10445"}],"wp:term":[{"taxonomy":"category","embeddable":true,"href":"https:\/\/mont-roig.cat\/es\/wp-json\/wp\/v2\/categories?post=10445"},{"taxonomy":"post_tag","embeddable":true,"href":"https:\/\/mont-roig.cat\/es\/wp-json\/wp\/v2\/tags?post=10445"}],"curies":[{"name":"wp","href":"https:\/\/api.w.org\/{rel}","templated":true}]}}