{"id":10520,"date":"2016-04-12T09:02:10","date_gmt":"2016-04-12T07:02:10","guid":{"rendered":"http:\/\/mont-roig.cat\/es\/?p=10520"},"modified":"2016-04-12T09:02:10","modified_gmt":"2016-04-12T07:02:10","slug":"vicenc-julve-gana-concurso-instagram-las-fiestas-sant-josep","status":"publish","type":"post","link":"https:\/\/mont-roig.cat\/es\/actualitat\/noticies\/vicenc-julve-gana-concurso-instagram-las-fiestas-sant-josep\/","title":{"rendered":"Vicen\u00e7 Julve gana el concurso de Instagram de las Fiestas de Sant Josep"},"content":{"rendered":"<div id=\"attachment_10518\" style=\"width: 310px\" class=\"wp-caption alignright\"><a href=\"http:\/\/mont-roig.cat\/wp-content\/uploads\/Fotografia-guanyadora-I-concurs-dInstagram-Vicen\u00e7-Julve.jpg\" rel=\"attachment wp-att-10518\"><img loading=\"lazy\" decoding=\"async\" aria-describedby=\"caption-attachment-10518\" class=\"wp-image-10518\" src=\"http:\/\/mont-roig.cat\/wp-content\/uploads\/Fotografia-guanyadora-I-concurs-dInstagram-Vicen\u00e7-Julve-500x500.jpg\" alt=\"Fotografia guanyadora I Concurs d'Instagram #StJosepMiamiPlatja de Vicen\u00e7 Julve\" width=\"300\" height=\"300\" srcset=\"https:\/\/mont-roig.cat\/wp-content\/uploads\/Fotografia-guanyadora-I-concurs-dInstagram-Vicen\u00e7-Julve-500x500.jpg 500w, https:\/\/mont-roig.cat\/wp-content\/uploads\/Fotografia-guanyadora-I-concurs-dInstagram-Vicen\u00e7-Julve-50x50.jpg 50w, https:\/\/mont-roig.cat\/wp-content\/uploads\/Fotografia-guanyadora-I-concurs-dInstagram-Vicen\u00e7-Julve-768x768.jpg 768w, https:\/\/mont-roig.cat\/wp-content\/uploads\/Fotografia-guanyadora-I-concurs-dInstagram-Vicen\u00e7-Julve-1024x1024.jpg 1024w, https:\/\/mont-roig.cat\/wp-content\/uploads\/Fotografia-guanyadora-I-concurs-dInstagram-Vicen\u00e7-Julve-560x560.jpg 560w, https:\/\/mont-roig.cat\/wp-content\/uploads\/Fotografia-guanyadora-I-concurs-dInstagram-Vicen\u00e7-Julve-367x367.jpg 367w, https:\/\/mont-roig.cat\/wp-content\/uploads\/Fotografia-guanyadora-I-concurs-dInstagram-Vicen\u00e7-Julve-450x450.jpg 450w, https:\/\/mont-roig.cat\/wp-content\/uploads\/Fotografia-guanyadora-I-concurs-dInstagram-Vicen\u00e7-Julve-85x85.jpg 85w\" sizes=\"auto, (max-width: 300px) 100vw, 300px\" \/><\/a><p id=\"caption-attachment-10518\" class=\"wp-caption-text\">Fotograf\u00eda ganadora del I Concurso de Instagram #StJosepMiamiPlatja de Vicen\u00e7 Julve<\/p><\/div>\n<p>Esta es la fotograf\u00eda ganadora del I Concurso de Instagram organizado por el Ayuntamiento de Mont-roig del Camp con motivo de las Fiestas de Sant Josep de Miami Platja. El vecino del municipio Vicente Julve es el autor de la instant\u00e1nea. Afincado desde hace 5 a\u00f1os en la urbanizaci\u00f3n Solemio, Julve es aficionado a la fotograf\u00eda y hace m\u00e1s de 4 a\u00f1os que tiene cuenta en Instagram.<\/p>\n<p>Para participar en el concurso #StJosepMiamiPlatja eligi\u00f3 una de las paradas de food truck que se instalaron en el pabell\u00f3n de deportes el pasado s\u00e1bado 19 de marzo. La luminosidad e intensidad de la imagen la ha logrado gracias a un filtro de la aplicaci\u00f3n HDR de Apple.<\/p>\n<p>Se lleva como premio una cena para dos personas en el restaurante Eclipse de Miami Platja.<\/p>\n<p>El Ayuntamiento agradece a todas las personas que han participado en el I Concurso de Instagram de las Fiestas de Sant Josep y anima a todos los usuarios de esta red social a seguir etiquetando el municipio en sus fotograf\u00edas.<\/p>\n<p>&nbsp;<\/p>\n","protected":false},"excerpt":{"rendered":"<p>Esta es la fotograf\u00eda ganadora del I Concurso de Instagram organizado por el Ayuntamiento de Mont-roig del Camp con motivo de las Fiestas de Sant Josep de Miami Platja. El vecino del municipio Vicente Julve es el autor de la instant\u00e1nea. Afincado desde hace 5 a\u00f1os en la urbanizaci\u00f3n Solemio, Julve es aficionado a la [&hellip;]<\/p>\n","protected":false},"author":4,"featured_media":10518,"comment_status":"closed","ping_status":"closed","sticky":false,"template":"","format":"standard","meta":{"inline_featured_image":false,"_monsterinsights_skip_tracking":false,"_monsterinsights_sitenote_active":false,"_monsterinsights_sitenote_note":"","_monsterinsights_sitenote_category":0,"footnotes":""},"categories":[98,105],"tags":[],"class_list":["post-10520","post","type-post","status-publish","format-standard","has-post-thumbnail","hentry","category-ayuntamiento","category-fiestas"],"yoast_head":"<!-- This site is optimized with the Yoast SEO plugin v27.4 - https:\/\/yoast.com\/product\/yoast-seo-wordpress\/ -->\n<title>Vicen\u00e7 Julve gana el concurso de Instagram de las Fiestas de Sant Josep - Ajuntament de Mont-roig del Camp<\/title>\n<meta name=\"robots\" content=\"index, follow, max-snippet:-1, max-image-preview:large, max-video-preview:-1\" \/>\n<link rel=\"canonical\" href=\"https:\/\/mont-roig.cat\/es\/actualitat\/noticies\/vicenc-julve-gana-concurso-instagram-las-fiestas-sant-josep\/\" \/>\n<meta property=\"og:locale\" content=\"es_ES\" \/>\n<meta property=\"og:type\" content=\"article\" \/>\n<meta property=\"og:title\" content=\"Vicen\u00e7 Julve gana el concurso de Instagram de las Fiestas de Sant Josep - Ajuntament de Mont-roig del Camp\" \/>\n<meta property=\"og:description\" content=\"Esta es la fotograf\u00eda ganadora del I Concurso de Instagram organizado por el Ayuntamiento de Mont-roig del Camp con motivo de las Fiestas de Sant Josep de Miami Platja. El vecino del municipio Vicente Julve es el autor de la instant\u00e1nea. Afincado desde hace 5 a\u00f1os en la urbanizaci\u00f3n Solemio, Julve es aficionado a la [&hellip;]\" \/>\n<meta property=\"og:url\" content=\"https:\/\/mont-roig.cat\/es\/actualitat\/noticies\/vicenc-julve-gana-concurso-instagram-las-fiestas-sant-josep\/\" \/>\n<meta property=\"og:site_name\" content=\"Ajuntament de Mont-roig del Camp\" \/>\n<meta property=\"article:published_time\" content=\"2016-04-12T07:02:10+00:00\" \/>\n<meta property=\"og:image\" content=\"https:\/\/mont-roig.cat\/wp-content\/uploads\/Fotografia-guanyadora-I-concurs-dInstagram-Vicen\u00e7-Julve.jpg\" \/>\n\t<meta property=\"og:image:width\" content=\"2432\" \/>\n\t<meta property=\"og:image:height\" content=\"2432\" \/>\n\t<meta property=\"og:image:type\" content=\"image\/jpeg\" \/>\n<meta name=\"author\" content=\"administrador\" \/>\n<meta name=\"twitter:card\" content=\"summary_large_image\" \/>\n<meta name=\"twitter:label1\" content=\"Escrito por\" \/>\n\t<meta name=\"twitter:data1\" content=\"administrador\" \/>\n\t<meta name=\"twitter:label2\" content=\"Tiempo de lectura\" \/>\n\t<meta name=\"twitter:data2\" content=\"1 minuto\" \/>\n<script type=\"application\/ld+json\" class=\"yoast-schema-graph\">{\"@context\":\"https:\\\/\\\/schema.org\",\"@graph\":[{\"@type\":\"Article\",\"@id\":\"https:\\\/\\\/mont-roig.cat\\\/es\\\/actualitat\\\/noticies\\\/vicenc-julve-gana-concurso-instagram-las-fiestas-sant-josep\\\/#article\",\"isPartOf\":{\"@id\":\"https:\\\/\\\/mont-roig.cat\\\/es\\\/actualitat\\\/noticies\\\/vicenc-julve-gana-concurso-instagram-las-fiestas-sant-josep\\\/\"},\"author\":{\"name\":\"administrador\",\"@id\":\"https:\\\/\\\/mont-roig.cat\\\/es\\\/#\\\/schema\\\/person\\\/f2b111789f22b7d0c3bd6786c9128cba\"},\"headline\":\"Vicen\u00e7 Julve gana el concurso de Instagram de las Fiestas de Sant Josep\",\"datePublished\":\"2016-04-12T07:02:10+00:00\",\"mainEntityOfPage\":{\"@id\":\"https:\\\/\\\/mont-roig.cat\\\/es\\\/actualitat\\\/noticies\\\/vicenc-julve-gana-concurso-instagram-las-fiestas-sant-josep\\\/\"},\"wordCount\":212,\"image\":{\"@id\":\"https:\\\/\\\/mont-roig.cat\\\/es\\\/actualitat\\\/noticies\\\/vicenc-julve-gana-concurso-instagram-las-fiestas-sant-josep\\\/#primaryimage\"},\"thumbnailUrl\":\"https:\\\/\\\/mont-roig.cat\\\/wp-content\\\/uploads\\\/Fotografia-guanyadora-I-concurs-dInstagram-Vicen\u00e7-Julve.jpg\",\"articleSection\":[\"Ayuntamiento\",\"Festes\"],\"inLanguage\":\"es\"},{\"@type\":\"WebPage\",\"@id\":\"https:\\\/\\\/mont-roig.cat\\\/es\\\/actualitat\\\/noticies\\\/vicenc-julve-gana-concurso-instagram-las-fiestas-sant-josep\\\/\",\"url\":\"https:\\\/\\\/mont-roig.cat\\\/es\\\/actualitat\\\/noticies\\\/vicenc-julve-gana-concurso-instagram-las-fiestas-sant-josep\\\/\",\"name\":\"Vicen\u00e7 Julve gana el concurso de Instagram de las Fiestas de Sant Josep - Ajuntament de Mont-roig del Camp\",\"isPartOf\":{\"@id\":\"https:\\\/\\\/mont-roig.cat\\\/es\\\/#website\"},\"primaryImageOfPage\":{\"@id\":\"https:\\\/\\\/mont-roig.cat\\\/es\\\/actualitat\\\/noticies\\\/vicenc-julve-gana-concurso-instagram-las-fiestas-sant-josep\\\/#primaryimage\"},\"image\":{\"@id\":\"https:\\\/\\\/mont-roig.cat\\\/es\\\/actualitat\\\/noticies\\\/vicenc-julve-gana-concurso-instagram-las-fiestas-sant-josep\\\/#primaryimage\"},\"thumbnailUrl\":\"https:\\\/\\\/mont-roig.cat\\\/wp-content\\\/uploads\\\/Fotografia-guanyadora-I-concurs-dInstagram-Vicen\u00e7-Julve.jpg\",\"datePublished\":\"2016-04-12T07:02:10+00:00\",\"author\":{\"@id\":\"https:\\\/\\\/mont-roig.cat\\\/es\\\/#\\\/schema\\\/person\\\/f2b111789f22b7d0c3bd6786c9128cba\"},\"breadcrumb\":{\"@id\":\"https:\\\/\\\/mont-roig.cat\\\/es\\\/actualitat\\\/noticies\\\/vicenc-julve-gana-concurso-instagram-las-fiestas-sant-josep\\\/#breadcrumb\"},\"inLanguage\":\"es\",\"potentialAction\":[{\"@type\":\"ReadAction\",\"target\":[\"https:\\\/\\\/mont-roig.cat\\\/es\\\/actualitat\\\/noticies\\\/vicenc-julve-gana-concurso-instagram-las-fiestas-sant-josep\\\/\"]}]},{\"@type\":\"ImageObject\",\"inLanguage\":\"es\",\"@id\":\"https:\\\/\\\/mont-roig.cat\\\/es\\\/actualitat\\\/noticies\\\/vicenc-julve-gana-concurso-instagram-las-fiestas-sant-josep\\\/#primaryimage\",\"url\":\"https:\\\/\\\/mont-roig.cat\\\/wp-content\\\/uploads\\\/Fotografia-guanyadora-I-concurs-dInstagram-Vicen\u00e7-Julve.jpg\",\"contentUrl\":\"https:\\\/\\\/mont-roig.cat\\\/wp-content\\\/uploads\\\/Fotografia-guanyadora-I-concurs-dInstagram-Vicen\u00e7-Julve.jpg\",\"width\":2432,\"height\":2432,\"caption\":\"Fotografia guanyadora I Concurs d'Instagram #StJosepMiamiPlatja de Vicen\u00e7 Julve\"},{\"@type\":\"BreadcrumbList\",\"@id\":\"https:\\\/\\\/mont-roig.cat\\\/es\\\/actualitat\\\/noticies\\\/vicenc-julve-gana-concurso-instagram-las-fiestas-sant-josep\\\/#breadcrumb\",\"itemListElement\":[{\"@type\":\"ListItem\",\"position\":1,\"name\":\"Inici\",\"item\":\"https:\\\/\\\/mont-roig.cat\\\/es\\\/pagina-de-inicio\\\/\"},{\"@type\":\"ListItem\",\"position\":2,\"name\":\"Vicen\u00e7 Julve gana el concurso de Instagram de las Fiestas de Sant Josep\"}]},{\"@type\":\"WebSite\",\"@id\":\"https:\\\/\\\/mont-roig.cat\\\/es\\\/#website\",\"url\":\"https:\\\/\\\/mont-roig.cat\\\/es\\\/\",\"name\":\"Ajuntament de Mont-roig del Camp\",\"description\":\"Tota la informaci\u00f3 sobre la instituci\u00f3, els seus \u00f2rgans de govern, actualitat, serveis i molt m\u00e9s.\",\"potentialAction\":[{\"@type\":\"SearchAction\",\"target\":{\"@type\":\"EntryPoint\",\"urlTemplate\":\"https:\\\/\\\/mont-roig.cat\\\/es\\\/?s={search_term_string}\"},\"query-input\":{\"@type\":\"PropertyValueSpecification\",\"valueRequired\":true,\"valueName\":\"search_term_string\"}}],\"inLanguage\":\"es\"},{\"@type\":\"Person\",\"@id\":\"https:\\\/\\\/mont-roig.cat\\\/es\\\/#\\\/schema\\\/person\\\/f2b111789f22b7d0c3bd6786c9128cba\",\"name\":\"administrador\",\"image\":{\"@type\":\"ImageObject\",\"inLanguage\":\"es\",\"@id\":\"https:\\\/\\\/secure.gravatar.com\\\/avatar\\\/9137aac6891e2595c9d3036fd83bcb653b4db3c946db4c7d9b9be193c3c944bb?s=96&d=mm&r=g\",\"url\":\"https:\\\/\\\/secure.gravatar.com\\\/avatar\\\/9137aac6891e2595c9d3036fd83bcb653b4db3c946db4c7d9b9be193c3c944bb?s=96&d=mm&r=g\",\"contentUrl\":\"https:\\\/\\\/secure.gravatar.com\\\/avatar\\\/9137aac6891e2595c9d3036fd83bcb653b4db3c946db4c7d9b9be193c3c944bb?s=96&d=mm&r=g\",\"caption\":\"administrador\"},\"url\":\"https:\\\/\\\/mont-roig.cat\\\/es\\\/actualitat\\\/noticies\\\/author\\\/administrador\\\/\"}]}<\/script>\n<!-- \/ Yoast SEO plugin. -->","yoast_head_json":{"title":"Vicen\u00e7 Julve gana el concurso de Instagram de las Fiestas de Sant Josep - Ajuntament de Mont-roig del Camp","robots":{"index":"index","follow":"follow","max-snippet":"max-snippet:-1","max-image-preview":"max-image-preview:large","max-video-preview":"max-video-preview:-1"},"canonical":"https:\/\/mont-roig.cat\/es\/actualitat\/noticies\/vicenc-julve-gana-concurso-instagram-las-fiestas-sant-josep\/","og_locale":"es_ES","og_type":"article","og_title":"Vicen\u00e7 Julve gana el concurso de Instagram de las Fiestas de Sant Josep - Ajuntament de Mont-roig del Camp","og_description":"Esta es la fotograf\u00eda ganadora del I Concurso de Instagram organizado por el Ayuntamiento de Mont-roig del Camp con motivo de las Fiestas de Sant Josep de Miami Platja. El vecino del municipio Vicente Julve es el autor de la instant\u00e1nea. Afincado desde hace 5 a\u00f1os en la urbanizaci\u00f3n Solemio, Julve es aficionado a la [&hellip;]","og_url":"https:\/\/mont-roig.cat\/es\/actualitat\/noticies\/vicenc-julve-gana-concurso-instagram-las-fiestas-sant-josep\/","og_site_name":"Ajuntament de Mont-roig del Camp","article_published_time":"2016-04-12T07:02:10+00:00","og_image":[{"width":2432,"height":2432,"url":"https:\/\/mont-roig.cat\/wp-content\/uploads\/Fotografia-guanyadora-I-concurs-dInstagram-Vicen\u00e7-Julve.jpg","type":"image\/jpeg"}],"author":"administrador","twitter_card":"summary_large_image","twitter_misc":{"Escrito por":"administrador","Tiempo de lectura":"1 minuto"},"schema":{"@context":"https:\/\/schema.org","@graph":[{"@type":"Article","@id":"https:\/\/mont-roig.cat\/es\/actualitat\/noticies\/vicenc-julve-gana-concurso-instagram-las-fiestas-sant-josep\/#article","isPartOf":{"@id":"https:\/\/mont-roig.cat\/es\/actualitat\/noticies\/vicenc-julve-gana-concurso-instagram-las-fiestas-sant-josep\/"},"author":{"name":"administrador","@id":"https:\/\/mont-roig.cat\/es\/#\/schema\/person\/f2b111789f22b7d0c3bd6786c9128cba"},"headline":"Vicen\u00e7 Julve gana el concurso de Instagram de las Fiestas de Sant Josep","datePublished":"2016-04-12T07:02:10+00:00","mainEntityOfPage":{"@id":"https:\/\/mont-roig.cat\/es\/actualitat\/noticies\/vicenc-julve-gana-concurso-instagram-las-fiestas-sant-josep\/"},"wordCount":212,"image":{"@id":"https:\/\/mont-roig.cat\/es\/actualitat\/noticies\/vicenc-julve-gana-concurso-instagram-las-fiestas-sant-josep\/#primaryimage"},"thumbnailUrl":"https:\/\/mont-roig.cat\/wp-content\/uploads\/Fotografia-guanyadora-I-concurs-dInstagram-Vicen\u00e7-Julve.jpg","articleSection":["Ayuntamiento","Festes"],"inLanguage":"es"},{"@type":"WebPage","@id":"https:\/\/mont-roig.cat\/es\/actualitat\/noticies\/vicenc-julve-gana-concurso-instagram-las-fiestas-sant-josep\/","url":"https:\/\/mont-roig.cat\/es\/actualitat\/noticies\/vicenc-julve-gana-concurso-instagram-las-fiestas-sant-josep\/","name":"Vicen\u00e7 Julve gana el concurso de Instagram de las Fiestas de Sant Josep - Ajuntament de Mont-roig del Camp","isPartOf":{"@id":"https:\/\/mont-roig.cat\/es\/#website"},"primaryImageOfPage":{"@id":"https:\/\/mont-roig.cat\/es\/actualitat\/noticies\/vicenc-julve-gana-concurso-instagram-las-fiestas-sant-josep\/#primaryimage"},"image":{"@id":"https:\/\/mont-roig.cat\/es\/actualitat\/noticies\/vicenc-julve-gana-concurso-instagram-las-fiestas-sant-josep\/#primaryimage"},"thumbnailUrl":"https:\/\/mont-roig.cat\/wp-content\/uploads\/Fotografia-guanyadora-I-concurs-dInstagram-Vicen\u00e7-Julve.jpg","datePublished":"2016-04-12T07:02:10+00:00","author":{"@id":"https:\/\/mont-roig.cat\/es\/#\/schema\/person\/f2b111789f22b7d0c3bd6786c9128cba"},"breadcrumb":{"@id":"https:\/\/mont-roig.cat\/es\/actualitat\/noticies\/vicenc-julve-gana-concurso-instagram-las-fiestas-sant-josep\/#breadcrumb"},"inLanguage":"es","potentialAction":[{"@type":"ReadAction","target":["https:\/\/mont-roig.cat\/es\/actualitat\/noticies\/vicenc-julve-gana-concurso-instagram-las-fiestas-sant-josep\/"]}]},{"@type":"ImageObject","inLanguage":"es","@id":"https:\/\/mont-roig.cat\/es\/actualitat\/noticies\/vicenc-julve-gana-concurso-instagram-las-fiestas-sant-josep\/#primaryimage","url":"https:\/\/mont-roig.cat\/wp-content\/uploads\/Fotografia-guanyadora-I-concurs-dInstagram-Vicen\u00e7-Julve.jpg","contentUrl":"https:\/\/mont-roig.cat\/wp-content\/uploads\/Fotografia-guanyadora-I-concurs-dInstagram-Vicen\u00e7-Julve.jpg","width":2432,"height":2432,"caption":"Fotografia guanyadora I Concurs d'Instagram #StJosepMiamiPlatja de Vicen\u00e7 Julve"},{"@type":"BreadcrumbList","@id":"https:\/\/mont-roig.cat\/es\/actualitat\/noticies\/vicenc-julve-gana-concurso-instagram-las-fiestas-sant-josep\/#breadcrumb","itemListElement":[{"@type":"ListItem","position":1,"name":"Inici","item":"https:\/\/mont-roig.cat\/es\/pagina-de-inicio\/"},{"@type":"ListItem","position":2,"name":"Vicen\u00e7 Julve gana el concurso de Instagram de las Fiestas de Sant Josep"}]},{"@type":"WebSite","@id":"https:\/\/mont-roig.cat\/es\/#website","url":"https:\/\/mont-roig.cat\/es\/","name":"Ajuntament de Mont-roig del Camp","description":"Tota la informaci\u00f3 sobre la instituci\u00f3, els seus \u00f2rgans de govern, actualitat, serveis i molt m\u00e9s.","potentialAction":[{"@type":"SearchAction","target":{"@type":"EntryPoint","urlTemplate":"https:\/\/mont-roig.cat\/es\/?s={search_term_string}"},"query-input":{"@type":"PropertyValueSpecification","valueRequired":true,"valueName":"search_term_string"}}],"inLanguage":"es"},{"@type":"Person","@id":"https:\/\/mont-roig.cat\/es\/#\/schema\/person\/f2b111789f22b7d0c3bd6786c9128cba","name":"administrador","image":{"@type":"ImageObject","inLanguage":"es","@id":"https:\/\/secure.gravatar.com\/avatar\/9137aac6891e2595c9d3036fd83bcb653b4db3c946db4c7d9b9be193c3c944bb?s=96&d=mm&r=g","url":"https:\/\/secure.gravatar.com\/avatar\/9137aac6891e2595c9d3036fd83bcb653b4db3c946db4c7d9b9be193c3c944bb?s=96&d=mm&r=g","contentUrl":"https:\/\/secure.gravatar.com\/avatar\/9137aac6891e2595c9d3036fd83bcb653b4db3c946db4c7d9b9be193c3c944bb?s=96&d=mm&r=g","caption":"administrador"},"url":"https:\/\/mont-roig.cat\/es\/actualitat\/noticies\/author\/administrador\/"}]}},"_links":{"self":[{"href":"https:\/\/mont-roig.cat\/es\/wp-json\/wp\/v2\/posts\/10520","targetHints":{"allow":["GET"]}}],"collection":[{"href":"https:\/\/mont-roig.cat\/es\/wp-json\/wp\/v2\/posts"}],"about":[{"href":"https:\/\/mont-roig.cat\/es\/wp-json\/wp\/v2\/types\/post"}],"author":[{"embeddable":true,"href":"https:\/\/mont-roig.cat\/es\/wp-json\/wp\/v2\/users\/4"}],"replies":[{"embeddable":true,"href":"https:\/\/mont-roig.cat\/es\/wp-json\/wp\/v2\/comments?post=10520"}],"version-history":[{"count":0,"href":"https:\/\/mont-roig.cat\/es\/wp-json\/wp\/v2\/posts\/10520\/revisions"}],"wp:featuredmedia":[{"embeddable":true,"href":"https:\/\/mont-roig.cat\/es\/wp-json\/wp\/v2\/media\/10518"}],"wp:attachment":[{"href":"https:\/\/mont-roig.cat\/es\/wp-json\/wp\/v2\/media?parent=10520"}],"wp:term":[{"taxonomy":"category","embeddable":true,"href":"https:\/\/mont-roig.cat\/es\/wp-json\/wp\/v2\/categories?post=10520"},{"taxonomy":"post_tag","embeddable":true,"href":"https:\/\/mont-roig.cat\/es\/wp-json\/wp\/v2\/tags?post=10520"}],"curies":[{"name":"wp","href":"https:\/\/api.w.org\/{rel}","templated":true}]}}