{"id":10649,"date":"2016-04-20T14:20:11","date_gmt":"2016-04-20T12:20:11","guid":{"rendered":"http:\/\/mont-roig.cat\/es\/?p=10649"},"modified":"2016-04-20T14:20:11","modified_gmt":"2016-04-20T12:20:11","slug":"declaradas-bien-cultural-interes-nacional-cinco-barracas-piedra-seca-mont-roig-camp","status":"publish","type":"post","link":"https:\/\/mont-roig.cat\/es\/actualitat\/noticies\/declaradas-bien-cultural-interes-nacional-cinco-barracas-piedra-seca-mont-roig-camp\/","title":{"rendered":"Declaradas bien cultural de inter\u00e9s nacional cinco barracas de piedra seca de Mont-roig del Camp"},"content":{"rendered":"<div id=\"attachment_5289\" style=\"width: 311px\" class=\"wp-caption alignright\"><a href=\"http:\/\/mont-roig.cat\/wp-content\/uploads\/barraca Jaume de la Cota.JPG\" rel=\"attachment wp-att-5289\"><img loading=\"lazy\" decoding=\"async\" aria-describedby=\"caption-attachment-5289\" class=\"wp-image-5289\" src=\"http:\/\/mont-roig.cat\/wp-content\/uploads\/barraca Jaume de la Cota.JPG\" alt=\"Barraca Jaume de la Cota\" width=\"301\" height=\"202\" \/><\/a><p id=\"caption-attachment-5289\" class=\"wp-caption-text\">Barraca Jaume de la Cota<\/p><\/div>\n<p><strong>Se trata de las primeras construcciones de piedra seca de Catalu\u00f1a declaradas BCIN<\/strong><\/p>\n<p>El Consejo Ejecutivo del Gobierno de la Generalidad de Catalu\u00f1a aprob\u00f3 ayer declarar bien cultural de inter\u00e9s nacional, en la categor\u00eda de zona de inter\u00e9s etnol\u00f3gico, cinco barracas de piedra seca de Mont-roig del Camp y delimitar su entorno de protecci\u00f3n. Se trata, concretamente, de la &#8220;Barraca de Miquel Terna&#8221;, la &#8220;Barraca dels Comuns del Pellicer&#8221;, la &#8220;Barraca del Jaume de la Cota&#8221;, la &#8220;Barraca de l&#8217;espiral&#8221; y la &#8220;Barraca dels lliris&#8221;.<\/p>\n<p>Estas 5 barracas se han escogido entre las 132 que se han identificado en el t\u00e9rmino municipal de Mont-roig del Camp, por ser las mejores conservadas, por su singularidad, monumentalidad o diversidad tipol\u00f3gica, y constituyen un museo al aire libre. Todas cinco est\u00e1n situadas alrededor del eje de la carretera del Pratdip (T-310).<\/p>\n<p>Las construcciones de piedra seca, como barracas, m\u00e1rgenes, cisternas, biombos, ca\u00f1adas o caba\u00f1as, constituyen uno de los elementos fundamentales del patrimonio etnol\u00f3gico del mundo rural catal\u00e1n. La t\u00e9cnica de la piedra seca consiste en disponer las piedras de una construcci\u00f3n sin ning\u00fan elemento de uni\u00f3n a\u00f1adido, como el yeso, el cemento, la argamasa, maderas o hierros, y constituye una expresi\u00f3n de ingenio y sencillez del arquitectura popular.<\/p>\n<p>M\u00e1s informaci\u00f3n:<\/p>\n<p>&nbsp;<\/p>\n<p><a href=\"http:\/\/www.pedrasecamont-roig.com\/inici.html\" target=\"_blank\">www.pedrasecamont-roig.com<\/a><\/p>\n","protected":false},"excerpt":{"rendered":"<p>Se trata de las primeras construcciones de piedra seca de Catalu\u00f1a declaradas BCIN El Consejo Ejecutivo del Gobierno de la Generalidad de Catalu\u00f1a aprob\u00f3 ayer declarar bien cultural de inter\u00e9s nacional, en la categor\u00eda de zona de inter\u00e9s etnol\u00f3gico, cinco barracas de piedra seca de Mont-roig del Camp y delimitar su entorno de protecci\u00f3n. Se [&hellip;]<\/p>\n","protected":false},"author":4,"featured_media":5289,"comment_status":"closed","ping_status":"closed","sticky":false,"template":"","format":"standard","meta":{"inline_featured_image":false,"_monsterinsights_skip_tracking":false,"_monsterinsights_sitenote_active":false,"_monsterinsights_sitenote_note":"","_monsterinsights_sitenote_category":0,"footnotes":""},"categories":[98],"tags":[],"class_list":["post-10649","post","type-post","status-publish","format-standard","has-post-thumbnail","hentry","category-ayuntamiento"],"yoast_head":"<!-- This site is optimized with the Yoast SEO plugin v27.4 - https:\/\/yoast.com\/product\/yoast-seo-wordpress\/ -->\n<title>Declaradas bien cultural de inter\u00e9s nacional cinco barracas de piedra seca de Mont-roig del Camp - Ajuntament de Mont-roig del Camp<\/title>\n<meta name=\"robots\" content=\"index, follow, max-snippet:-1, max-image-preview:large, max-video-preview:-1\" \/>\n<link rel=\"canonical\" href=\"https:\/\/mont-roig.cat\/es\/actualitat\/noticies\/declaradas-bien-cultural-interes-nacional-cinco-barracas-piedra-seca-mont-roig-camp\/\" \/>\n<meta property=\"og:locale\" content=\"es_ES\" \/>\n<meta property=\"og:type\" content=\"article\" \/>\n<meta property=\"og:title\" content=\"Declaradas bien cultural de inter\u00e9s nacional cinco barracas de piedra seca de Mont-roig del Camp - Ajuntament de Mont-roig del Camp\" \/>\n<meta property=\"og:description\" content=\"Se trata de las primeras construcciones de piedra seca de Catalu\u00f1a declaradas BCIN El Consejo Ejecutivo del Gobierno de la Generalidad de Catalu\u00f1a aprob\u00f3 ayer declarar bien cultural de inter\u00e9s nacional, en la categor\u00eda de zona de inter\u00e9s etnol\u00f3gico, cinco barracas de piedra seca de Mont-roig del Camp y delimitar su entorno de protecci\u00f3n. Se [&hellip;]\" \/>\n<meta property=\"og:url\" content=\"https:\/\/mont-roig.cat\/es\/actualitat\/noticies\/declaradas-bien-cultural-interes-nacional-cinco-barracas-piedra-seca-mont-roig-camp\/\" \/>\n<meta property=\"og:site_name\" content=\"Ajuntament de Mont-roig del Camp\" \/>\n<meta property=\"article:published_time\" content=\"2016-04-20T12:20:11+00:00\" \/>\n<meta property=\"og:image\" content=\"https:\/\/mont-roig.cat\/wp-content\/uploads\/barraca%20Jaume%20de%20la%20Cota.JPG\" \/>\n\t<meta property=\"og:image:width\" content=\"1600\" \/>\n\t<meta property=\"og:image:height\" content=\"1071\" \/>\n\t<meta property=\"og:image:type\" content=\"image\/jpeg\" \/>\n<meta name=\"author\" content=\"administrador\" \/>\n<meta name=\"twitter:card\" content=\"summary_large_image\" \/>\n<meta name=\"twitter:label1\" content=\"Escrito por\" \/>\n\t<meta name=\"twitter:data1\" content=\"administrador\" \/>\n\t<meta name=\"twitter:label2\" content=\"Tiempo de lectura\" \/>\n\t<meta name=\"twitter:data2\" content=\"1 minuto\" \/>\n<script type=\"application\/ld+json\" class=\"yoast-schema-graph\">{\"@context\":\"https:\\\/\\\/schema.org\",\"@graph\":[{\"@type\":\"Article\",\"@id\":\"https:\\\/\\\/mont-roig.cat\\\/es\\\/actualitat\\\/noticies\\\/declaradas-bien-cultural-interes-nacional-cinco-barracas-piedra-seca-mont-roig-camp\\\/#article\",\"isPartOf\":{\"@id\":\"https:\\\/\\\/mont-roig.cat\\\/es\\\/actualitat\\\/noticies\\\/declaradas-bien-cultural-interes-nacional-cinco-barracas-piedra-seca-mont-roig-camp\\\/\"},\"author\":{\"name\":\"administrador\",\"@id\":\"https:\\\/\\\/mont-roig.cat\\\/es\\\/#\\\/schema\\\/person\\\/f2b111789f22b7d0c3bd6786c9128cba\"},\"headline\":\"Declaradas bien cultural de inter\u00e9s nacional cinco barracas de piedra seca de Mont-roig del Camp\",\"datePublished\":\"2016-04-20T12:20:11+00:00\",\"mainEntityOfPage\":{\"@id\":\"https:\\\/\\\/mont-roig.cat\\\/es\\\/actualitat\\\/noticies\\\/declaradas-bien-cultural-interes-nacional-cinco-barracas-piedra-seca-mont-roig-camp\\\/\"},\"wordCount\":260,\"image\":{\"@id\":\"https:\\\/\\\/mont-roig.cat\\\/es\\\/actualitat\\\/noticies\\\/declaradas-bien-cultural-interes-nacional-cinco-barracas-piedra-seca-mont-roig-camp\\\/#primaryimage\"},\"thumbnailUrl\":\"https:\\\/\\\/mont-roig.cat\\\/wp-content\\\/uploads\\\/barraca Jaume de la Cota.JPG\",\"articleSection\":[\"Ayuntamiento\"],\"inLanguage\":\"es\"},{\"@type\":\"WebPage\",\"@id\":\"https:\\\/\\\/mont-roig.cat\\\/es\\\/actualitat\\\/noticies\\\/declaradas-bien-cultural-interes-nacional-cinco-barracas-piedra-seca-mont-roig-camp\\\/\",\"url\":\"https:\\\/\\\/mont-roig.cat\\\/es\\\/actualitat\\\/noticies\\\/declaradas-bien-cultural-interes-nacional-cinco-barracas-piedra-seca-mont-roig-camp\\\/\",\"name\":\"Declaradas bien cultural de inter\u00e9s nacional cinco barracas de piedra seca de Mont-roig del Camp - Ajuntament de Mont-roig del Camp\",\"isPartOf\":{\"@id\":\"https:\\\/\\\/mont-roig.cat\\\/es\\\/#website\"},\"primaryImageOfPage\":{\"@id\":\"https:\\\/\\\/mont-roig.cat\\\/es\\\/actualitat\\\/noticies\\\/declaradas-bien-cultural-interes-nacional-cinco-barracas-piedra-seca-mont-roig-camp\\\/#primaryimage\"},\"image\":{\"@id\":\"https:\\\/\\\/mont-roig.cat\\\/es\\\/actualitat\\\/noticies\\\/declaradas-bien-cultural-interes-nacional-cinco-barracas-piedra-seca-mont-roig-camp\\\/#primaryimage\"},\"thumbnailUrl\":\"https:\\\/\\\/mont-roig.cat\\\/wp-content\\\/uploads\\\/barraca Jaume de la Cota.JPG\",\"datePublished\":\"2016-04-20T12:20:11+00:00\",\"author\":{\"@id\":\"https:\\\/\\\/mont-roig.cat\\\/es\\\/#\\\/schema\\\/person\\\/f2b111789f22b7d0c3bd6786c9128cba\"},\"breadcrumb\":{\"@id\":\"https:\\\/\\\/mont-roig.cat\\\/es\\\/actualitat\\\/noticies\\\/declaradas-bien-cultural-interes-nacional-cinco-barracas-piedra-seca-mont-roig-camp\\\/#breadcrumb\"},\"inLanguage\":\"es\",\"potentialAction\":[{\"@type\":\"ReadAction\",\"target\":[\"https:\\\/\\\/mont-roig.cat\\\/es\\\/actualitat\\\/noticies\\\/declaradas-bien-cultural-interes-nacional-cinco-barracas-piedra-seca-mont-roig-camp\\\/\"]}]},{\"@type\":\"ImageObject\",\"inLanguage\":\"es\",\"@id\":\"https:\\\/\\\/mont-roig.cat\\\/es\\\/actualitat\\\/noticies\\\/declaradas-bien-cultural-interes-nacional-cinco-barracas-piedra-seca-mont-roig-camp\\\/#primaryimage\",\"url\":\"https:\\\/\\\/mont-roig.cat\\\/wp-content\\\/uploads\\\/barraca Jaume de la Cota.JPG\",\"contentUrl\":\"https:\\\/\\\/mont-roig.cat\\\/wp-content\\\/uploads\\\/barraca Jaume de la Cota.JPG\",\"width\":1600,\"height\":1071},{\"@type\":\"BreadcrumbList\",\"@id\":\"https:\\\/\\\/mont-roig.cat\\\/es\\\/actualitat\\\/noticies\\\/declaradas-bien-cultural-interes-nacional-cinco-barracas-piedra-seca-mont-roig-camp\\\/#breadcrumb\",\"itemListElement\":[{\"@type\":\"ListItem\",\"position\":1,\"name\":\"Inici\",\"item\":\"https:\\\/\\\/mont-roig.cat\\\/es\\\/pagina-de-inicio\\\/\"},{\"@type\":\"ListItem\",\"position\":2,\"name\":\"Declaradas bien cultural de inter\u00e9s nacional cinco barracas de piedra seca de Mont-roig del Camp\"}]},{\"@type\":\"WebSite\",\"@id\":\"https:\\\/\\\/mont-roig.cat\\\/es\\\/#website\",\"url\":\"https:\\\/\\\/mont-roig.cat\\\/es\\\/\",\"name\":\"Ajuntament de Mont-roig del Camp\",\"description\":\"Tota la informaci\u00f3 sobre la instituci\u00f3, els seus \u00f2rgans de govern, actualitat, serveis i molt m\u00e9s.\",\"potentialAction\":[{\"@type\":\"SearchAction\",\"target\":{\"@type\":\"EntryPoint\",\"urlTemplate\":\"https:\\\/\\\/mont-roig.cat\\\/es\\\/?s={search_term_string}\"},\"query-input\":{\"@type\":\"PropertyValueSpecification\",\"valueRequired\":true,\"valueName\":\"search_term_string\"}}],\"inLanguage\":\"es\"},{\"@type\":\"Person\",\"@id\":\"https:\\\/\\\/mont-roig.cat\\\/es\\\/#\\\/schema\\\/person\\\/f2b111789f22b7d0c3bd6786c9128cba\",\"name\":\"administrador\",\"image\":{\"@type\":\"ImageObject\",\"inLanguage\":\"es\",\"@id\":\"https:\\\/\\\/secure.gravatar.com\\\/avatar\\\/9137aac6891e2595c9d3036fd83bcb653b4db3c946db4c7d9b9be193c3c944bb?s=96&d=mm&r=g\",\"url\":\"https:\\\/\\\/secure.gravatar.com\\\/avatar\\\/9137aac6891e2595c9d3036fd83bcb653b4db3c946db4c7d9b9be193c3c944bb?s=96&d=mm&r=g\",\"contentUrl\":\"https:\\\/\\\/secure.gravatar.com\\\/avatar\\\/9137aac6891e2595c9d3036fd83bcb653b4db3c946db4c7d9b9be193c3c944bb?s=96&d=mm&r=g\",\"caption\":\"administrador\"},\"url\":\"https:\\\/\\\/mont-roig.cat\\\/es\\\/actualitat\\\/noticies\\\/author\\\/administrador\\\/\"}]}<\/script>\n<!-- \/ Yoast SEO plugin. -->","yoast_head_json":{"title":"Declaradas bien cultural de inter\u00e9s nacional cinco barracas de piedra seca de Mont-roig del Camp - Ajuntament de Mont-roig del Camp","robots":{"index":"index","follow":"follow","max-snippet":"max-snippet:-1","max-image-preview":"max-image-preview:large","max-video-preview":"max-video-preview:-1"},"canonical":"https:\/\/mont-roig.cat\/es\/actualitat\/noticies\/declaradas-bien-cultural-interes-nacional-cinco-barracas-piedra-seca-mont-roig-camp\/","og_locale":"es_ES","og_type":"article","og_title":"Declaradas bien cultural de inter\u00e9s nacional cinco barracas de piedra seca de Mont-roig del Camp - Ajuntament de Mont-roig del Camp","og_description":"Se trata de las primeras construcciones de piedra seca de Catalu\u00f1a declaradas BCIN El Consejo Ejecutivo del Gobierno de la Generalidad de Catalu\u00f1a aprob\u00f3 ayer declarar bien cultural de inter\u00e9s nacional, en la categor\u00eda de zona de inter\u00e9s etnol\u00f3gico, cinco barracas de piedra seca de Mont-roig del Camp y delimitar su entorno de protecci\u00f3n. Se [&hellip;]","og_url":"https:\/\/mont-roig.cat\/es\/actualitat\/noticies\/declaradas-bien-cultural-interes-nacional-cinco-barracas-piedra-seca-mont-roig-camp\/","og_site_name":"Ajuntament de Mont-roig del Camp","article_published_time":"2016-04-20T12:20:11+00:00","og_image":[{"width":1600,"height":1071,"url":"https:\/\/mont-roig.cat\/wp-content\/uploads\/barraca Jaume de la Cota.JPG","type":"image\/jpeg"}],"author":"administrador","twitter_card":"summary_large_image","twitter_misc":{"Escrito por":"administrador","Tiempo de lectura":"1 minuto"},"schema":{"@context":"https:\/\/schema.org","@graph":[{"@type":"Article","@id":"https:\/\/mont-roig.cat\/es\/actualitat\/noticies\/declaradas-bien-cultural-interes-nacional-cinco-barracas-piedra-seca-mont-roig-camp\/#article","isPartOf":{"@id":"https:\/\/mont-roig.cat\/es\/actualitat\/noticies\/declaradas-bien-cultural-interes-nacional-cinco-barracas-piedra-seca-mont-roig-camp\/"},"author":{"name":"administrador","@id":"https:\/\/mont-roig.cat\/es\/#\/schema\/person\/f2b111789f22b7d0c3bd6786c9128cba"},"headline":"Declaradas bien cultural de inter\u00e9s nacional cinco barracas de piedra seca de Mont-roig del Camp","datePublished":"2016-04-20T12:20:11+00:00","mainEntityOfPage":{"@id":"https:\/\/mont-roig.cat\/es\/actualitat\/noticies\/declaradas-bien-cultural-interes-nacional-cinco-barracas-piedra-seca-mont-roig-camp\/"},"wordCount":260,"image":{"@id":"https:\/\/mont-roig.cat\/es\/actualitat\/noticies\/declaradas-bien-cultural-interes-nacional-cinco-barracas-piedra-seca-mont-roig-camp\/#primaryimage"},"thumbnailUrl":"https:\/\/mont-roig.cat\/wp-content\/uploads\/barraca Jaume de la Cota.JPG","articleSection":["Ayuntamiento"],"inLanguage":"es"},{"@type":"WebPage","@id":"https:\/\/mont-roig.cat\/es\/actualitat\/noticies\/declaradas-bien-cultural-interes-nacional-cinco-barracas-piedra-seca-mont-roig-camp\/","url":"https:\/\/mont-roig.cat\/es\/actualitat\/noticies\/declaradas-bien-cultural-interes-nacional-cinco-barracas-piedra-seca-mont-roig-camp\/","name":"Declaradas bien cultural de inter\u00e9s nacional cinco barracas de piedra seca de Mont-roig del Camp - Ajuntament de Mont-roig del Camp","isPartOf":{"@id":"https:\/\/mont-roig.cat\/es\/#website"},"primaryImageOfPage":{"@id":"https:\/\/mont-roig.cat\/es\/actualitat\/noticies\/declaradas-bien-cultural-interes-nacional-cinco-barracas-piedra-seca-mont-roig-camp\/#primaryimage"},"image":{"@id":"https:\/\/mont-roig.cat\/es\/actualitat\/noticies\/declaradas-bien-cultural-interes-nacional-cinco-barracas-piedra-seca-mont-roig-camp\/#primaryimage"},"thumbnailUrl":"https:\/\/mont-roig.cat\/wp-content\/uploads\/barraca Jaume de la Cota.JPG","datePublished":"2016-04-20T12:20:11+00:00","author":{"@id":"https:\/\/mont-roig.cat\/es\/#\/schema\/person\/f2b111789f22b7d0c3bd6786c9128cba"},"breadcrumb":{"@id":"https:\/\/mont-roig.cat\/es\/actualitat\/noticies\/declaradas-bien-cultural-interes-nacional-cinco-barracas-piedra-seca-mont-roig-camp\/#breadcrumb"},"inLanguage":"es","potentialAction":[{"@type":"ReadAction","target":["https:\/\/mont-roig.cat\/es\/actualitat\/noticies\/declaradas-bien-cultural-interes-nacional-cinco-barracas-piedra-seca-mont-roig-camp\/"]}]},{"@type":"ImageObject","inLanguage":"es","@id":"https:\/\/mont-roig.cat\/es\/actualitat\/noticies\/declaradas-bien-cultural-interes-nacional-cinco-barracas-piedra-seca-mont-roig-camp\/#primaryimage","url":"https:\/\/mont-roig.cat\/wp-content\/uploads\/barraca Jaume de la Cota.JPG","contentUrl":"https:\/\/mont-roig.cat\/wp-content\/uploads\/barraca Jaume de la Cota.JPG","width":1600,"height":1071},{"@type":"BreadcrumbList","@id":"https:\/\/mont-roig.cat\/es\/actualitat\/noticies\/declaradas-bien-cultural-interes-nacional-cinco-barracas-piedra-seca-mont-roig-camp\/#breadcrumb","itemListElement":[{"@type":"ListItem","position":1,"name":"Inici","item":"https:\/\/mont-roig.cat\/es\/pagina-de-inicio\/"},{"@type":"ListItem","position":2,"name":"Declaradas bien cultural de inter\u00e9s nacional cinco barracas de piedra seca de Mont-roig del Camp"}]},{"@type":"WebSite","@id":"https:\/\/mont-roig.cat\/es\/#website","url":"https:\/\/mont-roig.cat\/es\/","name":"Ajuntament de Mont-roig del Camp","description":"Tota la informaci\u00f3 sobre la instituci\u00f3, els seus \u00f2rgans de govern, actualitat, serveis i molt m\u00e9s.","potentialAction":[{"@type":"SearchAction","target":{"@type":"EntryPoint","urlTemplate":"https:\/\/mont-roig.cat\/es\/?s={search_term_string}"},"query-input":{"@type":"PropertyValueSpecification","valueRequired":true,"valueName":"search_term_string"}}],"inLanguage":"es"},{"@type":"Person","@id":"https:\/\/mont-roig.cat\/es\/#\/schema\/person\/f2b111789f22b7d0c3bd6786c9128cba","name":"administrador","image":{"@type":"ImageObject","inLanguage":"es","@id":"https:\/\/secure.gravatar.com\/avatar\/9137aac6891e2595c9d3036fd83bcb653b4db3c946db4c7d9b9be193c3c944bb?s=96&d=mm&r=g","url":"https:\/\/secure.gravatar.com\/avatar\/9137aac6891e2595c9d3036fd83bcb653b4db3c946db4c7d9b9be193c3c944bb?s=96&d=mm&r=g","contentUrl":"https:\/\/secure.gravatar.com\/avatar\/9137aac6891e2595c9d3036fd83bcb653b4db3c946db4c7d9b9be193c3c944bb?s=96&d=mm&r=g","caption":"administrador"},"url":"https:\/\/mont-roig.cat\/es\/actualitat\/noticies\/author\/administrador\/"}]}},"_links":{"self":[{"href":"https:\/\/mont-roig.cat\/es\/wp-json\/wp\/v2\/posts\/10649","targetHints":{"allow":["GET"]}}],"collection":[{"href":"https:\/\/mont-roig.cat\/es\/wp-json\/wp\/v2\/posts"}],"about":[{"href":"https:\/\/mont-roig.cat\/es\/wp-json\/wp\/v2\/types\/post"}],"author":[{"embeddable":true,"href":"https:\/\/mont-roig.cat\/es\/wp-json\/wp\/v2\/users\/4"}],"replies":[{"embeddable":true,"href":"https:\/\/mont-roig.cat\/es\/wp-json\/wp\/v2\/comments?post=10649"}],"version-history":[{"count":0,"href":"https:\/\/mont-roig.cat\/es\/wp-json\/wp\/v2\/posts\/10649\/revisions"}],"wp:featuredmedia":[{"embeddable":true,"href":"https:\/\/mont-roig.cat\/es\/wp-json\/wp\/v2\/media\/5289"}],"wp:attachment":[{"href":"https:\/\/mont-roig.cat\/es\/wp-json\/wp\/v2\/media?parent=10649"}],"wp:term":[{"taxonomy":"category","embeddable":true,"href":"https:\/\/mont-roig.cat\/es\/wp-json\/wp\/v2\/categories?post=10649"},{"taxonomy":"post_tag","embeddable":true,"href":"https:\/\/mont-roig.cat\/es\/wp-json\/wp\/v2\/tags?post=10649"}],"curies":[{"name":"wp","href":"https:\/\/api.w.org\/{rel}","templated":true}]}}