{"id":10752,"date":"2016-04-25T13:15:06","date_gmt":"2016-04-25T11:15:06","guid":{"rendered":"http:\/\/mont-roig.cat\/es\/?p=10752"},"modified":"2016-04-25T13:15:06","modified_gmt":"2016-04-25T11:15:06","slug":"xxxv-concurso-literario-vila-mont-roig-amplia-las-categorias-los-premios","status":"publish","type":"post","link":"https:\/\/mont-roig.cat\/es\/actualitat\/noticies\/xxxv-concurso-literario-vila-mont-roig-amplia-las-categorias-los-premios\/","title":{"rendered":"El XXXV Concurso literario Vila de Mont-roig ampl\u00eda las categor\u00edas y los premios"},"content":{"rendered":"<div id=\"attachment_10738\" style=\"width: 189px\" class=\"wp-caption alignright\"><a href=\"http:\/\/mont-roig.cat\/wp-content\/uploads\/Cartell_Concurs_2016.jpg\"><img loading=\"lazy\" decoding=\"async\" aria-describedby=\"caption-attachment-10738\" class=\"wp-image-10738 size-medium\" src=\"http:\/\/mont-roig.cat\/wp-content\/uploads\/Cartell_Concurs_2016-179x500.jpg\" alt=\"Cartell Concurs Literari Vila de Mont-roig 2016\" width=\"179\" height=\"500\" srcset=\"https:\/\/mont-roig.cat\/wp-content\/uploads\/Cartell_Concurs_2016-179x500.jpg 179w, https:\/\/mont-roig.cat\/wp-content\/uploads\/Cartell_Concurs_2016-366x1024.jpg 366w, https:\/\/mont-roig.cat\/wp-content\/uploads\/Cartell_Concurs_2016.jpg 591w\" sizes=\"auto, (max-width: 179px) 100vw, 179px\" \/><\/a><p id=\"caption-attachment-10738\" class=\"wp-caption-text\">Cartel Concurso Literario Vila de Mont-roig 2016<\/p><\/div>\n<ul>\n<li><strong>Se convoca por primera vez un\u00a0premio de poes\u00eda infantil y juvenil con el objetivo de incentivar la creatividad literaria entre los ni\u00f1os y j\u00f3venes<\/strong><\/li>\n<li><strong>El plazo de presentaci\u00f3n de trabajos finaliza el 15 de julio<\/strong><\/li>\n<\/ul>\n<p>La concejal\u00eda de Cultura del Ayuntamiento de Mont-roig del Camp impulsa la 35\u00aa edici\u00f3n del Concurso literario Vila de Mont-roig. Un certamen de larga trayectoria en el municipio y que este a\u00f1o se ampl\u00eda con una nueva categor\u00eda. Se trata del nuevo premio de poes\u00eda infantil y juvenil &#8220;Vila de Mont-roig&#8221;. Se apuesta de esta forma para acercar el certamen literario a\u00a0los centros educativos del municipio e incentivar a los ni\u00f1os y j\u00f3venes a desarrollar su talento creativo y literario.<\/p>\n<p>Tambi\u00e9n como novedad, en las categor\u00edas infantiles y juveniles, tanto del premio de prosa como del nuevo premio de poes\u00eda, se otorgar\u00e1 un obsequio especial a los participantes que queden clasificados en segundo lugar.<\/p>\n<p>Desde hace ya 35 a\u00f1os, el concurso literario Vila de Mont-roig engloba diversas categor\u00edas y premios con el objetivo de promover la creaci\u00f3n literaria, el desarrollo creativo y la b\u00fasqueda de la memoria hist\u00f3rica local. A tal fin se convoca, el Premio de Ensayo &#8220;Vila de Mont-roig&#8221;, el Premio de Prosa &#8220;Magdalena Guerrero&#8221; y el Premio de Poes\u00eda &#8220;Miquel Ferrer&#8221;, los tres dirigidos a mayores de 18 a\u00f1os.<\/p>\n<p>Por otra parte, el nuevo premio de poes\u00eda infantil y juvenil se suma al ya conocido premio de narrativa breve tambi\u00e9n para ni\u00f1os y j\u00f3venes de hasta 17 a\u00f1os. Estos premios tienen dos subcategor\u00edas de acuerdo con las edades de 8 a 9 a\u00f1os, de 10 a 11 a\u00f1os, de 12 a 14 a\u00f1os y de 15 a 17 a\u00f1os.<\/p>\n<p><strong>Dotaciones de los premios<\/strong><br \/>\nLos premios tienen diferentes dotaciones seg\u00fan las modalidades.<\/p>\n<p>&#8211; Premio de ensayo Vila de Mont-roig: 600 \u20ac<br \/>\n&#8211; Premio de prosa &#8220;Magdalena Guerrero&#8221; 500 \u20ac<br \/>\n&#8211; Premio de poes\u00eda &#8220;Miguel Ferrer&#8221; 500 \u20ac<br \/>\n&#8211; Premio de poes\u00eda infantil y juvenil &#8220;Vila de Mont-roig&#8221;<\/p>\n<ul>\n<li>\u00a0Premio infantil 75 \u20ac cada categor\u00eda<\/li>\n<li>\u00a0Premio juvenil: 125 \u20ac cada categor\u00eda<\/li>\n<\/ul>\n<p>&#8211; Premio de narrativa breve &#8220;Vila de Mont-roig&#8221;<\/p>\n<ul>\n<li>Premio infantil 75 \u20ac cada categor\u00eda<\/li>\n<li>Premio juvenil: 125 \u20ac cada categor\u00eda<\/li>\n<\/ul>\n<p><strong>Plazo de entrega de las obras<\/strong><\/p>\n<p>El plazo de presentaci\u00f3n de las obras finaliza el 15 de julio de 2016. Las obras se entregar\u00e1n a las Oficinas Municipales de Atenci\u00f3n al Ciudadano del Ayuntamiento de Mont-roig del Camp, personalmente o por correo, en horario de atenci\u00f3n al p\u00fablico, de 9.00 a 14.00h.<br \/>\n&#8211; En Mont-roig: carretera de Colldejou s\/n<br \/>\n&#8211; En Miami Platja: calle de Soria n\u00fam. 14<\/p>\n<p>El veredicto del jurado, formado por personas del mundo literario y cultural, se har\u00e1 p\u00fablico en el mes de octubre de 2016.<\/p>\n<p>Para m\u00e1s informaci\u00f3n consultad las bases del concurso.<\/p>\n<p><a href=\"http:\/\/mont-roig.cat\/wp-content\/uploads\/Bases-Concurs-Literari-Vila-de-Mont-roig-2016.pdf\" target=\"_blank\">Bases Concurso Literario Vila de Mont-roig 2016<\/a><\/p>\n","protected":false},"excerpt":{"rendered":"<p>Se convoca por primera vez un\u00a0premio de poes\u00eda infantil y juvenil con el objetivo de incentivar la creatividad literaria entre los ni\u00f1os y j\u00f3venes El plazo de presentaci\u00f3n de trabajos finaliza el 15 de julio La concejal\u00eda de Cultura del Ayuntamiento de Mont-roig del Camp impulsa la 35\u00aa edici\u00f3n del Concurso literario Vila de Mont-roig. [&hellip;]<\/p>\n","protected":false},"author":4,"featured_media":10751,"comment_status":"closed","ping_status":"closed","sticky":false,"template":"","format":"standard","meta":{"inline_featured_image":false,"_monsterinsights_skip_tracking":false,"_monsterinsights_sitenote_active":false,"_monsterinsights_sitenote_note":"","_monsterinsights_sitenote_category":0,"footnotes":""},"categories":[101],"tags":[],"class_list":["post-10752","post","type-post","status-publish","format-standard","has-post-thumbnail","hentry","category-cultura-es"],"yoast_head":"<!-- This site is optimized with the Yoast SEO plugin v27.4 - https:\/\/yoast.com\/product\/yoast-seo-wordpress\/ -->\n<title>El XXXV Concurso literario Vila de Mont-roig ampl\u00eda las categor\u00edas y los premios - Ajuntament de Mont-roig del Camp<\/title>\n<meta name=\"robots\" content=\"index, follow, max-snippet:-1, max-image-preview:large, max-video-preview:-1\" \/>\n<link rel=\"canonical\" href=\"https:\/\/mont-roig.cat\/es\/actualitat\/noticies\/xxxv-concurso-literario-vila-mont-roig-amplia-las-categorias-los-premios\/\" \/>\n<meta property=\"og:locale\" content=\"es_ES\" \/>\n<meta property=\"og:type\" content=\"article\" \/>\n<meta property=\"og:title\" content=\"El XXXV Concurso literario Vila de Mont-roig ampl\u00eda las categor\u00edas y los premios - Ajuntament de Mont-roig del Camp\" \/>\n<meta property=\"og:description\" content=\"Se convoca por primera vez un\u00a0premio de poes\u00eda infantil y juvenil con el objetivo de incentivar la creatividad literaria entre los ni\u00f1os y j\u00f3venes El plazo de presentaci\u00f3n de trabajos finaliza el 15 de julio La concejal\u00eda de Cultura del Ayuntamiento de Mont-roig del Camp impulsa la 35\u00aa edici\u00f3n del Concurso literario Vila de Mont-roig. [&hellip;]\" \/>\n<meta property=\"og:url\" content=\"https:\/\/mont-roig.cat\/es\/actualitat\/noticies\/xxxv-concurso-literario-vila-mont-roig-amplia-las-categorias-los-premios\/\" \/>\n<meta property=\"og:site_name\" content=\"Ajuntament de Mont-roig del Camp\" \/>\n<meta property=\"article:published_time\" content=\"2016-04-25T11:15:06+00:00\" \/>\n<meta property=\"og:image\" content=\"https:\/\/mont-roig.cat\/wp-content\/uploads\/Concurs-literari-Vila-de-mont-roig-2016.png\" \/>\n\t<meta property=\"og:image:width\" content=\"508\" \/>\n\t<meta property=\"og:image:height\" content=\"633\" \/>\n\t<meta property=\"og:image:type\" content=\"image\/png\" \/>\n<meta name=\"author\" content=\"administrador\" \/>\n<meta name=\"twitter:card\" content=\"summary_large_image\" \/>\n<meta name=\"twitter:label1\" content=\"Escrito por\" \/>\n\t<meta name=\"twitter:data1\" content=\"administrador\" \/>\n\t<meta name=\"twitter:label2\" content=\"Tiempo de lectura\" \/>\n\t<meta name=\"twitter:data2\" content=\"2 minutos\" \/>\n<script type=\"application\/ld+json\" class=\"yoast-schema-graph\">{\"@context\":\"https:\\\/\\\/schema.org\",\"@graph\":[{\"@type\":\"Article\",\"@id\":\"https:\\\/\\\/mont-roig.cat\\\/es\\\/actualitat\\\/noticies\\\/xxxv-concurso-literario-vila-mont-roig-amplia-las-categorias-los-premios\\\/#article\",\"isPartOf\":{\"@id\":\"https:\\\/\\\/mont-roig.cat\\\/es\\\/actualitat\\\/noticies\\\/xxxv-concurso-literario-vila-mont-roig-amplia-las-categorias-los-premios\\\/\"},\"author\":{\"name\":\"administrador\",\"@id\":\"https:\\\/\\\/mont-roig.cat\\\/es\\\/#\\\/schema\\\/person\\\/f2b111789f22b7d0c3bd6786c9128cba\"},\"headline\":\"El XXXV Concurso literario Vila de Mont-roig ampl\u00eda las categor\u00edas y los premios\",\"datePublished\":\"2016-04-25T11:15:06+00:00\",\"mainEntityOfPage\":{\"@id\":\"https:\\\/\\\/mont-roig.cat\\\/es\\\/actualitat\\\/noticies\\\/xxxv-concurso-literario-vila-mont-roig-amplia-las-categorias-los-premios\\\/\"},\"wordCount\":507,\"image\":{\"@id\":\"https:\\\/\\\/mont-roig.cat\\\/es\\\/actualitat\\\/noticies\\\/xxxv-concurso-literario-vila-mont-roig-amplia-las-categorias-los-premios\\\/#primaryimage\"},\"thumbnailUrl\":\"https:\\\/\\\/mont-roig.cat\\\/wp-content\\\/uploads\\\/Concurs-literari-Vila-de-mont-roig-2016.png\",\"articleSection\":[\"Cultura\"],\"inLanguage\":\"es\"},{\"@type\":\"WebPage\",\"@id\":\"https:\\\/\\\/mont-roig.cat\\\/es\\\/actualitat\\\/noticies\\\/xxxv-concurso-literario-vila-mont-roig-amplia-las-categorias-los-premios\\\/\",\"url\":\"https:\\\/\\\/mont-roig.cat\\\/es\\\/actualitat\\\/noticies\\\/xxxv-concurso-literario-vila-mont-roig-amplia-las-categorias-los-premios\\\/\",\"name\":\"El XXXV Concurso literario Vila de Mont-roig ampl\u00eda las categor\u00edas y los premios - Ajuntament de Mont-roig del Camp\",\"isPartOf\":{\"@id\":\"https:\\\/\\\/mont-roig.cat\\\/es\\\/#website\"},\"primaryImageOfPage\":{\"@id\":\"https:\\\/\\\/mont-roig.cat\\\/es\\\/actualitat\\\/noticies\\\/xxxv-concurso-literario-vila-mont-roig-amplia-las-categorias-los-premios\\\/#primaryimage\"},\"image\":{\"@id\":\"https:\\\/\\\/mont-roig.cat\\\/es\\\/actualitat\\\/noticies\\\/xxxv-concurso-literario-vila-mont-roig-amplia-las-categorias-los-premios\\\/#primaryimage\"},\"thumbnailUrl\":\"https:\\\/\\\/mont-roig.cat\\\/wp-content\\\/uploads\\\/Concurs-literari-Vila-de-mont-roig-2016.png\",\"datePublished\":\"2016-04-25T11:15:06+00:00\",\"author\":{\"@id\":\"https:\\\/\\\/mont-roig.cat\\\/es\\\/#\\\/schema\\\/person\\\/f2b111789f22b7d0c3bd6786c9128cba\"},\"breadcrumb\":{\"@id\":\"https:\\\/\\\/mont-roig.cat\\\/es\\\/actualitat\\\/noticies\\\/xxxv-concurso-literario-vila-mont-roig-amplia-las-categorias-los-premios\\\/#breadcrumb\"},\"inLanguage\":\"es\",\"potentialAction\":[{\"@type\":\"ReadAction\",\"target\":[\"https:\\\/\\\/mont-roig.cat\\\/es\\\/actualitat\\\/noticies\\\/xxxv-concurso-literario-vila-mont-roig-amplia-las-categorias-los-premios\\\/\"]}]},{\"@type\":\"ImageObject\",\"inLanguage\":\"es\",\"@id\":\"https:\\\/\\\/mont-roig.cat\\\/es\\\/actualitat\\\/noticies\\\/xxxv-concurso-literario-vila-mont-roig-amplia-las-categorias-los-premios\\\/#primaryimage\",\"url\":\"https:\\\/\\\/mont-roig.cat\\\/wp-content\\\/uploads\\\/Concurs-literari-Vila-de-mont-roig-2016.png\",\"contentUrl\":\"https:\\\/\\\/mont-roig.cat\\\/wp-content\\\/uploads\\\/Concurs-literari-Vila-de-mont-roig-2016.png\",\"width\":508,\"height\":633},{\"@type\":\"BreadcrumbList\",\"@id\":\"https:\\\/\\\/mont-roig.cat\\\/es\\\/actualitat\\\/noticies\\\/xxxv-concurso-literario-vila-mont-roig-amplia-las-categorias-los-premios\\\/#breadcrumb\",\"itemListElement\":[{\"@type\":\"ListItem\",\"position\":1,\"name\":\"Inici\",\"item\":\"https:\\\/\\\/mont-roig.cat\\\/es\\\/pagina-de-inicio\\\/\"},{\"@type\":\"ListItem\",\"position\":2,\"name\":\"El XXXV Concurso literario Vila de Mont-roig ampl\u00eda las categor\u00edas y los premios\"}]},{\"@type\":\"WebSite\",\"@id\":\"https:\\\/\\\/mont-roig.cat\\\/es\\\/#website\",\"url\":\"https:\\\/\\\/mont-roig.cat\\\/es\\\/\",\"name\":\"Ajuntament de Mont-roig del Camp\",\"description\":\"Tota la informaci\u00f3 sobre la instituci\u00f3, els seus \u00f2rgans de govern, actualitat, serveis i molt m\u00e9s.\",\"potentialAction\":[{\"@type\":\"SearchAction\",\"target\":{\"@type\":\"EntryPoint\",\"urlTemplate\":\"https:\\\/\\\/mont-roig.cat\\\/es\\\/?s={search_term_string}\"},\"query-input\":{\"@type\":\"PropertyValueSpecification\",\"valueRequired\":true,\"valueName\":\"search_term_string\"}}],\"inLanguage\":\"es\"},{\"@type\":\"Person\",\"@id\":\"https:\\\/\\\/mont-roig.cat\\\/es\\\/#\\\/schema\\\/person\\\/f2b111789f22b7d0c3bd6786c9128cba\",\"name\":\"administrador\",\"image\":{\"@type\":\"ImageObject\",\"inLanguage\":\"es\",\"@id\":\"https:\\\/\\\/secure.gravatar.com\\\/avatar\\\/9137aac6891e2595c9d3036fd83bcb653b4db3c946db4c7d9b9be193c3c944bb?s=96&d=mm&r=g\",\"url\":\"https:\\\/\\\/secure.gravatar.com\\\/avatar\\\/9137aac6891e2595c9d3036fd83bcb653b4db3c946db4c7d9b9be193c3c944bb?s=96&d=mm&r=g\",\"contentUrl\":\"https:\\\/\\\/secure.gravatar.com\\\/avatar\\\/9137aac6891e2595c9d3036fd83bcb653b4db3c946db4c7d9b9be193c3c944bb?s=96&d=mm&r=g\",\"caption\":\"administrador\"},\"url\":\"https:\\\/\\\/mont-roig.cat\\\/es\\\/actualitat\\\/noticies\\\/author\\\/administrador\\\/\"}]}<\/script>\n<!-- \/ Yoast SEO plugin. -->","yoast_head_json":{"title":"El XXXV Concurso literario Vila de Mont-roig ampl\u00eda las categor\u00edas y los premios - Ajuntament de Mont-roig del Camp","robots":{"index":"index","follow":"follow","max-snippet":"max-snippet:-1","max-image-preview":"max-image-preview:large","max-video-preview":"max-video-preview:-1"},"canonical":"https:\/\/mont-roig.cat\/es\/actualitat\/noticies\/xxxv-concurso-literario-vila-mont-roig-amplia-las-categorias-los-premios\/","og_locale":"es_ES","og_type":"article","og_title":"El XXXV Concurso literario Vila de Mont-roig ampl\u00eda las categor\u00edas y los premios - Ajuntament de Mont-roig del Camp","og_description":"Se convoca por primera vez un\u00a0premio de poes\u00eda infantil y juvenil con el objetivo de incentivar la creatividad literaria entre los ni\u00f1os y j\u00f3venes El plazo de presentaci\u00f3n de trabajos finaliza el 15 de julio La concejal\u00eda de Cultura del Ayuntamiento de Mont-roig del Camp impulsa la 35\u00aa edici\u00f3n del Concurso literario Vila de Mont-roig. [&hellip;]","og_url":"https:\/\/mont-roig.cat\/es\/actualitat\/noticies\/xxxv-concurso-literario-vila-mont-roig-amplia-las-categorias-los-premios\/","og_site_name":"Ajuntament de Mont-roig del Camp","article_published_time":"2016-04-25T11:15:06+00:00","og_image":[{"width":508,"height":633,"url":"https:\/\/mont-roig.cat\/wp-content\/uploads\/Concurs-literari-Vila-de-mont-roig-2016.png","type":"image\/png"}],"author":"administrador","twitter_card":"summary_large_image","twitter_misc":{"Escrito por":"administrador","Tiempo de lectura":"2 minutos"},"schema":{"@context":"https:\/\/schema.org","@graph":[{"@type":"Article","@id":"https:\/\/mont-roig.cat\/es\/actualitat\/noticies\/xxxv-concurso-literario-vila-mont-roig-amplia-las-categorias-los-premios\/#article","isPartOf":{"@id":"https:\/\/mont-roig.cat\/es\/actualitat\/noticies\/xxxv-concurso-literario-vila-mont-roig-amplia-las-categorias-los-premios\/"},"author":{"name":"administrador","@id":"https:\/\/mont-roig.cat\/es\/#\/schema\/person\/f2b111789f22b7d0c3bd6786c9128cba"},"headline":"El XXXV Concurso literario Vila de Mont-roig ampl\u00eda las categor\u00edas y los premios","datePublished":"2016-04-25T11:15:06+00:00","mainEntityOfPage":{"@id":"https:\/\/mont-roig.cat\/es\/actualitat\/noticies\/xxxv-concurso-literario-vila-mont-roig-amplia-las-categorias-los-premios\/"},"wordCount":507,"image":{"@id":"https:\/\/mont-roig.cat\/es\/actualitat\/noticies\/xxxv-concurso-literario-vila-mont-roig-amplia-las-categorias-los-premios\/#primaryimage"},"thumbnailUrl":"https:\/\/mont-roig.cat\/wp-content\/uploads\/Concurs-literari-Vila-de-mont-roig-2016.png","articleSection":["Cultura"],"inLanguage":"es"},{"@type":"WebPage","@id":"https:\/\/mont-roig.cat\/es\/actualitat\/noticies\/xxxv-concurso-literario-vila-mont-roig-amplia-las-categorias-los-premios\/","url":"https:\/\/mont-roig.cat\/es\/actualitat\/noticies\/xxxv-concurso-literario-vila-mont-roig-amplia-las-categorias-los-premios\/","name":"El XXXV Concurso literario Vila de Mont-roig ampl\u00eda las categor\u00edas y los premios - Ajuntament de Mont-roig del Camp","isPartOf":{"@id":"https:\/\/mont-roig.cat\/es\/#website"},"primaryImageOfPage":{"@id":"https:\/\/mont-roig.cat\/es\/actualitat\/noticies\/xxxv-concurso-literario-vila-mont-roig-amplia-las-categorias-los-premios\/#primaryimage"},"image":{"@id":"https:\/\/mont-roig.cat\/es\/actualitat\/noticies\/xxxv-concurso-literario-vila-mont-roig-amplia-las-categorias-los-premios\/#primaryimage"},"thumbnailUrl":"https:\/\/mont-roig.cat\/wp-content\/uploads\/Concurs-literari-Vila-de-mont-roig-2016.png","datePublished":"2016-04-25T11:15:06+00:00","author":{"@id":"https:\/\/mont-roig.cat\/es\/#\/schema\/person\/f2b111789f22b7d0c3bd6786c9128cba"},"breadcrumb":{"@id":"https:\/\/mont-roig.cat\/es\/actualitat\/noticies\/xxxv-concurso-literario-vila-mont-roig-amplia-las-categorias-los-premios\/#breadcrumb"},"inLanguage":"es","potentialAction":[{"@type":"ReadAction","target":["https:\/\/mont-roig.cat\/es\/actualitat\/noticies\/xxxv-concurso-literario-vila-mont-roig-amplia-las-categorias-los-premios\/"]}]},{"@type":"ImageObject","inLanguage":"es","@id":"https:\/\/mont-roig.cat\/es\/actualitat\/noticies\/xxxv-concurso-literario-vila-mont-roig-amplia-las-categorias-los-premios\/#primaryimage","url":"https:\/\/mont-roig.cat\/wp-content\/uploads\/Concurs-literari-Vila-de-mont-roig-2016.png","contentUrl":"https:\/\/mont-roig.cat\/wp-content\/uploads\/Concurs-literari-Vila-de-mont-roig-2016.png","width":508,"height":633},{"@type":"BreadcrumbList","@id":"https:\/\/mont-roig.cat\/es\/actualitat\/noticies\/xxxv-concurso-literario-vila-mont-roig-amplia-las-categorias-los-premios\/#breadcrumb","itemListElement":[{"@type":"ListItem","position":1,"name":"Inici","item":"https:\/\/mont-roig.cat\/es\/pagina-de-inicio\/"},{"@type":"ListItem","position":2,"name":"El XXXV Concurso literario Vila de Mont-roig ampl\u00eda las categor\u00edas y los premios"}]},{"@type":"WebSite","@id":"https:\/\/mont-roig.cat\/es\/#website","url":"https:\/\/mont-roig.cat\/es\/","name":"Ajuntament de Mont-roig del Camp","description":"Tota la informaci\u00f3 sobre la instituci\u00f3, els seus \u00f2rgans de govern, actualitat, serveis i molt m\u00e9s.","potentialAction":[{"@type":"SearchAction","target":{"@type":"EntryPoint","urlTemplate":"https:\/\/mont-roig.cat\/es\/?s={search_term_string}"},"query-input":{"@type":"PropertyValueSpecification","valueRequired":true,"valueName":"search_term_string"}}],"inLanguage":"es"},{"@type":"Person","@id":"https:\/\/mont-roig.cat\/es\/#\/schema\/person\/f2b111789f22b7d0c3bd6786c9128cba","name":"administrador","image":{"@type":"ImageObject","inLanguage":"es","@id":"https:\/\/secure.gravatar.com\/avatar\/9137aac6891e2595c9d3036fd83bcb653b4db3c946db4c7d9b9be193c3c944bb?s=96&d=mm&r=g","url":"https:\/\/secure.gravatar.com\/avatar\/9137aac6891e2595c9d3036fd83bcb653b4db3c946db4c7d9b9be193c3c944bb?s=96&d=mm&r=g","contentUrl":"https:\/\/secure.gravatar.com\/avatar\/9137aac6891e2595c9d3036fd83bcb653b4db3c946db4c7d9b9be193c3c944bb?s=96&d=mm&r=g","caption":"administrador"},"url":"https:\/\/mont-roig.cat\/es\/actualitat\/noticies\/author\/administrador\/"}]}},"_links":{"self":[{"href":"https:\/\/mont-roig.cat\/es\/wp-json\/wp\/v2\/posts\/10752","targetHints":{"allow":["GET"]}}],"collection":[{"href":"https:\/\/mont-roig.cat\/es\/wp-json\/wp\/v2\/posts"}],"about":[{"href":"https:\/\/mont-roig.cat\/es\/wp-json\/wp\/v2\/types\/post"}],"author":[{"embeddable":true,"href":"https:\/\/mont-roig.cat\/es\/wp-json\/wp\/v2\/users\/4"}],"replies":[{"embeddable":true,"href":"https:\/\/mont-roig.cat\/es\/wp-json\/wp\/v2\/comments?post=10752"}],"version-history":[{"count":0,"href":"https:\/\/mont-roig.cat\/es\/wp-json\/wp\/v2\/posts\/10752\/revisions"}],"wp:featuredmedia":[{"embeddable":true,"href":"https:\/\/mont-roig.cat\/es\/wp-json\/wp\/v2\/media\/10751"}],"wp:attachment":[{"href":"https:\/\/mont-roig.cat\/es\/wp-json\/wp\/v2\/media?parent=10752"}],"wp:term":[{"taxonomy":"category","embeddable":true,"href":"https:\/\/mont-roig.cat\/es\/wp-json\/wp\/v2\/categories?post=10752"},{"taxonomy":"post_tag","embeddable":true,"href":"https:\/\/mont-roig.cat\/es\/wp-json\/wp\/v2\/tags?post=10752"}],"curies":[{"name":"wp","href":"https:\/\/api.w.org\/{rel}","templated":true}]}}