{"id":10917,"date":"2016-05-02T13:00:12","date_gmt":"2016-05-02T11:00:12","guid":{"rendered":"http:\/\/mont-roig.cat\/es\/?p=10917"},"modified":"2016-05-02T13:00:12","modified_gmt":"2016-05-02T11:00:12","slug":"convocatoria-bolsas-trabajo-informador-turistico-animador-turistico","status":"publish","type":"post","link":"https:\/\/mont-roig.cat\/es\/actualitat\/noticies\/convocatoria-bolsas-trabajo-informador-turistico-animador-turistico\/","title":{"rendered":"Convocatoria bolsas de trabajo de informador tur\u00edstico y de animador tur\u00edstico"},"content":{"rendered":"<p><a href=\"http:\/\/mont-roig.cat\/wp-content\/uploads\/PUBLICITAT-INFORMADOR-TUR\u00cdSTIC.png\" rel=\"attachment wp-att-10915\"><img loading=\"lazy\" decoding=\"async\" class=\"alignright wp-image-10915\" src=\"http:\/\/mont-roig.cat\/wp-content\/uploads\/PUBLICITAT-INFORMADOR-TUR\u00cdSTIC-500x354.png\" alt=\"Anunci borsa Informador tur\u00edstic\" width=\"299\" height=\"212\" srcset=\"https:\/\/mont-roig.cat\/wp-content\/uploads\/PUBLICITAT-INFORMADOR-TUR\u00cdSTIC-500x354.png 500w, https:\/\/mont-roig.cat\/wp-content\/uploads\/PUBLICITAT-INFORMADOR-TUR\u00cdSTIC-768x543.png 768w, https:\/\/mont-roig.cat\/wp-content\/uploads\/PUBLICITAT-INFORMADOR-TUR\u00cdSTIC-1024x724.png 1024w\" sizes=\"auto, (max-width: 299px) 100vw, 299px\" \/><\/a>La Empresa Municipal de Servicios, S. A. vuelve a convocar las bolsas de trabajo de informador tur\u00edstico y animador tur\u00edstico despu\u00e9s de que en la anterior convocatoria quedaran desiertas por falta de aspirantes que cumplieran con los requisitos marcados en las Bases Espec\u00edficas.<\/p>\n<p>El plazo de presentaci\u00f3n de solicitudes se inicia <strong>hoy y finalizar\u00e1 el pr\u00f3ximo 13 de mayo<\/strong> de 2016. La documentaci\u00f3n se puede presentar en las oficinas de EMSSA situadas en la Avenida de Reus, 27 de Mont-roig del Camp, y en las OMAC del Ayuntamiento de Mont-roig y de Miami.<\/p>\n<p>En la p\u00e1gina <a href=\"https:\/\/mont-roig.cat\/es\/ayuntamiento\/funcionament\/recursos-humanos\/convocatorias\/\" target=\"_blank\">convocatorias<\/a> de la web municipal se puede encontrar el anuncio de las bolsas de trabajo, las bases que regulan los procesos selectivos as\u00ed como las hojas de solicitud de admisi\u00f3n.<\/p>\n","protected":false},"excerpt":{"rendered":"<p>La Empresa Municipal de Servicios, S. A. vuelve a convocar las bolsas de trabajo de informador tur\u00edstico y animador tur\u00edstico despu\u00e9s de que en la anterior convocatoria quedaran desiertas por falta de aspirantes que cumplieran con los requisitos marcados en las Bases Espec\u00edficas. El plazo de presentaci\u00f3n de solicitudes se inicia hoy y finalizar\u00e1 el [&hellip;]<\/p>\n","protected":false},"author":4,"featured_media":10915,"comment_status":"closed","ping_status":"closed","sticky":false,"template":"","format":"standard","meta":{"inline_featured_image":false,"_monsterinsights_skip_tracking":false,"_monsterinsights_sitenote_active":false,"_monsterinsights_sitenote_note":"","_monsterinsights_sitenote_category":0,"footnotes":""},"categories":[111],"tags":[],"class_list":["post-10917","post","type-post","status-publish","format-standard","has-post-thumbnail","hentry","category-recursos-humanos"],"yoast_head":"<!-- This site is optimized with the Yoast SEO plugin v27.4 - https:\/\/yoast.com\/product\/yoast-seo-wordpress\/ -->\n<title>Convocatoria bolsas de trabajo de informador tur\u00edstico y de animador tur\u00edstico - Ajuntament de Mont-roig del Camp<\/title>\n<meta name=\"robots\" content=\"index, follow, max-snippet:-1, max-image-preview:large, max-video-preview:-1\" \/>\n<link rel=\"canonical\" href=\"https:\/\/mont-roig.cat\/es\/actualitat\/noticies\/convocatoria-bolsas-trabajo-informador-turistico-animador-turistico\/\" \/>\n<meta property=\"og:locale\" content=\"es_ES\" \/>\n<meta property=\"og:type\" content=\"article\" \/>\n<meta property=\"og:title\" content=\"Convocatoria bolsas de trabajo de informador tur\u00edstico y de animador tur\u00edstico - Ajuntament de Mont-roig del Camp\" \/>\n<meta property=\"og:description\" content=\"La Empresa Municipal de Servicios, S. A. vuelve a convocar las bolsas de trabajo de informador tur\u00edstico y animador tur\u00edstico despu\u00e9s de que en la anterior convocatoria quedaran desiertas por falta de aspirantes que cumplieran con los requisitos marcados en las Bases Espec\u00edficas. El plazo de presentaci\u00f3n de solicitudes se inicia hoy y finalizar\u00e1 el [&hellip;]\" \/>\n<meta property=\"og:url\" content=\"https:\/\/mont-roig.cat\/es\/actualitat\/noticies\/convocatoria-bolsas-trabajo-informador-turistico-animador-turistico\/\" \/>\n<meta property=\"og:site_name\" content=\"Ajuntament de Mont-roig del Camp\" \/>\n<meta property=\"article:published_time\" content=\"2016-05-02T11:00:12+00:00\" \/>\n<meta property=\"og:image\" content=\"https:\/\/mont-roig.cat\/wp-content\/uploads\/PUBLICITAT-INFORMADOR-TUR\u00cdSTIC.png\" \/>\n\t<meta property=\"og:image:width\" content=\"2327\" \/>\n\t<meta property=\"og:image:height\" content=\"1646\" \/>\n\t<meta property=\"og:image:type\" content=\"image\/png\" \/>\n<meta name=\"author\" content=\"administrador\" \/>\n<meta name=\"twitter:card\" content=\"summary_large_image\" \/>\n<meta name=\"twitter:label1\" content=\"Escrito por\" \/>\n\t<meta name=\"twitter:data1\" content=\"administrador\" \/>\n\t<meta name=\"twitter:label2\" content=\"Tiempo de lectura\" \/>\n\t<meta name=\"twitter:data2\" content=\"1 minuto\" \/>\n<script type=\"application\/ld+json\" class=\"yoast-schema-graph\">{\"@context\":\"https:\\\/\\\/schema.org\",\"@graph\":[{\"@type\":\"Article\",\"@id\":\"https:\\\/\\\/mont-roig.cat\\\/es\\\/actualitat\\\/noticies\\\/convocatoria-bolsas-trabajo-informador-turistico-animador-turistico\\\/#article\",\"isPartOf\":{\"@id\":\"https:\\\/\\\/mont-roig.cat\\\/es\\\/actualitat\\\/noticies\\\/convocatoria-bolsas-trabajo-informador-turistico-animador-turistico\\\/\"},\"author\":{\"name\":\"administrador\",\"@id\":\"https:\\\/\\\/mont-roig.cat\\\/es\\\/#\\\/schema\\\/person\\\/f2b111789f22b7d0c3bd6786c9128cba\"},\"headline\":\"Convocatoria bolsas de trabajo de informador tur\u00edstico y de animador tur\u00edstico\",\"datePublished\":\"2016-05-02T11:00:12+00:00\",\"mainEntityOfPage\":{\"@id\":\"https:\\\/\\\/mont-roig.cat\\\/es\\\/actualitat\\\/noticies\\\/convocatoria-bolsas-trabajo-informador-turistico-animador-turistico\\\/\"},\"wordCount\":145,\"image\":{\"@id\":\"https:\\\/\\\/mont-roig.cat\\\/es\\\/actualitat\\\/noticies\\\/convocatoria-bolsas-trabajo-informador-turistico-animador-turistico\\\/#primaryimage\"},\"thumbnailUrl\":\"https:\\\/\\\/mont-roig.cat\\\/wp-content\\\/uploads\\\/PUBLICITAT-INFORMADOR-TUR\u00cdSTIC.png\",\"articleSection\":[\"Recursos humanos\"],\"inLanguage\":\"es\"},{\"@type\":\"WebPage\",\"@id\":\"https:\\\/\\\/mont-roig.cat\\\/es\\\/actualitat\\\/noticies\\\/convocatoria-bolsas-trabajo-informador-turistico-animador-turistico\\\/\",\"url\":\"https:\\\/\\\/mont-roig.cat\\\/es\\\/actualitat\\\/noticies\\\/convocatoria-bolsas-trabajo-informador-turistico-animador-turistico\\\/\",\"name\":\"Convocatoria bolsas de trabajo de informador tur\u00edstico y de animador tur\u00edstico - Ajuntament de Mont-roig del Camp\",\"isPartOf\":{\"@id\":\"https:\\\/\\\/mont-roig.cat\\\/es\\\/#website\"},\"primaryImageOfPage\":{\"@id\":\"https:\\\/\\\/mont-roig.cat\\\/es\\\/actualitat\\\/noticies\\\/convocatoria-bolsas-trabajo-informador-turistico-animador-turistico\\\/#primaryimage\"},\"image\":{\"@id\":\"https:\\\/\\\/mont-roig.cat\\\/es\\\/actualitat\\\/noticies\\\/convocatoria-bolsas-trabajo-informador-turistico-animador-turistico\\\/#primaryimage\"},\"thumbnailUrl\":\"https:\\\/\\\/mont-roig.cat\\\/wp-content\\\/uploads\\\/PUBLICITAT-INFORMADOR-TUR\u00cdSTIC.png\",\"datePublished\":\"2016-05-02T11:00:12+00:00\",\"author\":{\"@id\":\"https:\\\/\\\/mont-roig.cat\\\/es\\\/#\\\/schema\\\/person\\\/f2b111789f22b7d0c3bd6786c9128cba\"},\"breadcrumb\":{\"@id\":\"https:\\\/\\\/mont-roig.cat\\\/es\\\/actualitat\\\/noticies\\\/convocatoria-bolsas-trabajo-informador-turistico-animador-turistico\\\/#breadcrumb\"},\"inLanguage\":\"es\",\"potentialAction\":[{\"@type\":\"ReadAction\",\"target\":[\"https:\\\/\\\/mont-roig.cat\\\/es\\\/actualitat\\\/noticies\\\/convocatoria-bolsas-trabajo-informador-turistico-animador-turistico\\\/\"]}]},{\"@type\":\"ImageObject\",\"inLanguage\":\"es\",\"@id\":\"https:\\\/\\\/mont-roig.cat\\\/es\\\/actualitat\\\/noticies\\\/convocatoria-bolsas-trabajo-informador-turistico-animador-turistico\\\/#primaryimage\",\"url\":\"https:\\\/\\\/mont-roig.cat\\\/wp-content\\\/uploads\\\/PUBLICITAT-INFORMADOR-TUR\u00cdSTIC.png\",\"contentUrl\":\"https:\\\/\\\/mont-roig.cat\\\/wp-content\\\/uploads\\\/PUBLICITAT-INFORMADOR-TUR\u00cdSTIC.png\",\"width\":2327,\"height\":1646},{\"@type\":\"BreadcrumbList\",\"@id\":\"https:\\\/\\\/mont-roig.cat\\\/es\\\/actualitat\\\/noticies\\\/convocatoria-bolsas-trabajo-informador-turistico-animador-turistico\\\/#breadcrumb\",\"itemListElement\":[{\"@type\":\"ListItem\",\"position\":1,\"name\":\"Inici\",\"item\":\"https:\\\/\\\/mont-roig.cat\\\/es\\\/pagina-de-inicio\\\/\"},{\"@type\":\"ListItem\",\"position\":2,\"name\":\"Convocatoria bolsas de trabajo de informador tur\u00edstico y de animador tur\u00edstico\"}]},{\"@type\":\"WebSite\",\"@id\":\"https:\\\/\\\/mont-roig.cat\\\/es\\\/#website\",\"url\":\"https:\\\/\\\/mont-roig.cat\\\/es\\\/\",\"name\":\"Ajuntament de Mont-roig del Camp\",\"description\":\"Tota la informaci\u00f3 sobre la instituci\u00f3, els seus \u00f2rgans de govern, actualitat, serveis i molt m\u00e9s.\",\"potentialAction\":[{\"@type\":\"SearchAction\",\"target\":{\"@type\":\"EntryPoint\",\"urlTemplate\":\"https:\\\/\\\/mont-roig.cat\\\/es\\\/?s={search_term_string}\"},\"query-input\":{\"@type\":\"PropertyValueSpecification\",\"valueRequired\":true,\"valueName\":\"search_term_string\"}}],\"inLanguage\":\"es\"},{\"@type\":\"Person\",\"@id\":\"https:\\\/\\\/mont-roig.cat\\\/es\\\/#\\\/schema\\\/person\\\/f2b111789f22b7d0c3bd6786c9128cba\",\"name\":\"administrador\",\"image\":{\"@type\":\"ImageObject\",\"inLanguage\":\"es\",\"@id\":\"https:\\\/\\\/secure.gravatar.com\\\/avatar\\\/9137aac6891e2595c9d3036fd83bcb653b4db3c946db4c7d9b9be193c3c944bb?s=96&d=mm&r=g\",\"url\":\"https:\\\/\\\/secure.gravatar.com\\\/avatar\\\/9137aac6891e2595c9d3036fd83bcb653b4db3c946db4c7d9b9be193c3c944bb?s=96&d=mm&r=g\",\"contentUrl\":\"https:\\\/\\\/secure.gravatar.com\\\/avatar\\\/9137aac6891e2595c9d3036fd83bcb653b4db3c946db4c7d9b9be193c3c944bb?s=96&d=mm&r=g\",\"caption\":\"administrador\"},\"url\":\"https:\\\/\\\/mont-roig.cat\\\/es\\\/actualitat\\\/noticies\\\/author\\\/administrador\\\/\"}]}<\/script>\n<!-- \/ Yoast SEO plugin. -->","yoast_head_json":{"title":"Convocatoria bolsas de trabajo de informador tur\u00edstico y de animador tur\u00edstico - Ajuntament de Mont-roig del Camp","robots":{"index":"index","follow":"follow","max-snippet":"max-snippet:-1","max-image-preview":"max-image-preview:large","max-video-preview":"max-video-preview:-1"},"canonical":"https:\/\/mont-roig.cat\/es\/actualitat\/noticies\/convocatoria-bolsas-trabajo-informador-turistico-animador-turistico\/","og_locale":"es_ES","og_type":"article","og_title":"Convocatoria bolsas de trabajo de informador tur\u00edstico y de animador tur\u00edstico - Ajuntament de Mont-roig del Camp","og_description":"La Empresa Municipal de Servicios, S. A. vuelve a convocar las bolsas de trabajo de informador tur\u00edstico y animador tur\u00edstico despu\u00e9s de que en la anterior convocatoria quedaran desiertas por falta de aspirantes que cumplieran con los requisitos marcados en las Bases Espec\u00edficas. El plazo de presentaci\u00f3n de solicitudes se inicia hoy y finalizar\u00e1 el [&hellip;]","og_url":"https:\/\/mont-roig.cat\/es\/actualitat\/noticies\/convocatoria-bolsas-trabajo-informador-turistico-animador-turistico\/","og_site_name":"Ajuntament de Mont-roig del Camp","article_published_time":"2016-05-02T11:00:12+00:00","og_image":[{"width":2327,"height":1646,"url":"https:\/\/mont-roig.cat\/wp-content\/uploads\/PUBLICITAT-INFORMADOR-TUR\u00cdSTIC.png","type":"image\/png"}],"author":"administrador","twitter_card":"summary_large_image","twitter_misc":{"Escrito por":"administrador","Tiempo de lectura":"1 minuto"},"schema":{"@context":"https:\/\/schema.org","@graph":[{"@type":"Article","@id":"https:\/\/mont-roig.cat\/es\/actualitat\/noticies\/convocatoria-bolsas-trabajo-informador-turistico-animador-turistico\/#article","isPartOf":{"@id":"https:\/\/mont-roig.cat\/es\/actualitat\/noticies\/convocatoria-bolsas-trabajo-informador-turistico-animador-turistico\/"},"author":{"name":"administrador","@id":"https:\/\/mont-roig.cat\/es\/#\/schema\/person\/f2b111789f22b7d0c3bd6786c9128cba"},"headline":"Convocatoria bolsas de trabajo de informador tur\u00edstico y de animador tur\u00edstico","datePublished":"2016-05-02T11:00:12+00:00","mainEntityOfPage":{"@id":"https:\/\/mont-roig.cat\/es\/actualitat\/noticies\/convocatoria-bolsas-trabajo-informador-turistico-animador-turistico\/"},"wordCount":145,"image":{"@id":"https:\/\/mont-roig.cat\/es\/actualitat\/noticies\/convocatoria-bolsas-trabajo-informador-turistico-animador-turistico\/#primaryimage"},"thumbnailUrl":"https:\/\/mont-roig.cat\/wp-content\/uploads\/PUBLICITAT-INFORMADOR-TUR\u00cdSTIC.png","articleSection":["Recursos humanos"],"inLanguage":"es"},{"@type":"WebPage","@id":"https:\/\/mont-roig.cat\/es\/actualitat\/noticies\/convocatoria-bolsas-trabajo-informador-turistico-animador-turistico\/","url":"https:\/\/mont-roig.cat\/es\/actualitat\/noticies\/convocatoria-bolsas-trabajo-informador-turistico-animador-turistico\/","name":"Convocatoria bolsas de trabajo de informador tur\u00edstico y de animador tur\u00edstico - Ajuntament de Mont-roig del Camp","isPartOf":{"@id":"https:\/\/mont-roig.cat\/es\/#website"},"primaryImageOfPage":{"@id":"https:\/\/mont-roig.cat\/es\/actualitat\/noticies\/convocatoria-bolsas-trabajo-informador-turistico-animador-turistico\/#primaryimage"},"image":{"@id":"https:\/\/mont-roig.cat\/es\/actualitat\/noticies\/convocatoria-bolsas-trabajo-informador-turistico-animador-turistico\/#primaryimage"},"thumbnailUrl":"https:\/\/mont-roig.cat\/wp-content\/uploads\/PUBLICITAT-INFORMADOR-TUR\u00cdSTIC.png","datePublished":"2016-05-02T11:00:12+00:00","author":{"@id":"https:\/\/mont-roig.cat\/es\/#\/schema\/person\/f2b111789f22b7d0c3bd6786c9128cba"},"breadcrumb":{"@id":"https:\/\/mont-roig.cat\/es\/actualitat\/noticies\/convocatoria-bolsas-trabajo-informador-turistico-animador-turistico\/#breadcrumb"},"inLanguage":"es","potentialAction":[{"@type":"ReadAction","target":["https:\/\/mont-roig.cat\/es\/actualitat\/noticies\/convocatoria-bolsas-trabajo-informador-turistico-animador-turistico\/"]}]},{"@type":"ImageObject","inLanguage":"es","@id":"https:\/\/mont-roig.cat\/es\/actualitat\/noticies\/convocatoria-bolsas-trabajo-informador-turistico-animador-turistico\/#primaryimage","url":"https:\/\/mont-roig.cat\/wp-content\/uploads\/PUBLICITAT-INFORMADOR-TUR\u00cdSTIC.png","contentUrl":"https:\/\/mont-roig.cat\/wp-content\/uploads\/PUBLICITAT-INFORMADOR-TUR\u00cdSTIC.png","width":2327,"height":1646},{"@type":"BreadcrumbList","@id":"https:\/\/mont-roig.cat\/es\/actualitat\/noticies\/convocatoria-bolsas-trabajo-informador-turistico-animador-turistico\/#breadcrumb","itemListElement":[{"@type":"ListItem","position":1,"name":"Inici","item":"https:\/\/mont-roig.cat\/es\/pagina-de-inicio\/"},{"@type":"ListItem","position":2,"name":"Convocatoria bolsas de trabajo de informador tur\u00edstico y de animador tur\u00edstico"}]},{"@type":"WebSite","@id":"https:\/\/mont-roig.cat\/es\/#website","url":"https:\/\/mont-roig.cat\/es\/","name":"Ajuntament de Mont-roig del Camp","description":"Tota la informaci\u00f3 sobre la instituci\u00f3, els seus \u00f2rgans de govern, actualitat, serveis i molt m\u00e9s.","potentialAction":[{"@type":"SearchAction","target":{"@type":"EntryPoint","urlTemplate":"https:\/\/mont-roig.cat\/es\/?s={search_term_string}"},"query-input":{"@type":"PropertyValueSpecification","valueRequired":true,"valueName":"search_term_string"}}],"inLanguage":"es"},{"@type":"Person","@id":"https:\/\/mont-roig.cat\/es\/#\/schema\/person\/f2b111789f22b7d0c3bd6786c9128cba","name":"administrador","image":{"@type":"ImageObject","inLanguage":"es","@id":"https:\/\/secure.gravatar.com\/avatar\/9137aac6891e2595c9d3036fd83bcb653b4db3c946db4c7d9b9be193c3c944bb?s=96&d=mm&r=g","url":"https:\/\/secure.gravatar.com\/avatar\/9137aac6891e2595c9d3036fd83bcb653b4db3c946db4c7d9b9be193c3c944bb?s=96&d=mm&r=g","contentUrl":"https:\/\/secure.gravatar.com\/avatar\/9137aac6891e2595c9d3036fd83bcb653b4db3c946db4c7d9b9be193c3c944bb?s=96&d=mm&r=g","caption":"administrador"},"url":"https:\/\/mont-roig.cat\/es\/actualitat\/noticies\/author\/administrador\/"}]}},"_links":{"self":[{"href":"https:\/\/mont-roig.cat\/es\/wp-json\/wp\/v2\/posts\/10917","targetHints":{"allow":["GET"]}}],"collection":[{"href":"https:\/\/mont-roig.cat\/es\/wp-json\/wp\/v2\/posts"}],"about":[{"href":"https:\/\/mont-roig.cat\/es\/wp-json\/wp\/v2\/types\/post"}],"author":[{"embeddable":true,"href":"https:\/\/mont-roig.cat\/es\/wp-json\/wp\/v2\/users\/4"}],"replies":[{"embeddable":true,"href":"https:\/\/mont-roig.cat\/es\/wp-json\/wp\/v2\/comments?post=10917"}],"version-history":[{"count":0,"href":"https:\/\/mont-roig.cat\/es\/wp-json\/wp\/v2\/posts\/10917\/revisions"}],"wp:featuredmedia":[{"embeddable":true,"href":"https:\/\/mont-roig.cat\/es\/wp-json\/wp\/v2\/media\/10915"}],"wp:attachment":[{"href":"https:\/\/mont-roig.cat\/es\/wp-json\/wp\/v2\/media?parent=10917"}],"wp:term":[{"taxonomy":"category","embeddable":true,"href":"https:\/\/mont-roig.cat\/es\/wp-json\/wp\/v2\/categories?post=10917"},{"taxonomy":"post_tag","embeddable":true,"href":"https:\/\/mont-roig.cat\/es\/wp-json\/wp\/v2\/tags?post=10917"}],"curies":[{"name":"wp","href":"https:\/\/api.w.org\/{rel}","templated":true}]}}