{"id":11048,"date":"2016-05-10T14:00:10","date_gmt":"2016-05-10T12:00:10","guid":{"rendered":"http:\/\/mont-roig.cat\/es\/?p=11048"},"modified":"2016-05-10T14:00:10","modified_gmt":"2016-05-10T12:00:10","slug":"mont-roig-del-camp-escogera-sabado-la-nueva-pubilla","status":"publish","type":"post","link":"https:\/\/mont-roig.cat\/es\/actualitat\/noticies\/mont-roig-del-camp-escogera-sabado-la-nueva-pubilla\/","title":{"rendered":"Mont-roig del Camp escoger\u00e1 el s\u00e1bado la nueva &#8220;pubilla&#8221;"},"content":{"rendered":"<div id=\"attachment_11002\" style=\"width: 210px\" class=\"wp-caption alignright\"><a href=\"http:\/\/mont-roig.cat\/wp-content\/uploads\/Elecci\u00f3-de-la-Pubilla-2016.jpg\" rel=\"attachment wp-att-11002\"><img loading=\"lazy\" decoding=\"async\" aria-describedby=\"caption-attachment-11002\" class=\"wp-image-11002\" src=\"http:\/\/mont-roig.cat\/wp-content\/uploads\/Elecci\u00f3-de-la-Pubilla-2016-354x500.jpg\" alt=\"Elecci\u00f3 de la Pubilla 2016\" width=\"200\" height=\"282\" srcset=\"https:\/\/mont-roig.cat\/wp-content\/uploads\/Elecci\u00f3-de-la-Pubilla-2016-354x500.jpg 354w, https:\/\/mont-roig.cat\/wp-content\/uploads\/Elecci\u00f3-de-la-Pubilla-2016-768x1086.jpg 768w, https:\/\/mont-roig.cat\/wp-content\/uploads\/Elecci\u00f3-de-la-Pubilla-2016-724x1024.jpg 724w, https:\/\/mont-roig.cat\/wp-content\/uploads\/Elecci\u00f3-de-la-Pubilla-2016.jpg 1588w\" sizes=\"auto, (max-width: 200px) 100vw, 200px\" \/><\/a><p id=\"caption-attachment-11002\" class=\"wp-caption-text\">Actes Elecci\u00f3 de la Pubilla 2016<\/p><\/div>\n<p><strong>Unas quince chicas, en representaci\u00f3n de diversas entidades del municipio y del Instituto, optan al t\u00edtulo<\/strong><\/p>\n<p>La elecci\u00f3n de la <em>Pubilla<\/em> de Mont-roig del Camp se celebrar\u00e1 el pr\u00f3ximo s\u00e1bado 14 de mayo en la carpa de la Pista de Verano. Un a\u00f1o m\u00e1s, diversas entidades del municipio, as\u00ed como el Instituto Antoni Ballester, presentar\u00e1n sus candidatas al t\u00edtulo. La <em>pubilla<\/em>, que ser\u00e1 elegida por un jurado formado por un miembro de cada asociaci\u00f3n participante, representar\u00e1 al municipio de Mont-roig del Camp y podr\u00e1 participar en la proclamaci\u00f3n de la <em>pubilla<\/em> de Catalu\u00f1a. Durante el acto tambi\u00e9n se dar\u00e1n a conocer los dos<em> hereus<\/em>\u00a0escogidos por el Instituto y por la Escuela <em>Mare de D\u00e9u\u00a0de la Roca<\/em>, as\u00ed como la <em>pubilla<\/em> infantil.<\/p>\n<p>El acto de nombramiento empezar\u00e1\u00a0a las diez y media de la noche en la carpa de la Pista de Verano. A continuaci\u00f3n habr\u00e1 baile con la orquesta Swing Latino y discoteca m\u00f3vil a cargo de los Kintus\/as &#8217;16.<\/p>\n<p>Las actividades continuar\u00e1n el domingo a las 12.30h, en la Casa de Cultura Agust\u00ed Sard\u00e0 con la recepci\u00f3n institucional a todas las <em>pubillas<\/em> y <em>hereus<\/em>\u00a0participantes. A continuaci\u00f3n se iniciar\u00e1 un recorrido con\u00a0las autoridades locales y grupos festivos. A la una del mediod\u00eda est\u00e1 prevista el inicio de la Misa Mayor, en honor a San Isidro, en la iglesia<em> Sant Miquel Arc\u00e0ngel.<\/em><\/p>\n<p>Seguidamente y coincidiendo con los actos del d\u00e9cimo\u00a0aniversario del<em> Centre d&#8217;Estudis Mont-rogencs<\/em> se presentar\u00e1 el Auca hist\u00f3rica de Mont-roig del Camp. Para celebrar la efem\u00e9ride la entidad ha organizado una fiesta cultural y popular que contar\u00e1 con la actuaci\u00f3n del trovador vallense Jordi Jubany y los grupos culturales\u00a0del municipio, entre otros.<\/p>\n<p>Ya por la tarde, a partir de las 6, habr\u00e1 un Festival de Patinaje Art\u00edstico para recaudar fondos para la Liga Contra el C\u00e1ncer. El acto est\u00e1 organizado por la Uni\u00f3 de\u00a0Dones\u00a0con la colaboraci\u00f3n de la Agrupaci\u00f3 de Patinatge\u00a0de Mont-roig.<\/p>\n<p>La elecci\u00f3n de la <em>pubilla<\/em> es una de las tradiciones m\u00e1s antiguas del municipio, iniciada en los a\u00f1os sesenta y que tiene su origen en la fiesta del campesinado. De ah\u00ed que su celebraci\u00f3n coincida cada a\u00f1o con la festividad de San Isidro, patr\u00f3n de los agricultores. Cada a\u00f1o cuenta con la participaci\u00f3n de numerosas entidades que presentan sus candidatas a pubillas\u00a0y que se implican de una forma muy especial con esta celebraci\u00f3n.<\/p>\n","protected":false},"excerpt":{"rendered":"<p>Unas quince chicas, en representaci\u00f3n de diversas entidades del municipio y del Instituto, optan al t\u00edtulo La elecci\u00f3n de la Pubilla de Mont-roig del Camp se celebrar\u00e1 el pr\u00f3ximo s\u00e1bado 14 de mayo en la carpa de la Pista de Verano. Un a\u00f1o m\u00e1s, diversas entidades del municipio, as\u00ed como el Instituto Antoni Ballester, presentar\u00e1n [&hellip;]<\/p>\n","protected":false},"author":4,"featured_media":11002,"comment_status":"closed","ping_status":"closed","sticky":false,"template":"","format":"standard","meta":{"inline_featured_image":false,"_monsterinsights_skip_tracking":false,"_monsterinsights_sitenote_active":false,"_monsterinsights_sitenote_note":"","_monsterinsights_sitenote_category":0,"footnotes":""},"categories":[105],"tags":[],"class_list":["post-11048","post","type-post","status-publish","format-standard","has-post-thumbnail","hentry","category-fiestas"],"yoast_head":"<!-- This site is optimized with the Yoast SEO plugin v27.4 - https:\/\/yoast.com\/product\/yoast-seo-wordpress\/ -->\n<title>Mont-roig del Camp escoger\u00e1 el s\u00e1bado la nueva &quot;pubilla&quot; - Ajuntament de Mont-roig del Camp<\/title>\n<meta name=\"robots\" content=\"index, follow, max-snippet:-1, max-image-preview:large, max-video-preview:-1\" \/>\n<link rel=\"canonical\" href=\"https:\/\/mont-roig.cat\/es\/actualitat\/noticies\/mont-roig-del-camp-escogera-sabado-la-nueva-pubilla\/\" \/>\n<meta property=\"og:locale\" content=\"es_ES\" \/>\n<meta property=\"og:type\" content=\"article\" \/>\n<meta property=\"og:title\" content=\"Mont-roig del Camp escoger\u00e1 el s\u00e1bado la nueva &quot;pubilla&quot; - Ajuntament de Mont-roig del Camp\" \/>\n<meta property=\"og:description\" content=\"Unas quince chicas, en representaci\u00f3n de diversas entidades del municipio y del Instituto, optan al t\u00edtulo La elecci\u00f3n de la Pubilla de Mont-roig del Camp se celebrar\u00e1 el pr\u00f3ximo s\u00e1bado 14 de mayo en la carpa de la Pista de Verano. Un a\u00f1o m\u00e1s, diversas entidades del municipio, as\u00ed como el Instituto Antoni Ballester, presentar\u00e1n [&hellip;]\" \/>\n<meta property=\"og:url\" content=\"https:\/\/mont-roig.cat\/es\/actualitat\/noticies\/mont-roig-del-camp-escogera-sabado-la-nueva-pubilla\/\" \/>\n<meta property=\"og:site_name\" content=\"Ajuntament de Mont-roig del Camp\" \/>\n<meta property=\"article:published_time\" content=\"2016-05-10T12:00:10+00:00\" \/>\n<meta property=\"og:image\" content=\"https:\/\/mont-roig.cat\/wp-content\/uploads\/Elecci\u00f3-de-la-Pubilla-2016.jpg\" \/>\n\t<meta property=\"og:image:width\" content=\"1588\" \/>\n\t<meta property=\"og:image:height\" content=\"2246\" \/>\n\t<meta property=\"og:image:type\" content=\"image\/jpeg\" \/>\n<meta name=\"author\" content=\"administrador\" \/>\n<meta name=\"twitter:card\" content=\"summary_large_image\" \/>\n<meta name=\"twitter:label1\" content=\"Escrito por\" \/>\n\t<meta name=\"twitter:data1\" content=\"administrador\" \/>\n\t<meta name=\"twitter:label2\" content=\"Tiempo de lectura\" \/>\n\t<meta name=\"twitter:data2\" content=\"2 minutos\" \/>\n<script type=\"application\/ld+json\" class=\"yoast-schema-graph\">{\"@context\":\"https:\\\/\\\/schema.org\",\"@graph\":[{\"@type\":\"Article\",\"@id\":\"https:\\\/\\\/mont-roig.cat\\\/es\\\/actualitat\\\/noticies\\\/mont-roig-del-camp-escogera-sabado-la-nueva-pubilla\\\/#article\",\"isPartOf\":{\"@id\":\"https:\\\/\\\/mont-roig.cat\\\/es\\\/actualitat\\\/noticies\\\/mont-roig-del-camp-escogera-sabado-la-nueva-pubilla\\\/\"},\"author\":{\"name\":\"administrador\",\"@id\":\"https:\\\/\\\/mont-roig.cat\\\/es\\\/#\\\/schema\\\/person\\\/f2b111789f22b7d0c3bd6786c9128cba\"},\"headline\":\"Mont-roig del Camp escoger\u00e1 el s\u00e1bado la nueva &#8220;pubilla&#8221;\",\"datePublished\":\"2016-05-10T12:00:10+00:00\",\"mainEntityOfPage\":{\"@id\":\"https:\\\/\\\/mont-roig.cat\\\/es\\\/actualitat\\\/noticies\\\/mont-roig-del-camp-escogera-sabado-la-nueva-pubilla\\\/\"},\"wordCount\":454,\"image\":{\"@id\":\"https:\\\/\\\/mont-roig.cat\\\/es\\\/actualitat\\\/noticies\\\/mont-roig-del-camp-escogera-sabado-la-nueva-pubilla\\\/#primaryimage\"},\"thumbnailUrl\":\"https:\\\/\\\/mont-roig.cat\\\/wp-content\\\/uploads\\\/Elecci\u00f3-de-la-Pubilla-2016.jpg\",\"articleSection\":[\"Festes\"],\"inLanguage\":\"es\"},{\"@type\":\"WebPage\",\"@id\":\"https:\\\/\\\/mont-roig.cat\\\/es\\\/actualitat\\\/noticies\\\/mont-roig-del-camp-escogera-sabado-la-nueva-pubilla\\\/\",\"url\":\"https:\\\/\\\/mont-roig.cat\\\/es\\\/actualitat\\\/noticies\\\/mont-roig-del-camp-escogera-sabado-la-nueva-pubilla\\\/\",\"name\":\"Mont-roig del Camp escoger\u00e1 el s\u00e1bado la nueva \\\"pubilla\\\" - Ajuntament de Mont-roig del Camp\",\"isPartOf\":{\"@id\":\"https:\\\/\\\/mont-roig.cat\\\/es\\\/#website\"},\"primaryImageOfPage\":{\"@id\":\"https:\\\/\\\/mont-roig.cat\\\/es\\\/actualitat\\\/noticies\\\/mont-roig-del-camp-escogera-sabado-la-nueva-pubilla\\\/#primaryimage\"},\"image\":{\"@id\":\"https:\\\/\\\/mont-roig.cat\\\/es\\\/actualitat\\\/noticies\\\/mont-roig-del-camp-escogera-sabado-la-nueva-pubilla\\\/#primaryimage\"},\"thumbnailUrl\":\"https:\\\/\\\/mont-roig.cat\\\/wp-content\\\/uploads\\\/Elecci\u00f3-de-la-Pubilla-2016.jpg\",\"datePublished\":\"2016-05-10T12:00:10+00:00\",\"author\":{\"@id\":\"https:\\\/\\\/mont-roig.cat\\\/es\\\/#\\\/schema\\\/person\\\/f2b111789f22b7d0c3bd6786c9128cba\"},\"breadcrumb\":{\"@id\":\"https:\\\/\\\/mont-roig.cat\\\/es\\\/actualitat\\\/noticies\\\/mont-roig-del-camp-escogera-sabado-la-nueva-pubilla\\\/#breadcrumb\"},\"inLanguage\":\"es\",\"potentialAction\":[{\"@type\":\"ReadAction\",\"target\":[\"https:\\\/\\\/mont-roig.cat\\\/es\\\/actualitat\\\/noticies\\\/mont-roig-del-camp-escogera-sabado-la-nueva-pubilla\\\/\"]}]},{\"@type\":\"ImageObject\",\"inLanguage\":\"es\",\"@id\":\"https:\\\/\\\/mont-roig.cat\\\/es\\\/actualitat\\\/noticies\\\/mont-roig-del-camp-escogera-sabado-la-nueva-pubilla\\\/#primaryimage\",\"url\":\"https:\\\/\\\/mont-roig.cat\\\/wp-content\\\/uploads\\\/Elecci\u00f3-de-la-Pubilla-2016.jpg\",\"contentUrl\":\"https:\\\/\\\/mont-roig.cat\\\/wp-content\\\/uploads\\\/Elecci\u00f3-de-la-Pubilla-2016.jpg\",\"width\":1588,\"height\":2246},{\"@type\":\"BreadcrumbList\",\"@id\":\"https:\\\/\\\/mont-roig.cat\\\/es\\\/actualitat\\\/noticies\\\/mont-roig-del-camp-escogera-sabado-la-nueva-pubilla\\\/#breadcrumb\",\"itemListElement\":[{\"@type\":\"ListItem\",\"position\":1,\"name\":\"Inici\",\"item\":\"https:\\\/\\\/mont-roig.cat\\\/es\\\/pagina-de-inicio\\\/\"},{\"@type\":\"ListItem\",\"position\":2,\"name\":\"Mont-roig del Camp escoger\u00e1 el s\u00e1bado la nueva &#8220;pubilla&#8221;\"}]},{\"@type\":\"WebSite\",\"@id\":\"https:\\\/\\\/mont-roig.cat\\\/es\\\/#website\",\"url\":\"https:\\\/\\\/mont-roig.cat\\\/es\\\/\",\"name\":\"Ajuntament de Mont-roig del Camp\",\"description\":\"Tota la informaci\u00f3 sobre la instituci\u00f3, els seus \u00f2rgans de govern, actualitat, serveis i molt m\u00e9s.\",\"potentialAction\":[{\"@type\":\"SearchAction\",\"target\":{\"@type\":\"EntryPoint\",\"urlTemplate\":\"https:\\\/\\\/mont-roig.cat\\\/es\\\/?s={search_term_string}\"},\"query-input\":{\"@type\":\"PropertyValueSpecification\",\"valueRequired\":true,\"valueName\":\"search_term_string\"}}],\"inLanguage\":\"es\"},{\"@type\":\"Person\",\"@id\":\"https:\\\/\\\/mont-roig.cat\\\/es\\\/#\\\/schema\\\/person\\\/f2b111789f22b7d0c3bd6786c9128cba\",\"name\":\"administrador\",\"image\":{\"@type\":\"ImageObject\",\"inLanguage\":\"es\",\"@id\":\"https:\\\/\\\/secure.gravatar.com\\\/avatar\\\/9137aac6891e2595c9d3036fd83bcb653b4db3c946db4c7d9b9be193c3c944bb?s=96&d=mm&r=g\",\"url\":\"https:\\\/\\\/secure.gravatar.com\\\/avatar\\\/9137aac6891e2595c9d3036fd83bcb653b4db3c946db4c7d9b9be193c3c944bb?s=96&d=mm&r=g\",\"contentUrl\":\"https:\\\/\\\/secure.gravatar.com\\\/avatar\\\/9137aac6891e2595c9d3036fd83bcb653b4db3c946db4c7d9b9be193c3c944bb?s=96&d=mm&r=g\",\"caption\":\"administrador\"},\"url\":\"https:\\\/\\\/mont-roig.cat\\\/es\\\/actualitat\\\/noticies\\\/author\\\/administrador\\\/\"}]}<\/script>\n<!-- \/ Yoast SEO plugin. -->","yoast_head_json":{"title":"Mont-roig del Camp escoger\u00e1 el s\u00e1bado la nueva \"pubilla\" - Ajuntament de Mont-roig del Camp","robots":{"index":"index","follow":"follow","max-snippet":"max-snippet:-1","max-image-preview":"max-image-preview:large","max-video-preview":"max-video-preview:-1"},"canonical":"https:\/\/mont-roig.cat\/es\/actualitat\/noticies\/mont-roig-del-camp-escogera-sabado-la-nueva-pubilla\/","og_locale":"es_ES","og_type":"article","og_title":"Mont-roig del Camp escoger\u00e1 el s\u00e1bado la nueva \"pubilla\" - Ajuntament de Mont-roig del Camp","og_description":"Unas quince chicas, en representaci\u00f3n de diversas entidades del municipio y del Instituto, optan al t\u00edtulo La elecci\u00f3n de la Pubilla de Mont-roig del Camp se celebrar\u00e1 el pr\u00f3ximo s\u00e1bado 14 de mayo en la carpa de la Pista de Verano. Un a\u00f1o m\u00e1s, diversas entidades del municipio, as\u00ed como el Instituto Antoni Ballester, presentar\u00e1n [&hellip;]","og_url":"https:\/\/mont-roig.cat\/es\/actualitat\/noticies\/mont-roig-del-camp-escogera-sabado-la-nueva-pubilla\/","og_site_name":"Ajuntament de Mont-roig del Camp","article_published_time":"2016-05-10T12:00:10+00:00","og_image":[{"width":1588,"height":2246,"url":"https:\/\/mont-roig.cat\/wp-content\/uploads\/Elecci\u00f3-de-la-Pubilla-2016.jpg","type":"image\/jpeg"}],"author":"administrador","twitter_card":"summary_large_image","twitter_misc":{"Escrito por":"administrador","Tiempo de lectura":"2 minutos"},"schema":{"@context":"https:\/\/schema.org","@graph":[{"@type":"Article","@id":"https:\/\/mont-roig.cat\/es\/actualitat\/noticies\/mont-roig-del-camp-escogera-sabado-la-nueva-pubilla\/#article","isPartOf":{"@id":"https:\/\/mont-roig.cat\/es\/actualitat\/noticies\/mont-roig-del-camp-escogera-sabado-la-nueva-pubilla\/"},"author":{"name":"administrador","@id":"https:\/\/mont-roig.cat\/es\/#\/schema\/person\/f2b111789f22b7d0c3bd6786c9128cba"},"headline":"Mont-roig del Camp escoger\u00e1 el s\u00e1bado la nueva &#8220;pubilla&#8221;","datePublished":"2016-05-10T12:00:10+00:00","mainEntityOfPage":{"@id":"https:\/\/mont-roig.cat\/es\/actualitat\/noticies\/mont-roig-del-camp-escogera-sabado-la-nueva-pubilla\/"},"wordCount":454,"image":{"@id":"https:\/\/mont-roig.cat\/es\/actualitat\/noticies\/mont-roig-del-camp-escogera-sabado-la-nueva-pubilla\/#primaryimage"},"thumbnailUrl":"https:\/\/mont-roig.cat\/wp-content\/uploads\/Elecci\u00f3-de-la-Pubilla-2016.jpg","articleSection":["Festes"],"inLanguage":"es"},{"@type":"WebPage","@id":"https:\/\/mont-roig.cat\/es\/actualitat\/noticies\/mont-roig-del-camp-escogera-sabado-la-nueva-pubilla\/","url":"https:\/\/mont-roig.cat\/es\/actualitat\/noticies\/mont-roig-del-camp-escogera-sabado-la-nueva-pubilla\/","name":"Mont-roig del Camp escoger\u00e1 el s\u00e1bado la nueva \"pubilla\" - Ajuntament de Mont-roig del Camp","isPartOf":{"@id":"https:\/\/mont-roig.cat\/es\/#website"},"primaryImageOfPage":{"@id":"https:\/\/mont-roig.cat\/es\/actualitat\/noticies\/mont-roig-del-camp-escogera-sabado-la-nueva-pubilla\/#primaryimage"},"image":{"@id":"https:\/\/mont-roig.cat\/es\/actualitat\/noticies\/mont-roig-del-camp-escogera-sabado-la-nueva-pubilla\/#primaryimage"},"thumbnailUrl":"https:\/\/mont-roig.cat\/wp-content\/uploads\/Elecci\u00f3-de-la-Pubilla-2016.jpg","datePublished":"2016-05-10T12:00:10+00:00","author":{"@id":"https:\/\/mont-roig.cat\/es\/#\/schema\/person\/f2b111789f22b7d0c3bd6786c9128cba"},"breadcrumb":{"@id":"https:\/\/mont-roig.cat\/es\/actualitat\/noticies\/mont-roig-del-camp-escogera-sabado-la-nueva-pubilla\/#breadcrumb"},"inLanguage":"es","potentialAction":[{"@type":"ReadAction","target":["https:\/\/mont-roig.cat\/es\/actualitat\/noticies\/mont-roig-del-camp-escogera-sabado-la-nueva-pubilla\/"]}]},{"@type":"ImageObject","inLanguage":"es","@id":"https:\/\/mont-roig.cat\/es\/actualitat\/noticies\/mont-roig-del-camp-escogera-sabado-la-nueva-pubilla\/#primaryimage","url":"https:\/\/mont-roig.cat\/wp-content\/uploads\/Elecci\u00f3-de-la-Pubilla-2016.jpg","contentUrl":"https:\/\/mont-roig.cat\/wp-content\/uploads\/Elecci\u00f3-de-la-Pubilla-2016.jpg","width":1588,"height":2246},{"@type":"BreadcrumbList","@id":"https:\/\/mont-roig.cat\/es\/actualitat\/noticies\/mont-roig-del-camp-escogera-sabado-la-nueva-pubilla\/#breadcrumb","itemListElement":[{"@type":"ListItem","position":1,"name":"Inici","item":"https:\/\/mont-roig.cat\/es\/pagina-de-inicio\/"},{"@type":"ListItem","position":2,"name":"Mont-roig del Camp escoger\u00e1 el s\u00e1bado la nueva &#8220;pubilla&#8221;"}]},{"@type":"WebSite","@id":"https:\/\/mont-roig.cat\/es\/#website","url":"https:\/\/mont-roig.cat\/es\/","name":"Ajuntament de Mont-roig del Camp","description":"Tota la informaci\u00f3 sobre la instituci\u00f3, els seus \u00f2rgans de govern, actualitat, serveis i molt m\u00e9s.","potentialAction":[{"@type":"SearchAction","target":{"@type":"EntryPoint","urlTemplate":"https:\/\/mont-roig.cat\/es\/?s={search_term_string}"},"query-input":{"@type":"PropertyValueSpecification","valueRequired":true,"valueName":"search_term_string"}}],"inLanguage":"es"},{"@type":"Person","@id":"https:\/\/mont-roig.cat\/es\/#\/schema\/person\/f2b111789f22b7d0c3bd6786c9128cba","name":"administrador","image":{"@type":"ImageObject","inLanguage":"es","@id":"https:\/\/secure.gravatar.com\/avatar\/9137aac6891e2595c9d3036fd83bcb653b4db3c946db4c7d9b9be193c3c944bb?s=96&d=mm&r=g","url":"https:\/\/secure.gravatar.com\/avatar\/9137aac6891e2595c9d3036fd83bcb653b4db3c946db4c7d9b9be193c3c944bb?s=96&d=mm&r=g","contentUrl":"https:\/\/secure.gravatar.com\/avatar\/9137aac6891e2595c9d3036fd83bcb653b4db3c946db4c7d9b9be193c3c944bb?s=96&d=mm&r=g","caption":"administrador"},"url":"https:\/\/mont-roig.cat\/es\/actualitat\/noticies\/author\/administrador\/"}]}},"_links":{"self":[{"href":"https:\/\/mont-roig.cat\/es\/wp-json\/wp\/v2\/posts\/11048","targetHints":{"allow":["GET"]}}],"collection":[{"href":"https:\/\/mont-roig.cat\/es\/wp-json\/wp\/v2\/posts"}],"about":[{"href":"https:\/\/mont-roig.cat\/es\/wp-json\/wp\/v2\/types\/post"}],"author":[{"embeddable":true,"href":"https:\/\/mont-roig.cat\/es\/wp-json\/wp\/v2\/users\/4"}],"replies":[{"embeddable":true,"href":"https:\/\/mont-roig.cat\/es\/wp-json\/wp\/v2\/comments?post=11048"}],"version-history":[{"count":0,"href":"https:\/\/mont-roig.cat\/es\/wp-json\/wp\/v2\/posts\/11048\/revisions"}],"wp:featuredmedia":[{"embeddable":true,"href":"https:\/\/mont-roig.cat\/es\/wp-json\/wp\/v2\/media\/11002"}],"wp:attachment":[{"href":"https:\/\/mont-roig.cat\/es\/wp-json\/wp\/v2\/media?parent=11048"}],"wp:term":[{"taxonomy":"category","embeddable":true,"href":"https:\/\/mont-roig.cat\/es\/wp-json\/wp\/v2\/categories?post=11048"},{"taxonomy":"post_tag","embeddable":true,"href":"https:\/\/mont-roig.cat\/es\/wp-json\/wp\/v2\/tags?post=11048"}],"curies":[{"name":"wp","href":"https:\/\/api.w.org\/{rel}","templated":true}]}}