{"id":11079,"date":"2016-05-11T15:52:52","date_gmt":"2016-05-11T13:52:52","guid":{"rendered":"http:\/\/mont-roig.cat\/es\/?p=11079"},"modified":"2016-05-11T15:52:52","modified_gmt":"2016-05-11T13:52:52","slug":"pleno-del-ayuntamiento-aprueba-unanimidad-solicitar-la-apertura-del-cap-miami-platja-las-24-horas","status":"publish","type":"post","link":"https:\/\/mont-roig.cat\/es\/actualitat\/noticies\/pleno-del-ayuntamiento-aprueba-unanimidad-solicitar-la-apertura-del-cap-miami-platja-las-24-horas\/","title":{"rendered":"El Pleno del Ayuntamiento aprueba por unanimidad solicitar la apertura del CAP de Miami Platja las 24 horas"},"content":{"rendered":"<div id=\"attachment_11076\" style=\"width: 310px\" class=\"wp-caption alignright\"><a href=\"http:\/\/mont-roig.cat\/wp-content\/uploads\/CAP-Miami-Platja.jpg\" rel=\"attachment wp-att-11076\"><img loading=\"lazy\" decoding=\"async\" aria-describedby=\"caption-attachment-11076\" class=\"wp-image-11076\" src=\"http:\/\/mont-roig.cat\/wp-content\/uploads\/CAP-Miami-Platja-500x333.jpg\" alt=\"CAP Miami Platja\" width=\"300\" height=\"200\" srcset=\"https:\/\/mont-roig.cat\/wp-content\/uploads\/CAP-Miami-Platja-500x333.jpg 500w, https:\/\/mont-roig.cat\/wp-content\/uploads\/CAP-Miami-Platja-768x512.jpg 768w, https:\/\/mont-roig.cat\/wp-content\/uploads\/CAP-Miami-Platja-1024x683.jpg 1024w\" sizes=\"auto, (max-width: 300px) 100vw, 300px\" \/><\/a><p id=\"caption-attachment-11076\" class=\"wp-caption-text\">CAP Miami Platja<\/p><\/div>\n<p>Todos los grupos municipales representados en el Pleno del Ayuntamiento de Mont-roig del Camp han dado apoyo un\u00e1nime a solicitar formalmente al Departamento de Salud de la Generalidad de Catalu\u00f1a la apertura continuada del servicio de atenci\u00f3n 24 horas en el CAP de Miami Platja.<\/p>\n<p>El Ayuntamiento ha mostrado, con este acuerdo plenario de este mi\u00e9rcoles al mediod\u00eda, su apoyo a la Plataforma CAP 24 horas Miami Platja, por su labor incansable y desinteresada para mejorar los servicios de salud del municipio.<\/p>\n<p>Todos los grupos municipales se han alineado con\u00a0esta Plataforma y con los ciudadanos en esta reivindicaci\u00f3n justa y necesaria para que la poblaci\u00f3n tenga una atenci\u00f3n sanitaria urgente de proximidad. Hay que recordar que la Plataforma ha organizado en los \u00faltimos a\u00f1os varias protestas y ha recogido m\u00e1s de 3.500 firmas de apoyo. Unas movilizaciones que hasta ahora no han tenido efectos sobre la postura del Departamento de Salud, quien consider\u00f3, hasta ahora, que no era necesario tener permanentemente un CAP con atenci\u00f3n primaria y urgente las 24 horas del d\u00eda.<\/p>\n<p>Actualmente el CAP de Miami Platja s\u00f3lo extiende su atenci\u00f3n primaria y urgente en 24 horas durante los meses de julio y agosto. Esta ampliaci\u00f3n no tiene en cuenta el hecho de que la temporada tur\u00edstica en Miami Platja\u00a0y el municipio se alarga desde el mes de marzo y hasta noviembre, meses durante los cuales se incrementa notablemente el n\u00famero de usuarios potenciales que no cuentan con un centro de salud cercano en caso de urgencia m\u00e9dica.<\/p>\n<p>El CAP de Miami Platja atiende a una poblaci\u00f3n censada de cerca de 8.000 habitantes en su horario ordinario, cuando los centros de salud de Mont-roig y de otras poblaciones vecinas se encuentran abiertos. Estos 8.000 habitantes incrementar\u00edan potencialmente, entre las 21 y las 8 horas, hasta los 20.000 habitantes que se encuentran censados \u200b\u200ben el propio municipio y otras poblaciones vecinas, algunas de las cuales se ubican en m\u00e1s de 20 kil\u00f3metros del Hospital Ligero de Cambrils ya 35 del Hospital Sant Joan de Reus.<\/p>\n<p>Adem\u00e1s, la singularidad del municipio hace que deba tenerse en cuenta, necesariamente, el gran n\u00famero de segundas residencias que hay en el t\u00e9rmino, m\u00e1s de 10.000 contabilizadas. Esto hace que la poblaci\u00f3n habitual, especialmente entre los viernes y el lunes, se incremente en miles de personas que se suman a las 20.000 ya censadas en la zona.<\/p>\n<p>Desde el municipio se reconoce que las instalaciones del CAP de Miami Platja son las m\u00e1s nuevas y mejores dotadas del litoral sur de la Costa Dorada y de la parte oriental de la comarca del Baix Camp, se encuentran en el n\u00facleo m\u00e1s poblado de esta zona y se ubican en un punto central en referencia a las poblaciones a las que potencialmente puede dar servicio.<\/p>\n<p>Todo ello sin olvidar que el municipio se encuentra en la zona 1 del Plan de Emergencia Nuclear, lo que incrementa la necesidad de tener un centro de salud de referencia cercano.<\/p>\n","protected":false},"excerpt":{"rendered":"<p>Todos los grupos municipales representados en el Pleno del Ayuntamiento de Mont-roig del Camp han dado apoyo un\u00e1nime a solicitar formalmente al Departamento de Salud de la Generalidad de Catalu\u00f1a la apertura continuada del servicio de atenci\u00f3n 24 horas en el CAP de Miami Platja. El Ayuntamiento ha mostrado, con este acuerdo plenario de este [&hellip;]<\/p>\n","protected":false},"author":4,"featured_media":11076,"comment_status":"closed","ping_status":"closed","sticky":false,"template":"","format":"standard","meta":{"inline_featured_image":false,"_monsterinsights_skip_tracking":false,"_monsterinsights_sitenote_active":false,"_monsterinsights_sitenote_note":"","_monsterinsights_sitenote_category":0,"footnotes":""},"categories":[112],"tags":[],"class_list":["post-11079","post","type-post","status-publish","format-standard","has-post-thumbnail","hentry","category-sanidad-y-salud-publica"],"yoast_head":"<!-- This site is optimized with the Yoast SEO plugin v27.4 - https:\/\/yoast.com\/product\/yoast-seo-wordpress\/ -->\n<title>El Pleno del Ayuntamiento aprueba por unanimidad solicitar la apertura del CAP de Miami Platja las 24 horas - Ajuntament de Mont-roig del Camp<\/title>\n<meta name=\"robots\" content=\"index, follow, max-snippet:-1, max-image-preview:large, max-video-preview:-1\" \/>\n<link rel=\"canonical\" href=\"https:\/\/mont-roig.cat\/es\/actualitat\/noticies\/pleno-del-ayuntamiento-aprueba-unanimidad-solicitar-la-apertura-del-cap-miami-platja-las-24-horas\/\" \/>\n<meta property=\"og:locale\" content=\"es_ES\" \/>\n<meta property=\"og:type\" content=\"article\" \/>\n<meta property=\"og:title\" content=\"El Pleno del Ayuntamiento aprueba por unanimidad solicitar la apertura del CAP de Miami Platja las 24 horas - Ajuntament de Mont-roig del Camp\" \/>\n<meta property=\"og:description\" content=\"Todos los grupos municipales representados en el Pleno del Ayuntamiento de Mont-roig del Camp han dado apoyo un\u00e1nime a solicitar formalmente al Departamento de Salud de la Generalidad de Catalu\u00f1a la apertura continuada del servicio de atenci\u00f3n 24 horas en el CAP de Miami Platja. El Ayuntamiento ha mostrado, con este acuerdo plenario de este [&hellip;]\" \/>\n<meta property=\"og:url\" content=\"https:\/\/mont-roig.cat\/es\/actualitat\/noticies\/pleno-del-ayuntamiento-aprueba-unanimidad-solicitar-la-apertura-del-cap-miami-platja-las-24-horas\/\" \/>\n<meta property=\"og:site_name\" content=\"Ajuntament de Mont-roig del Camp\" \/>\n<meta property=\"article:published_time\" content=\"2016-05-11T13:52:52+00:00\" \/>\n<meta property=\"og:image\" content=\"https:\/\/mont-roig.cat\/wp-content\/uploads\/CAP-Miami-Platja.jpg\" \/>\n\t<meta property=\"og:image:width\" content=\"3072\" \/>\n\t<meta property=\"og:image:height\" content=\"2048\" \/>\n\t<meta property=\"og:image:type\" content=\"image\/jpeg\" \/>\n<meta name=\"author\" content=\"administrador\" \/>\n<meta name=\"twitter:card\" content=\"summary_large_image\" \/>\n<meta name=\"twitter:label1\" content=\"Escrito por\" \/>\n\t<meta name=\"twitter:data1\" content=\"administrador\" \/>\n\t<meta name=\"twitter:label2\" content=\"Tiempo de lectura\" \/>\n\t<meta name=\"twitter:data2\" content=\"3 minutos\" \/>\n<script type=\"application\/ld+json\" class=\"yoast-schema-graph\">{\"@context\":\"https:\\\/\\\/schema.org\",\"@graph\":[{\"@type\":\"Article\",\"@id\":\"https:\\\/\\\/mont-roig.cat\\\/es\\\/actualitat\\\/noticies\\\/pleno-del-ayuntamiento-aprueba-unanimidad-solicitar-la-apertura-del-cap-miami-platja-las-24-horas\\\/#article\",\"isPartOf\":{\"@id\":\"https:\\\/\\\/mont-roig.cat\\\/es\\\/actualitat\\\/noticies\\\/pleno-del-ayuntamiento-aprueba-unanimidad-solicitar-la-apertura-del-cap-miami-platja-las-24-horas\\\/\"},\"author\":{\"name\":\"administrador\",\"@id\":\"https:\\\/\\\/mont-roig.cat\\\/es\\\/#\\\/schema\\\/person\\\/f2b111789f22b7d0c3bd6786c9128cba\"},\"headline\":\"El Pleno del Ayuntamiento aprueba por unanimidad solicitar la apertura del CAP de Miami Platja las 24 horas\",\"datePublished\":\"2016-05-11T13:52:52+00:00\",\"mainEntityOfPage\":{\"@id\":\"https:\\\/\\\/mont-roig.cat\\\/es\\\/actualitat\\\/noticies\\\/pleno-del-ayuntamiento-aprueba-unanimidad-solicitar-la-apertura-del-cap-miami-platja-las-24-horas\\\/\"},\"wordCount\":538,\"image\":{\"@id\":\"https:\\\/\\\/mont-roig.cat\\\/es\\\/actualitat\\\/noticies\\\/pleno-del-ayuntamiento-aprueba-unanimidad-solicitar-la-apertura-del-cap-miami-platja-las-24-horas\\\/#primaryimage\"},\"thumbnailUrl\":\"https:\\\/\\\/mont-roig.cat\\\/wp-content\\\/uploads\\\/CAP-Miami-Platja.jpg\",\"articleSection\":[\"Sanidad y Salud p\u00fablica\"],\"inLanguage\":\"es\"},{\"@type\":\"WebPage\",\"@id\":\"https:\\\/\\\/mont-roig.cat\\\/es\\\/actualitat\\\/noticies\\\/pleno-del-ayuntamiento-aprueba-unanimidad-solicitar-la-apertura-del-cap-miami-platja-las-24-horas\\\/\",\"url\":\"https:\\\/\\\/mont-roig.cat\\\/es\\\/actualitat\\\/noticies\\\/pleno-del-ayuntamiento-aprueba-unanimidad-solicitar-la-apertura-del-cap-miami-platja-las-24-horas\\\/\",\"name\":\"El Pleno del Ayuntamiento aprueba por unanimidad solicitar la apertura del CAP de Miami Platja las 24 horas - Ajuntament de Mont-roig del Camp\",\"isPartOf\":{\"@id\":\"https:\\\/\\\/mont-roig.cat\\\/es\\\/#website\"},\"primaryImageOfPage\":{\"@id\":\"https:\\\/\\\/mont-roig.cat\\\/es\\\/actualitat\\\/noticies\\\/pleno-del-ayuntamiento-aprueba-unanimidad-solicitar-la-apertura-del-cap-miami-platja-las-24-horas\\\/#primaryimage\"},\"image\":{\"@id\":\"https:\\\/\\\/mont-roig.cat\\\/es\\\/actualitat\\\/noticies\\\/pleno-del-ayuntamiento-aprueba-unanimidad-solicitar-la-apertura-del-cap-miami-platja-las-24-horas\\\/#primaryimage\"},\"thumbnailUrl\":\"https:\\\/\\\/mont-roig.cat\\\/wp-content\\\/uploads\\\/CAP-Miami-Platja.jpg\",\"datePublished\":\"2016-05-11T13:52:52+00:00\",\"author\":{\"@id\":\"https:\\\/\\\/mont-roig.cat\\\/es\\\/#\\\/schema\\\/person\\\/f2b111789f22b7d0c3bd6786c9128cba\"},\"breadcrumb\":{\"@id\":\"https:\\\/\\\/mont-roig.cat\\\/es\\\/actualitat\\\/noticies\\\/pleno-del-ayuntamiento-aprueba-unanimidad-solicitar-la-apertura-del-cap-miami-platja-las-24-horas\\\/#breadcrumb\"},\"inLanguage\":\"es\",\"potentialAction\":[{\"@type\":\"ReadAction\",\"target\":[\"https:\\\/\\\/mont-roig.cat\\\/es\\\/actualitat\\\/noticies\\\/pleno-del-ayuntamiento-aprueba-unanimidad-solicitar-la-apertura-del-cap-miami-platja-las-24-horas\\\/\"]}]},{\"@type\":\"ImageObject\",\"inLanguage\":\"es\",\"@id\":\"https:\\\/\\\/mont-roig.cat\\\/es\\\/actualitat\\\/noticies\\\/pleno-del-ayuntamiento-aprueba-unanimidad-solicitar-la-apertura-del-cap-miami-platja-las-24-horas\\\/#primaryimage\",\"url\":\"https:\\\/\\\/mont-roig.cat\\\/wp-content\\\/uploads\\\/CAP-Miami-Platja.jpg\",\"contentUrl\":\"https:\\\/\\\/mont-roig.cat\\\/wp-content\\\/uploads\\\/CAP-Miami-Platja.jpg\",\"width\":3072,\"height\":2048},{\"@type\":\"BreadcrumbList\",\"@id\":\"https:\\\/\\\/mont-roig.cat\\\/es\\\/actualitat\\\/noticies\\\/pleno-del-ayuntamiento-aprueba-unanimidad-solicitar-la-apertura-del-cap-miami-platja-las-24-horas\\\/#breadcrumb\",\"itemListElement\":[{\"@type\":\"ListItem\",\"position\":1,\"name\":\"Inici\",\"item\":\"https:\\\/\\\/mont-roig.cat\\\/es\\\/pagina-de-inicio\\\/\"},{\"@type\":\"ListItem\",\"position\":2,\"name\":\"El Pleno del Ayuntamiento aprueba por unanimidad solicitar la apertura del CAP de Miami Platja las 24 horas\"}]},{\"@type\":\"WebSite\",\"@id\":\"https:\\\/\\\/mont-roig.cat\\\/es\\\/#website\",\"url\":\"https:\\\/\\\/mont-roig.cat\\\/es\\\/\",\"name\":\"Ajuntament de Mont-roig del Camp\",\"description\":\"Tota la informaci\u00f3 sobre la instituci\u00f3, els seus \u00f2rgans de govern, actualitat, serveis i molt m\u00e9s.\",\"potentialAction\":[{\"@type\":\"SearchAction\",\"target\":{\"@type\":\"EntryPoint\",\"urlTemplate\":\"https:\\\/\\\/mont-roig.cat\\\/es\\\/?s={search_term_string}\"},\"query-input\":{\"@type\":\"PropertyValueSpecification\",\"valueRequired\":true,\"valueName\":\"search_term_string\"}}],\"inLanguage\":\"es\"},{\"@type\":\"Person\",\"@id\":\"https:\\\/\\\/mont-roig.cat\\\/es\\\/#\\\/schema\\\/person\\\/f2b111789f22b7d0c3bd6786c9128cba\",\"name\":\"administrador\",\"image\":{\"@type\":\"ImageObject\",\"inLanguage\":\"es\",\"@id\":\"https:\\\/\\\/secure.gravatar.com\\\/avatar\\\/9137aac6891e2595c9d3036fd83bcb653b4db3c946db4c7d9b9be193c3c944bb?s=96&d=mm&r=g\",\"url\":\"https:\\\/\\\/secure.gravatar.com\\\/avatar\\\/9137aac6891e2595c9d3036fd83bcb653b4db3c946db4c7d9b9be193c3c944bb?s=96&d=mm&r=g\",\"contentUrl\":\"https:\\\/\\\/secure.gravatar.com\\\/avatar\\\/9137aac6891e2595c9d3036fd83bcb653b4db3c946db4c7d9b9be193c3c944bb?s=96&d=mm&r=g\",\"caption\":\"administrador\"},\"url\":\"https:\\\/\\\/mont-roig.cat\\\/es\\\/actualitat\\\/noticies\\\/author\\\/administrador\\\/\"}]}<\/script>\n<!-- \/ Yoast SEO plugin. -->","yoast_head_json":{"title":"El Pleno del Ayuntamiento aprueba por unanimidad solicitar la apertura del CAP de Miami Platja las 24 horas - Ajuntament de Mont-roig del Camp","robots":{"index":"index","follow":"follow","max-snippet":"max-snippet:-1","max-image-preview":"max-image-preview:large","max-video-preview":"max-video-preview:-1"},"canonical":"https:\/\/mont-roig.cat\/es\/actualitat\/noticies\/pleno-del-ayuntamiento-aprueba-unanimidad-solicitar-la-apertura-del-cap-miami-platja-las-24-horas\/","og_locale":"es_ES","og_type":"article","og_title":"El Pleno del Ayuntamiento aprueba por unanimidad solicitar la apertura del CAP de Miami Platja las 24 horas - Ajuntament de Mont-roig del Camp","og_description":"Todos los grupos municipales representados en el Pleno del Ayuntamiento de Mont-roig del Camp han dado apoyo un\u00e1nime a solicitar formalmente al Departamento de Salud de la Generalidad de Catalu\u00f1a la apertura continuada del servicio de atenci\u00f3n 24 horas en el CAP de Miami Platja. El Ayuntamiento ha mostrado, con este acuerdo plenario de este [&hellip;]","og_url":"https:\/\/mont-roig.cat\/es\/actualitat\/noticies\/pleno-del-ayuntamiento-aprueba-unanimidad-solicitar-la-apertura-del-cap-miami-platja-las-24-horas\/","og_site_name":"Ajuntament de Mont-roig del Camp","article_published_time":"2016-05-11T13:52:52+00:00","og_image":[{"width":3072,"height":2048,"url":"https:\/\/mont-roig.cat\/wp-content\/uploads\/CAP-Miami-Platja.jpg","type":"image\/jpeg"}],"author":"administrador","twitter_card":"summary_large_image","twitter_misc":{"Escrito por":"administrador","Tiempo de lectura":"3 minutos"},"schema":{"@context":"https:\/\/schema.org","@graph":[{"@type":"Article","@id":"https:\/\/mont-roig.cat\/es\/actualitat\/noticies\/pleno-del-ayuntamiento-aprueba-unanimidad-solicitar-la-apertura-del-cap-miami-platja-las-24-horas\/#article","isPartOf":{"@id":"https:\/\/mont-roig.cat\/es\/actualitat\/noticies\/pleno-del-ayuntamiento-aprueba-unanimidad-solicitar-la-apertura-del-cap-miami-platja-las-24-horas\/"},"author":{"name":"administrador","@id":"https:\/\/mont-roig.cat\/es\/#\/schema\/person\/f2b111789f22b7d0c3bd6786c9128cba"},"headline":"El Pleno del Ayuntamiento aprueba por unanimidad solicitar la apertura del CAP de Miami Platja las 24 horas","datePublished":"2016-05-11T13:52:52+00:00","mainEntityOfPage":{"@id":"https:\/\/mont-roig.cat\/es\/actualitat\/noticies\/pleno-del-ayuntamiento-aprueba-unanimidad-solicitar-la-apertura-del-cap-miami-platja-las-24-horas\/"},"wordCount":538,"image":{"@id":"https:\/\/mont-roig.cat\/es\/actualitat\/noticies\/pleno-del-ayuntamiento-aprueba-unanimidad-solicitar-la-apertura-del-cap-miami-platja-las-24-horas\/#primaryimage"},"thumbnailUrl":"https:\/\/mont-roig.cat\/wp-content\/uploads\/CAP-Miami-Platja.jpg","articleSection":["Sanidad y Salud p\u00fablica"],"inLanguage":"es"},{"@type":"WebPage","@id":"https:\/\/mont-roig.cat\/es\/actualitat\/noticies\/pleno-del-ayuntamiento-aprueba-unanimidad-solicitar-la-apertura-del-cap-miami-platja-las-24-horas\/","url":"https:\/\/mont-roig.cat\/es\/actualitat\/noticies\/pleno-del-ayuntamiento-aprueba-unanimidad-solicitar-la-apertura-del-cap-miami-platja-las-24-horas\/","name":"El Pleno del Ayuntamiento aprueba por unanimidad solicitar la apertura del CAP de Miami Platja las 24 horas - Ajuntament de Mont-roig del Camp","isPartOf":{"@id":"https:\/\/mont-roig.cat\/es\/#website"},"primaryImageOfPage":{"@id":"https:\/\/mont-roig.cat\/es\/actualitat\/noticies\/pleno-del-ayuntamiento-aprueba-unanimidad-solicitar-la-apertura-del-cap-miami-platja-las-24-horas\/#primaryimage"},"image":{"@id":"https:\/\/mont-roig.cat\/es\/actualitat\/noticies\/pleno-del-ayuntamiento-aprueba-unanimidad-solicitar-la-apertura-del-cap-miami-platja-las-24-horas\/#primaryimage"},"thumbnailUrl":"https:\/\/mont-roig.cat\/wp-content\/uploads\/CAP-Miami-Platja.jpg","datePublished":"2016-05-11T13:52:52+00:00","author":{"@id":"https:\/\/mont-roig.cat\/es\/#\/schema\/person\/f2b111789f22b7d0c3bd6786c9128cba"},"breadcrumb":{"@id":"https:\/\/mont-roig.cat\/es\/actualitat\/noticies\/pleno-del-ayuntamiento-aprueba-unanimidad-solicitar-la-apertura-del-cap-miami-platja-las-24-horas\/#breadcrumb"},"inLanguage":"es","potentialAction":[{"@type":"ReadAction","target":["https:\/\/mont-roig.cat\/es\/actualitat\/noticies\/pleno-del-ayuntamiento-aprueba-unanimidad-solicitar-la-apertura-del-cap-miami-platja-las-24-horas\/"]}]},{"@type":"ImageObject","inLanguage":"es","@id":"https:\/\/mont-roig.cat\/es\/actualitat\/noticies\/pleno-del-ayuntamiento-aprueba-unanimidad-solicitar-la-apertura-del-cap-miami-platja-las-24-horas\/#primaryimage","url":"https:\/\/mont-roig.cat\/wp-content\/uploads\/CAP-Miami-Platja.jpg","contentUrl":"https:\/\/mont-roig.cat\/wp-content\/uploads\/CAP-Miami-Platja.jpg","width":3072,"height":2048},{"@type":"BreadcrumbList","@id":"https:\/\/mont-roig.cat\/es\/actualitat\/noticies\/pleno-del-ayuntamiento-aprueba-unanimidad-solicitar-la-apertura-del-cap-miami-platja-las-24-horas\/#breadcrumb","itemListElement":[{"@type":"ListItem","position":1,"name":"Inici","item":"https:\/\/mont-roig.cat\/es\/pagina-de-inicio\/"},{"@type":"ListItem","position":2,"name":"El Pleno del Ayuntamiento aprueba por unanimidad solicitar la apertura del CAP de Miami Platja las 24 horas"}]},{"@type":"WebSite","@id":"https:\/\/mont-roig.cat\/es\/#website","url":"https:\/\/mont-roig.cat\/es\/","name":"Ajuntament de Mont-roig del Camp","description":"Tota la informaci\u00f3 sobre la instituci\u00f3, els seus \u00f2rgans de govern, actualitat, serveis i molt m\u00e9s.","potentialAction":[{"@type":"SearchAction","target":{"@type":"EntryPoint","urlTemplate":"https:\/\/mont-roig.cat\/es\/?s={search_term_string}"},"query-input":{"@type":"PropertyValueSpecification","valueRequired":true,"valueName":"search_term_string"}}],"inLanguage":"es"},{"@type":"Person","@id":"https:\/\/mont-roig.cat\/es\/#\/schema\/person\/f2b111789f22b7d0c3bd6786c9128cba","name":"administrador","image":{"@type":"ImageObject","inLanguage":"es","@id":"https:\/\/secure.gravatar.com\/avatar\/9137aac6891e2595c9d3036fd83bcb653b4db3c946db4c7d9b9be193c3c944bb?s=96&d=mm&r=g","url":"https:\/\/secure.gravatar.com\/avatar\/9137aac6891e2595c9d3036fd83bcb653b4db3c946db4c7d9b9be193c3c944bb?s=96&d=mm&r=g","contentUrl":"https:\/\/secure.gravatar.com\/avatar\/9137aac6891e2595c9d3036fd83bcb653b4db3c946db4c7d9b9be193c3c944bb?s=96&d=mm&r=g","caption":"administrador"},"url":"https:\/\/mont-roig.cat\/es\/actualitat\/noticies\/author\/administrador\/"}]}},"_links":{"self":[{"href":"https:\/\/mont-roig.cat\/es\/wp-json\/wp\/v2\/posts\/11079","targetHints":{"allow":["GET"]}}],"collection":[{"href":"https:\/\/mont-roig.cat\/es\/wp-json\/wp\/v2\/posts"}],"about":[{"href":"https:\/\/mont-roig.cat\/es\/wp-json\/wp\/v2\/types\/post"}],"author":[{"embeddable":true,"href":"https:\/\/mont-roig.cat\/es\/wp-json\/wp\/v2\/users\/4"}],"replies":[{"embeddable":true,"href":"https:\/\/mont-roig.cat\/es\/wp-json\/wp\/v2\/comments?post=11079"}],"version-history":[{"count":0,"href":"https:\/\/mont-roig.cat\/es\/wp-json\/wp\/v2\/posts\/11079\/revisions"}],"wp:featuredmedia":[{"embeddable":true,"href":"https:\/\/mont-roig.cat\/es\/wp-json\/wp\/v2\/media\/11076"}],"wp:attachment":[{"href":"https:\/\/mont-roig.cat\/es\/wp-json\/wp\/v2\/media?parent=11079"}],"wp:term":[{"taxonomy":"category","embeddable":true,"href":"https:\/\/mont-roig.cat\/es\/wp-json\/wp\/v2\/categories?post=11079"},{"taxonomy":"post_tag","embeddable":true,"href":"https:\/\/mont-roig.cat\/es\/wp-json\/wp\/v2\/tags?post=11079"}],"curies":[{"name":"wp","href":"https:\/\/api.w.org\/{rel}","templated":true}]}}