{"id":11107,"date":"2016-05-12T10:13:43","date_gmt":"2016-05-12T08:13:43","guid":{"rendered":"http:\/\/mont-roig.cat\/es\/?p=11107"},"modified":"2016-05-12T10:15:52","modified_gmt":"2016-05-12T08:15:52","slug":"ideas-pautas-mejorar-negocio-la-septima-jornada-tecnica-desarrollo-economico","status":"publish","type":"post","link":"https:\/\/mont-roig.cat\/es\/actualitat\/noticies\/ideas-pautas-mejorar-negocio-la-septima-jornada-tecnica-desarrollo-economico\/","title":{"rendered":"Ideas y pautas para mejorar el negocio en la s\u00e9ptima Jornada T\u00e9cnica de Desarrollo Econ\u00f3mico"},"content":{"rendered":"<p><a href=\"http:\/\/mont-roig.cat\/wp-content\/uploads\/7a-Jornada-T\u00e8cnica-Desenvolupament-Econ\u00f2mic.jpg\" rel=\"attachment wp-att-11098\"><img loading=\"lazy\" decoding=\"async\" class=\"alignright wp-image-11098\" src=\"http:\/\/mont-roig.cat\/wp-content\/uploads\/7a-Jornada-T\u00e8cnica-Desenvolupament-Econ\u00f2mic-500x346.jpg\" alt=\"7a Jornada T\u00e8cnica Desenvolupament Local\" width=\"301\" height=\"208\" srcset=\"https:\/\/mont-roig.cat\/wp-content\/uploads\/7a-Jornada-T\u00e8cnica-Desenvolupament-Econ\u00f2mic-500x346.jpg 500w, https:\/\/mont-roig.cat\/wp-content\/uploads\/7a-Jornada-T\u00e8cnica-Desenvolupament-Econ\u00f2mic-768x532.jpg 768w, https:\/\/mont-roig.cat\/wp-content\/uploads\/7a-Jornada-T\u00e8cnica-Desenvolupament-Econ\u00f2mic-1024x709.jpg 1024w, https:\/\/mont-roig.cat\/wp-content\/uploads\/7a-Jornada-T\u00e8cnica-Desenvolupament-Econ\u00f2mic.jpg 1535w\" sizes=\"auto, (max-width: 301px) 100vw, 301px\" \/><\/a><\/p>\n<ul>\n<li><strong>La Jornada se celebrar\u00e1 el 20 de mayo en la Casa de Cultura Agust\u00ed Sard\u00e0 de Mont-roig del Camp<\/strong><\/li>\n<li><strong>La participaci\u00f3n es gratuita pero es necesario inscribirse antes del 19 de mayo a promocio@mont-roig.cat<\/strong><\/li>\n<\/ul>\n<p>La Jornada T\u00e9cnica de Desarrollo Econ\u00f3mico 2016 aportar\u00e1 ideas y pautas a los empresarios y comerciantes para que puedan mejorar sus posibilidades y sus negocios. Con esta finalidad la concejal\u00eda de Impulso Econ\u00f3mico del Ayuntamiento de Mont-roig del Camp organiza la s\u00e9ptima edici\u00f3n de este certamen que tendr\u00e1 lugar el pr\u00f3ximo viernes 20 de mayo en la Casa de Cultura Agust\u00ed Sard\u00e0.<\/p>\n<p>La Jornada T\u00e9cnica de Desarrollo Econ\u00f3mico es un encuentro anual de empresarios y entidades de diferentes sectores econ\u00f3micos del municipio y del territorio que tiene por objetivo convertirse en un marco de intercambio de ideas y experiencias, mediante el conocimiento, la participaci\u00f3n y la interacci\u00f3n de los diferentes agentes implicados.<\/p>\n<p>En esta edici\u00f3n se contar\u00e1 con la presencia de la conferenciante internacional y creadora de la empresa de consultor\u00eda Energivity Consulting, M\u00f3nica Mendoza, que hablar\u00e1 de t\u00e9cnicas de venta y c\u00f3mo aumentarlas. Seguidamente Juanjo S. Villalobos, fundador y gerente de Gettingcontacts tratar\u00e1 la motivaci\u00f3n y dar\u00e1 respuestas a las personas empresarias ante la incertidumbre profesional. Hablar\u00e1 tambi\u00e9n de acciones de dinamizaci\u00f3n comercial conjunta. Finalmente, el experto en comunicaci\u00f3n, publicidad y marketing, Joan Garcia dar\u00e1 a conocer a los participantes qu\u00e9 pasos hay que seguir para iniciarse en la digitalizaci\u00f3n y las redes sociales. Una conferencia que ejemplificar\u00e1 con casos de \u00e9xito.<\/p>\n<p>La bienvenida de la Jornada la realizar\u00e1\u00a0la concejala de Impulso Econ\u00f3mico, Yolanda P\u00e9rez D\u00edaz, y la clausura el alcalde de Mont-roig del Camp, Fran Morancho L\u00f3pez.<\/p>\n<p>La participaci\u00f3n en la Jornada es gratuita pero es necesario inscribirse antes del 19 de mayo en promoci\u00f3@mont-roig.cat o bien llamando al tel\u00e9fono 977837005. Las plazas son limitadas.<\/p>\n<p>Consulta el programa de actos.<\/p>\n<p><a href=\"http:\/\/mont-roig.cat\/wp-content\/uploads\/Cartell-Jornada-T\u00e8cnica-Desenvolupament-Local-2016.jpg\" rel=\"attachment wp-att-11097\"><img loading=\"lazy\" decoding=\"async\" class=\"alignnone wp-image-11097\" src=\"http:\/\/mont-roig.cat\/wp-content\/uploads\/Cartell-Jornada-T\u00e8cnica-Desenvolupament-Local-2016-354x500.jpg\" alt=\"Cartell Jornada T\u00e8cnica Desenvolupament Local 2016\" width=\"250\" height=\"353\" srcset=\"https:\/\/mont-roig.cat\/wp-content\/uploads\/Cartell-Jornada-T\u00e8cnica-Desenvolupament-Local-2016-354x500.jpg 354w, https:\/\/mont-roig.cat\/wp-content\/uploads\/Cartell-Jornada-T\u00e8cnica-Desenvolupament-Local-2016-768x1084.jpg 768w, https:\/\/mont-roig.cat\/wp-content\/uploads\/Cartell-Jornada-T\u00e8cnica-Desenvolupament-Local-2016-726x1024.jpg 726w, https:\/\/mont-roig.cat\/wp-content\/uploads\/Cartell-Jornada-T\u00e8cnica-Desenvolupament-Local-2016.jpg 1178w\" sizes=\"auto, (max-width: 250px) 100vw, 250px\" \/><\/a><\/p>\n<p><a href=\"http:\/\/mont-roig.cat\/wp-content\/uploads\/JTDE_16-cartell_v1.pdf\" target=\"_blank\" rel=\"\">Cartel Jornada T\u00e9cnica Desarrollo Econ\u00f3mic<\/a>o<\/p>\n<p><a href=\"http:\/\/mont-roig.cat\/wp-content\/uploads\/JTDE_16-flyer_ok.pdf\" target=\"_blank\" rel=\"\">Flyer\u00a0Jornada T\u00e9cnica Desarrollo Econ\u00f3mico<\/a><\/p>\n","protected":false},"excerpt":{"rendered":"<p>La Jornada se celebrar\u00e1 el 20 de mayo en la Casa de Cultura Agust\u00ed Sard\u00e0 de Mont-roig del Camp La participaci\u00f3n es gratuita pero es necesario inscribirse antes del 19 de mayo a promocio@mont-roig.cat La Jornada T\u00e9cnica de Desarrollo Econ\u00f3mico 2016 aportar\u00e1 ideas y pautas a los empresarios y comerciantes para que puedan mejorar sus [&hellip;]<\/p>\n","protected":false},"author":4,"featured_media":11098,"comment_status":"closed","ping_status":"closed","sticky":false,"template":"","format":"standard","meta":{"inline_featured_image":false,"_monsterinsights_skip_tracking":false,"_monsterinsights_sitenote_active":false,"_monsterinsights_sitenote_note":"","_monsterinsights_sitenote_category":0,"footnotes":""},"categories":[110],"tags":[],"class_list":["post-11107","post","type-post","status-publish","format-standard","has-post-thumbnail","hentry","category-promocion-economica"],"yoast_head":"<!-- This site is optimized with the Yoast SEO plugin v27.4 - https:\/\/yoast.com\/product\/yoast-seo-wordpress\/ -->\n<title>Ideas y pautas para mejorar el negocio en la s\u00e9ptima Jornada T\u00e9cnica de Desarrollo Econ\u00f3mico - Ajuntament de Mont-roig del Camp<\/title>\n<meta name=\"robots\" content=\"index, follow, max-snippet:-1, max-image-preview:large, max-video-preview:-1\" \/>\n<link rel=\"canonical\" href=\"https:\/\/mont-roig.cat\/es\/actualitat\/noticies\/ideas-pautas-mejorar-negocio-la-septima-jornada-tecnica-desarrollo-economico\/\" \/>\n<meta property=\"og:locale\" content=\"es_ES\" \/>\n<meta property=\"og:type\" content=\"article\" \/>\n<meta property=\"og:title\" content=\"Ideas y pautas para mejorar el negocio en la s\u00e9ptima Jornada T\u00e9cnica de Desarrollo Econ\u00f3mico - Ajuntament de Mont-roig del Camp\" \/>\n<meta property=\"og:description\" content=\"La Jornada se celebrar\u00e1 el 20 de mayo en la Casa de Cultura Agust\u00ed Sard\u00e0 de Mont-roig del Camp La participaci\u00f3n es gratuita pero es necesario inscribirse antes del 19 de mayo a promocio@mont-roig.cat La Jornada T\u00e9cnica de Desarrollo Econ\u00f3mico 2016 aportar\u00e1 ideas y pautas a los empresarios y comerciantes para que puedan mejorar sus [&hellip;]\" \/>\n<meta property=\"og:url\" content=\"https:\/\/mont-roig.cat\/es\/actualitat\/noticies\/ideas-pautas-mejorar-negocio-la-septima-jornada-tecnica-desarrollo-economico\/\" \/>\n<meta property=\"og:site_name\" content=\"Ajuntament de Mont-roig del Camp\" \/>\n<meta property=\"article:published_time\" content=\"2016-05-12T08:13:43+00:00\" \/>\n<meta property=\"article:modified_time\" content=\"2016-05-12T08:15:52+00:00\" \/>\n<meta property=\"og:image\" content=\"https:\/\/mont-roig.cat\/wp-content\/uploads\/7a-Jornada-T\u00e8cnica-Desenvolupament-Econ\u00f2mic.jpg\" \/>\n\t<meta property=\"og:image:width\" content=\"1535\" \/>\n\t<meta property=\"og:image:height\" content=\"1063\" \/>\n\t<meta property=\"og:image:type\" content=\"image\/jpeg\" \/>\n<meta name=\"author\" content=\"administrador\" \/>\n<meta name=\"twitter:card\" content=\"summary_large_image\" \/>\n<meta name=\"twitter:label1\" content=\"Escrito por\" \/>\n\t<meta name=\"twitter:data1\" content=\"administrador\" \/>\n\t<meta name=\"twitter:label2\" content=\"Tiempo de lectura\" \/>\n\t<meta name=\"twitter:data2\" content=\"2 minutos\" \/>\n<script type=\"application\/ld+json\" class=\"yoast-schema-graph\">{\"@context\":\"https:\\\/\\\/schema.org\",\"@graph\":[{\"@type\":\"Article\",\"@id\":\"https:\\\/\\\/mont-roig.cat\\\/es\\\/actualitat\\\/noticies\\\/ideas-pautas-mejorar-negocio-la-septima-jornada-tecnica-desarrollo-economico\\\/#article\",\"isPartOf\":{\"@id\":\"https:\\\/\\\/mont-roig.cat\\\/es\\\/actualitat\\\/noticies\\\/ideas-pautas-mejorar-negocio-la-septima-jornada-tecnica-desarrollo-economico\\\/\"},\"author\":{\"name\":\"administrador\",\"@id\":\"https:\\\/\\\/mont-roig.cat\\\/es\\\/#\\\/schema\\\/person\\\/f2b111789f22b7d0c3bd6786c9128cba\"},\"headline\":\"Ideas y pautas para mejorar el negocio en la s\u00e9ptima Jornada T\u00e9cnica de Desarrollo Econ\u00f3mico\",\"datePublished\":\"2016-05-12T08:13:43+00:00\",\"dateModified\":\"2016-05-12T08:15:52+00:00\",\"mainEntityOfPage\":{\"@id\":\"https:\\\/\\\/mont-roig.cat\\\/es\\\/actualitat\\\/noticies\\\/ideas-pautas-mejorar-negocio-la-septima-jornada-tecnica-desarrollo-economico\\\/\"},\"wordCount\":366,\"image\":{\"@id\":\"https:\\\/\\\/mont-roig.cat\\\/es\\\/actualitat\\\/noticies\\\/ideas-pautas-mejorar-negocio-la-septima-jornada-tecnica-desarrollo-economico\\\/#primaryimage\"},\"thumbnailUrl\":\"https:\\\/\\\/mont-roig.cat\\\/wp-content\\\/uploads\\\/7a-Jornada-T\u00e8cnica-Desenvolupament-Econ\u00f2mic.jpg\",\"articleSection\":[\"Promoci\u00f3n econ\u00f3mica\"],\"inLanguage\":\"es\"},{\"@type\":\"WebPage\",\"@id\":\"https:\\\/\\\/mont-roig.cat\\\/es\\\/actualitat\\\/noticies\\\/ideas-pautas-mejorar-negocio-la-septima-jornada-tecnica-desarrollo-economico\\\/\",\"url\":\"https:\\\/\\\/mont-roig.cat\\\/es\\\/actualitat\\\/noticies\\\/ideas-pautas-mejorar-negocio-la-septima-jornada-tecnica-desarrollo-economico\\\/\",\"name\":\"Ideas y pautas para mejorar el negocio en la s\u00e9ptima Jornada T\u00e9cnica de Desarrollo Econ\u00f3mico - Ajuntament de Mont-roig del Camp\",\"isPartOf\":{\"@id\":\"https:\\\/\\\/mont-roig.cat\\\/es\\\/#website\"},\"primaryImageOfPage\":{\"@id\":\"https:\\\/\\\/mont-roig.cat\\\/es\\\/actualitat\\\/noticies\\\/ideas-pautas-mejorar-negocio-la-septima-jornada-tecnica-desarrollo-economico\\\/#primaryimage\"},\"image\":{\"@id\":\"https:\\\/\\\/mont-roig.cat\\\/es\\\/actualitat\\\/noticies\\\/ideas-pautas-mejorar-negocio-la-septima-jornada-tecnica-desarrollo-economico\\\/#primaryimage\"},\"thumbnailUrl\":\"https:\\\/\\\/mont-roig.cat\\\/wp-content\\\/uploads\\\/7a-Jornada-T\u00e8cnica-Desenvolupament-Econ\u00f2mic.jpg\",\"datePublished\":\"2016-05-12T08:13:43+00:00\",\"dateModified\":\"2016-05-12T08:15:52+00:00\",\"author\":{\"@id\":\"https:\\\/\\\/mont-roig.cat\\\/es\\\/#\\\/schema\\\/person\\\/f2b111789f22b7d0c3bd6786c9128cba\"},\"breadcrumb\":{\"@id\":\"https:\\\/\\\/mont-roig.cat\\\/es\\\/actualitat\\\/noticies\\\/ideas-pautas-mejorar-negocio-la-septima-jornada-tecnica-desarrollo-economico\\\/#breadcrumb\"},\"inLanguage\":\"es\",\"potentialAction\":[{\"@type\":\"ReadAction\",\"target\":[\"https:\\\/\\\/mont-roig.cat\\\/es\\\/actualitat\\\/noticies\\\/ideas-pautas-mejorar-negocio-la-septima-jornada-tecnica-desarrollo-economico\\\/\"]}]},{\"@type\":\"ImageObject\",\"inLanguage\":\"es\",\"@id\":\"https:\\\/\\\/mont-roig.cat\\\/es\\\/actualitat\\\/noticies\\\/ideas-pautas-mejorar-negocio-la-septima-jornada-tecnica-desarrollo-economico\\\/#primaryimage\",\"url\":\"https:\\\/\\\/mont-roig.cat\\\/wp-content\\\/uploads\\\/7a-Jornada-T\u00e8cnica-Desenvolupament-Econ\u00f2mic.jpg\",\"contentUrl\":\"https:\\\/\\\/mont-roig.cat\\\/wp-content\\\/uploads\\\/7a-Jornada-T\u00e8cnica-Desenvolupament-Econ\u00f2mic.jpg\",\"width\":1535,\"height\":1063},{\"@type\":\"BreadcrumbList\",\"@id\":\"https:\\\/\\\/mont-roig.cat\\\/es\\\/actualitat\\\/noticies\\\/ideas-pautas-mejorar-negocio-la-septima-jornada-tecnica-desarrollo-economico\\\/#breadcrumb\",\"itemListElement\":[{\"@type\":\"ListItem\",\"position\":1,\"name\":\"Inici\",\"item\":\"https:\\\/\\\/mont-roig.cat\\\/es\\\/pagina-de-inicio\\\/\"},{\"@type\":\"ListItem\",\"position\":2,\"name\":\"Ideas y pautas para mejorar el negocio en la s\u00e9ptima Jornada T\u00e9cnica de Desarrollo Econ\u00f3mico\"}]},{\"@type\":\"WebSite\",\"@id\":\"https:\\\/\\\/mont-roig.cat\\\/es\\\/#website\",\"url\":\"https:\\\/\\\/mont-roig.cat\\\/es\\\/\",\"name\":\"Ajuntament de Mont-roig del Camp\",\"description\":\"Tota la informaci\u00f3 sobre la instituci\u00f3, els seus \u00f2rgans de govern, actualitat, serveis i molt m\u00e9s.\",\"potentialAction\":[{\"@type\":\"SearchAction\",\"target\":{\"@type\":\"EntryPoint\",\"urlTemplate\":\"https:\\\/\\\/mont-roig.cat\\\/es\\\/?s={search_term_string}\"},\"query-input\":{\"@type\":\"PropertyValueSpecification\",\"valueRequired\":true,\"valueName\":\"search_term_string\"}}],\"inLanguage\":\"es\"},{\"@type\":\"Person\",\"@id\":\"https:\\\/\\\/mont-roig.cat\\\/es\\\/#\\\/schema\\\/person\\\/f2b111789f22b7d0c3bd6786c9128cba\",\"name\":\"administrador\",\"image\":{\"@type\":\"ImageObject\",\"inLanguage\":\"es\",\"@id\":\"https:\\\/\\\/secure.gravatar.com\\\/avatar\\\/9137aac6891e2595c9d3036fd83bcb653b4db3c946db4c7d9b9be193c3c944bb?s=96&d=mm&r=g\",\"url\":\"https:\\\/\\\/secure.gravatar.com\\\/avatar\\\/9137aac6891e2595c9d3036fd83bcb653b4db3c946db4c7d9b9be193c3c944bb?s=96&d=mm&r=g\",\"contentUrl\":\"https:\\\/\\\/secure.gravatar.com\\\/avatar\\\/9137aac6891e2595c9d3036fd83bcb653b4db3c946db4c7d9b9be193c3c944bb?s=96&d=mm&r=g\",\"caption\":\"administrador\"},\"url\":\"https:\\\/\\\/mont-roig.cat\\\/es\\\/actualitat\\\/noticies\\\/author\\\/administrador\\\/\"}]}<\/script>\n<!-- \/ Yoast SEO plugin. -->","yoast_head_json":{"title":"Ideas y pautas para mejorar el negocio en la s\u00e9ptima Jornada T\u00e9cnica de Desarrollo Econ\u00f3mico - Ajuntament de Mont-roig del Camp","robots":{"index":"index","follow":"follow","max-snippet":"max-snippet:-1","max-image-preview":"max-image-preview:large","max-video-preview":"max-video-preview:-1"},"canonical":"https:\/\/mont-roig.cat\/es\/actualitat\/noticies\/ideas-pautas-mejorar-negocio-la-septima-jornada-tecnica-desarrollo-economico\/","og_locale":"es_ES","og_type":"article","og_title":"Ideas y pautas para mejorar el negocio en la s\u00e9ptima Jornada T\u00e9cnica de Desarrollo Econ\u00f3mico - Ajuntament de Mont-roig del Camp","og_description":"La Jornada se celebrar\u00e1 el 20 de mayo en la Casa de Cultura Agust\u00ed Sard\u00e0 de Mont-roig del Camp La participaci\u00f3n es gratuita pero es necesario inscribirse antes del 19 de mayo a promocio@mont-roig.cat La Jornada T\u00e9cnica de Desarrollo Econ\u00f3mico 2016 aportar\u00e1 ideas y pautas a los empresarios y comerciantes para que puedan mejorar sus [&hellip;]","og_url":"https:\/\/mont-roig.cat\/es\/actualitat\/noticies\/ideas-pautas-mejorar-negocio-la-septima-jornada-tecnica-desarrollo-economico\/","og_site_name":"Ajuntament de Mont-roig del Camp","article_published_time":"2016-05-12T08:13:43+00:00","article_modified_time":"2016-05-12T08:15:52+00:00","og_image":[{"width":1535,"height":1063,"url":"https:\/\/mont-roig.cat\/wp-content\/uploads\/7a-Jornada-T\u00e8cnica-Desenvolupament-Econ\u00f2mic.jpg","type":"image\/jpeg"}],"author":"administrador","twitter_card":"summary_large_image","twitter_misc":{"Escrito por":"administrador","Tiempo de lectura":"2 minutos"},"schema":{"@context":"https:\/\/schema.org","@graph":[{"@type":"Article","@id":"https:\/\/mont-roig.cat\/es\/actualitat\/noticies\/ideas-pautas-mejorar-negocio-la-septima-jornada-tecnica-desarrollo-economico\/#article","isPartOf":{"@id":"https:\/\/mont-roig.cat\/es\/actualitat\/noticies\/ideas-pautas-mejorar-negocio-la-septima-jornada-tecnica-desarrollo-economico\/"},"author":{"name":"administrador","@id":"https:\/\/mont-roig.cat\/es\/#\/schema\/person\/f2b111789f22b7d0c3bd6786c9128cba"},"headline":"Ideas y pautas para mejorar el negocio en la s\u00e9ptima Jornada T\u00e9cnica de Desarrollo Econ\u00f3mico","datePublished":"2016-05-12T08:13:43+00:00","dateModified":"2016-05-12T08:15:52+00:00","mainEntityOfPage":{"@id":"https:\/\/mont-roig.cat\/es\/actualitat\/noticies\/ideas-pautas-mejorar-negocio-la-septima-jornada-tecnica-desarrollo-economico\/"},"wordCount":366,"image":{"@id":"https:\/\/mont-roig.cat\/es\/actualitat\/noticies\/ideas-pautas-mejorar-negocio-la-septima-jornada-tecnica-desarrollo-economico\/#primaryimage"},"thumbnailUrl":"https:\/\/mont-roig.cat\/wp-content\/uploads\/7a-Jornada-T\u00e8cnica-Desenvolupament-Econ\u00f2mic.jpg","articleSection":["Promoci\u00f3n econ\u00f3mica"],"inLanguage":"es"},{"@type":"WebPage","@id":"https:\/\/mont-roig.cat\/es\/actualitat\/noticies\/ideas-pautas-mejorar-negocio-la-septima-jornada-tecnica-desarrollo-economico\/","url":"https:\/\/mont-roig.cat\/es\/actualitat\/noticies\/ideas-pautas-mejorar-negocio-la-septima-jornada-tecnica-desarrollo-economico\/","name":"Ideas y pautas para mejorar el negocio en la s\u00e9ptima Jornada T\u00e9cnica de Desarrollo Econ\u00f3mico - Ajuntament de Mont-roig del Camp","isPartOf":{"@id":"https:\/\/mont-roig.cat\/es\/#website"},"primaryImageOfPage":{"@id":"https:\/\/mont-roig.cat\/es\/actualitat\/noticies\/ideas-pautas-mejorar-negocio-la-septima-jornada-tecnica-desarrollo-economico\/#primaryimage"},"image":{"@id":"https:\/\/mont-roig.cat\/es\/actualitat\/noticies\/ideas-pautas-mejorar-negocio-la-septima-jornada-tecnica-desarrollo-economico\/#primaryimage"},"thumbnailUrl":"https:\/\/mont-roig.cat\/wp-content\/uploads\/7a-Jornada-T\u00e8cnica-Desenvolupament-Econ\u00f2mic.jpg","datePublished":"2016-05-12T08:13:43+00:00","dateModified":"2016-05-12T08:15:52+00:00","author":{"@id":"https:\/\/mont-roig.cat\/es\/#\/schema\/person\/f2b111789f22b7d0c3bd6786c9128cba"},"breadcrumb":{"@id":"https:\/\/mont-roig.cat\/es\/actualitat\/noticies\/ideas-pautas-mejorar-negocio-la-septima-jornada-tecnica-desarrollo-economico\/#breadcrumb"},"inLanguage":"es","potentialAction":[{"@type":"ReadAction","target":["https:\/\/mont-roig.cat\/es\/actualitat\/noticies\/ideas-pautas-mejorar-negocio-la-septima-jornada-tecnica-desarrollo-economico\/"]}]},{"@type":"ImageObject","inLanguage":"es","@id":"https:\/\/mont-roig.cat\/es\/actualitat\/noticies\/ideas-pautas-mejorar-negocio-la-septima-jornada-tecnica-desarrollo-economico\/#primaryimage","url":"https:\/\/mont-roig.cat\/wp-content\/uploads\/7a-Jornada-T\u00e8cnica-Desenvolupament-Econ\u00f2mic.jpg","contentUrl":"https:\/\/mont-roig.cat\/wp-content\/uploads\/7a-Jornada-T\u00e8cnica-Desenvolupament-Econ\u00f2mic.jpg","width":1535,"height":1063},{"@type":"BreadcrumbList","@id":"https:\/\/mont-roig.cat\/es\/actualitat\/noticies\/ideas-pautas-mejorar-negocio-la-septima-jornada-tecnica-desarrollo-economico\/#breadcrumb","itemListElement":[{"@type":"ListItem","position":1,"name":"Inici","item":"https:\/\/mont-roig.cat\/es\/pagina-de-inicio\/"},{"@type":"ListItem","position":2,"name":"Ideas y pautas para mejorar el negocio en la s\u00e9ptima Jornada T\u00e9cnica de Desarrollo Econ\u00f3mico"}]},{"@type":"WebSite","@id":"https:\/\/mont-roig.cat\/es\/#website","url":"https:\/\/mont-roig.cat\/es\/","name":"Ajuntament de Mont-roig del Camp","description":"Tota la informaci\u00f3 sobre la instituci\u00f3, els seus \u00f2rgans de govern, actualitat, serveis i molt m\u00e9s.","potentialAction":[{"@type":"SearchAction","target":{"@type":"EntryPoint","urlTemplate":"https:\/\/mont-roig.cat\/es\/?s={search_term_string}"},"query-input":{"@type":"PropertyValueSpecification","valueRequired":true,"valueName":"search_term_string"}}],"inLanguage":"es"},{"@type":"Person","@id":"https:\/\/mont-roig.cat\/es\/#\/schema\/person\/f2b111789f22b7d0c3bd6786c9128cba","name":"administrador","image":{"@type":"ImageObject","inLanguage":"es","@id":"https:\/\/secure.gravatar.com\/avatar\/9137aac6891e2595c9d3036fd83bcb653b4db3c946db4c7d9b9be193c3c944bb?s=96&d=mm&r=g","url":"https:\/\/secure.gravatar.com\/avatar\/9137aac6891e2595c9d3036fd83bcb653b4db3c946db4c7d9b9be193c3c944bb?s=96&d=mm&r=g","contentUrl":"https:\/\/secure.gravatar.com\/avatar\/9137aac6891e2595c9d3036fd83bcb653b4db3c946db4c7d9b9be193c3c944bb?s=96&d=mm&r=g","caption":"administrador"},"url":"https:\/\/mont-roig.cat\/es\/actualitat\/noticies\/author\/administrador\/"}]}},"_links":{"self":[{"href":"https:\/\/mont-roig.cat\/es\/wp-json\/wp\/v2\/posts\/11107","targetHints":{"allow":["GET"]}}],"collection":[{"href":"https:\/\/mont-roig.cat\/es\/wp-json\/wp\/v2\/posts"}],"about":[{"href":"https:\/\/mont-roig.cat\/es\/wp-json\/wp\/v2\/types\/post"}],"author":[{"embeddable":true,"href":"https:\/\/mont-roig.cat\/es\/wp-json\/wp\/v2\/users\/4"}],"replies":[{"embeddable":true,"href":"https:\/\/mont-roig.cat\/es\/wp-json\/wp\/v2\/comments?post=11107"}],"version-history":[{"count":0,"href":"https:\/\/mont-roig.cat\/es\/wp-json\/wp\/v2\/posts\/11107\/revisions"}],"wp:featuredmedia":[{"embeddable":true,"href":"https:\/\/mont-roig.cat\/es\/wp-json\/wp\/v2\/media\/11098"}],"wp:attachment":[{"href":"https:\/\/mont-roig.cat\/es\/wp-json\/wp\/v2\/media?parent=11107"}],"wp:term":[{"taxonomy":"category","embeddable":true,"href":"https:\/\/mont-roig.cat\/es\/wp-json\/wp\/v2\/categories?post=11107"},{"taxonomy":"post_tag","embeddable":true,"href":"https:\/\/mont-roig.cat\/es\/wp-json\/wp\/v2\/tags?post=11107"}],"curies":[{"name":"wp","href":"https:\/\/api.w.org\/{rel}","templated":true}]}}