{"id":11266,"date":"2016-05-26T11:42:37","date_gmt":"2016-05-26T09:42:37","guid":{"rendered":"http:\/\/mont-roig.cat\/es\/?p=11266"},"modified":"2016-05-26T11:42:37","modified_gmt":"2016-05-26T09:42:37","slug":"xvi-nit-turisme-reconocera-excelencia-empresariado-local","status":"publish","type":"post","link":"https:\/\/mont-roig.cat\/es\/actualitat\/noticies\/xvi-nit-turisme-reconocera-excelencia-empresariado-local\/","title":{"rendered":"La XVI Nit del Turisme reconocer\u00e1 la excelencia del empresariado local"},"content":{"rendered":"<ul>\n<li><strong><a href=\"http:\/\/mont-roig.cat\/wp-content\/uploads\/Nit-Turisme-2016.png\"><img loading=\"lazy\" decoding=\"async\" class=\" wp-image-11262 alignright\" src=\"http:\/\/mont-roig.cat\/wp-content\/uploads\/Nit-Turisme-2016-500x305.png\" alt=\"Nit Turisme 2016\" width=\"350\" height=\"214\" srcset=\"https:\/\/mont-roig.cat\/wp-content\/uploads\/Nit-Turisme-2016-500x305.png 500w, https:\/\/mont-roig.cat\/wp-content\/uploads\/Nit-Turisme-2016-768x468.png 768w, https:\/\/mont-roig.cat\/wp-content\/uploads\/Nit-Turisme-2016.png 851w\" sizes=\"auto, (max-width: 350px) 100vw, 350px\" \/><\/a>Los asistentes al certamen ser\u00e1n los encargados de elegir entre los 4 candidatos que optan al Premio Nit del Turisme 2016<\/strong><\/li>\n<li><strong>La celebraci\u00f3n de la gala en primavera permitir\u00e1 dar la bienvenida al fuerte de la temporada tur\u00edstica y presentar las novedades<\/strong><\/li>\n<\/ul>\n<p>La XVI Nit del Turisme\u00a0de Mont-roig del Camp y Miami Platja reconocer\u00e1 p\u00fablicamente la excelencia tur\u00edstica del empresariado local. Esta es la principal novedad del certamen que se celebrar\u00e1 este viernes por la noche en el restaurante Casablanca de Miami Platja y que contar\u00e1 con la presencia de un centenar de personas vinculadas con el sector tur\u00edstico del municipio. Todos ellos ser\u00e1n los protagonistas de esta velada que otorgar\u00e1 el Premio Nit del Turisme.<\/p>\n<p>La Concejal\u00eda de Turismo del Ayuntamiento de Mont-roig del Camp ha creado este premio con el objetivo de poner en valor el trabajo y la trayectoria profesional de aquellas empresas, entidades o instituciones que apuestan por la calidad, la segmentaci\u00f3n, la diferenciaci\u00f3n y la especializaci\u00f3n en sus servicios y que contribuyen de esta forma a potenciar la competitividad y el desarrollo tur\u00edstico del municipio.<\/p>\n<p>Los candidatos de esta edici\u00f3n han sido propuestos por la Concejal\u00eda de Turismo y ratificados por la Junta de Gobierno Local entre el empresariado local que destaca en uno o varios de los siguientes \u00e1mbitos: promoci\u00f3n del municipio como destino tur\u00edstico de calidad, innovaci\u00f3n y mejora de sus instalaciones y servicios, creaci\u00f3n de productos tur\u00edsticos innovadores y diferenciadores, comercializaci\u00f3n a trav\u00e9s de nuevos canales o segmentos emergentes, asociacionismo, buena valoraci\u00f3n y cr\u00edtica de sus clientes, gesti\u00f3n y promoci\u00f3n a trav\u00e9s de herramientas de marketing digital, inversiones para la mejora de la calidad, medio ambiente y sostenibilidad o por el hecho de poner en valor recursos tur\u00edsticos convirti\u00e9ndolos en una experiencia para el visitante.<\/p>\n<p>De acuerdo con estos par\u00e1metros, los candidatos al Premio Nit del Turisme 2016 son:<\/p>\n<p>&#8211; El Camping Els Prats Village, por su trayectoria empresarial.<br \/>\n&#8211; Pierre et Vacances, por su segmentaci\u00f3n y especializaci\u00f3n en el turismo familiar.<br \/>\n&#8211; El Sr. Victor Rubio Ordas, por su emprendimiento.<br \/>\n&#8211; El Sr. Jordi Sabat\u00e9 de Haro, por su emprendimiento.<\/p>\n<p>El jurado encargado de elegir al candidato ganador estar\u00e1 formado por las personas asistentes a la gala. Estas, mediante boletos espec\u00edficos que se entregar\u00e1n a los participantes durante el transcurso de la Nit del Turisme, votar\u00e1n la candidatura que creen que merece ganar el premio.<\/p>\n<p>Por otra parte, esta es la primera vez que la gala se celebra en el mes de mayo, en otras ediciones se hab\u00eda llevado a cabo durante el oto\u00f1o. El cambio de estaci\u00f3n permitir\u00e1 presentar las novedades y reunir al tejido empresarial del municipio para dar la\u00a0bienvenida a\u00a0la temporada de verano, periodo especialmente\u00a0\u00a0importante en un destino de sol y playa como\u00a0el nuestro.<\/p>\n","protected":false},"excerpt":{"rendered":"<p>Los asistentes al certamen ser\u00e1n los encargados de elegir entre los 4 candidatos que optan al Premio Nit del Turisme 2016 La celebraci\u00f3n de la gala en primavera permitir\u00e1 dar la bienvenida al fuerte de la temporada tur\u00edstica y presentar las novedades La XVI Nit del Turisme\u00a0de Mont-roig del Camp y Miami Platja reconocer\u00e1 p\u00fablicamente [&hellip;]<\/p>\n","protected":false},"author":4,"featured_media":11262,"comment_status":"closed","ping_status":"closed","sticky":false,"template":"","format":"standard","meta":{"inline_featured_image":false,"_monsterinsights_skip_tracking":false,"_monsterinsights_sitenote_active":false,"_monsterinsights_sitenote_note":"","_monsterinsights_sitenote_category":0,"footnotes":""},"categories":[115],"tags":[],"class_list":["post-11266","post","type-post","status-publish","format-standard","has-post-thumbnail","hentry","category-turismo"],"yoast_head":"<!-- This site is optimized with the Yoast SEO plugin v27.4 - https:\/\/yoast.com\/product\/yoast-seo-wordpress\/ -->\n<title>La XVI Nit del Turisme reconocer\u00e1 la excelencia del empresariado local - Ajuntament de Mont-roig del Camp<\/title>\n<meta name=\"robots\" content=\"index, follow, max-snippet:-1, max-image-preview:large, max-video-preview:-1\" \/>\n<link rel=\"canonical\" href=\"https:\/\/mont-roig.cat\/es\/actualitat\/noticies\/xvi-nit-turisme-reconocera-excelencia-empresariado-local\/\" \/>\n<meta property=\"og:locale\" content=\"es_ES\" \/>\n<meta property=\"og:type\" content=\"article\" \/>\n<meta property=\"og:title\" content=\"La XVI Nit del Turisme reconocer\u00e1 la excelencia del empresariado local - Ajuntament de Mont-roig del Camp\" \/>\n<meta property=\"og:description\" content=\"Los asistentes al certamen ser\u00e1n los encargados de elegir entre los 4 candidatos que optan al Premio Nit del Turisme 2016 La celebraci\u00f3n de la gala en primavera permitir\u00e1 dar la bienvenida al fuerte de la temporada tur\u00edstica y presentar las novedades La XVI Nit del Turisme\u00a0de Mont-roig del Camp y Miami Platja reconocer\u00e1 p\u00fablicamente [&hellip;]\" \/>\n<meta property=\"og:url\" content=\"https:\/\/mont-roig.cat\/es\/actualitat\/noticies\/xvi-nit-turisme-reconocera-excelencia-empresariado-local\/\" \/>\n<meta property=\"og:site_name\" content=\"Ajuntament de Mont-roig del Camp\" \/>\n<meta property=\"article:published_time\" content=\"2016-05-26T09:42:37+00:00\" \/>\n<meta property=\"og:image\" content=\"https:\/\/mont-roig.cat\/wp-content\/uploads\/Nit-Turisme-2016.png\" \/>\n\t<meta property=\"og:image:width\" content=\"851\" \/>\n\t<meta property=\"og:image:height\" content=\"519\" \/>\n\t<meta property=\"og:image:type\" content=\"image\/png\" \/>\n<meta name=\"author\" content=\"administrador\" \/>\n<meta name=\"twitter:card\" content=\"summary_large_image\" \/>\n<meta name=\"twitter:label1\" content=\"Escrito por\" \/>\n\t<meta name=\"twitter:data1\" content=\"administrador\" \/>\n\t<meta name=\"twitter:label2\" content=\"Tiempo de lectura\" \/>\n\t<meta name=\"twitter:data2\" content=\"2 minutos\" \/>\n<script type=\"application\/ld+json\" class=\"yoast-schema-graph\">{\"@context\":\"https:\\\/\\\/schema.org\",\"@graph\":[{\"@type\":\"Article\",\"@id\":\"https:\\\/\\\/mont-roig.cat\\\/es\\\/actualitat\\\/noticies\\\/xvi-nit-turisme-reconocera-excelencia-empresariado-local\\\/#article\",\"isPartOf\":{\"@id\":\"https:\\\/\\\/mont-roig.cat\\\/es\\\/actualitat\\\/noticies\\\/xvi-nit-turisme-reconocera-excelencia-empresariado-local\\\/\"},\"author\":{\"name\":\"administrador\",\"@id\":\"https:\\\/\\\/mont-roig.cat\\\/es\\\/#\\\/schema\\\/person\\\/f2b111789f22b7d0c3bd6786c9128cba\"},\"headline\":\"La XVI Nit del Turisme reconocer\u00e1 la excelencia del empresariado local\",\"datePublished\":\"2016-05-26T09:42:37+00:00\",\"mainEntityOfPage\":{\"@id\":\"https:\\\/\\\/mont-roig.cat\\\/es\\\/actualitat\\\/noticies\\\/xvi-nit-turisme-reconocera-excelencia-empresariado-local\\\/\"},\"wordCount\":506,\"image\":{\"@id\":\"https:\\\/\\\/mont-roig.cat\\\/es\\\/actualitat\\\/noticies\\\/xvi-nit-turisme-reconocera-excelencia-empresariado-local\\\/#primaryimage\"},\"thumbnailUrl\":\"https:\\\/\\\/mont-roig.cat\\\/wp-content\\\/uploads\\\/Nit-Turisme-2016.png\",\"articleSection\":[\"Turismo\"],\"inLanguage\":\"es\"},{\"@type\":\"WebPage\",\"@id\":\"https:\\\/\\\/mont-roig.cat\\\/es\\\/actualitat\\\/noticies\\\/xvi-nit-turisme-reconocera-excelencia-empresariado-local\\\/\",\"url\":\"https:\\\/\\\/mont-roig.cat\\\/es\\\/actualitat\\\/noticies\\\/xvi-nit-turisme-reconocera-excelencia-empresariado-local\\\/\",\"name\":\"La XVI Nit del Turisme reconocer\u00e1 la excelencia del empresariado local - Ajuntament de Mont-roig del Camp\",\"isPartOf\":{\"@id\":\"https:\\\/\\\/mont-roig.cat\\\/es\\\/#website\"},\"primaryImageOfPage\":{\"@id\":\"https:\\\/\\\/mont-roig.cat\\\/es\\\/actualitat\\\/noticies\\\/xvi-nit-turisme-reconocera-excelencia-empresariado-local\\\/#primaryimage\"},\"image\":{\"@id\":\"https:\\\/\\\/mont-roig.cat\\\/es\\\/actualitat\\\/noticies\\\/xvi-nit-turisme-reconocera-excelencia-empresariado-local\\\/#primaryimage\"},\"thumbnailUrl\":\"https:\\\/\\\/mont-roig.cat\\\/wp-content\\\/uploads\\\/Nit-Turisme-2016.png\",\"datePublished\":\"2016-05-26T09:42:37+00:00\",\"author\":{\"@id\":\"https:\\\/\\\/mont-roig.cat\\\/es\\\/#\\\/schema\\\/person\\\/f2b111789f22b7d0c3bd6786c9128cba\"},\"breadcrumb\":{\"@id\":\"https:\\\/\\\/mont-roig.cat\\\/es\\\/actualitat\\\/noticies\\\/xvi-nit-turisme-reconocera-excelencia-empresariado-local\\\/#breadcrumb\"},\"inLanguage\":\"es\",\"potentialAction\":[{\"@type\":\"ReadAction\",\"target\":[\"https:\\\/\\\/mont-roig.cat\\\/es\\\/actualitat\\\/noticies\\\/xvi-nit-turisme-reconocera-excelencia-empresariado-local\\\/\"]}]},{\"@type\":\"ImageObject\",\"inLanguage\":\"es\",\"@id\":\"https:\\\/\\\/mont-roig.cat\\\/es\\\/actualitat\\\/noticies\\\/xvi-nit-turisme-reconocera-excelencia-empresariado-local\\\/#primaryimage\",\"url\":\"https:\\\/\\\/mont-roig.cat\\\/wp-content\\\/uploads\\\/Nit-Turisme-2016.png\",\"contentUrl\":\"https:\\\/\\\/mont-roig.cat\\\/wp-content\\\/uploads\\\/Nit-Turisme-2016.png\",\"width\":851,\"height\":519},{\"@type\":\"BreadcrumbList\",\"@id\":\"https:\\\/\\\/mont-roig.cat\\\/es\\\/actualitat\\\/noticies\\\/xvi-nit-turisme-reconocera-excelencia-empresariado-local\\\/#breadcrumb\",\"itemListElement\":[{\"@type\":\"ListItem\",\"position\":1,\"name\":\"Inici\",\"item\":\"https:\\\/\\\/mont-roig.cat\\\/es\\\/pagina-de-inicio\\\/\"},{\"@type\":\"ListItem\",\"position\":2,\"name\":\"La XVI Nit del Turisme reconocer\u00e1 la excelencia del empresariado local\"}]},{\"@type\":\"WebSite\",\"@id\":\"https:\\\/\\\/mont-roig.cat\\\/es\\\/#website\",\"url\":\"https:\\\/\\\/mont-roig.cat\\\/es\\\/\",\"name\":\"Ajuntament de Mont-roig del Camp\",\"description\":\"Tota la informaci\u00f3 sobre la instituci\u00f3, els seus \u00f2rgans de govern, actualitat, serveis i molt m\u00e9s.\",\"potentialAction\":[{\"@type\":\"SearchAction\",\"target\":{\"@type\":\"EntryPoint\",\"urlTemplate\":\"https:\\\/\\\/mont-roig.cat\\\/es\\\/?s={search_term_string}\"},\"query-input\":{\"@type\":\"PropertyValueSpecification\",\"valueRequired\":true,\"valueName\":\"search_term_string\"}}],\"inLanguage\":\"es\"},{\"@type\":\"Person\",\"@id\":\"https:\\\/\\\/mont-roig.cat\\\/es\\\/#\\\/schema\\\/person\\\/f2b111789f22b7d0c3bd6786c9128cba\",\"name\":\"administrador\",\"image\":{\"@type\":\"ImageObject\",\"inLanguage\":\"es\",\"@id\":\"https:\\\/\\\/secure.gravatar.com\\\/avatar\\\/9137aac6891e2595c9d3036fd83bcb653b4db3c946db4c7d9b9be193c3c944bb?s=96&d=mm&r=g\",\"url\":\"https:\\\/\\\/secure.gravatar.com\\\/avatar\\\/9137aac6891e2595c9d3036fd83bcb653b4db3c946db4c7d9b9be193c3c944bb?s=96&d=mm&r=g\",\"contentUrl\":\"https:\\\/\\\/secure.gravatar.com\\\/avatar\\\/9137aac6891e2595c9d3036fd83bcb653b4db3c946db4c7d9b9be193c3c944bb?s=96&d=mm&r=g\",\"caption\":\"administrador\"},\"url\":\"https:\\\/\\\/mont-roig.cat\\\/es\\\/actualitat\\\/noticies\\\/author\\\/administrador\\\/\"}]}<\/script>\n<!-- \/ Yoast SEO plugin. -->","yoast_head_json":{"title":"La XVI Nit del Turisme reconocer\u00e1 la excelencia del empresariado local - Ajuntament de Mont-roig del Camp","robots":{"index":"index","follow":"follow","max-snippet":"max-snippet:-1","max-image-preview":"max-image-preview:large","max-video-preview":"max-video-preview:-1"},"canonical":"https:\/\/mont-roig.cat\/es\/actualitat\/noticies\/xvi-nit-turisme-reconocera-excelencia-empresariado-local\/","og_locale":"es_ES","og_type":"article","og_title":"La XVI Nit del Turisme reconocer\u00e1 la excelencia del empresariado local - Ajuntament de Mont-roig del Camp","og_description":"Los asistentes al certamen ser\u00e1n los encargados de elegir entre los 4 candidatos que optan al Premio Nit del Turisme 2016 La celebraci\u00f3n de la gala en primavera permitir\u00e1 dar la bienvenida al fuerte de la temporada tur\u00edstica y presentar las novedades La XVI Nit del Turisme\u00a0de Mont-roig del Camp y Miami Platja reconocer\u00e1 p\u00fablicamente [&hellip;]","og_url":"https:\/\/mont-roig.cat\/es\/actualitat\/noticies\/xvi-nit-turisme-reconocera-excelencia-empresariado-local\/","og_site_name":"Ajuntament de Mont-roig del Camp","article_published_time":"2016-05-26T09:42:37+00:00","og_image":[{"width":851,"height":519,"url":"https:\/\/mont-roig.cat\/wp-content\/uploads\/Nit-Turisme-2016.png","type":"image\/png"}],"author":"administrador","twitter_card":"summary_large_image","twitter_misc":{"Escrito por":"administrador","Tiempo de lectura":"2 minutos"},"schema":{"@context":"https:\/\/schema.org","@graph":[{"@type":"Article","@id":"https:\/\/mont-roig.cat\/es\/actualitat\/noticies\/xvi-nit-turisme-reconocera-excelencia-empresariado-local\/#article","isPartOf":{"@id":"https:\/\/mont-roig.cat\/es\/actualitat\/noticies\/xvi-nit-turisme-reconocera-excelencia-empresariado-local\/"},"author":{"name":"administrador","@id":"https:\/\/mont-roig.cat\/es\/#\/schema\/person\/f2b111789f22b7d0c3bd6786c9128cba"},"headline":"La XVI Nit del Turisme reconocer\u00e1 la excelencia del empresariado local","datePublished":"2016-05-26T09:42:37+00:00","mainEntityOfPage":{"@id":"https:\/\/mont-roig.cat\/es\/actualitat\/noticies\/xvi-nit-turisme-reconocera-excelencia-empresariado-local\/"},"wordCount":506,"image":{"@id":"https:\/\/mont-roig.cat\/es\/actualitat\/noticies\/xvi-nit-turisme-reconocera-excelencia-empresariado-local\/#primaryimage"},"thumbnailUrl":"https:\/\/mont-roig.cat\/wp-content\/uploads\/Nit-Turisme-2016.png","articleSection":["Turismo"],"inLanguage":"es"},{"@type":"WebPage","@id":"https:\/\/mont-roig.cat\/es\/actualitat\/noticies\/xvi-nit-turisme-reconocera-excelencia-empresariado-local\/","url":"https:\/\/mont-roig.cat\/es\/actualitat\/noticies\/xvi-nit-turisme-reconocera-excelencia-empresariado-local\/","name":"La XVI Nit del Turisme reconocer\u00e1 la excelencia del empresariado local - Ajuntament de Mont-roig del Camp","isPartOf":{"@id":"https:\/\/mont-roig.cat\/es\/#website"},"primaryImageOfPage":{"@id":"https:\/\/mont-roig.cat\/es\/actualitat\/noticies\/xvi-nit-turisme-reconocera-excelencia-empresariado-local\/#primaryimage"},"image":{"@id":"https:\/\/mont-roig.cat\/es\/actualitat\/noticies\/xvi-nit-turisme-reconocera-excelencia-empresariado-local\/#primaryimage"},"thumbnailUrl":"https:\/\/mont-roig.cat\/wp-content\/uploads\/Nit-Turisme-2016.png","datePublished":"2016-05-26T09:42:37+00:00","author":{"@id":"https:\/\/mont-roig.cat\/es\/#\/schema\/person\/f2b111789f22b7d0c3bd6786c9128cba"},"breadcrumb":{"@id":"https:\/\/mont-roig.cat\/es\/actualitat\/noticies\/xvi-nit-turisme-reconocera-excelencia-empresariado-local\/#breadcrumb"},"inLanguage":"es","potentialAction":[{"@type":"ReadAction","target":["https:\/\/mont-roig.cat\/es\/actualitat\/noticies\/xvi-nit-turisme-reconocera-excelencia-empresariado-local\/"]}]},{"@type":"ImageObject","inLanguage":"es","@id":"https:\/\/mont-roig.cat\/es\/actualitat\/noticies\/xvi-nit-turisme-reconocera-excelencia-empresariado-local\/#primaryimage","url":"https:\/\/mont-roig.cat\/wp-content\/uploads\/Nit-Turisme-2016.png","contentUrl":"https:\/\/mont-roig.cat\/wp-content\/uploads\/Nit-Turisme-2016.png","width":851,"height":519},{"@type":"BreadcrumbList","@id":"https:\/\/mont-roig.cat\/es\/actualitat\/noticies\/xvi-nit-turisme-reconocera-excelencia-empresariado-local\/#breadcrumb","itemListElement":[{"@type":"ListItem","position":1,"name":"Inici","item":"https:\/\/mont-roig.cat\/es\/pagina-de-inicio\/"},{"@type":"ListItem","position":2,"name":"La XVI Nit del Turisme reconocer\u00e1 la excelencia del empresariado local"}]},{"@type":"WebSite","@id":"https:\/\/mont-roig.cat\/es\/#website","url":"https:\/\/mont-roig.cat\/es\/","name":"Ajuntament de Mont-roig del Camp","description":"Tota la informaci\u00f3 sobre la instituci\u00f3, els seus \u00f2rgans de govern, actualitat, serveis i molt m\u00e9s.","potentialAction":[{"@type":"SearchAction","target":{"@type":"EntryPoint","urlTemplate":"https:\/\/mont-roig.cat\/es\/?s={search_term_string}"},"query-input":{"@type":"PropertyValueSpecification","valueRequired":true,"valueName":"search_term_string"}}],"inLanguage":"es"},{"@type":"Person","@id":"https:\/\/mont-roig.cat\/es\/#\/schema\/person\/f2b111789f22b7d0c3bd6786c9128cba","name":"administrador","image":{"@type":"ImageObject","inLanguage":"es","@id":"https:\/\/secure.gravatar.com\/avatar\/9137aac6891e2595c9d3036fd83bcb653b4db3c946db4c7d9b9be193c3c944bb?s=96&d=mm&r=g","url":"https:\/\/secure.gravatar.com\/avatar\/9137aac6891e2595c9d3036fd83bcb653b4db3c946db4c7d9b9be193c3c944bb?s=96&d=mm&r=g","contentUrl":"https:\/\/secure.gravatar.com\/avatar\/9137aac6891e2595c9d3036fd83bcb653b4db3c946db4c7d9b9be193c3c944bb?s=96&d=mm&r=g","caption":"administrador"},"url":"https:\/\/mont-roig.cat\/es\/actualitat\/noticies\/author\/administrador\/"}]}},"_links":{"self":[{"href":"https:\/\/mont-roig.cat\/es\/wp-json\/wp\/v2\/posts\/11266","targetHints":{"allow":["GET"]}}],"collection":[{"href":"https:\/\/mont-roig.cat\/es\/wp-json\/wp\/v2\/posts"}],"about":[{"href":"https:\/\/mont-roig.cat\/es\/wp-json\/wp\/v2\/types\/post"}],"author":[{"embeddable":true,"href":"https:\/\/mont-roig.cat\/es\/wp-json\/wp\/v2\/users\/4"}],"replies":[{"embeddable":true,"href":"https:\/\/mont-roig.cat\/es\/wp-json\/wp\/v2\/comments?post=11266"}],"version-history":[{"count":0,"href":"https:\/\/mont-roig.cat\/es\/wp-json\/wp\/v2\/posts\/11266\/revisions"}],"wp:featuredmedia":[{"embeddable":true,"href":"https:\/\/mont-roig.cat\/es\/wp-json\/wp\/v2\/media\/11262"}],"wp:attachment":[{"href":"https:\/\/mont-roig.cat\/es\/wp-json\/wp\/v2\/media?parent=11266"}],"wp:term":[{"taxonomy":"category","embeddable":true,"href":"https:\/\/mont-roig.cat\/es\/wp-json\/wp\/v2\/categories?post=11266"},{"taxonomy":"post_tag","embeddable":true,"href":"https:\/\/mont-roig.cat\/es\/wp-json\/wp\/v2\/tags?post=11266"}],"curies":[{"name":"wp","href":"https:\/\/api.w.org\/{rel}","templated":true}]}}