{"id":11375,"date":"2016-05-30T13:53:08","date_gmt":"2016-05-30T11:53:08","guid":{"rendered":"http:\/\/mont-roig.cat\/es\/?p=11375"},"modified":"2016-05-30T13:53:08","modified_gmt":"2016-05-30T11:53:08","slug":"camping-prats-village-obtiene-premi-nit-turisme-2016","status":"publish","type":"post","link":"https:\/\/mont-roig.cat\/es\/actualitat\/noticies\/camping-prats-village-obtiene-premi-nit-turisme-2016\/","title":{"rendered":"El camping Els Prats Village obtiene el Premi Nit del Turisme 2016"},"content":{"rendered":"<p><a href=\"http:\/\/mont-roig.cat\/wp-content\/uploads\/Nit-Turisme-2016_6.jpg\"><img loading=\"lazy\" decoding=\"async\" class=\"wp-image-11365 alignright\" src=\"http:\/\/mont-roig.cat\/wp-content\/uploads\/Nit-Turisme-2016_6-500x375.jpg\" alt=\"Nit Turisme 2016_6\" width=\"300\" height=\"225\" srcset=\"https:\/\/mont-roig.cat\/wp-content\/uploads\/Nit-Turisme-2016_6-500x375.jpg 500w, https:\/\/mont-roig.cat\/wp-content\/uploads\/Nit-Turisme-2016_6-768x576.jpg 768w, https:\/\/mont-roig.cat\/wp-content\/uploads\/Nit-Turisme-2016_6-1024x768.jpg 1024w, https:\/\/mont-roig.cat\/wp-content\/uploads\/Nit-Turisme-2016_6-463x348.jpg 463w\" sizes=\"auto, (max-width: 300px) 100vw, 300px\" \/><\/a><\/p>\n<p>La XVI Nit del Turisme de Mont-roig del Camp y Miami Platja ha premiado al camping Els Prats Village. El certamen, celebrado este viernes por la noche en el restaurante Casablanca de Miami Platja, ha reconocido p\u00fablicamente la excelencia de este establecimiento tur\u00edstico que a inicios de este a\u00f1o obten\u00eda tambi\u00e9n el premio Best Camping 2016 y lo situaba entre uno de los mejores campings de Europa.<\/p>\n<p>El camping Els Prats Villlage era una de las 4 candidaturas, que junto con Pierre et Vacances y los empresarios Victor Rubio Ord\u00e1s y Jordi Sabat\u00e9 de Haro optaban al reconocimiento, propuesto por la Concejal\u00eda de Turismo del Ayuntamiento de Mont-roig del Camp y ratificado por la Junta de Gobierno Local. El ganador se obtuvo mediante votaci\u00f3n de los presentes en la velada, todos ellos personas vinculadas directa o indirectamente con el sector tur\u00edstico del municipio.<\/p>\n<p>El Premi Nit del Turisme tiene el objetivo de poner en valor el trabajo y la trayectoria profesional de aquellas empresas, entidades o instituciones que apuestan por la calidad, la segmentaci\u00f3n, la diferenciaci\u00f3n y la especializaci\u00f3n en sus servicios y que contribuyen de esta forma a potenciar la competitividad y el desarrollo tur\u00edstico del municipio.<\/p>\n<p><strong>Una apuesta por el sector<\/strong><\/p>\n<p>Tanto el alcalde, Fran Morancho como la concejala de Turismo, Yolanda P\u00e9rez destacaron en sus intervenciones la clara apuesta que hace el Ayuntamiento por el principal motor econ\u00f3mico del municipio. En este sentido, P\u00e9rez explic\u00f3 que el equipo de gobierno est\u00e1 haciendo un gran esfuerzo para incrementar las partidas y la coordinaci\u00f3n con las playas y el sector, mientras que el Alcalde afirm\u00f3 estar convencido de que &#8220;es a partir del turismo que conseguiremos salir de la crisis, generar riqueza local y lo m\u00e1s importante, crear puestos de trabajo&#8221;.<\/p>\n\n\t\t<style type=\"text\/css\">\n\t\t\t#gallery-1 {\n\t\t\t\tmargin: auto;\n\t\t\t}\n\t\t\t#gallery-1 .gallery-item {\n\t\t\t\tfloat: left;\n\t\t\t\tmargin-top: 10px;\n\t\t\t\ttext-align: center;\n\t\t\t\twidth: 16%;\n\t\t\t}\n\t\t\t#gallery-1 img {\n\t\t\t\tborder: 2px solid #cfcfcf;\n\t\t\t}\n\t\t\t#gallery-1 .gallery-caption {\n\t\t\t\tmargin-left: 0;\n\t\t\t}\n\t\t\t\/* see gallery_shortcode() in wp-includes\/media.php *\/\n\t\t<\/style>\n\t\t<div id='gallery-1' class='gallery galleryid-11375 gallery-columns-6 gallery-size-thumbnail'><dl class='gallery-item'>\n\t\t\t<dt class='gallery-icon landscape'>\n\t\t\t\t<a href='https:\/\/mont-roig.cat\/wp-content\/uploads\/Nit-Turisme-2016_7.jpg'><img loading=\"lazy\" decoding=\"async\" width=\"50\" height=\"50\" src=\"https:\/\/mont-roig.cat\/wp-content\/uploads\/Nit-Turisme-2016_7-50x50.jpg\" class=\"attachment-thumbnail size-thumbnail\" alt=\"\" srcset=\"https:\/\/mont-roig.cat\/wp-content\/uploads\/Nit-Turisme-2016_7-50x50.jpg 50w, https:\/\/mont-roig.cat\/wp-content\/uploads\/Nit-Turisme-2016_7-560x560.jpg 560w, https:\/\/mont-roig.cat\/wp-content\/uploads\/Nit-Turisme-2016_7-367x367.jpg 367w, https:\/\/mont-roig.cat\/wp-content\/uploads\/Nit-Turisme-2016_7-450x450.jpg 450w, https:\/\/mont-roig.cat\/wp-content\/uploads\/Nit-Turisme-2016_7-85x85.jpg 85w\" sizes=\"auto, (max-width: 50px) 100vw, 50px\" \/><\/a>\n\t\t\t<\/dt><\/dl><dl class='gallery-item'>\n\t\t\t<dt class='gallery-icon landscape'>\n\t\t\t\t<a href='https:\/\/mont-roig.cat\/wp-content\/uploads\/Nit-Turisme-2016_5.jpg'><img loading=\"lazy\" decoding=\"async\" width=\"50\" height=\"50\" src=\"https:\/\/mont-roig.cat\/wp-content\/uploads\/Nit-Turisme-2016_5-50x50.jpg\" class=\"attachment-thumbnail size-thumbnail\" alt=\"\" srcset=\"https:\/\/mont-roig.cat\/wp-content\/uploads\/Nit-Turisme-2016_5-50x50.jpg 50w, https:\/\/mont-roig.cat\/wp-content\/uploads\/Nit-Turisme-2016_5-560x560.jpg 560w, https:\/\/mont-roig.cat\/wp-content\/uploads\/Nit-Turisme-2016_5-367x367.jpg 367w, https:\/\/mont-roig.cat\/wp-content\/uploads\/Nit-Turisme-2016_5-450x450.jpg 450w, https:\/\/mont-roig.cat\/wp-content\/uploads\/Nit-Turisme-2016_5-85x85.jpg 85w\" sizes=\"auto, (max-width: 50px) 100vw, 50px\" \/><\/a>\n\t\t\t<\/dt><\/dl><dl class='gallery-item'>\n\t\t\t<dt class='gallery-icon landscape'>\n\t\t\t\t<a href='https:\/\/mont-roig.cat\/wp-content\/uploads\/Nit-Turisme-2016_4.jpg'><img loading=\"lazy\" decoding=\"async\" width=\"50\" height=\"50\" src=\"https:\/\/mont-roig.cat\/wp-content\/uploads\/Nit-Turisme-2016_4-50x50.jpg\" class=\"attachment-thumbnail size-thumbnail\" alt=\"\" srcset=\"https:\/\/mont-roig.cat\/wp-content\/uploads\/Nit-Turisme-2016_4-50x50.jpg 50w, https:\/\/mont-roig.cat\/wp-content\/uploads\/Nit-Turisme-2016_4-560x560.jpg 560w, https:\/\/mont-roig.cat\/wp-content\/uploads\/Nit-Turisme-2016_4-367x367.jpg 367w, https:\/\/mont-roig.cat\/wp-content\/uploads\/Nit-Turisme-2016_4-450x450.jpg 450w, https:\/\/mont-roig.cat\/wp-content\/uploads\/Nit-Turisme-2016_4-85x85.jpg 85w\" sizes=\"auto, (max-width: 50px) 100vw, 50px\" \/><\/a>\n\t\t\t<\/dt><\/dl><dl class='gallery-item'>\n\t\t\t<dt class='gallery-icon landscape'>\n\t\t\t\t<a href='https:\/\/mont-roig.cat\/wp-content\/uploads\/Nit-Turisme-2016_3.jpg'><img loading=\"lazy\" decoding=\"async\" width=\"50\" height=\"50\" src=\"https:\/\/mont-roig.cat\/wp-content\/uploads\/Nit-Turisme-2016_3-50x50.jpg\" class=\"attachment-thumbnail size-thumbnail\" alt=\"\" srcset=\"https:\/\/mont-roig.cat\/wp-content\/uploads\/Nit-Turisme-2016_3-50x50.jpg 50w, https:\/\/mont-roig.cat\/wp-content\/uploads\/Nit-Turisme-2016_3-560x560.jpg 560w, https:\/\/mont-roig.cat\/wp-content\/uploads\/Nit-Turisme-2016_3-367x367.jpg 367w, https:\/\/mont-roig.cat\/wp-content\/uploads\/Nit-Turisme-2016_3-450x450.jpg 450w, https:\/\/mont-roig.cat\/wp-content\/uploads\/Nit-Turisme-2016_3-85x85.jpg 85w\" sizes=\"auto, (max-width: 50px) 100vw, 50px\" \/><\/a>\n\t\t\t<\/dt><\/dl><dl class='gallery-item'>\n\t\t\t<dt class='gallery-icon landscape'>\n\t\t\t\t<a href='https:\/\/mont-roig.cat\/wp-content\/uploads\/Nit-Turisme-2016_2.jpg'><img loading=\"lazy\" decoding=\"async\" width=\"50\" height=\"50\" src=\"https:\/\/mont-roig.cat\/wp-content\/uploads\/Nit-Turisme-2016_2-50x50.jpg\" class=\"attachment-thumbnail size-thumbnail\" alt=\"\" srcset=\"https:\/\/mont-roig.cat\/wp-content\/uploads\/Nit-Turisme-2016_2-50x50.jpg 50w, https:\/\/mont-roig.cat\/wp-content\/uploads\/Nit-Turisme-2016_2-560x560.jpg 560w, https:\/\/mont-roig.cat\/wp-content\/uploads\/Nit-Turisme-2016_2-367x367.jpg 367w, https:\/\/mont-roig.cat\/wp-content\/uploads\/Nit-Turisme-2016_2-450x450.jpg 450w, https:\/\/mont-roig.cat\/wp-content\/uploads\/Nit-Turisme-2016_2-85x85.jpg 85w\" sizes=\"auto, (max-width: 50px) 100vw, 50px\" \/><\/a>\n\t\t\t<\/dt><\/dl><dl class='gallery-item'>\n\t\t\t<dt class='gallery-icon landscape'>\n\t\t\t\t<a href='https:\/\/mont-roig.cat\/wp-content\/uploads\/Nit-Turisme-2016.jpg'><img loading=\"lazy\" decoding=\"async\" width=\"50\" height=\"50\" src=\"https:\/\/mont-roig.cat\/wp-content\/uploads\/Nit-Turisme-2016-50x50.jpg\" class=\"attachment-thumbnail size-thumbnail\" alt=\"\" srcset=\"https:\/\/mont-roig.cat\/wp-content\/uploads\/Nit-Turisme-2016-50x50.jpg 50w, https:\/\/mont-roig.cat\/wp-content\/uploads\/Nit-Turisme-2016-560x560.jpg 560w, https:\/\/mont-roig.cat\/wp-content\/uploads\/Nit-Turisme-2016-367x367.jpg 367w, https:\/\/mont-roig.cat\/wp-content\/uploads\/Nit-Turisme-2016-450x450.jpg 450w, https:\/\/mont-roig.cat\/wp-content\/uploads\/Nit-Turisme-2016-85x85.jpg 85w\" sizes=\"auto, (max-width: 50px) 100vw, 50px\" \/><\/a>\n\t\t\t<\/dt><\/dl><br style=\"clear: both\" \/>\n\t\t<\/div>\n\n","protected":false},"excerpt":{"rendered":"<p>La XVI Nit del Turisme de Mont-roig del Camp y Miami Platja ha premiado al camping Els Prats Village. El certamen, celebrado este viernes por la noche en el restaurante Casablanca de Miami Platja, ha reconocido p\u00fablicamente la excelencia de este establecimiento tur\u00edstico que a inicios de este a\u00f1o obten\u00eda tambi\u00e9n el premio Best Camping [&hellip;]<\/p>\n","protected":false},"author":4,"featured_media":11365,"comment_status":"closed","ping_status":"closed","sticky":false,"template":"","format":"standard","meta":{"inline_featured_image":false,"_monsterinsights_skip_tracking":false,"_monsterinsights_sitenote_active":false,"_monsterinsights_sitenote_note":"","_monsterinsights_sitenote_category":0,"footnotes":""},"categories":[115],"tags":[],"class_list":["post-11375","post","type-post","status-publish","format-standard","has-post-thumbnail","hentry","category-turismo"],"yoast_head":"<!-- This site is optimized with the Yoast SEO plugin v27.4 - https:\/\/yoast.com\/product\/yoast-seo-wordpress\/ -->\n<title>El camping Els Prats Village obtiene el Premi Nit del Turisme 2016 - Ajuntament de Mont-roig del Camp<\/title>\n<meta name=\"robots\" content=\"index, follow, max-snippet:-1, max-image-preview:large, max-video-preview:-1\" \/>\n<link rel=\"canonical\" href=\"https:\/\/mont-roig.cat\/es\/actualitat\/noticies\/camping-prats-village-obtiene-premi-nit-turisme-2016\/\" \/>\n<meta property=\"og:locale\" content=\"es_ES\" \/>\n<meta property=\"og:type\" content=\"article\" \/>\n<meta property=\"og:title\" content=\"El camping Els Prats Village obtiene el Premi Nit del Turisme 2016 - Ajuntament de Mont-roig del Camp\" \/>\n<meta property=\"og:description\" content=\"La XVI Nit del Turisme de Mont-roig del Camp y Miami Platja ha premiado al camping Els Prats Village. El certamen, celebrado este viernes por la noche en el restaurante Casablanca de Miami Platja, ha reconocido p\u00fablicamente la excelencia de este establecimiento tur\u00edstico que a inicios de este a\u00f1o obten\u00eda tambi\u00e9n el premio Best Camping [&hellip;]\" \/>\n<meta property=\"og:url\" content=\"https:\/\/mont-roig.cat\/es\/actualitat\/noticies\/camping-prats-village-obtiene-premi-nit-turisme-2016\/\" \/>\n<meta property=\"og:site_name\" content=\"Ajuntament de Mont-roig del Camp\" \/>\n<meta property=\"article:published_time\" content=\"2016-05-30T11:53:08+00:00\" \/>\n<meta property=\"og:image\" content=\"https:\/\/mont-roig.cat\/wp-content\/uploads\/Nit-Turisme-2016_6.jpg\" \/>\n\t<meta property=\"og:image:width\" content=\"2560\" \/>\n\t<meta property=\"og:image:height\" content=\"1920\" \/>\n\t<meta property=\"og:image:type\" content=\"image\/jpeg\" \/>\n<meta name=\"author\" content=\"administrador\" \/>\n<meta name=\"twitter:card\" content=\"summary_large_image\" \/>\n<meta name=\"twitter:label1\" content=\"Escrito por\" \/>\n\t<meta name=\"twitter:data1\" content=\"administrador\" \/>\n\t<meta name=\"twitter:label2\" content=\"Tiempo de lectura\" \/>\n\t<meta name=\"twitter:data2\" content=\"2 minutos\" \/>\n<script type=\"application\/ld+json\" class=\"yoast-schema-graph\">{\"@context\":\"https:\\\/\\\/schema.org\",\"@graph\":[{\"@type\":\"Article\",\"@id\":\"https:\\\/\\\/mont-roig.cat\\\/es\\\/actualitat\\\/noticies\\\/camping-prats-village-obtiene-premi-nit-turisme-2016\\\/#article\",\"isPartOf\":{\"@id\":\"https:\\\/\\\/mont-roig.cat\\\/es\\\/actualitat\\\/noticies\\\/camping-prats-village-obtiene-premi-nit-turisme-2016\\\/\"},\"author\":{\"name\":\"administrador\",\"@id\":\"https:\\\/\\\/mont-roig.cat\\\/es\\\/#\\\/schema\\\/person\\\/f2b111789f22b7d0c3bd6786c9128cba\"},\"headline\":\"El camping Els Prats Village obtiene el Premi Nit del Turisme 2016\",\"datePublished\":\"2016-05-30T11:53:08+00:00\",\"mainEntityOfPage\":{\"@id\":\"https:\\\/\\\/mont-roig.cat\\\/es\\\/actualitat\\\/noticies\\\/camping-prats-village-obtiene-premi-nit-turisme-2016\\\/\"},\"wordCount\":328,\"image\":{\"@id\":\"https:\\\/\\\/mont-roig.cat\\\/es\\\/actualitat\\\/noticies\\\/camping-prats-village-obtiene-premi-nit-turisme-2016\\\/#primaryimage\"},\"thumbnailUrl\":\"https:\\\/\\\/mont-roig.cat\\\/wp-content\\\/uploads\\\/Nit-Turisme-2016_6.jpg\",\"articleSection\":[\"Turismo\"],\"inLanguage\":\"es\"},{\"@type\":\"WebPage\",\"@id\":\"https:\\\/\\\/mont-roig.cat\\\/es\\\/actualitat\\\/noticies\\\/camping-prats-village-obtiene-premi-nit-turisme-2016\\\/\",\"url\":\"https:\\\/\\\/mont-roig.cat\\\/es\\\/actualitat\\\/noticies\\\/camping-prats-village-obtiene-premi-nit-turisme-2016\\\/\",\"name\":\"El camping Els Prats Village obtiene el Premi Nit del Turisme 2016 - Ajuntament de Mont-roig del Camp\",\"isPartOf\":{\"@id\":\"https:\\\/\\\/mont-roig.cat\\\/es\\\/#website\"},\"primaryImageOfPage\":{\"@id\":\"https:\\\/\\\/mont-roig.cat\\\/es\\\/actualitat\\\/noticies\\\/camping-prats-village-obtiene-premi-nit-turisme-2016\\\/#primaryimage\"},\"image\":{\"@id\":\"https:\\\/\\\/mont-roig.cat\\\/es\\\/actualitat\\\/noticies\\\/camping-prats-village-obtiene-premi-nit-turisme-2016\\\/#primaryimage\"},\"thumbnailUrl\":\"https:\\\/\\\/mont-roig.cat\\\/wp-content\\\/uploads\\\/Nit-Turisme-2016_6.jpg\",\"datePublished\":\"2016-05-30T11:53:08+00:00\",\"author\":{\"@id\":\"https:\\\/\\\/mont-roig.cat\\\/es\\\/#\\\/schema\\\/person\\\/f2b111789f22b7d0c3bd6786c9128cba\"},\"breadcrumb\":{\"@id\":\"https:\\\/\\\/mont-roig.cat\\\/es\\\/actualitat\\\/noticies\\\/camping-prats-village-obtiene-premi-nit-turisme-2016\\\/#breadcrumb\"},\"inLanguage\":\"es\",\"potentialAction\":[{\"@type\":\"ReadAction\",\"target\":[\"https:\\\/\\\/mont-roig.cat\\\/es\\\/actualitat\\\/noticies\\\/camping-prats-village-obtiene-premi-nit-turisme-2016\\\/\"]}]},{\"@type\":\"ImageObject\",\"inLanguage\":\"es\",\"@id\":\"https:\\\/\\\/mont-roig.cat\\\/es\\\/actualitat\\\/noticies\\\/camping-prats-village-obtiene-premi-nit-turisme-2016\\\/#primaryimage\",\"url\":\"https:\\\/\\\/mont-roig.cat\\\/wp-content\\\/uploads\\\/Nit-Turisme-2016_6.jpg\",\"contentUrl\":\"https:\\\/\\\/mont-roig.cat\\\/wp-content\\\/uploads\\\/Nit-Turisme-2016_6.jpg\",\"width\":2560,\"height\":1920},{\"@type\":\"BreadcrumbList\",\"@id\":\"https:\\\/\\\/mont-roig.cat\\\/es\\\/actualitat\\\/noticies\\\/camping-prats-village-obtiene-premi-nit-turisme-2016\\\/#breadcrumb\",\"itemListElement\":[{\"@type\":\"ListItem\",\"position\":1,\"name\":\"Inici\",\"item\":\"https:\\\/\\\/mont-roig.cat\\\/es\\\/pagina-de-inicio\\\/\"},{\"@type\":\"ListItem\",\"position\":2,\"name\":\"El camping Els Prats Village obtiene el Premi Nit del Turisme 2016\"}]},{\"@type\":\"WebSite\",\"@id\":\"https:\\\/\\\/mont-roig.cat\\\/es\\\/#website\",\"url\":\"https:\\\/\\\/mont-roig.cat\\\/es\\\/\",\"name\":\"Ajuntament de Mont-roig del Camp\",\"description\":\"Tota la informaci\u00f3 sobre la instituci\u00f3, els seus \u00f2rgans de govern, actualitat, serveis i molt m\u00e9s.\",\"potentialAction\":[{\"@type\":\"SearchAction\",\"target\":{\"@type\":\"EntryPoint\",\"urlTemplate\":\"https:\\\/\\\/mont-roig.cat\\\/es\\\/?s={search_term_string}\"},\"query-input\":{\"@type\":\"PropertyValueSpecification\",\"valueRequired\":true,\"valueName\":\"search_term_string\"}}],\"inLanguage\":\"es\"},{\"@type\":\"Person\",\"@id\":\"https:\\\/\\\/mont-roig.cat\\\/es\\\/#\\\/schema\\\/person\\\/f2b111789f22b7d0c3bd6786c9128cba\",\"name\":\"administrador\",\"image\":{\"@type\":\"ImageObject\",\"inLanguage\":\"es\",\"@id\":\"https:\\\/\\\/secure.gravatar.com\\\/avatar\\\/9137aac6891e2595c9d3036fd83bcb653b4db3c946db4c7d9b9be193c3c944bb?s=96&d=mm&r=g\",\"url\":\"https:\\\/\\\/secure.gravatar.com\\\/avatar\\\/9137aac6891e2595c9d3036fd83bcb653b4db3c946db4c7d9b9be193c3c944bb?s=96&d=mm&r=g\",\"contentUrl\":\"https:\\\/\\\/secure.gravatar.com\\\/avatar\\\/9137aac6891e2595c9d3036fd83bcb653b4db3c946db4c7d9b9be193c3c944bb?s=96&d=mm&r=g\",\"caption\":\"administrador\"},\"url\":\"https:\\\/\\\/mont-roig.cat\\\/es\\\/actualitat\\\/noticies\\\/author\\\/administrador\\\/\"}]}<\/script>\n<!-- \/ Yoast SEO plugin. -->","yoast_head_json":{"title":"El camping Els Prats Village obtiene el Premi Nit del Turisme 2016 - Ajuntament de Mont-roig del Camp","robots":{"index":"index","follow":"follow","max-snippet":"max-snippet:-1","max-image-preview":"max-image-preview:large","max-video-preview":"max-video-preview:-1"},"canonical":"https:\/\/mont-roig.cat\/es\/actualitat\/noticies\/camping-prats-village-obtiene-premi-nit-turisme-2016\/","og_locale":"es_ES","og_type":"article","og_title":"El camping Els Prats Village obtiene el Premi Nit del Turisme 2016 - Ajuntament de Mont-roig del Camp","og_description":"La XVI Nit del Turisme de Mont-roig del Camp y Miami Platja ha premiado al camping Els Prats Village. El certamen, celebrado este viernes por la noche en el restaurante Casablanca de Miami Platja, ha reconocido p\u00fablicamente la excelencia de este establecimiento tur\u00edstico que a inicios de este a\u00f1o obten\u00eda tambi\u00e9n el premio Best Camping [&hellip;]","og_url":"https:\/\/mont-roig.cat\/es\/actualitat\/noticies\/camping-prats-village-obtiene-premi-nit-turisme-2016\/","og_site_name":"Ajuntament de Mont-roig del Camp","article_published_time":"2016-05-30T11:53:08+00:00","og_image":[{"width":2560,"height":1920,"url":"https:\/\/mont-roig.cat\/wp-content\/uploads\/Nit-Turisme-2016_6.jpg","type":"image\/jpeg"}],"author":"administrador","twitter_card":"summary_large_image","twitter_misc":{"Escrito por":"administrador","Tiempo de lectura":"2 minutos"},"schema":{"@context":"https:\/\/schema.org","@graph":[{"@type":"Article","@id":"https:\/\/mont-roig.cat\/es\/actualitat\/noticies\/camping-prats-village-obtiene-premi-nit-turisme-2016\/#article","isPartOf":{"@id":"https:\/\/mont-roig.cat\/es\/actualitat\/noticies\/camping-prats-village-obtiene-premi-nit-turisme-2016\/"},"author":{"name":"administrador","@id":"https:\/\/mont-roig.cat\/es\/#\/schema\/person\/f2b111789f22b7d0c3bd6786c9128cba"},"headline":"El camping Els Prats Village obtiene el Premi Nit del Turisme 2016","datePublished":"2016-05-30T11:53:08+00:00","mainEntityOfPage":{"@id":"https:\/\/mont-roig.cat\/es\/actualitat\/noticies\/camping-prats-village-obtiene-premi-nit-turisme-2016\/"},"wordCount":328,"image":{"@id":"https:\/\/mont-roig.cat\/es\/actualitat\/noticies\/camping-prats-village-obtiene-premi-nit-turisme-2016\/#primaryimage"},"thumbnailUrl":"https:\/\/mont-roig.cat\/wp-content\/uploads\/Nit-Turisme-2016_6.jpg","articleSection":["Turismo"],"inLanguage":"es"},{"@type":"WebPage","@id":"https:\/\/mont-roig.cat\/es\/actualitat\/noticies\/camping-prats-village-obtiene-premi-nit-turisme-2016\/","url":"https:\/\/mont-roig.cat\/es\/actualitat\/noticies\/camping-prats-village-obtiene-premi-nit-turisme-2016\/","name":"El camping Els Prats Village obtiene el Premi Nit del Turisme 2016 - Ajuntament de Mont-roig del Camp","isPartOf":{"@id":"https:\/\/mont-roig.cat\/es\/#website"},"primaryImageOfPage":{"@id":"https:\/\/mont-roig.cat\/es\/actualitat\/noticies\/camping-prats-village-obtiene-premi-nit-turisme-2016\/#primaryimage"},"image":{"@id":"https:\/\/mont-roig.cat\/es\/actualitat\/noticies\/camping-prats-village-obtiene-premi-nit-turisme-2016\/#primaryimage"},"thumbnailUrl":"https:\/\/mont-roig.cat\/wp-content\/uploads\/Nit-Turisme-2016_6.jpg","datePublished":"2016-05-30T11:53:08+00:00","author":{"@id":"https:\/\/mont-roig.cat\/es\/#\/schema\/person\/f2b111789f22b7d0c3bd6786c9128cba"},"breadcrumb":{"@id":"https:\/\/mont-roig.cat\/es\/actualitat\/noticies\/camping-prats-village-obtiene-premi-nit-turisme-2016\/#breadcrumb"},"inLanguage":"es","potentialAction":[{"@type":"ReadAction","target":["https:\/\/mont-roig.cat\/es\/actualitat\/noticies\/camping-prats-village-obtiene-premi-nit-turisme-2016\/"]}]},{"@type":"ImageObject","inLanguage":"es","@id":"https:\/\/mont-roig.cat\/es\/actualitat\/noticies\/camping-prats-village-obtiene-premi-nit-turisme-2016\/#primaryimage","url":"https:\/\/mont-roig.cat\/wp-content\/uploads\/Nit-Turisme-2016_6.jpg","contentUrl":"https:\/\/mont-roig.cat\/wp-content\/uploads\/Nit-Turisme-2016_6.jpg","width":2560,"height":1920},{"@type":"BreadcrumbList","@id":"https:\/\/mont-roig.cat\/es\/actualitat\/noticies\/camping-prats-village-obtiene-premi-nit-turisme-2016\/#breadcrumb","itemListElement":[{"@type":"ListItem","position":1,"name":"Inici","item":"https:\/\/mont-roig.cat\/es\/pagina-de-inicio\/"},{"@type":"ListItem","position":2,"name":"El camping Els Prats Village obtiene el Premi Nit del Turisme 2016"}]},{"@type":"WebSite","@id":"https:\/\/mont-roig.cat\/es\/#website","url":"https:\/\/mont-roig.cat\/es\/","name":"Ajuntament de Mont-roig del Camp","description":"Tota la informaci\u00f3 sobre la instituci\u00f3, els seus \u00f2rgans de govern, actualitat, serveis i molt m\u00e9s.","potentialAction":[{"@type":"SearchAction","target":{"@type":"EntryPoint","urlTemplate":"https:\/\/mont-roig.cat\/es\/?s={search_term_string}"},"query-input":{"@type":"PropertyValueSpecification","valueRequired":true,"valueName":"search_term_string"}}],"inLanguage":"es"},{"@type":"Person","@id":"https:\/\/mont-roig.cat\/es\/#\/schema\/person\/f2b111789f22b7d0c3bd6786c9128cba","name":"administrador","image":{"@type":"ImageObject","inLanguage":"es","@id":"https:\/\/secure.gravatar.com\/avatar\/9137aac6891e2595c9d3036fd83bcb653b4db3c946db4c7d9b9be193c3c944bb?s=96&d=mm&r=g","url":"https:\/\/secure.gravatar.com\/avatar\/9137aac6891e2595c9d3036fd83bcb653b4db3c946db4c7d9b9be193c3c944bb?s=96&d=mm&r=g","contentUrl":"https:\/\/secure.gravatar.com\/avatar\/9137aac6891e2595c9d3036fd83bcb653b4db3c946db4c7d9b9be193c3c944bb?s=96&d=mm&r=g","caption":"administrador"},"url":"https:\/\/mont-roig.cat\/es\/actualitat\/noticies\/author\/administrador\/"}]}},"_links":{"self":[{"href":"https:\/\/mont-roig.cat\/es\/wp-json\/wp\/v2\/posts\/11375","targetHints":{"allow":["GET"]}}],"collection":[{"href":"https:\/\/mont-roig.cat\/es\/wp-json\/wp\/v2\/posts"}],"about":[{"href":"https:\/\/mont-roig.cat\/es\/wp-json\/wp\/v2\/types\/post"}],"author":[{"embeddable":true,"href":"https:\/\/mont-roig.cat\/es\/wp-json\/wp\/v2\/users\/4"}],"replies":[{"embeddable":true,"href":"https:\/\/mont-roig.cat\/es\/wp-json\/wp\/v2\/comments?post=11375"}],"version-history":[{"count":0,"href":"https:\/\/mont-roig.cat\/es\/wp-json\/wp\/v2\/posts\/11375\/revisions"}],"wp:featuredmedia":[{"embeddable":true,"href":"https:\/\/mont-roig.cat\/es\/wp-json\/wp\/v2\/media\/11365"}],"wp:attachment":[{"href":"https:\/\/mont-roig.cat\/es\/wp-json\/wp\/v2\/media?parent=11375"}],"wp:term":[{"taxonomy":"category","embeddable":true,"href":"https:\/\/mont-roig.cat\/es\/wp-json\/wp\/v2\/categories?post=11375"},{"taxonomy":"post_tag","embeddable":true,"href":"https:\/\/mont-roig.cat\/es\/wp-json\/wp\/v2\/tags?post=11375"}],"curies":[{"name":"wp","href":"https:\/\/api.w.org\/{rel}","templated":true}]}}