{"id":11489,"date":"2016-06-06T10:34:17","date_gmt":"2016-06-06T08:34:17","guid":{"rendered":"http:\/\/mont-roig.cat\/es\/?p=11489"},"modified":"2016-06-06T12:13:05","modified_gmt":"2016-06-06T10:13:05","slug":"pon-venta-todo-lo-que-ya-no-utilizas-con-mercado-trastos-fuera","status":"publish","type":"post","link":"https:\/\/mont-roig.cat\/es\/actualitat\/noticies\/pon-venta-todo-lo-que-ya-no-utilizas-con-mercado-trastos-fuera\/","title":{"rendered":"Pon a la venta todo lo que ya no utilizas con el mercado &#8220;Trastos fuera&#8221;"},"content":{"rendered":"<ul>\n<li><a href=\"http:\/\/mont-roig.cat\/wp-content\/uploads\/Cartell-Mercat-Trastos.jpg\"><img loading=\"lazy\" decoding=\"async\" class=\"wp-image-11480 alignright\" src=\"http:\/\/mont-roig.cat\/wp-content\/uploads\/Cartell-Mercat-Trastos-360x500.jpg\" alt=\"Cartell Mercat Trastos\" width=\"200\" height=\"278\" srcset=\"https:\/\/mont-roig.cat\/wp-content\/uploads\/Cartell-Mercat-Trastos-360x500.jpg 360w, https:\/\/mont-roig.cat\/wp-content\/uploads\/Cartell-Mercat-Trastos-768x1065.jpg 768w, https:\/\/mont-roig.cat\/wp-content\/uploads\/Cartell-Mercat-Trastos-738x1024.jpg 738w, https:\/\/mont-roig.cat\/wp-content\/uploads\/Cartell-Mercat-Trastos.jpg 1265w\" sizes=\"auto, (max-width: 200px) 100vw, 200px\" \/><\/a><strong>La actividad tendr\u00e1 lugar el s\u00e1bado 18 de junio, de 15:30h a 21:30h, en calle\u00a0Valls con calle Pintor Fortuny de Miami Platja<\/strong><\/li>\n<li><strong>Se trata de un mercado de objetos usados o hechos con material reciclado con participaci\u00f3n gratuita y abierta a toda la ciudadan\u00eda<\/strong><\/li>\n<\/ul>\n<p>La concejal\u00eda de Limpieza Viaria del Ayuntamiento de Mont-roig del Camp, en el marco de la campa\u00f1a de fomento del reciclaje, reducci\u00f3n de residuos y reutilizaci\u00f3n, organiza el primer mercado &#8220;Trastos fuera&#8221;. La actividad comercial tendr\u00e1 lugar el s\u00e1bado 18 de junio, de 15:30h a 21:30h en calle Valls cruce calle Pintor Fortuny de Miami Platja.<\/p>\n<p>Se trata de un mercado de objetos usados o hechos con material reciclado a trav\u00e9s del cual todas las personas\u00a0que se hayan inscrito podr\u00e1n poner a la venta aquellos objetos que ya no utilizan y que les gustar\u00eda que alguien les pueda dar una segunda utilidad.<\/p>\n<p>La participaci\u00f3n, que es gratuita y abierta a todos, se puede hacer de forma individual o en representaci\u00f3n de una entidad o asociaci\u00f3n. Es importante inscribirse en las Oficinas Municipales de Atenci\u00f3n al Ciudadano, llamando al 977-837005 o enviando un correo electr\u00f3nico a amherrero@mont-roig.com indicando los datos personales y un tel\u00e9fono de contacto.<\/p>\n","protected":false},"excerpt":{"rendered":"<p>La actividad tendr\u00e1 lugar el s\u00e1bado 18 de junio, de 15:30h a 21:30h, en calle\u00a0Valls con calle Pintor Fortuny de Miami Platja Se trata de un mercado de objetos usados o hechos con material reciclado con participaci\u00f3n gratuita y abierta a toda la ciudadan\u00eda La concejal\u00eda de Limpieza Viaria del Ayuntamiento de Mont-roig del Camp, [&hellip;]<\/p>\n","protected":false},"author":4,"featured_media":11480,"comment_status":"closed","ping_status":"closed","sticky":false,"template":"","format":"standard","meta":{"inline_featured_image":false,"_monsterinsights_skip_tracking":false,"_monsterinsights_sitenote_active":false,"_monsterinsights_sitenote_note":"","_monsterinsights_sitenote_category":0,"footnotes":""},"categories":[109],"tags":[],"class_list":["post-11489","post","type-post","status-publish","format-standard","has-post-thumbnail","hentry","category-limpieza-viaria"],"yoast_head":"<!-- This site is optimized with the Yoast SEO plugin v27.4 - https:\/\/yoast.com\/product\/yoast-seo-wordpress\/ -->\n<title>Pon a la venta todo lo que ya no utilizas con el mercado &quot;Trastos fuera&quot; - Ajuntament de Mont-roig del Camp<\/title>\n<meta name=\"robots\" content=\"index, follow, max-snippet:-1, max-image-preview:large, max-video-preview:-1\" \/>\n<link rel=\"canonical\" href=\"https:\/\/mont-roig.cat\/es\/actualitat\/noticies\/pon-venta-todo-lo-que-ya-no-utilizas-con-mercado-trastos-fuera\/\" \/>\n<meta property=\"og:locale\" content=\"es_ES\" \/>\n<meta property=\"og:type\" content=\"article\" \/>\n<meta property=\"og:title\" content=\"Pon a la venta todo lo que ya no utilizas con el mercado &quot;Trastos fuera&quot; - Ajuntament de Mont-roig del Camp\" \/>\n<meta property=\"og:description\" content=\"La actividad tendr\u00e1 lugar el s\u00e1bado 18 de junio, de 15:30h a 21:30h, en calle\u00a0Valls con calle Pintor Fortuny de Miami Platja Se trata de un mercado de objetos usados o hechos con material reciclado con participaci\u00f3n gratuita y abierta a toda la ciudadan\u00eda La concejal\u00eda de Limpieza Viaria del Ayuntamiento de Mont-roig del Camp, [&hellip;]\" \/>\n<meta property=\"og:url\" content=\"https:\/\/mont-roig.cat\/es\/actualitat\/noticies\/pon-venta-todo-lo-que-ya-no-utilizas-con-mercado-trastos-fuera\/\" \/>\n<meta property=\"og:site_name\" content=\"Ajuntament de Mont-roig del Camp\" \/>\n<meta property=\"article:published_time\" content=\"2016-06-06T08:34:17+00:00\" \/>\n<meta property=\"article:modified_time\" content=\"2016-06-06T10:13:05+00:00\" \/>\n<meta property=\"og:image\" content=\"https:\/\/mont-roig.cat\/wp-content\/uploads\/Cartell-Mercat-Trastos.jpg\" \/>\n\t<meta property=\"og:image:width\" content=\"1265\" \/>\n\t<meta property=\"og:image:height\" content=\"1755\" \/>\n\t<meta property=\"og:image:type\" content=\"image\/jpeg\" \/>\n<meta name=\"author\" content=\"administrador\" \/>\n<meta name=\"twitter:card\" content=\"summary_large_image\" \/>\n<meta name=\"twitter:label1\" content=\"Escrito por\" \/>\n\t<meta name=\"twitter:data1\" content=\"administrador\" \/>\n\t<meta name=\"twitter:label2\" content=\"Tiempo de lectura\" \/>\n\t<meta name=\"twitter:data2\" content=\"1 minuto\" \/>\n<script type=\"application\/ld+json\" class=\"yoast-schema-graph\">{\"@context\":\"https:\\\/\\\/schema.org\",\"@graph\":[{\"@type\":\"Article\",\"@id\":\"https:\\\/\\\/mont-roig.cat\\\/es\\\/actualitat\\\/noticies\\\/pon-venta-todo-lo-que-ya-no-utilizas-con-mercado-trastos-fuera\\\/#article\",\"isPartOf\":{\"@id\":\"https:\\\/\\\/mont-roig.cat\\\/es\\\/actualitat\\\/noticies\\\/pon-venta-todo-lo-que-ya-no-utilizas-con-mercado-trastos-fuera\\\/\"},\"author\":{\"name\":\"administrador\",\"@id\":\"https:\\\/\\\/mont-roig.cat\\\/es\\\/#\\\/schema\\\/person\\\/f2b111789f22b7d0c3bd6786c9128cba\"},\"headline\":\"Pon a la venta todo lo que ya no utilizas con el mercado &#8220;Trastos fuera&#8221;\",\"datePublished\":\"2016-06-06T08:34:17+00:00\",\"dateModified\":\"2016-06-06T10:13:05+00:00\",\"mainEntityOfPage\":{\"@id\":\"https:\\\/\\\/mont-roig.cat\\\/es\\\/actualitat\\\/noticies\\\/pon-venta-todo-lo-que-ya-no-utilizas-con-mercado-trastos-fuera\\\/\"},\"wordCount\":233,\"image\":{\"@id\":\"https:\\\/\\\/mont-roig.cat\\\/es\\\/actualitat\\\/noticies\\\/pon-venta-todo-lo-que-ya-no-utilizas-con-mercado-trastos-fuera\\\/#primaryimage\"},\"thumbnailUrl\":\"https:\\\/\\\/mont-roig.cat\\\/wp-content\\\/uploads\\\/Cartell-Mercat-Trastos.jpg\",\"articleSection\":[\"Limpieza viaria\"],\"inLanguage\":\"es\"},{\"@type\":\"WebPage\",\"@id\":\"https:\\\/\\\/mont-roig.cat\\\/es\\\/actualitat\\\/noticies\\\/pon-venta-todo-lo-que-ya-no-utilizas-con-mercado-trastos-fuera\\\/\",\"url\":\"https:\\\/\\\/mont-roig.cat\\\/es\\\/actualitat\\\/noticies\\\/pon-venta-todo-lo-que-ya-no-utilizas-con-mercado-trastos-fuera\\\/\",\"name\":\"Pon a la venta todo lo que ya no utilizas con el mercado \\\"Trastos fuera\\\" - Ajuntament de Mont-roig del Camp\",\"isPartOf\":{\"@id\":\"https:\\\/\\\/mont-roig.cat\\\/es\\\/#website\"},\"primaryImageOfPage\":{\"@id\":\"https:\\\/\\\/mont-roig.cat\\\/es\\\/actualitat\\\/noticies\\\/pon-venta-todo-lo-que-ya-no-utilizas-con-mercado-trastos-fuera\\\/#primaryimage\"},\"image\":{\"@id\":\"https:\\\/\\\/mont-roig.cat\\\/es\\\/actualitat\\\/noticies\\\/pon-venta-todo-lo-que-ya-no-utilizas-con-mercado-trastos-fuera\\\/#primaryimage\"},\"thumbnailUrl\":\"https:\\\/\\\/mont-roig.cat\\\/wp-content\\\/uploads\\\/Cartell-Mercat-Trastos.jpg\",\"datePublished\":\"2016-06-06T08:34:17+00:00\",\"dateModified\":\"2016-06-06T10:13:05+00:00\",\"author\":{\"@id\":\"https:\\\/\\\/mont-roig.cat\\\/es\\\/#\\\/schema\\\/person\\\/f2b111789f22b7d0c3bd6786c9128cba\"},\"breadcrumb\":{\"@id\":\"https:\\\/\\\/mont-roig.cat\\\/es\\\/actualitat\\\/noticies\\\/pon-venta-todo-lo-que-ya-no-utilizas-con-mercado-trastos-fuera\\\/#breadcrumb\"},\"inLanguage\":\"es\",\"potentialAction\":[{\"@type\":\"ReadAction\",\"target\":[\"https:\\\/\\\/mont-roig.cat\\\/es\\\/actualitat\\\/noticies\\\/pon-venta-todo-lo-que-ya-no-utilizas-con-mercado-trastos-fuera\\\/\"]}]},{\"@type\":\"ImageObject\",\"inLanguage\":\"es\",\"@id\":\"https:\\\/\\\/mont-roig.cat\\\/es\\\/actualitat\\\/noticies\\\/pon-venta-todo-lo-que-ya-no-utilizas-con-mercado-trastos-fuera\\\/#primaryimage\",\"url\":\"https:\\\/\\\/mont-roig.cat\\\/wp-content\\\/uploads\\\/Cartell-Mercat-Trastos.jpg\",\"contentUrl\":\"https:\\\/\\\/mont-roig.cat\\\/wp-content\\\/uploads\\\/Cartell-Mercat-Trastos.jpg\",\"width\":1265,\"height\":1755},{\"@type\":\"BreadcrumbList\",\"@id\":\"https:\\\/\\\/mont-roig.cat\\\/es\\\/actualitat\\\/noticies\\\/pon-venta-todo-lo-que-ya-no-utilizas-con-mercado-trastos-fuera\\\/#breadcrumb\",\"itemListElement\":[{\"@type\":\"ListItem\",\"position\":1,\"name\":\"Inici\",\"item\":\"https:\\\/\\\/mont-roig.cat\\\/es\\\/pagina-de-inicio\\\/\"},{\"@type\":\"ListItem\",\"position\":2,\"name\":\"Pon a la venta todo lo que ya no utilizas con el mercado &#8220;Trastos fuera&#8221;\"}]},{\"@type\":\"WebSite\",\"@id\":\"https:\\\/\\\/mont-roig.cat\\\/es\\\/#website\",\"url\":\"https:\\\/\\\/mont-roig.cat\\\/es\\\/\",\"name\":\"Ajuntament de Mont-roig del Camp\",\"description\":\"Tota la informaci\u00f3 sobre la instituci\u00f3, els seus \u00f2rgans de govern, actualitat, serveis i molt m\u00e9s.\",\"potentialAction\":[{\"@type\":\"SearchAction\",\"target\":{\"@type\":\"EntryPoint\",\"urlTemplate\":\"https:\\\/\\\/mont-roig.cat\\\/es\\\/?s={search_term_string}\"},\"query-input\":{\"@type\":\"PropertyValueSpecification\",\"valueRequired\":true,\"valueName\":\"search_term_string\"}}],\"inLanguage\":\"es\"},{\"@type\":\"Person\",\"@id\":\"https:\\\/\\\/mont-roig.cat\\\/es\\\/#\\\/schema\\\/person\\\/f2b111789f22b7d0c3bd6786c9128cba\",\"name\":\"administrador\",\"image\":{\"@type\":\"ImageObject\",\"inLanguage\":\"es\",\"@id\":\"https:\\\/\\\/secure.gravatar.com\\\/avatar\\\/9137aac6891e2595c9d3036fd83bcb653b4db3c946db4c7d9b9be193c3c944bb?s=96&d=mm&r=g\",\"url\":\"https:\\\/\\\/secure.gravatar.com\\\/avatar\\\/9137aac6891e2595c9d3036fd83bcb653b4db3c946db4c7d9b9be193c3c944bb?s=96&d=mm&r=g\",\"contentUrl\":\"https:\\\/\\\/secure.gravatar.com\\\/avatar\\\/9137aac6891e2595c9d3036fd83bcb653b4db3c946db4c7d9b9be193c3c944bb?s=96&d=mm&r=g\",\"caption\":\"administrador\"},\"url\":\"https:\\\/\\\/mont-roig.cat\\\/es\\\/actualitat\\\/noticies\\\/author\\\/administrador\\\/\"}]}<\/script>\n<!-- \/ Yoast SEO plugin. -->","yoast_head_json":{"title":"Pon a la venta todo lo que ya no utilizas con el mercado \"Trastos fuera\" - Ajuntament de Mont-roig del Camp","robots":{"index":"index","follow":"follow","max-snippet":"max-snippet:-1","max-image-preview":"max-image-preview:large","max-video-preview":"max-video-preview:-1"},"canonical":"https:\/\/mont-roig.cat\/es\/actualitat\/noticies\/pon-venta-todo-lo-que-ya-no-utilizas-con-mercado-trastos-fuera\/","og_locale":"es_ES","og_type":"article","og_title":"Pon a la venta todo lo que ya no utilizas con el mercado \"Trastos fuera\" - Ajuntament de Mont-roig del Camp","og_description":"La actividad tendr\u00e1 lugar el s\u00e1bado 18 de junio, de 15:30h a 21:30h, en calle\u00a0Valls con calle Pintor Fortuny de Miami Platja Se trata de un mercado de objetos usados o hechos con material reciclado con participaci\u00f3n gratuita y abierta a toda la ciudadan\u00eda La concejal\u00eda de Limpieza Viaria del Ayuntamiento de Mont-roig del Camp, [&hellip;]","og_url":"https:\/\/mont-roig.cat\/es\/actualitat\/noticies\/pon-venta-todo-lo-que-ya-no-utilizas-con-mercado-trastos-fuera\/","og_site_name":"Ajuntament de Mont-roig del Camp","article_published_time":"2016-06-06T08:34:17+00:00","article_modified_time":"2016-06-06T10:13:05+00:00","og_image":[{"width":1265,"height":1755,"url":"https:\/\/mont-roig.cat\/wp-content\/uploads\/Cartell-Mercat-Trastos.jpg","type":"image\/jpeg"}],"author":"administrador","twitter_card":"summary_large_image","twitter_misc":{"Escrito por":"administrador","Tiempo de lectura":"1 minuto"},"schema":{"@context":"https:\/\/schema.org","@graph":[{"@type":"Article","@id":"https:\/\/mont-roig.cat\/es\/actualitat\/noticies\/pon-venta-todo-lo-que-ya-no-utilizas-con-mercado-trastos-fuera\/#article","isPartOf":{"@id":"https:\/\/mont-roig.cat\/es\/actualitat\/noticies\/pon-venta-todo-lo-que-ya-no-utilizas-con-mercado-trastos-fuera\/"},"author":{"name":"administrador","@id":"https:\/\/mont-roig.cat\/es\/#\/schema\/person\/f2b111789f22b7d0c3bd6786c9128cba"},"headline":"Pon a la venta todo lo que ya no utilizas con el mercado &#8220;Trastos fuera&#8221;","datePublished":"2016-06-06T08:34:17+00:00","dateModified":"2016-06-06T10:13:05+00:00","mainEntityOfPage":{"@id":"https:\/\/mont-roig.cat\/es\/actualitat\/noticies\/pon-venta-todo-lo-que-ya-no-utilizas-con-mercado-trastos-fuera\/"},"wordCount":233,"image":{"@id":"https:\/\/mont-roig.cat\/es\/actualitat\/noticies\/pon-venta-todo-lo-que-ya-no-utilizas-con-mercado-trastos-fuera\/#primaryimage"},"thumbnailUrl":"https:\/\/mont-roig.cat\/wp-content\/uploads\/Cartell-Mercat-Trastos.jpg","articleSection":["Limpieza viaria"],"inLanguage":"es"},{"@type":"WebPage","@id":"https:\/\/mont-roig.cat\/es\/actualitat\/noticies\/pon-venta-todo-lo-que-ya-no-utilizas-con-mercado-trastos-fuera\/","url":"https:\/\/mont-roig.cat\/es\/actualitat\/noticies\/pon-venta-todo-lo-que-ya-no-utilizas-con-mercado-trastos-fuera\/","name":"Pon a la venta todo lo que ya no utilizas con el mercado \"Trastos fuera\" - Ajuntament de Mont-roig del Camp","isPartOf":{"@id":"https:\/\/mont-roig.cat\/es\/#website"},"primaryImageOfPage":{"@id":"https:\/\/mont-roig.cat\/es\/actualitat\/noticies\/pon-venta-todo-lo-que-ya-no-utilizas-con-mercado-trastos-fuera\/#primaryimage"},"image":{"@id":"https:\/\/mont-roig.cat\/es\/actualitat\/noticies\/pon-venta-todo-lo-que-ya-no-utilizas-con-mercado-trastos-fuera\/#primaryimage"},"thumbnailUrl":"https:\/\/mont-roig.cat\/wp-content\/uploads\/Cartell-Mercat-Trastos.jpg","datePublished":"2016-06-06T08:34:17+00:00","dateModified":"2016-06-06T10:13:05+00:00","author":{"@id":"https:\/\/mont-roig.cat\/es\/#\/schema\/person\/f2b111789f22b7d0c3bd6786c9128cba"},"breadcrumb":{"@id":"https:\/\/mont-roig.cat\/es\/actualitat\/noticies\/pon-venta-todo-lo-que-ya-no-utilizas-con-mercado-trastos-fuera\/#breadcrumb"},"inLanguage":"es","potentialAction":[{"@type":"ReadAction","target":["https:\/\/mont-roig.cat\/es\/actualitat\/noticies\/pon-venta-todo-lo-que-ya-no-utilizas-con-mercado-trastos-fuera\/"]}]},{"@type":"ImageObject","inLanguage":"es","@id":"https:\/\/mont-roig.cat\/es\/actualitat\/noticies\/pon-venta-todo-lo-que-ya-no-utilizas-con-mercado-trastos-fuera\/#primaryimage","url":"https:\/\/mont-roig.cat\/wp-content\/uploads\/Cartell-Mercat-Trastos.jpg","contentUrl":"https:\/\/mont-roig.cat\/wp-content\/uploads\/Cartell-Mercat-Trastos.jpg","width":1265,"height":1755},{"@type":"BreadcrumbList","@id":"https:\/\/mont-roig.cat\/es\/actualitat\/noticies\/pon-venta-todo-lo-que-ya-no-utilizas-con-mercado-trastos-fuera\/#breadcrumb","itemListElement":[{"@type":"ListItem","position":1,"name":"Inici","item":"https:\/\/mont-roig.cat\/es\/pagina-de-inicio\/"},{"@type":"ListItem","position":2,"name":"Pon a la venta todo lo que ya no utilizas con el mercado &#8220;Trastos fuera&#8221;"}]},{"@type":"WebSite","@id":"https:\/\/mont-roig.cat\/es\/#website","url":"https:\/\/mont-roig.cat\/es\/","name":"Ajuntament de Mont-roig del Camp","description":"Tota la informaci\u00f3 sobre la instituci\u00f3, els seus \u00f2rgans de govern, actualitat, serveis i molt m\u00e9s.","potentialAction":[{"@type":"SearchAction","target":{"@type":"EntryPoint","urlTemplate":"https:\/\/mont-roig.cat\/es\/?s={search_term_string}"},"query-input":{"@type":"PropertyValueSpecification","valueRequired":true,"valueName":"search_term_string"}}],"inLanguage":"es"},{"@type":"Person","@id":"https:\/\/mont-roig.cat\/es\/#\/schema\/person\/f2b111789f22b7d0c3bd6786c9128cba","name":"administrador","image":{"@type":"ImageObject","inLanguage":"es","@id":"https:\/\/secure.gravatar.com\/avatar\/9137aac6891e2595c9d3036fd83bcb653b4db3c946db4c7d9b9be193c3c944bb?s=96&d=mm&r=g","url":"https:\/\/secure.gravatar.com\/avatar\/9137aac6891e2595c9d3036fd83bcb653b4db3c946db4c7d9b9be193c3c944bb?s=96&d=mm&r=g","contentUrl":"https:\/\/secure.gravatar.com\/avatar\/9137aac6891e2595c9d3036fd83bcb653b4db3c946db4c7d9b9be193c3c944bb?s=96&d=mm&r=g","caption":"administrador"},"url":"https:\/\/mont-roig.cat\/es\/actualitat\/noticies\/author\/administrador\/"}]}},"_links":{"self":[{"href":"https:\/\/mont-roig.cat\/es\/wp-json\/wp\/v2\/posts\/11489","targetHints":{"allow":["GET"]}}],"collection":[{"href":"https:\/\/mont-roig.cat\/es\/wp-json\/wp\/v2\/posts"}],"about":[{"href":"https:\/\/mont-roig.cat\/es\/wp-json\/wp\/v2\/types\/post"}],"author":[{"embeddable":true,"href":"https:\/\/mont-roig.cat\/es\/wp-json\/wp\/v2\/users\/4"}],"replies":[{"embeddable":true,"href":"https:\/\/mont-roig.cat\/es\/wp-json\/wp\/v2\/comments?post=11489"}],"version-history":[{"count":0,"href":"https:\/\/mont-roig.cat\/es\/wp-json\/wp\/v2\/posts\/11489\/revisions"}],"wp:featuredmedia":[{"embeddable":true,"href":"https:\/\/mont-roig.cat\/es\/wp-json\/wp\/v2\/media\/11480"}],"wp:attachment":[{"href":"https:\/\/mont-roig.cat\/es\/wp-json\/wp\/v2\/media?parent=11489"}],"wp:term":[{"taxonomy":"category","embeddable":true,"href":"https:\/\/mont-roig.cat\/es\/wp-json\/wp\/v2\/categories?post=11489"},{"taxonomy":"post_tag","embeddable":true,"href":"https:\/\/mont-roig.cat\/es\/wp-json\/wp\/v2\/tags?post=11489"}],"curies":[{"name":"wp","href":"https:\/\/api.w.org\/{rel}","templated":true}]}}