{"id":11717,"date":"2016-06-22T11:59:50","date_gmt":"2016-06-22T09:59:50","guid":{"rendered":"http:\/\/mont-roig.cat\/es\/?p=11717"},"modified":"2016-06-22T11:59:50","modified_gmt":"2016-06-22T09:59:50","slug":"colegio-electoral-polideportivo-municipal-mont-roig-se-traslada-casal-jovenes-k1","status":"publish","type":"post","link":"https:\/\/mont-roig.cat\/es\/actualitat\/noticies\/colegio-electoral-polideportivo-municipal-mont-roig-se-traslada-casal-jovenes-k1\/","title":{"rendered":"El colegio electoral del polideportivo municipal de Mont-roig se traslada en el Casal de J\u00f3venes K1"},"content":{"rendered":"<div id=\"attachment_5413\" style=\"width: 310px\" class=\"wp-caption alignright\"><a href=\"http:\/\/mont-roig.cat\/wp-content\/uploads\/kasal k1.JPG\"><img loading=\"lazy\" decoding=\"async\" aria-describedby=\"caption-attachment-5413\" class=\"wp-image-5413\" src=\"http:\/\/mont-roig.cat\/wp-content\/uploads\/kasal k1.JPG\" alt=\"kasal k1\" width=\"300\" height=\"173\" \/><\/a><p id=\"caption-attachment-5413\" class=\"wp-caption-text\">El Casal de J\u00f3venes K1 ser\u00e1 uno de los colegios electorales de las elecciones Generales del 26-J<\/p><\/div>\n<p><strong>Un total de 7036 vecinos y vecinas del municipio est\u00e1n llamados a las urnas el pr\u00f3ximo domingo 26 de junio<\/strong><\/p>\n<p>Debido a las obras de reforma que se est\u00e1n llevando a cabo en el polideportivo municipal de Mont-roig del Camp, el colegio electoral que habitualmente se ubica en este espacio se trasladar\u00e1 al Casal de J\u00f3venes K1. Esta es la principal novedad de las elecciones Generales que se celebrar\u00e1n el pr\u00f3ximo domingo 26 de junio.<\/p>\n<p>As\u00ed pues, el municipio contar\u00e1 con 4 colegios electorales y hasta 14 mesas. Estas estar\u00e1n ubicadas en el Casal K1, con 4 mesas, al Polivalente de Miami Platja con 4 mesas, en la Oficina de Turismo de Las Poblas, con 1 mesa y en la Escuela Marcel\u00b7l\u00ed\u00a0Esquius, con 5 mesas.<\/p>\n<p>Seg\u00fan datos del censo municipal, un total de 7036 vecinos est\u00e1n llamados a las urnas. Por otra parte, las elecciones a las Cortes Generales, movilizar\u00e1n a 140 personas, entre personal de la administraci\u00f3n y miembros de las mesas electorales. Se trata de los 3 titulares y 6 suplentes para las 14 mesas electorales y los 14 representantes de la Administraci\u00f3n local.<\/p>\n<p>Los colegios electorales estar\u00e1n abiertos al p\u00fablico de las 9 de la ma\u00f1ana a las 8 de la tarde. Hora en que empezar\u00e1 el recuento de votos. El escrutinio es p\u00fablico.<\/p>\n","protected":false},"excerpt":{"rendered":"<p>Un total de 7036 vecinos y vecinas del municipio est\u00e1n llamados a las urnas el pr\u00f3ximo domingo 26 de junio Debido a las obras de reforma que se est\u00e1n llevando a cabo en el polideportivo municipal de Mont-roig del Camp, el colegio electoral que habitualmente se ubica en este espacio se trasladar\u00e1 al Casal de [&hellip;]<\/p>\n","protected":false},"author":4,"featured_media":5413,"comment_status":"closed","ping_status":"closed","sticky":false,"template":"","format":"standard","meta":{"inline_featured_image":false,"_monsterinsights_skip_tracking":false,"_monsterinsights_sitenote_active":false,"_monsterinsights_sitenote_note":"","_monsterinsights_sitenote_category":0,"footnotes":""},"categories":[98],"tags":[],"class_list":["post-11717","post","type-post","status-publish","format-standard","has-post-thumbnail","hentry","category-ayuntamiento"],"yoast_head":"<!-- This site is optimized with the Yoast SEO plugin v27.4 - https:\/\/yoast.com\/product\/yoast-seo-wordpress\/ -->\n<title>El colegio electoral del polideportivo municipal de Mont-roig se traslada en el Casal de J\u00f3venes K1 - Ajuntament de Mont-roig del Camp<\/title>\n<meta name=\"robots\" content=\"index, follow, max-snippet:-1, max-image-preview:large, max-video-preview:-1\" \/>\n<link rel=\"canonical\" href=\"https:\/\/mont-roig.cat\/es\/actualitat\/noticies\/colegio-electoral-polideportivo-municipal-mont-roig-se-traslada-casal-jovenes-k1\/\" \/>\n<meta property=\"og:locale\" content=\"es_ES\" \/>\n<meta property=\"og:type\" content=\"article\" \/>\n<meta property=\"og:title\" content=\"El colegio electoral del polideportivo municipal de Mont-roig se traslada en el Casal de J\u00f3venes K1 - Ajuntament de Mont-roig del Camp\" \/>\n<meta property=\"og:description\" content=\"Un total de 7036 vecinos y vecinas del municipio est\u00e1n llamados a las urnas el pr\u00f3ximo domingo 26 de junio Debido a las obras de reforma que se est\u00e1n llevando a cabo en el polideportivo municipal de Mont-roig del Camp, el colegio electoral que habitualmente se ubica en este espacio se trasladar\u00e1 al Casal de [&hellip;]\" \/>\n<meta property=\"og:url\" content=\"https:\/\/mont-roig.cat\/es\/actualitat\/noticies\/colegio-electoral-polideportivo-municipal-mont-roig-se-traslada-casal-jovenes-k1\/\" \/>\n<meta property=\"og:site_name\" content=\"Ajuntament de Mont-roig del Camp\" \/>\n<meta property=\"article:published_time\" content=\"2016-06-22T09:59:50+00:00\" \/>\n<meta property=\"og:image\" content=\"https:\/\/mont-roig.cat\/wp-content\/uploads\/kasal%20k1.JPG\" \/>\n\t<meta property=\"og:image:width\" content=\"1600\" \/>\n\t<meta property=\"og:image:height\" content=\"921\" \/>\n\t<meta property=\"og:image:type\" content=\"image\/jpeg\" \/>\n<meta name=\"author\" content=\"administrador\" \/>\n<meta name=\"twitter:card\" content=\"summary_large_image\" \/>\n<meta name=\"twitter:label1\" content=\"Escrito por\" \/>\n\t<meta name=\"twitter:data1\" content=\"administrador\" \/>\n\t<meta name=\"twitter:label2\" content=\"Tiempo de lectura\" \/>\n\t<meta name=\"twitter:data2\" content=\"1 minuto\" \/>\n<script type=\"application\/ld+json\" class=\"yoast-schema-graph\">{\"@context\":\"https:\\\/\\\/schema.org\",\"@graph\":[{\"@type\":\"Article\",\"@id\":\"https:\\\/\\\/mont-roig.cat\\\/es\\\/actualitat\\\/noticies\\\/colegio-electoral-polideportivo-municipal-mont-roig-se-traslada-casal-jovenes-k1\\\/#article\",\"isPartOf\":{\"@id\":\"https:\\\/\\\/mont-roig.cat\\\/es\\\/actualitat\\\/noticies\\\/colegio-electoral-polideportivo-municipal-mont-roig-se-traslada-casal-jovenes-k1\\\/\"},\"author\":{\"name\":\"administrador\",\"@id\":\"https:\\\/\\\/mont-roig.cat\\\/es\\\/#\\\/schema\\\/person\\\/f2b111789f22b7d0c3bd6786c9128cba\"},\"headline\":\"El colegio electoral del polideportivo municipal de Mont-roig se traslada en el Casal de J\u00f3venes K1\",\"datePublished\":\"2016-06-22T09:59:50+00:00\",\"mainEntityOfPage\":{\"@id\":\"https:\\\/\\\/mont-roig.cat\\\/es\\\/actualitat\\\/noticies\\\/colegio-electoral-polideportivo-municipal-mont-roig-se-traslada-casal-jovenes-k1\\\/\"},\"wordCount\":260,\"image\":{\"@id\":\"https:\\\/\\\/mont-roig.cat\\\/es\\\/actualitat\\\/noticies\\\/colegio-electoral-polideportivo-municipal-mont-roig-se-traslada-casal-jovenes-k1\\\/#primaryimage\"},\"thumbnailUrl\":\"https:\\\/\\\/mont-roig.cat\\\/wp-content\\\/uploads\\\/kasal k1.JPG\",\"articleSection\":[\"Ayuntamiento\"],\"inLanguage\":\"es\"},{\"@type\":\"WebPage\",\"@id\":\"https:\\\/\\\/mont-roig.cat\\\/es\\\/actualitat\\\/noticies\\\/colegio-electoral-polideportivo-municipal-mont-roig-se-traslada-casal-jovenes-k1\\\/\",\"url\":\"https:\\\/\\\/mont-roig.cat\\\/es\\\/actualitat\\\/noticies\\\/colegio-electoral-polideportivo-municipal-mont-roig-se-traslada-casal-jovenes-k1\\\/\",\"name\":\"El colegio electoral del polideportivo municipal de Mont-roig se traslada en el Casal de J\u00f3venes K1 - Ajuntament de Mont-roig del Camp\",\"isPartOf\":{\"@id\":\"https:\\\/\\\/mont-roig.cat\\\/es\\\/#website\"},\"primaryImageOfPage\":{\"@id\":\"https:\\\/\\\/mont-roig.cat\\\/es\\\/actualitat\\\/noticies\\\/colegio-electoral-polideportivo-municipal-mont-roig-se-traslada-casal-jovenes-k1\\\/#primaryimage\"},\"image\":{\"@id\":\"https:\\\/\\\/mont-roig.cat\\\/es\\\/actualitat\\\/noticies\\\/colegio-electoral-polideportivo-municipal-mont-roig-se-traslada-casal-jovenes-k1\\\/#primaryimage\"},\"thumbnailUrl\":\"https:\\\/\\\/mont-roig.cat\\\/wp-content\\\/uploads\\\/kasal k1.JPG\",\"datePublished\":\"2016-06-22T09:59:50+00:00\",\"author\":{\"@id\":\"https:\\\/\\\/mont-roig.cat\\\/es\\\/#\\\/schema\\\/person\\\/f2b111789f22b7d0c3bd6786c9128cba\"},\"breadcrumb\":{\"@id\":\"https:\\\/\\\/mont-roig.cat\\\/es\\\/actualitat\\\/noticies\\\/colegio-electoral-polideportivo-municipal-mont-roig-se-traslada-casal-jovenes-k1\\\/#breadcrumb\"},\"inLanguage\":\"es\",\"potentialAction\":[{\"@type\":\"ReadAction\",\"target\":[\"https:\\\/\\\/mont-roig.cat\\\/es\\\/actualitat\\\/noticies\\\/colegio-electoral-polideportivo-municipal-mont-roig-se-traslada-casal-jovenes-k1\\\/\"]}]},{\"@type\":\"ImageObject\",\"inLanguage\":\"es\",\"@id\":\"https:\\\/\\\/mont-roig.cat\\\/es\\\/actualitat\\\/noticies\\\/colegio-electoral-polideportivo-municipal-mont-roig-se-traslada-casal-jovenes-k1\\\/#primaryimage\",\"url\":\"https:\\\/\\\/mont-roig.cat\\\/wp-content\\\/uploads\\\/kasal k1.JPG\",\"contentUrl\":\"https:\\\/\\\/mont-roig.cat\\\/wp-content\\\/uploads\\\/kasal k1.JPG\",\"width\":1600,\"height\":921},{\"@type\":\"BreadcrumbList\",\"@id\":\"https:\\\/\\\/mont-roig.cat\\\/es\\\/actualitat\\\/noticies\\\/colegio-electoral-polideportivo-municipal-mont-roig-se-traslada-casal-jovenes-k1\\\/#breadcrumb\",\"itemListElement\":[{\"@type\":\"ListItem\",\"position\":1,\"name\":\"Inici\",\"item\":\"https:\\\/\\\/mont-roig.cat\\\/es\\\/pagina-de-inicio\\\/\"},{\"@type\":\"ListItem\",\"position\":2,\"name\":\"El colegio electoral del polideportivo municipal de Mont-roig se traslada en el Casal de J\u00f3venes K1\"}]},{\"@type\":\"WebSite\",\"@id\":\"https:\\\/\\\/mont-roig.cat\\\/es\\\/#website\",\"url\":\"https:\\\/\\\/mont-roig.cat\\\/es\\\/\",\"name\":\"Ajuntament de Mont-roig del Camp\",\"description\":\"Tota la informaci\u00f3 sobre la instituci\u00f3, els seus \u00f2rgans de govern, actualitat, serveis i molt m\u00e9s.\",\"potentialAction\":[{\"@type\":\"SearchAction\",\"target\":{\"@type\":\"EntryPoint\",\"urlTemplate\":\"https:\\\/\\\/mont-roig.cat\\\/es\\\/?s={search_term_string}\"},\"query-input\":{\"@type\":\"PropertyValueSpecification\",\"valueRequired\":true,\"valueName\":\"search_term_string\"}}],\"inLanguage\":\"es\"},{\"@type\":\"Person\",\"@id\":\"https:\\\/\\\/mont-roig.cat\\\/es\\\/#\\\/schema\\\/person\\\/f2b111789f22b7d0c3bd6786c9128cba\",\"name\":\"administrador\",\"image\":{\"@type\":\"ImageObject\",\"inLanguage\":\"es\",\"@id\":\"https:\\\/\\\/secure.gravatar.com\\\/avatar\\\/9137aac6891e2595c9d3036fd83bcb653b4db3c946db4c7d9b9be193c3c944bb?s=96&d=mm&r=g\",\"url\":\"https:\\\/\\\/secure.gravatar.com\\\/avatar\\\/9137aac6891e2595c9d3036fd83bcb653b4db3c946db4c7d9b9be193c3c944bb?s=96&d=mm&r=g\",\"contentUrl\":\"https:\\\/\\\/secure.gravatar.com\\\/avatar\\\/9137aac6891e2595c9d3036fd83bcb653b4db3c946db4c7d9b9be193c3c944bb?s=96&d=mm&r=g\",\"caption\":\"administrador\"},\"url\":\"https:\\\/\\\/mont-roig.cat\\\/es\\\/actualitat\\\/noticies\\\/author\\\/administrador\\\/\"}]}<\/script>\n<!-- \/ Yoast SEO plugin. -->","yoast_head_json":{"title":"El colegio electoral del polideportivo municipal de Mont-roig se traslada en el Casal de J\u00f3venes K1 - Ajuntament de Mont-roig del Camp","robots":{"index":"index","follow":"follow","max-snippet":"max-snippet:-1","max-image-preview":"max-image-preview:large","max-video-preview":"max-video-preview:-1"},"canonical":"https:\/\/mont-roig.cat\/es\/actualitat\/noticies\/colegio-electoral-polideportivo-municipal-mont-roig-se-traslada-casal-jovenes-k1\/","og_locale":"es_ES","og_type":"article","og_title":"El colegio electoral del polideportivo municipal de Mont-roig se traslada en el Casal de J\u00f3venes K1 - Ajuntament de Mont-roig del Camp","og_description":"Un total de 7036 vecinos y vecinas del municipio est\u00e1n llamados a las urnas el pr\u00f3ximo domingo 26 de junio Debido a las obras de reforma que se est\u00e1n llevando a cabo en el polideportivo municipal de Mont-roig del Camp, el colegio electoral que habitualmente se ubica en este espacio se trasladar\u00e1 al Casal de [&hellip;]","og_url":"https:\/\/mont-roig.cat\/es\/actualitat\/noticies\/colegio-electoral-polideportivo-municipal-mont-roig-se-traslada-casal-jovenes-k1\/","og_site_name":"Ajuntament de Mont-roig del Camp","article_published_time":"2016-06-22T09:59:50+00:00","og_image":[{"width":1600,"height":921,"url":"https:\/\/mont-roig.cat\/wp-content\/uploads\/kasal k1.JPG","type":"image\/jpeg"}],"author":"administrador","twitter_card":"summary_large_image","twitter_misc":{"Escrito por":"administrador","Tiempo de lectura":"1 minuto"},"schema":{"@context":"https:\/\/schema.org","@graph":[{"@type":"Article","@id":"https:\/\/mont-roig.cat\/es\/actualitat\/noticies\/colegio-electoral-polideportivo-municipal-mont-roig-se-traslada-casal-jovenes-k1\/#article","isPartOf":{"@id":"https:\/\/mont-roig.cat\/es\/actualitat\/noticies\/colegio-electoral-polideportivo-municipal-mont-roig-se-traslada-casal-jovenes-k1\/"},"author":{"name":"administrador","@id":"https:\/\/mont-roig.cat\/es\/#\/schema\/person\/f2b111789f22b7d0c3bd6786c9128cba"},"headline":"El colegio electoral del polideportivo municipal de Mont-roig se traslada en el Casal de J\u00f3venes K1","datePublished":"2016-06-22T09:59:50+00:00","mainEntityOfPage":{"@id":"https:\/\/mont-roig.cat\/es\/actualitat\/noticies\/colegio-electoral-polideportivo-municipal-mont-roig-se-traslada-casal-jovenes-k1\/"},"wordCount":260,"image":{"@id":"https:\/\/mont-roig.cat\/es\/actualitat\/noticies\/colegio-electoral-polideportivo-municipal-mont-roig-se-traslada-casal-jovenes-k1\/#primaryimage"},"thumbnailUrl":"https:\/\/mont-roig.cat\/wp-content\/uploads\/kasal k1.JPG","articleSection":["Ayuntamiento"],"inLanguage":"es"},{"@type":"WebPage","@id":"https:\/\/mont-roig.cat\/es\/actualitat\/noticies\/colegio-electoral-polideportivo-municipal-mont-roig-se-traslada-casal-jovenes-k1\/","url":"https:\/\/mont-roig.cat\/es\/actualitat\/noticies\/colegio-electoral-polideportivo-municipal-mont-roig-se-traslada-casal-jovenes-k1\/","name":"El colegio electoral del polideportivo municipal de Mont-roig se traslada en el Casal de J\u00f3venes K1 - Ajuntament de Mont-roig del Camp","isPartOf":{"@id":"https:\/\/mont-roig.cat\/es\/#website"},"primaryImageOfPage":{"@id":"https:\/\/mont-roig.cat\/es\/actualitat\/noticies\/colegio-electoral-polideportivo-municipal-mont-roig-se-traslada-casal-jovenes-k1\/#primaryimage"},"image":{"@id":"https:\/\/mont-roig.cat\/es\/actualitat\/noticies\/colegio-electoral-polideportivo-municipal-mont-roig-se-traslada-casal-jovenes-k1\/#primaryimage"},"thumbnailUrl":"https:\/\/mont-roig.cat\/wp-content\/uploads\/kasal k1.JPG","datePublished":"2016-06-22T09:59:50+00:00","author":{"@id":"https:\/\/mont-roig.cat\/es\/#\/schema\/person\/f2b111789f22b7d0c3bd6786c9128cba"},"breadcrumb":{"@id":"https:\/\/mont-roig.cat\/es\/actualitat\/noticies\/colegio-electoral-polideportivo-municipal-mont-roig-se-traslada-casal-jovenes-k1\/#breadcrumb"},"inLanguage":"es","potentialAction":[{"@type":"ReadAction","target":["https:\/\/mont-roig.cat\/es\/actualitat\/noticies\/colegio-electoral-polideportivo-municipal-mont-roig-se-traslada-casal-jovenes-k1\/"]}]},{"@type":"ImageObject","inLanguage":"es","@id":"https:\/\/mont-roig.cat\/es\/actualitat\/noticies\/colegio-electoral-polideportivo-municipal-mont-roig-se-traslada-casal-jovenes-k1\/#primaryimage","url":"https:\/\/mont-roig.cat\/wp-content\/uploads\/kasal k1.JPG","contentUrl":"https:\/\/mont-roig.cat\/wp-content\/uploads\/kasal k1.JPG","width":1600,"height":921},{"@type":"BreadcrumbList","@id":"https:\/\/mont-roig.cat\/es\/actualitat\/noticies\/colegio-electoral-polideportivo-municipal-mont-roig-se-traslada-casal-jovenes-k1\/#breadcrumb","itemListElement":[{"@type":"ListItem","position":1,"name":"Inici","item":"https:\/\/mont-roig.cat\/es\/pagina-de-inicio\/"},{"@type":"ListItem","position":2,"name":"El colegio electoral del polideportivo municipal de Mont-roig se traslada en el Casal de J\u00f3venes K1"}]},{"@type":"WebSite","@id":"https:\/\/mont-roig.cat\/es\/#website","url":"https:\/\/mont-roig.cat\/es\/","name":"Ajuntament de Mont-roig del Camp","description":"Tota la informaci\u00f3 sobre la instituci\u00f3, els seus \u00f2rgans de govern, actualitat, serveis i molt m\u00e9s.","potentialAction":[{"@type":"SearchAction","target":{"@type":"EntryPoint","urlTemplate":"https:\/\/mont-roig.cat\/es\/?s={search_term_string}"},"query-input":{"@type":"PropertyValueSpecification","valueRequired":true,"valueName":"search_term_string"}}],"inLanguage":"es"},{"@type":"Person","@id":"https:\/\/mont-roig.cat\/es\/#\/schema\/person\/f2b111789f22b7d0c3bd6786c9128cba","name":"administrador","image":{"@type":"ImageObject","inLanguage":"es","@id":"https:\/\/secure.gravatar.com\/avatar\/9137aac6891e2595c9d3036fd83bcb653b4db3c946db4c7d9b9be193c3c944bb?s=96&d=mm&r=g","url":"https:\/\/secure.gravatar.com\/avatar\/9137aac6891e2595c9d3036fd83bcb653b4db3c946db4c7d9b9be193c3c944bb?s=96&d=mm&r=g","contentUrl":"https:\/\/secure.gravatar.com\/avatar\/9137aac6891e2595c9d3036fd83bcb653b4db3c946db4c7d9b9be193c3c944bb?s=96&d=mm&r=g","caption":"administrador"},"url":"https:\/\/mont-roig.cat\/es\/actualitat\/noticies\/author\/administrador\/"}]}},"_links":{"self":[{"href":"https:\/\/mont-roig.cat\/es\/wp-json\/wp\/v2\/posts\/11717","targetHints":{"allow":["GET"]}}],"collection":[{"href":"https:\/\/mont-roig.cat\/es\/wp-json\/wp\/v2\/posts"}],"about":[{"href":"https:\/\/mont-roig.cat\/es\/wp-json\/wp\/v2\/types\/post"}],"author":[{"embeddable":true,"href":"https:\/\/mont-roig.cat\/es\/wp-json\/wp\/v2\/users\/4"}],"replies":[{"embeddable":true,"href":"https:\/\/mont-roig.cat\/es\/wp-json\/wp\/v2\/comments?post=11717"}],"version-history":[{"count":0,"href":"https:\/\/mont-roig.cat\/es\/wp-json\/wp\/v2\/posts\/11717\/revisions"}],"wp:featuredmedia":[{"embeddable":true,"href":"https:\/\/mont-roig.cat\/es\/wp-json\/wp\/v2\/media\/5413"}],"wp:attachment":[{"href":"https:\/\/mont-roig.cat\/es\/wp-json\/wp\/v2\/media?parent=11717"}],"wp:term":[{"taxonomy":"category","embeddable":true,"href":"https:\/\/mont-roig.cat\/es\/wp-json\/wp\/v2\/categories?post=11717"},{"taxonomy":"post_tag","embeddable":true,"href":"https:\/\/mont-roig.cat\/es\/wp-json\/wp\/v2\/tags?post=11717"}],"curies":[{"name":"wp","href":"https:\/\/api.w.org\/{rel}","templated":true}]}}