{"id":11752,"date":"2016-06-23T14:45:11","date_gmt":"2016-06-23T12:45:11","guid":{"rendered":"http:\/\/mont-roig.cat\/es\/?p=11752"},"modified":"2016-06-23T14:45:11","modified_gmt":"2016-06-23T12:45:11","slug":"vandellos-lhospitalet-linfant-y-mont-roig-camp-compartiran-tren-turistico","status":"publish","type":"post","link":"https:\/\/mont-roig.cat\/es\/actualitat\/noticies\/vandellos-lhospitalet-linfant-y-mont-roig-camp-compartiran-tren-turistico\/","title":{"rendered":"Vandell\u00f2s-l\u2019Hospitalet de l\u2019Infant y Mont-roig del Camp compartiran el tren tur\u00edstico"},"content":{"rendered":"<div id=\"attachment_11750\" style=\"width: 311px\" class=\"wp-caption alignright\"><a href=\"http:\/\/mont-roig.cat\/wp-content\/uploads\/Conveni-trenet-tur\u00edstic.jpg\"><img loading=\"lazy\" decoding=\"async\" aria-describedby=\"caption-attachment-11750\" class=\"wp-image-11750\" src=\"http:\/\/mont-roig.cat\/wp-content\/uploads\/Conveni-trenet-tur\u00edstic-500x281.jpg\" alt=\"Conveni trenet tur\u00edstic\" width=\"301\" height=\"169\" srcset=\"https:\/\/mont-roig.cat\/wp-content\/uploads\/Conveni-trenet-tur\u00edstic-500x281.jpg 500w, https:\/\/mont-roig.cat\/wp-content\/uploads\/Conveni-trenet-tur\u00edstic-768x432.jpg 768w, https:\/\/mont-roig.cat\/wp-content\/uploads\/Conveni-trenet-tur\u00edstic-1024x576.jpg 1024w\" sizes=\"auto, (max-width: 301px) 100vw, 301px\" \/><\/a><p id=\"caption-attachment-11750\" class=\"wp-caption-text\">Concejala de Turismo de Mont-roig del Camp, Yolanda P\u00e9rez, alcalde de Mont-roig del Camp, Fran Moracho, alcalde de Vandell\u00f2s-l\u2019Hospitalet de l\u2019infant, Alfons Garcia y concejala de Turismo de Vandell\u00f2s-l\u2019Hospitalet, Elidia L\u00f3pez.<\/p><\/div>\n<p><strong>El tren tur\u00edstico empezar\u00e1 a funcionar el d\u00eda 24 de junio y circular\u00e1 todos los d\u00edas hasta el 11 de septiembre<\/strong><\/p>\n<p>El alcalde de Vandell\u00f2s-l&#8217;Hospitalet de l&#8217;Infant, Alfons Garcia, y el de Mont-roig del Camp, Fran Morancho, han firmado este jueves al mediod\u00eda un convenio de colaboraci\u00f3n para compartir el tren tur\u00edstico. En virtud del acuerdo que han firmado los alcaldes de ambos municipios, el tren har\u00e1 el recorrido por las poblaciones de Hospitalet del Infant y Miami Platja. Esta acci\u00f3n conjunta y coordinada servir\u00e1 para potenciar la imagen de territorio.<\/p>\n<p>El Ayuntamiento de Vandell\u00f2s-l&#8217;Hospitalet de l&#8217;Infant, como propietario del tren, se har\u00e1 cargo de todos los gastos que se desprenden de su funcionamiento y tambi\u00e9n de los ingresos que se generen de la venta de tickets y los anuncios de publicidad . Por su parte, el Ayuntamiento de Mont-roig del Camp aportar\u00e1 5.000 euros en concepto de colaboraci\u00f3n, promoci\u00f3n y publicidad del tren tur\u00edstico.<\/p>\n<p>Adem\u00e1s, en el convenio tambi\u00e9n se ha establecido que los dos municipios financiar\u00e1n al 50% los costes del material gr\u00e1fico espec\u00edfico que se edite para la promoci\u00f3n del tren y que cada municipio se har\u00e1 cargo de los costes de se\u00f1alizaci\u00f3n que se emplace a su t\u00e9rmino y de la rotulaci\u00f3n con su respectivo logotipo.<\/p>\n<p>El servicio de tren tur\u00edstico comenzar\u00e1 a funcionar el d\u00eda 24 de junio y circular\u00e1 todos los d\u00edas hasta el 11 de septiembre y tendr\u00e1 un precio de 2 euros para los adultos, 1 euro para los menores de 10 a\u00f1os y gratis para menores de 4 a\u00f1os.<\/p>\n<p>Los dos alcaldes han destacado los beneficios de la colaboraci\u00f3n entre municipios para la promoci\u00f3n tur\u00edstica y para facilitar el tr\u00e1nsito de visitantes entre las dos poblaciones.<\/p>\n","protected":false},"excerpt":{"rendered":"<p>El tren tur\u00edstico empezar\u00e1 a funcionar el d\u00eda 24 de junio y circular\u00e1 todos los d\u00edas hasta el 11 de septiembre El alcalde de Vandell\u00f2s-l&#8217;Hospitalet de l&#8217;Infant, Alfons Garcia, y el de Mont-roig del Camp, Fran Morancho, han firmado este jueves al mediod\u00eda un convenio de colaboraci\u00f3n para compartir el tren tur\u00edstico. En virtud del [&hellip;]<\/p>\n","protected":false},"author":4,"featured_media":11750,"comment_status":"closed","ping_status":"closed","sticky":false,"template":"","format":"standard","meta":{"inline_featured_image":false,"_monsterinsights_skip_tracking":false,"_monsterinsights_sitenote_active":false,"_monsterinsights_sitenote_note":"","_monsterinsights_sitenote_category":0,"footnotes":""},"categories":[98,115],"tags":[],"class_list":["post-11752","post","type-post","status-publish","format-standard","has-post-thumbnail","hentry","category-ayuntamiento","category-turismo"],"yoast_head":"<!-- This site is optimized with the Yoast SEO plugin v27.4 - https:\/\/yoast.com\/product\/yoast-seo-wordpress\/ -->\n<title>Vandell\u00f2s-l\u2019Hospitalet de l\u2019Infant y Mont-roig del Camp compartiran el tren tur\u00edstico - Ajuntament de Mont-roig del Camp<\/title>\n<meta name=\"robots\" content=\"index, follow, max-snippet:-1, max-image-preview:large, max-video-preview:-1\" \/>\n<link rel=\"canonical\" href=\"https:\/\/mont-roig.cat\/es\/actualitat\/noticies\/vandellos-lhospitalet-linfant-y-mont-roig-camp-compartiran-tren-turistico\/\" \/>\n<meta property=\"og:locale\" content=\"es_ES\" \/>\n<meta property=\"og:type\" content=\"article\" \/>\n<meta property=\"og:title\" content=\"Vandell\u00f2s-l\u2019Hospitalet de l\u2019Infant y Mont-roig del Camp compartiran el tren tur\u00edstico - Ajuntament de Mont-roig del Camp\" \/>\n<meta property=\"og:description\" content=\"El tren tur\u00edstico empezar\u00e1 a funcionar el d\u00eda 24 de junio y circular\u00e1 todos los d\u00edas hasta el 11 de septiembre El alcalde de Vandell\u00f2s-l&#8217;Hospitalet de l&#8217;Infant, Alfons Garcia, y el de Mont-roig del Camp, Fran Morancho, han firmado este jueves al mediod\u00eda un convenio de colaboraci\u00f3n para compartir el tren tur\u00edstico. En virtud del [&hellip;]\" \/>\n<meta property=\"og:url\" content=\"https:\/\/mont-roig.cat\/es\/actualitat\/noticies\/vandellos-lhospitalet-linfant-y-mont-roig-camp-compartiran-tren-turistico\/\" \/>\n<meta property=\"og:site_name\" content=\"Ajuntament de Mont-roig del Camp\" \/>\n<meta property=\"article:published_time\" content=\"2016-06-23T12:45:11+00:00\" \/>\n<meta property=\"og:image\" content=\"https:\/\/mont-roig.cat\/wp-content\/uploads\/Conveni-trenet-tur\u00edstic-1024x576.jpg\" \/>\n\t<meta property=\"og:image:width\" content=\"1024\" \/>\n\t<meta property=\"og:image:height\" content=\"576\" \/>\n\t<meta property=\"og:image:type\" content=\"image\/jpeg\" \/>\n<meta name=\"author\" content=\"administrador\" \/>\n<meta name=\"twitter:card\" content=\"summary_large_image\" \/>\n<meta name=\"twitter:label1\" content=\"Escrito por\" \/>\n\t<meta name=\"twitter:data1\" content=\"administrador\" \/>\n\t<meta name=\"twitter:label2\" content=\"Tiempo de lectura\" \/>\n\t<meta name=\"twitter:data2\" content=\"2 minutos\" \/>\n<script type=\"application\/ld+json\" class=\"yoast-schema-graph\">{\"@context\":\"https:\\\/\\\/schema.org\",\"@graph\":[{\"@type\":\"Article\",\"@id\":\"https:\\\/\\\/mont-roig.cat\\\/es\\\/actualitat\\\/noticies\\\/vandellos-lhospitalet-linfant-y-mont-roig-camp-compartiran-tren-turistico\\\/#article\",\"isPartOf\":{\"@id\":\"https:\\\/\\\/mont-roig.cat\\\/es\\\/actualitat\\\/noticies\\\/vandellos-lhospitalet-linfant-y-mont-roig-camp-compartiran-tren-turistico\\\/\"},\"author\":{\"name\":\"administrador\",\"@id\":\"https:\\\/\\\/mont-roig.cat\\\/es\\\/#\\\/schema\\\/person\\\/f2b111789f22b7d0c3bd6786c9128cba\"},\"headline\":\"Vandell\u00f2s-l\u2019Hospitalet de l\u2019Infant y Mont-roig del Camp compartiran el tren tur\u00edstico\",\"datePublished\":\"2016-06-23T12:45:11+00:00\",\"mainEntityOfPage\":{\"@id\":\"https:\\\/\\\/mont-roig.cat\\\/es\\\/actualitat\\\/noticies\\\/vandellos-lhospitalet-linfant-y-mont-roig-camp-compartiran-tren-turistico\\\/\"},\"wordCount\":366,\"image\":{\"@id\":\"https:\\\/\\\/mont-roig.cat\\\/es\\\/actualitat\\\/noticies\\\/vandellos-lhospitalet-linfant-y-mont-roig-camp-compartiran-tren-turistico\\\/#primaryimage\"},\"thumbnailUrl\":\"https:\\\/\\\/mont-roig.cat\\\/wp-content\\\/uploads\\\/Conveni-trenet-tur\u00edstic.jpg\",\"articleSection\":[\"Ayuntamiento\",\"Turismo\"],\"inLanguage\":\"es\"},{\"@type\":\"WebPage\",\"@id\":\"https:\\\/\\\/mont-roig.cat\\\/es\\\/actualitat\\\/noticies\\\/vandellos-lhospitalet-linfant-y-mont-roig-camp-compartiran-tren-turistico\\\/\",\"url\":\"https:\\\/\\\/mont-roig.cat\\\/es\\\/actualitat\\\/noticies\\\/vandellos-lhospitalet-linfant-y-mont-roig-camp-compartiran-tren-turistico\\\/\",\"name\":\"Vandell\u00f2s-l\u2019Hospitalet de l\u2019Infant y Mont-roig del Camp compartiran el tren tur\u00edstico - Ajuntament de Mont-roig del Camp\",\"isPartOf\":{\"@id\":\"https:\\\/\\\/mont-roig.cat\\\/es\\\/#website\"},\"primaryImageOfPage\":{\"@id\":\"https:\\\/\\\/mont-roig.cat\\\/es\\\/actualitat\\\/noticies\\\/vandellos-lhospitalet-linfant-y-mont-roig-camp-compartiran-tren-turistico\\\/#primaryimage\"},\"image\":{\"@id\":\"https:\\\/\\\/mont-roig.cat\\\/es\\\/actualitat\\\/noticies\\\/vandellos-lhospitalet-linfant-y-mont-roig-camp-compartiran-tren-turistico\\\/#primaryimage\"},\"thumbnailUrl\":\"https:\\\/\\\/mont-roig.cat\\\/wp-content\\\/uploads\\\/Conveni-trenet-tur\u00edstic.jpg\",\"datePublished\":\"2016-06-23T12:45:11+00:00\",\"author\":{\"@id\":\"https:\\\/\\\/mont-roig.cat\\\/es\\\/#\\\/schema\\\/person\\\/f2b111789f22b7d0c3bd6786c9128cba\"},\"breadcrumb\":{\"@id\":\"https:\\\/\\\/mont-roig.cat\\\/es\\\/actualitat\\\/noticies\\\/vandellos-lhospitalet-linfant-y-mont-roig-camp-compartiran-tren-turistico\\\/#breadcrumb\"},\"inLanguage\":\"es\",\"potentialAction\":[{\"@type\":\"ReadAction\",\"target\":[\"https:\\\/\\\/mont-roig.cat\\\/es\\\/actualitat\\\/noticies\\\/vandellos-lhospitalet-linfant-y-mont-roig-camp-compartiran-tren-turistico\\\/\"]}]},{\"@type\":\"ImageObject\",\"inLanguage\":\"es\",\"@id\":\"https:\\\/\\\/mont-roig.cat\\\/es\\\/actualitat\\\/noticies\\\/vandellos-lhospitalet-linfant-y-mont-roig-camp-compartiran-tren-turistico\\\/#primaryimage\",\"url\":\"https:\\\/\\\/mont-roig.cat\\\/wp-content\\\/uploads\\\/Conveni-trenet-tur\u00edstic.jpg\",\"contentUrl\":\"https:\\\/\\\/mont-roig.cat\\\/wp-content\\\/uploads\\\/Conveni-trenet-tur\u00edstic.jpg\",\"width\":3264,\"height\":1836},{\"@type\":\"BreadcrumbList\",\"@id\":\"https:\\\/\\\/mont-roig.cat\\\/es\\\/actualitat\\\/noticies\\\/vandellos-lhospitalet-linfant-y-mont-roig-camp-compartiran-tren-turistico\\\/#breadcrumb\",\"itemListElement\":[{\"@type\":\"ListItem\",\"position\":1,\"name\":\"Inici\",\"item\":\"https:\\\/\\\/mont-roig.cat\\\/es\\\/pagina-de-inicio\\\/\"},{\"@type\":\"ListItem\",\"position\":2,\"name\":\"Vandell\u00f2s-l\u2019Hospitalet de l\u2019Infant y Mont-roig del Camp compartiran el tren tur\u00edstico\"}]},{\"@type\":\"WebSite\",\"@id\":\"https:\\\/\\\/mont-roig.cat\\\/es\\\/#website\",\"url\":\"https:\\\/\\\/mont-roig.cat\\\/es\\\/\",\"name\":\"Ajuntament de Mont-roig del Camp\",\"description\":\"Tota la informaci\u00f3 sobre la instituci\u00f3, els seus \u00f2rgans de govern, actualitat, serveis i molt m\u00e9s.\",\"potentialAction\":[{\"@type\":\"SearchAction\",\"target\":{\"@type\":\"EntryPoint\",\"urlTemplate\":\"https:\\\/\\\/mont-roig.cat\\\/es\\\/?s={search_term_string}\"},\"query-input\":{\"@type\":\"PropertyValueSpecification\",\"valueRequired\":true,\"valueName\":\"search_term_string\"}}],\"inLanguage\":\"es\"},{\"@type\":\"Person\",\"@id\":\"https:\\\/\\\/mont-roig.cat\\\/es\\\/#\\\/schema\\\/person\\\/f2b111789f22b7d0c3bd6786c9128cba\",\"name\":\"administrador\",\"image\":{\"@type\":\"ImageObject\",\"inLanguage\":\"es\",\"@id\":\"https:\\\/\\\/secure.gravatar.com\\\/avatar\\\/9137aac6891e2595c9d3036fd83bcb653b4db3c946db4c7d9b9be193c3c944bb?s=96&d=mm&r=g\",\"url\":\"https:\\\/\\\/secure.gravatar.com\\\/avatar\\\/9137aac6891e2595c9d3036fd83bcb653b4db3c946db4c7d9b9be193c3c944bb?s=96&d=mm&r=g\",\"contentUrl\":\"https:\\\/\\\/secure.gravatar.com\\\/avatar\\\/9137aac6891e2595c9d3036fd83bcb653b4db3c946db4c7d9b9be193c3c944bb?s=96&d=mm&r=g\",\"caption\":\"administrador\"},\"url\":\"https:\\\/\\\/mont-roig.cat\\\/es\\\/actualitat\\\/noticies\\\/author\\\/administrador\\\/\"}]}<\/script>\n<!-- \/ Yoast SEO plugin. -->","yoast_head_json":{"title":"Vandell\u00f2s-l\u2019Hospitalet de l\u2019Infant y Mont-roig del Camp compartiran el tren tur\u00edstico - Ajuntament de Mont-roig del Camp","robots":{"index":"index","follow":"follow","max-snippet":"max-snippet:-1","max-image-preview":"max-image-preview:large","max-video-preview":"max-video-preview:-1"},"canonical":"https:\/\/mont-roig.cat\/es\/actualitat\/noticies\/vandellos-lhospitalet-linfant-y-mont-roig-camp-compartiran-tren-turistico\/","og_locale":"es_ES","og_type":"article","og_title":"Vandell\u00f2s-l\u2019Hospitalet de l\u2019Infant y Mont-roig del Camp compartiran el tren tur\u00edstico - Ajuntament de Mont-roig del Camp","og_description":"El tren tur\u00edstico empezar\u00e1 a funcionar el d\u00eda 24 de junio y circular\u00e1 todos los d\u00edas hasta el 11 de septiembre El alcalde de Vandell\u00f2s-l&#8217;Hospitalet de l&#8217;Infant, Alfons Garcia, y el de Mont-roig del Camp, Fran Morancho, han firmado este jueves al mediod\u00eda un convenio de colaboraci\u00f3n para compartir el tren tur\u00edstico. En virtud del [&hellip;]","og_url":"https:\/\/mont-roig.cat\/es\/actualitat\/noticies\/vandellos-lhospitalet-linfant-y-mont-roig-camp-compartiran-tren-turistico\/","og_site_name":"Ajuntament de Mont-roig del Camp","article_published_time":"2016-06-23T12:45:11+00:00","og_image":[{"width":1024,"height":576,"url":"https:\/\/mont-roig.cat\/wp-content\/uploads\/Conveni-trenet-tur\u00edstic-1024x576.jpg","type":"image\/jpeg"}],"author":"administrador","twitter_card":"summary_large_image","twitter_misc":{"Escrito por":"administrador","Tiempo de lectura":"2 minutos"},"schema":{"@context":"https:\/\/schema.org","@graph":[{"@type":"Article","@id":"https:\/\/mont-roig.cat\/es\/actualitat\/noticies\/vandellos-lhospitalet-linfant-y-mont-roig-camp-compartiran-tren-turistico\/#article","isPartOf":{"@id":"https:\/\/mont-roig.cat\/es\/actualitat\/noticies\/vandellos-lhospitalet-linfant-y-mont-roig-camp-compartiran-tren-turistico\/"},"author":{"name":"administrador","@id":"https:\/\/mont-roig.cat\/es\/#\/schema\/person\/f2b111789f22b7d0c3bd6786c9128cba"},"headline":"Vandell\u00f2s-l\u2019Hospitalet de l\u2019Infant y Mont-roig del Camp compartiran el tren tur\u00edstico","datePublished":"2016-06-23T12:45:11+00:00","mainEntityOfPage":{"@id":"https:\/\/mont-roig.cat\/es\/actualitat\/noticies\/vandellos-lhospitalet-linfant-y-mont-roig-camp-compartiran-tren-turistico\/"},"wordCount":366,"image":{"@id":"https:\/\/mont-roig.cat\/es\/actualitat\/noticies\/vandellos-lhospitalet-linfant-y-mont-roig-camp-compartiran-tren-turistico\/#primaryimage"},"thumbnailUrl":"https:\/\/mont-roig.cat\/wp-content\/uploads\/Conveni-trenet-tur\u00edstic.jpg","articleSection":["Ayuntamiento","Turismo"],"inLanguage":"es"},{"@type":"WebPage","@id":"https:\/\/mont-roig.cat\/es\/actualitat\/noticies\/vandellos-lhospitalet-linfant-y-mont-roig-camp-compartiran-tren-turistico\/","url":"https:\/\/mont-roig.cat\/es\/actualitat\/noticies\/vandellos-lhospitalet-linfant-y-mont-roig-camp-compartiran-tren-turistico\/","name":"Vandell\u00f2s-l\u2019Hospitalet de l\u2019Infant y Mont-roig del Camp compartiran el tren tur\u00edstico - Ajuntament de Mont-roig del Camp","isPartOf":{"@id":"https:\/\/mont-roig.cat\/es\/#website"},"primaryImageOfPage":{"@id":"https:\/\/mont-roig.cat\/es\/actualitat\/noticies\/vandellos-lhospitalet-linfant-y-mont-roig-camp-compartiran-tren-turistico\/#primaryimage"},"image":{"@id":"https:\/\/mont-roig.cat\/es\/actualitat\/noticies\/vandellos-lhospitalet-linfant-y-mont-roig-camp-compartiran-tren-turistico\/#primaryimage"},"thumbnailUrl":"https:\/\/mont-roig.cat\/wp-content\/uploads\/Conveni-trenet-tur\u00edstic.jpg","datePublished":"2016-06-23T12:45:11+00:00","author":{"@id":"https:\/\/mont-roig.cat\/es\/#\/schema\/person\/f2b111789f22b7d0c3bd6786c9128cba"},"breadcrumb":{"@id":"https:\/\/mont-roig.cat\/es\/actualitat\/noticies\/vandellos-lhospitalet-linfant-y-mont-roig-camp-compartiran-tren-turistico\/#breadcrumb"},"inLanguage":"es","potentialAction":[{"@type":"ReadAction","target":["https:\/\/mont-roig.cat\/es\/actualitat\/noticies\/vandellos-lhospitalet-linfant-y-mont-roig-camp-compartiran-tren-turistico\/"]}]},{"@type":"ImageObject","inLanguage":"es","@id":"https:\/\/mont-roig.cat\/es\/actualitat\/noticies\/vandellos-lhospitalet-linfant-y-mont-roig-camp-compartiran-tren-turistico\/#primaryimage","url":"https:\/\/mont-roig.cat\/wp-content\/uploads\/Conveni-trenet-tur\u00edstic.jpg","contentUrl":"https:\/\/mont-roig.cat\/wp-content\/uploads\/Conveni-trenet-tur\u00edstic.jpg","width":3264,"height":1836},{"@type":"BreadcrumbList","@id":"https:\/\/mont-roig.cat\/es\/actualitat\/noticies\/vandellos-lhospitalet-linfant-y-mont-roig-camp-compartiran-tren-turistico\/#breadcrumb","itemListElement":[{"@type":"ListItem","position":1,"name":"Inici","item":"https:\/\/mont-roig.cat\/es\/pagina-de-inicio\/"},{"@type":"ListItem","position":2,"name":"Vandell\u00f2s-l\u2019Hospitalet de l\u2019Infant y Mont-roig del Camp compartiran el tren tur\u00edstico"}]},{"@type":"WebSite","@id":"https:\/\/mont-roig.cat\/es\/#website","url":"https:\/\/mont-roig.cat\/es\/","name":"Ajuntament de Mont-roig del Camp","description":"Tota la informaci\u00f3 sobre la instituci\u00f3, els seus \u00f2rgans de govern, actualitat, serveis i molt m\u00e9s.","potentialAction":[{"@type":"SearchAction","target":{"@type":"EntryPoint","urlTemplate":"https:\/\/mont-roig.cat\/es\/?s={search_term_string}"},"query-input":{"@type":"PropertyValueSpecification","valueRequired":true,"valueName":"search_term_string"}}],"inLanguage":"es"},{"@type":"Person","@id":"https:\/\/mont-roig.cat\/es\/#\/schema\/person\/f2b111789f22b7d0c3bd6786c9128cba","name":"administrador","image":{"@type":"ImageObject","inLanguage":"es","@id":"https:\/\/secure.gravatar.com\/avatar\/9137aac6891e2595c9d3036fd83bcb653b4db3c946db4c7d9b9be193c3c944bb?s=96&d=mm&r=g","url":"https:\/\/secure.gravatar.com\/avatar\/9137aac6891e2595c9d3036fd83bcb653b4db3c946db4c7d9b9be193c3c944bb?s=96&d=mm&r=g","contentUrl":"https:\/\/secure.gravatar.com\/avatar\/9137aac6891e2595c9d3036fd83bcb653b4db3c946db4c7d9b9be193c3c944bb?s=96&d=mm&r=g","caption":"administrador"},"url":"https:\/\/mont-roig.cat\/es\/actualitat\/noticies\/author\/administrador\/"}]}},"_links":{"self":[{"href":"https:\/\/mont-roig.cat\/es\/wp-json\/wp\/v2\/posts\/11752","targetHints":{"allow":["GET"]}}],"collection":[{"href":"https:\/\/mont-roig.cat\/es\/wp-json\/wp\/v2\/posts"}],"about":[{"href":"https:\/\/mont-roig.cat\/es\/wp-json\/wp\/v2\/types\/post"}],"author":[{"embeddable":true,"href":"https:\/\/mont-roig.cat\/es\/wp-json\/wp\/v2\/users\/4"}],"replies":[{"embeddable":true,"href":"https:\/\/mont-roig.cat\/es\/wp-json\/wp\/v2\/comments?post=11752"}],"version-history":[{"count":0,"href":"https:\/\/mont-roig.cat\/es\/wp-json\/wp\/v2\/posts\/11752\/revisions"}],"wp:featuredmedia":[{"embeddable":true,"href":"https:\/\/mont-roig.cat\/es\/wp-json\/wp\/v2\/media\/11750"}],"wp:attachment":[{"href":"https:\/\/mont-roig.cat\/es\/wp-json\/wp\/v2\/media?parent=11752"}],"wp:term":[{"taxonomy":"category","embeddable":true,"href":"https:\/\/mont-roig.cat\/es\/wp-json\/wp\/v2\/categories?post=11752"},{"taxonomy":"post_tag","embeddable":true,"href":"https:\/\/mont-roig.cat\/es\/wp-json\/wp\/v2\/tags?post=11752"}],"curies":[{"name":"wp","href":"https:\/\/api.w.org\/{rel}","templated":true}]}}