{"id":11768,"date":"2016-06-27T12:54:59","date_gmt":"2016-06-27T10:54:59","guid":{"rendered":"http:\/\/mont-roig.cat\/es\/?p=11768"},"modified":"2016-06-27T12:54:59","modified_gmt":"2016-06-27T10:54:59","slug":"resultados-elecciones-generales-26-j-mont-roig-camp","status":"publish","type":"post","link":"https:\/\/mont-roig.cat\/es\/actualitat\/noticies\/resultados-elecciones-generales-26-j-mont-roig-camp\/","title":{"rendered":"Resultados elecciones Generales del 26-J en Mont-roig del Camp"},"content":{"rendered":"<p><strong><a href=\"http:\/\/mont-roig.cat\/wp-content\/uploads\/elecciones-generales-2016-logo.png\"><img loading=\"lazy\" decoding=\"async\" class=\" wp-image-11766 alignright\" src=\"http:\/\/mont-roig.cat\/wp-content\/uploads\/elecciones-generales-2016-logo.png\" alt=\"elecciones-generales-2016-logo\" width=\"251\" height=\"177\" \/><\/a><\/strong><\/p>\n<p><strong>El municipio registra un 60,20% de participaci\u00f3n<\/strong><\/p>\n<p>Un total de 4236 vecinos y vecinas de Mont-roig, Miami Platja y las urbanizaciones han ejercido su derecho a voto en las elecciones a las Cortes Generales, celebradas este domingo 26 de junio. Una cifra que representa el 60,20% de participaci\u00f3n, 5 puntos menos que en las elecciones del 20 de diciembre de 2015.<\/p>\n<p>En cuanto al Congreso, por orden de resultados, En Com\u00fa Podem ha obtenido 810 votos, el Partido Popular 800, el PSC-PSOE 684, Esquerra Republicana de Catalunya-Catalunya S\u00ed 649, Ciudadanos 602, Convergencia Democr\u00e0tica de Catalunya 530, Partido Animalista Contra el Maltrato Animal 67, Recortes Cero- Grupo Verde 9 y Partit Comunista del Poble de Catalunya 5. Durante el escrutinio tambi\u00e9n se contabilizaron 39 votos en blanco y 41 votos nulos. Seg\u00fan el censo\u00a0municipal, en total, 7036 vecinos y vecinas del municipio estaban llamados a las urnas.<\/p>\n<p><em>Fuente: Ayuntamiento de Mont-roig del Camp<\/em><\/p>\n","protected":false},"excerpt":{"rendered":"<p>El municipio registra un 60,20% de participaci\u00f3n Un total de 4236 vecinos y vecinas de Mont-roig, Miami Platja y las urbanizaciones han ejercido su derecho a voto en las elecciones a las Cortes Generales, celebradas este domingo 26 de junio. Una cifra que representa el 60,20% de participaci\u00f3n, 5 puntos menos que en las elecciones [&hellip;]<\/p>\n","protected":false},"author":4,"featured_media":11766,"comment_status":"closed","ping_status":"closed","sticky":false,"template":"","format":"standard","meta":{"inline_featured_image":false,"_monsterinsights_skip_tracking":false,"_monsterinsights_sitenote_active":false,"_monsterinsights_sitenote_note":"","_monsterinsights_sitenote_category":0,"footnotes":""},"categories":[99],"tags":[],"class_list":["post-11768","post","type-post","status-publish","format-standard","has-post-thumbnail","hentry","category-otros"],"yoast_head":"<!-- This site is optimized with the Yoast SEO plugin v27.4 - https:\/\/yoast.com\/product\/yoast-seo-wordpress\/ -->\n<title>Resultados elecciones Generales del 26-J en Mont-roig del Camp - Ajuntament de Mont-roig del Camp<\/title>\n<meta name=\"robots\" content=\"index, follow, max-snippet:-1, max-image-preview:large, max-video-preview:-1\" \/>\n<link rel=\"canonical\" href=\"https:\/\/mont-roig.cat\/es\/actualitat\/noticies\/resultados-elecciones-generales-26-j-mont-roig-camp\/\" \/>\n<meta property=\"og:locale\" content=\"es_ES\" \/>\n<meta property=\"og:type\" content=\"article\" \/>\n<meta property=\"og:title\" content=\"Resultados elecciones Generales del 26-J en Mont-roig del Camp - Ajuntament de Mont-roig del Camp\" \/>\n<meta property=\"og:description\" content=\"El municipio registra un 60,20% de participaci\u00f3n Un total de 4236 vecinos y vecinas de Mont-roig, Miami Platja y las urbanizaciones han ejercido su derecho a voto en las elecciones a las Cortes Generales, celebradas este domingo 26 de junio. Una cifra que representa el 60,20% de participaci\u00f3n, 5 puntos menos que en las elecciones [&hellip;]\" \/>\n<meta property=\"og:url\" content=\"https:\/\/mont-roig.cat\/es\/actualitat\/noticies\/resultados-elecciones-generales-26-j-mont-roig-camp\/\" \/>\n<meta property=\"og:site_name\" content=\"Ajuntament de Mont-roig del Camp\" \/>\n<meta property=\"article:published_time\" content=\"2016-06-27T10:54:59+00:00\" \/>\n<meta property=\"og:image\" content=\"https:\/\/mont-roig.cat\/wp-content\/uploads\/elecciones-generales-2016-logo.png\" \/>\n\t<meta property=\"og:image:width\" content=\"338\" \/>\n\t<meta property=\"og:image:height\" content=\"238\" \/>\n\t<meta property=\"og:image:type\" content=\"image\/png\" \/>\n<meta name=\"author\" content=\"administrador\" \/>\n<meta name=\"twitter:card\" content=\"summary_large_image\" \/>\n<meta name=\"twitter:label1\" content=\"Escrito por\" \/>\n\t<meta name=\"twitter:data1\" content=\"administrador\" \/>\n\t<meta name=\"twitter:label2\" content=\"Tiempo de lectura\" \/>\n\t<meta name=\"twitter:data2\" content=\"1 minuto\" \/>\n<script type=\"application\/ld+json\" class=\"yoast-schema-graph\">{\"@context\":\"https:\\\/\\\/schema.org\",\"@graph\":[{\"@type\":\"Article\",\"@id\":\"https:\\\/\\\/mont-roig.cat\\\/es\\\/actualitat\\\/noticies\\\/resultados-elecciones-generales-26-j-mont-roig-camp\\\/#article\",\"isPartOf\":{\"@id\":\"https:\\\/\\\/mont-roig.cat\\\/es\\\/actualitat\\\/noticies\\\/resultados-elecciones-generales-26-j-mont-roig-camp\\\/\"},\"author\":{\"name\":\"administrador\",\"@id\":\"https:\\\/\\\/mont-roig.cat\\\/es\\\/#\\\/schema\\\/person\\\/f2b111789f22b7d0c3bd6786c9128cba\"},\"headline\":\"Resultados elecciones Generales del 26-J en Mont-roig del Camp\",\"datePublished\":\"2016-06-27T10:54:59+00:00\",\"mainEntityOfPage\":{\"@id\":\"https:\\\/\\\/mont-roig.cat\\\/es\\\/actualitat\\\/noticies\\\/resultados-elecciones-generales-26-j-mont-roig-camp\\\/\"},\"wordCount\":148,\"image\":{\"@id\":\"https:\\\/\\\/mont-roig.cat\\\/es\\\/actualitat\\\/noticies\\\/resultados-elecciones-generales-26-j-mont-roig-camp\\\/#primaryimage\"},\"thumbnailUrl\":\"https:\\\/\\\/mont-roig.cat\\\/wp-content\\\/uploads\\\/elecciones-generales-2016-logo.png\",\"articleSection\":[\"Otros\"],\"inLanguage\":\"es\"},{\"@type\":\"WebPage\",\"@id\":\"https:\\\/\\\/mont-roig.cat\\\/es\\\/actualitat\\\/noticies\\\/resultados-elecciones-generales-26-j-mont-roig-camp\\\/\",\"url\":\"https:\\\/\\\/mont-roig.cat\\\/es\\\/actualitat\\\/noticies\\\/resultados-elecciones-generales-26-j-mont-roig-camp\\\/\",\"name\":\"Resultados elecciones Generales del 26-J en Mont-roig del Camp - Ajuntament de Mont-roig del Camp\",\"isPartOf\":{\"@id\":\"https:\\\/\\\/mont-roig.cat\\\/es\\\/#website\"},\"primaryImageOfPage\":{\"@id\":\"https:\\\/\\\/mont-roig.cat\\\/es\\\/actualitat\\\/noticies\\\/resultados-elecciones-generales-26-j-mont-roig-camp\\\/#primaryimage\"},\"image\":{\"@id\":\"https:\\\/\\\/mont-roig.cat\\\/es\\\/actualitat\\\/noticies\\\/resultados-elecciones-generales-26-j-mont-roig-camp\\\/#primaryimage\"},\"thumbnailUrl\":\"https:\\\/\\\/mont-roig.cat\\\/wp-content\\\/uploads\\\/elecciones-generales-2016-logo.png\",\"datePublished\":\"2016-06-27T10:54:59+00:00\",\"author\":{\"@id\":\"https:\\\/\\\/mont-roig.cat\\\/es\\\/#\\\/schema\\\/person\\\/f2b111789f22b7d0c3bd6786c9128cba\"},\"breadcrumb\":{\"@id\":\"https:\\\/\\\/mont-roig.cat\\\/es\\\/actualitat\\\/noticies\\\/resultados-elecciones-generales-26-j-mont-roig-camp\\\/#breadcrumb\"},\"inLanguage\":\"es\",\"potentialAction\":[{\"@type\":\"ReadAction\",\"target\":[\"https:\\\/\\\/mont-roig.cat\\\/es\\\/actualitat\\\/noticies\\\/resultados-elecciones-generales-26-j-mont-roig-camp\\\/\"]}]},{\"@type\":\"ImageObject\",\"inLanguage\":\"es\",\"@id\":\"https:\\\/\\\/mont-roig.cat\\\/es\\\/actualitat\\\/noticies\\\/resultados-elecciones-generales-26-j-mont-roig-camp\\\/#primaryimage\",\"url\":\"https:\\\/\\\/mont-roig.cat\\\/wp-content\\\/uploads\\\/elecciones-generales-2016-logo.png\",\"contentUrl\":\"https:\\\/\\\/mont-roig.cat\\\/wp-content\\\/uploads\\\/elecciones-generales-2016-logo.png\",\"width\":338,\"height\":238},{\"@type\":\"BreadcrumbList\",\"@id\":\"https:\\\/\\\/mont-roig.cat\\\/es\\\/actualitat\\\/noticies\\\/resultados-elecciones-generales-26-j-mont-roig-camp\\\/#breadcrumb\",\"itemListElement\":[{\"@type\":\"ListItem\",\"position\":1,\"name\":\"Inici\",\"item\":\"https:\\\/\\\/mont-roig.cat\\\/es\\\/pagina-de-inicio\\\/\"},{\"@type\":\"ListItem\",\"position\":2,\"name\":\"Resultados elecciones Generales del 26-J en Mont-roig del Camp\"}]},{\"@type\":\"WebSite\",\"@id\":\"https:\\\/\\\/mont-roig.cat\\\/es\\\/#website\",\"url\":\"https:\\\/\\\/mont-roig.cat\\\/es\\\/\",\"name\":\"Ajuntament de Mont-roig del Camp\",\"description\":\"Tota la informaci\u00f3 sobre la instituci\u00f3, els seus \u00f2rgans de govern, actualitat, serveis i molt m\u00e9s.\",\"potentialAction\":[{\"@type\":\"SearchAction\",\"target\":{\"@type\":\"EntryPoint\",\"urlTemplate\":\"https:\\\/\\\/mont-roig.cat\\\/es\\\/?s={search_term_string}\"},\"query-input\":{\"@type\":\"PropertyValueSpecification\",\"valueRequired\":true,\"valueName\":\"search_term_string\"}}],\"inLanguage\":\"es\"},{\"@type\":\"Person\",\"@id\":\"https:\\\/\\\/mont-roig.cat\\\/es\\\/#\\\/schema\\\/person\\\/f2b111789f22b7d0c3bd6786c9128cba\",\"name\":\"administrador\",\"image\":{\"@type\":\"ImageObject\",\"inLanguage\":\"es\",\"@id\":\"https:\\\/\\\/secure.gravatar.com\\\/avatar\\\/9137aac6891e2595c9d3036fd83bcb653b4db3c946db4c7d9b9be193c3c944bb?s=96&d=mm&r=g\",\"url\":\"https:\\\/\\\/secure.gravatar.com\\\/avatar\\\/9137aac6891e2595c9d3036fd83bcb653b4db3c946db4c7d9b9be193c3c944bb?s=96&d=mm&r=g\",\"contentUrl\":\"https:\\\/\\\/secure.gravatar.com\\\/avatar\\\/9137aac6891e2595c9d3036fd83bcb653b4db3c946db4c7d9b9be193c3c944bb?s=96&d=mm&r=g\",\"caption\":\"administrador\"},\"url\":\"https:\\\/\\\/mont-roig.cat\\\/es\\\/actualitat\\\/noticies\\\/author\\\/administrador\\\/\"}]}<\/script>\n<!-- \/ Yoast SEO plugin. -->","yoast_head_json":{"title":"Resultados elecciones Generales del 26-J en Mont-roig del Camp - Ajuntament de Mont-roig del Camp","robots":{"index":"index","follow":"follow","max-snippet":"max-snippet:-1","max-image-preview":"max-image-preview:large","max-video-preview":"max-video-preview:-1"},"canonical":"https:\/\/mont-roig.cat\/es\/actualitat\/noticies\/resultados-elecciones-generales-26-j-mont-roig-camp\/","og_locale":"es_ES","og_type":"article","og_title":"Resultados elecciones Generales del 26-J en Mont-roig del Camp - Ajuntament de Mont-roig del Camp","og_description":"El municipio registra un 60,20% de participaci\u00f3n Un total de 4236 vecinos y vecinas de Mont-roig, Miami Platja y las urbanizaciones han ejercido su derecho a voto en las elecciones a las Cortes Generales, celebradas este domingo 26 de junio. Una cifra que representa el 60,20% de participaci\u00f3n, 5 puntos menos que en las elecciones [&hellip;]","og_url":"https:\/\/mont-roig.cat\/es\/actualitat\/noticies\/resultados-elecciones-generales-26-j-mont-roig-camp\/","og_site_name":"Ajuntament de Mont-roig del Camp","article_published_time":"2016-06-27T10:54:59+00:00","og_image":[{"width":338,"height":238,"url":"https:\/\/mont-roig.cat\/wp-content\/uploads\/elecciones-generales-2016-logo.png","type":"image\/png"}],"author":"administrador","twitter_card":"summary_large_image","twitter_misc":{"Escrito por":"administrador","Tiempo de lectura":"1 minuto"},"schema":{"@context":"https:\/\/schema.org","@graph":[{"@type":"Article","@id":"https:\/\/mont-roig.cat\/es\/actualitat\/noticies\/resultados-elecciones-generales-26-j-mont-roig-camp\/#article","isPartOf":{"@id":"https:\/\/mont-roig.cat\/es\/actualitat\/noticies\/resultados-elecciones-generales-26-j-mont-roig-camp\/"},"author":{"name":"administrador","@id":"https:\/\/mont-roig.cat\/es\/#\/schema\/person\/f2b111789f22b7d0c3bd6786c9128cba"},"headline":"Resultados elecciones Generales del 26-J en Mont-roig del Camp","datePublished":"2016-06-27T10:54:59+00:00","mainEntityOfPage":{"@id":"https:\/\/mont-roig.cat\/es\/actualitat\/noticies\/resultados-elecciones-generales-26-j-mont-roig-camp\/"},"wordCount":148,"image":{"@id":"https:\/\/mont-roig.cat\/es\/actualitat\/noticies\/resultados-elecciones-generales-26-j-mont-roig-camp\/#primaryimage"},"thumbnailUrl":"https:\/\/mont-roig.cat\/wp-content\/uploads\/elecciones-generales-2016-logo.png","articleSection":["Otros"],"inLanguage":"es"},{"@type":"WebPage","@id":"https:\/\/mont-roig.cat\/es\/actualitat\/noticies\/resultados-elecciones-generales-26-j-mont-roig-camp\/","url":"https:\/\/mont-roig.cat\/es\/actualitat\/noticies\/resultados-elecciones-generales-26-j-mont-roig-camp\/","name":"Resultados elecciones Generales del 26-J en Mont-roig del Camp - Ajuntament de Mont-roig del Camp","isPartOf":{"@id":"https:\/\/mont-roig.cat\/es\/#website"},"primaryImageOfPage":{"@id":"https:\/\/mont-roig.cat\/es\/actualitat\/noticies\/resultados-elecciones-generales-26-j-mont-roig-camp\/#primaryimage"},"image":{"@id":"https:\/\/mont-roig.cat\/es\/actualitat\/noticies\/resultados-elecciones-generales-26-j-mont-roig-camp\/#primaryimage"},"thumbnailUrl":"https:\/\/mont-roig.cat\/wp-content\/uploads\/elecciones-generales-2016-logo.png","datePublished":"2016-06-27T10:54:59+00:00","author":{"@id":"https:\/\/mont-roig.cat\/es\/#\/schema\/person\/f2b111789f22b7d0c3bd6786c9128cba"},"breadcrumb":{"@id":"https:\/\/mont-roig.cat\/es\/actualitat\/noticies\/resultados-elecciones-generales-26-j-mont-roig-camp\/#breadcrumb"},"inLanguage":"es","potentialAction":[{"@type":"ReadAction","target":["https:\/\/mont-roig.cat\/es\/actualitat\/noticies\/resultados-elecciones-generales-26-j-mont-roig-camp\/"]}]},{"@type":"ImageObject","inLanguage":"es","@id":"https:\/\/mont-roig.cat\/es\/actualitat\/noticies\/resultados-elecciones-generales-26-j-mont-roig-camp\/#primaryimage","url":"https:\/\/mont-roig.cat\/wp-content\/uploads\/elecciones-generales-2016-logo.png","contentUrl":"https:\/\/mont-roig.cat\/wp-content\/uploads\/elecciones-generales-2016-logo.png","width":338,"height":238},{"@type":"BreadcrumbList","@id":"https:\/\/mont-roig.cat\/es\/actualitat\/noticies\/resultados-elecciones-generales-26-j-mont-roig-camp\/#breadcrumb","itemListElement":[{"@type":"ListItem","position":1,"name":"Inici","item":"https:\/\/mont-roig.cat\/es\/pagina-de-inicio\/"},{"@type":"ListItem","position":2,"name":"Resultados elecciones Generales del 26-J en Mont-roig del Camp"}]},{"@type":"WebSite","@id":"https:\/\/mont-roig.cat\/es\/#website","url":"https:\/\/mont-roig.cat\/es\/","name":"Ajuntament de Mont-roig del Camp","description":"Tota la informaci\u00f3 sobre la instituci\u00f3, els seus \u00f2rgans de govern, actualitat, serveis i molt m\u00e9s.","potentialAction":[{"@type":"SearchAction","target":{"@type":"EntryPoint","urlTemplate":"https:\/\/mont-roig.cat\/es\/?s={search_term_string}"},"query-input":{"@type":"PropertyValueSpecification","valueRequired":true,"valueName":"search_term_string"}}],"inLanguage":"es"},{"@type":"Person","@id":"https:\/\/mont-roig.cat\/es\/#\/schema\/person\/f2b111789f22b7d0c3bd6786c9128cba","name":"administrador","image":{"@type":"ImageObject","inLanguage":"es","@id":"https:\/\/secure.gravatar.com\/avatar\/9137aac6891e2595c9d3036fd83bcb653b4db3c946db4c7d9b9be193c3c944bb?s=96&d=mm&r=g","url":"https:\/\/secure.gravatar.com\/avatar\/9137aac6891e2595c9d3036fd83bcb653b4db3c946db4c7d9b9be193c3c944bb?s=96&d=mm&r=g","contentUrl":"https:\/\/secure.gravatar.com\/avatar\/9137aac6891e2595c9d3036fd83bcb653b4db3c946db4c7d9b9be193c3c944bb?s=96&d=mm&r=g","caption":"administrador"},"url":"https:\/\/mont-roig.cat\/es\/actualitat\/noticies\/author\/administrador\/"}]}},"_links":{"self":[{"href":"https:\/\/mont-roig.cat\/es\/wp-json\/wp\/v2\/posts\/11768","targetHints":{"allow":["GET"]}}],"collection":[{"href":"https:\/\/mont-roig.cat\/es\/wp-json\/wp\/v2\/posts"}],"about":[{"href":"https:\/\/mont-roig.cat\/es\/wp-json\/wp\/v2\/types\/post"}],"author":[{"embeddable":true,"href":"https:\/\/mont-roig.cat\/es\/wp-json\/wp\/v2\/users\/4"}],"replies":[{"embeddable":true,"href":"https:\/\/mont-roig.cat\/es\/wp-json\/wp\/v2\/comments?post=11768"}],"version-history":[{"count":0,"href":"https:\/\/mont-roig.cat\/es\/wp-json\/wp\/v2\/posts\/11768\/revisions"}],"wp:featuredmedia":[{"embeddable":true,"href":"https:\/\/mont-roig.cat\/es\/wp-json\/wp\/v2\/media\/11766"}],"wp:attachment":[{"href":"https:\/\/mont-roig.cat\/es\/wp-json\/wp\/v2\/media?parent=11768"}],"wp:term":[{"taxonomy":"category","embeddable":true,"href":"https:\/\/mont-roig.cat\/es\/wp-json\/wp\/v2\/categories?post=11768"},{"taxonomy":"post_tag","embeddable":true,"href":"https:\/\/mont-roig.cat\/es\/wp-json\/wp\/v2\/tags?post=11768"}],"curies":[{"name":"wp","href":"https:\/\/api.w.org\/{rel}","templated":true}]}}