{"id":12131,"date":"2016-07-13T14:58:48","date_gmt":"2016-07-13T12:58:48","guid":{"rendered":"http:\/\/mont-roig.cat\/es\/?p=12131"},"modified":"2016-07-13T14:58:48","modified_gmt":"2016-07-13T12:58:48","slug":"pleno-ayuntamiento-retira-titulo-alcalde-honorifico-y-perpetuo-mont-roig-camp-dictador-franco","status":"publish","type":"post","link":"https:\/\/mont-roig.cat\/es\/actualitat\/noticies\/pleno-ayuntamiento-retira-titulo-alcalde-honorifico-y-perpetuo-mont-roig-camp-dictador-franco\/","title":{"rendered":"El Pleno del Ayuntamiento retira el t\u00edtulo de alcalde honor\u00edfico y perpetuo de Mont-roig del Camp al dictador Franco"},"content":{"rendered":"<div id=\"attachment_12127\" style=\"width: 310px\" class=\"wp-caption alignright\"><a href=\"http:\/\/mont-roig.cat\/wp-content\/uploads\/Ple-Ajuntament-de-Mont-roig-del-Camp-13-juliol-de-2016.jpg\"><img loading=\"lazy\" decoding=\"async\" aria-describedby=\"caption-attachment-12127\" class=\"wp-image-12127\" src=\"http:\/\/mont-roig.cat\/wp-content\/uploads\/Ple-Ajuntament-de-Mont-roig-del-Camp-13-juliol-de-2016-500x375.jpg\" alt=\"Ple Ajuntament de Mont-roig del Camp 13 juliol de 2016\" width=\"300\" height=\"225\" srcset=\"https:\/\/mont-roig.cat\/wp-content\/uploads\/Ple-Ajuntament-de-Mont-roig-del-Camp-13-juliol-de-2016-500x375.jpg 500w, https:\/\/mont-roig.cat\/wp-content\/uploads\/Ple-Ajuntament-de-Mont-roig-del-Camp-13-juliol-de-2016-768x576.jpg 768w, https:\/\/mont-roig.cat\/wp-content\/uploads\/Ple-Ajuntament-de-Mont-roig-del-Camp-13-juliol-de-2016-1024x768.jpg 1024w, https:\/\/mont-roig.cat\/wp-content\/uploads\/Ple-Ajuntament-de-Mont-roig-del-Camp-13-juliol-de-2016-463x348.jpg 463w, https:\/\/mont-roig.cat\/wp-content\/uploads\/Ple-Ajuntament-de-Mont-roig-del-Camp-13-juliol-de-2016.jpg 1600w\" sizes=\"auto, (max-width: 300px) 100vw, 300px\" \/><\/a><p id=\"caption-attachment-12127\" class=\"wp-caption-text\">Pleno Ayuntamiento de Mont-roig del Camp 13 de julio de 2016<\/p><\/div>\n<ul>\n<li><strong>La sesi\u00f3n plenaria designa los d\u00edas 20 de marzo, 25 de julio, 8 y 29 de septiembre como fiestas locales para el a\u00f1o 2017<\/strong><\/li>\n<\/ul>\n<p>El Pleno del Ayuntamiento de Mont-roig del Camp, celebrado este mi\u00e9rcoles al mediod\u00eda, ha revocado el nombramiento del dictador Francisco Franco Bahamonde como Alcalde Honorario y Perpetuo del municipio.<\/p>\n<p>Con este punto del orden del d\u00eda, que ha sido aprobado con el voto a favor de todos los concejales excepto el de Juan Gallardo del grupo municipal PIMM, se ha revocado y anulado el acuerdo del pleno extraordinario que el Ayuntamiento de Mont-roig del Camp llev\u00f3 a cabo el 31 de marzo de 1964. Fecha en que el Gobernador Civil de Tarragona impuso a los ayuntamientos de la provincia el otorgamiento del t\u00edtulo de &#8220;Alcalde Honorario y Perpetuo&#8221; al dictador Francisco Franco, en conmemoraci\u00f3n del 25 aniversario del fin de la Guerra Civil Espa\u00f1ola.<\/p>\n<p>Mont-roig del Camp no fue una excepci\u00f3n, y dado que una vez muerto el dictador y restablecida la democracia no se procedi\u00f3 a retirar este nombramiento, Franco segu\u00eda siendo alcalde honor\u00edfico y perpetuo del municipio.<\/p>\n<p>Los concejales de la corporaci\u00f3n han compartido la necesidad de derogar este t\u00edtulo honor\u00edfico, as\u00ed como cualquier otra menci\u00f3n, t\u00edtulo o nombramiento que hubiera podido recibir \u00e9l u otros representantes de su r\u00e9gimen en el municipio. El Pleno del Ayuntamiento, tambi\u00e9n ha aprobado retirar cualquier s\u00edmbolo, placa o elemento f\u00edsico que haga exaltaci\u00f3n del r\u00e9gimen franquista o cualquiera de sus dirigentes de los espacios p\u00fablicos del municipio, en caso de que pudieran permanecer y notificar el acuerdo adoptado en esta sesi\u00f3n plenaria al gobierno del Estado.<\/p>\n<p><strong>Designaci\u00f3n de las fiestas locales 2017<\/strong><\/p>\n<p>Otro de los puntos del orden del d\u00eda que se han aprobado ha sido la designaci\u00f3n de las fiestas locales para el a\u00f1o 2017. Como es habitual los d\u00edas designados coinciden con las festividades locales de San Josep, Sant Jaume, Mare de D\u00e9u de la Roca y Sant miquel.\u00a0Debido a que este 2017 el d\u00eda 19 de marzo cae\u00a0en domingo y una vez hecha la consulta a\u00a0los comerciantes locales se ha establecido como d\u00eda festivo el 20 de marzo.<\/p>\n<p>&nbsp;<\/p>\n","protected":false},"excerpt":{"rendered":"<p>La sesi\u00f3n plenaria designa los d\u00edas 20 de marzo, 25 de julio, 8 y 29 de septiembre como fiestas locales para el a\u00f1o 2017 El Pleno del Ayuntamiento de Mont-roig del Camp, celebrado este mi\u00e9rcoles al mediod\u00eda, ha revocado el nombramiento del dictador Francisco Franco Bahamonde como Alcalde Honorario y Perpetuo del municipio. Con este [&hellip;]<\/p>\n","protected":false},"author":4,"featured_media":12127,"comment_status":"closed","ping_status":"closed","sticky":false,"template":"","format":"standard","meta":{"inline_featured_image":false,"_monsterinsights_skip_tracking":false,"_monsterinsights_sitenote_active":false,"_monsterinsights_sitenote_note":"","_monsterinsights_sitenote_category":0,"footnotes":""},"categories":[98],"tags":[],"class_list":["post-12131","post","type-post","status-publish","format-standard","has-post-thumbnail","hentry","category-ayuntamiento"],"yoast_head":"<!-- This site is optimized with the Yoast SEO plugin v27.4 - https:\/\/yoast.com\/product\/yoast-seo-wordpress\/ -->\n<title>El Pleno del Ayuntamiento retira el t\u00edtulo de alcalde honor\u00edfico y perpetuo de Mont-roig del Camp al dictador Franco - Ajuntament de Mont-roig del Camp<\/title>\n<meta name=\"robots\" content=\"index, follow, max-snippet:-1, max-image-preview:large, max-video-preview:-1\" \/>\n<link rel=\"canonical\" href=\"https:\/\/mont-roig.cat\/es\/actualitat\/noticies\/pleno-ayuntamiento-retira-titulo-alcalde-honorifico-y-perpetuo-mont-roig-camp-dictador-franco\/\" \/>\n<meta property=\"og:locale\" content=\"es_ES\" \/>\n<meta property=\"og:type\" content=\"article\" \/>\n<meta property=\"og:title\" content=\"El Pleno del Ayuntamiento retira el t\u00edtulo de alcalde honor\u00edfico y perpetuo de Mont-roig del Camp al dictador Franco - Ajuntament de Mont-roig del Camp\" \/>\n<meta property=\"og:description\" content=\"La sesi\u00f3n plenaria designa los d\u00edas 20 de marzo, 25 de julio, 8 y 29 de septiembre como fiestas locales para el a\u00f1o 2017 El Pleno del Ayuntamiento de Mont-roig del Camp, celebrado este mi\u00e9rcoles al mediod\u00eda, ha revocado el nombramiento del dictador Francisco Franco Bahamonde como Alcalde Honorario y Perpetuo del municipio. Con este [&hellip;]\" \/>\n<meta property=\"og:url\" content=\"https:\/\/mont-roig.cat\/es\/actualitat\/noticies\/pleno-ayuntamiento-retira-titulo-alcalde-honorifico-y-perpetuo-mont-roig-camp-dictador-franco\/\" \/>\n<meta property=\"og:site_name\" content=\"Ajuntament de Mont-roig del Camp\" \/>\n<meta property=\"article:published_time\" content=\"2016-07-13T12:58:48+00:00\" \/>\n<meta property=\"og:image\" content=\"https:\/\/mont-roig.cat\/wp-content\/uploads\/Ple-Ajuntament-de-Mont-roig-del-Camp-13-juliol-de-2016.jpg\" \/>\n\t<meta property=\"og:image:width\" content=\"1600\" \/>\n\t<meta property=\"og:image:height\" content=\"1200\" \/>\n\t<meta property=\"og:image:type\" content=\"image\/jpeg\" \/>\n<meta name=\"author\" content=\"administrador\" \/>\n<meta name=\"twitter:card\" content=\"summary_large_image\" \/>\n<meta name=\"twitter:label1\" content=\"Escrito por\" \/>\n\t<meta name=\"twitter:data1\" content=\"administrador\" \/>\n\t<meta name=\"twitter:label2\" content=\"Tiempo de lectura\" \/>\n\t<meta name=\"twitter:data2\" content=\"2 minutos\" \/>\n<script type=\"application\/ld+json\" class=\"yoast-schema-graph\">{\"@context\":\"https:\\\/\\\/schema.org\",\"@graph\":[{\"@type\":\"Article\",\"@id\":\"https:\\\/\\\/mont-roig.cat\\\/es\\\/actualitat\\\/noticies\\\/pleno-ayuntamiento-retira-titulo-alcalde-honorifico-y-perpetuo-mont-roig-camp-dictador-franco\\\/#article\",\"isPartOf\":{\"@id\":\"https:\\\/\\\/mont-roig.cat\\\/es\\\/actualitat\\\/noticies\\\/pleno-ayuntamiento-retira-titulo-alcalde-honorifico-y-perpetuo-mont-roig-camp-dictador-franco\\\/\"},\"author\":{\"name\":\"administrador\",\"@id\":\"https:\\\/\\\/mont-roig.cat\\\/es\\\/#\\\/schema\\\/person\\\/f2b111789f22b7d0c3bd6786c9128cba\"},\"headline\":\"El Pleno del Ayuntamiento retira el t\u00edtulo de alcalde honor\u00edfico y perpetuo de Mont-roig del Camp al dictador Franco\",\"datePublished\":\"2016-07-13T12:58:48+00:00\",\"mainEntityOfPage\":{\"@id\":\"https:\\\/\\\/mont-roig.cat\\\/es\\\/actualitat\\\/noticies\\\/pleno-ayuntamiento-retira-titulo-alcalde-honorifico-y-perpetuo-mont-roig-camp-dictador-franco\\\/\"},\"wordCount\":415,\"image\":{\"@id\":\"https:\\\/\\\/mont-roig.cat\\\/es\\\/actualitat\\\/noticies\\\/pleno-ayuntamiento-retira-titulo-alcalde-honorifico-y-perpetuo-mont-roig-camp-dictador-franco\\\/#primaryimage\"},\"thumbnailUrl\":\"https:\\\/\\\/mont-roig.cat\\\/wp-content\\\/uploads\\\/Ple-Ajuntament-de-Mont-roig-del-Camp-13-juliol-de-2016.jpg\",\"articleSection\":[\"Ayuntamiento\"],\"inLanguage\":\"es\"},{\"@type\":\"WebPage\",\"@id\":\"https:\\\/\\\/mont-roig.cat\\\/es\\\/actualitat\\\/noticies\\\/pleno-ayuntamiento-retira-titulo-alcalde-honorifico-y-perpetuo-mont-roig-camp-dictador-franco\\\/\",\"url\":\"https:\\\/\\\/mont-roig.cat\\\/es\\\/actualitat\\\/noticies\\\/pleno-ayuntamiento-retira-titulo-alcalde-honorifico-y-perpetuo-mont-roig-camp-dictador-franco\\\/\",\"name\":\"El Pleno del Ayuntamiento retira el t\u00edtulo de alcalde honor\u00edfico y perpetuo de Mont-roig del Camp al dictador Franco - Ajuntament de Mont-roig del Camp\",\"isPartOf\":{\"@id\":\"https:\\\/\\\/mont-roig.cat\\\/es\\\/#website\"},\"primaryImageOfPage\":{\"@id\":\"https:\\\/\\\/mont-roig.cat\\\/es\\\/actualitat\\\/noticies\\\/pleno-ayuntamiento-retira-titulo-alcalde-honorifico-y-perpetuo-mont-roig-camp-dictador-franco\\\/#primaryimage\"},\"image\":{\"@id\":\"https:\\\/\\\/mont-roig.cat\\\/es\\\/actualitat\\\/noticies\\\/pleno-ayuntamiento-retira-titulo-alcalde-honorifico-y-perpetuo-mont-roig-camp-dictador-franco\\\/#primaryimage\"},\"thumbnailUrl\":\"https:\\\/\\\/mont-roig.cat\\\/wp-content\\\/uploads\\\/Ple-Ajuntament-de-Mont-roig-del-Camp-13-juliol-de-2016.jpg\",\"datePublished\":\"2016-07-13T12:58:48+00:00\",\"author\":{\"@id\":\"https:\\\/\\\/mont-roig.cat\\\/es\\\/#\\\/schema\\\/person\\\/f2b111789f22b7d0c3bd6786c9128cba\"},\"breadcrumb\":{\"@id\":\"https:\\\/\\\/mont-roig.cat\\\/es\\\/actualitat\\\/noticies\\\/pleno-ayuntamiento-retira-titulo-alcalde-honorifico-y-perpetuo-mont-roig-camp-dictador-franco\\\/#breadcrumb\"},\"inLanguage\":\"es\",\"potentialAction\":[{\"@type\":\"ReadAction\",\"target\":[\"https:\\\/\\\/mont-roig.cat\\\/es\\\/actualitat\\\/noticies\\\/pleno-ayuntamiento-retira-titulo-alcalde-honorifico-y-perpetuo-mont-roig-camp-dictador-franco\\\/\"]}]},{\"@type\":\"ImageObject\",\"inLanguage\":\"es\",\"@id\":\"https:\\\/\\\/mont-roig.cat\\\/es\\\/actualitat\\\/noticies\\\/pleno-ayuntamiento-retira-titulo-alcalde-honorifico-y-perpetuo-mont-roig-camp-dictador-franco\\\/#primaryimage\",\"url\":\"https:\\\/\\\/mont-roig.cat\\\/wp-content\\\/uploads\\\/Ple-Ajuntament-de-Mont-roig-del-Camp-13-juliol-de-2016.jpg\",\"contentUrl\":\"https:\\\/\\\/mont-roig.cat\\\/wp-content\\\/uploads\\\/Ple-Ajuntament-de-Mont-roig-del-Camp-13-juliol-de-2016.jpg\",\"width\":1600,\"height\":1200},{\"@type\":\"BreadcrumbList\",\"@id\":\"https:\\\/\\\/mont-roig.cat\\\/es\\\/actualitat\\\/noticies\\\/pleno-ayuntamiento-retira-titulo-alcalde-honorifico-y-perpetuo-mont-roig-camp-dictador-franco\\\/#breadcrumb\",\"itemListElement\":[{\"@type\":\"ListItem\",\"position\":1,\"name\":\"Inici\",\"item\":\"https:\\\/\\\/mont-roig.cat\\\/es\\\/pagina-de-inicio\\\/\"},{\"@type\":\"ListItem\",\"position\":2,\"name\":\"El Pleno del Ayuntamiento retira el t\u00edtulo de alcalde honor\u00edfico y perpetuo de Mont-roig del Camp al dictador Franco\"}]},{\"@type\":\"WebSite\",\"@id\":\"https:\\\/\\\/mont-roig.cat\\\/es\\\/#website\",\"url\":\"https:\\\/\\\/mont-roig.cat\\\/es\\\/\",\"name\":\"Ajuntament de Mont-roig del Camp\",\"description\":\"Tota la informaci\u00f3 sobre la instituci\u00f3, els seus \u00f2rgans de govern, actualitat, serveis i molt m\u00e9s.\",\"potentialAction\":[{\"@type\":\"SearchAction\",\"target\":{\"@type\":\"EntryPoint\",\"urlTemplate\":\"https:\\\/\\\/mont-roig.cat\\\/es\\\/?s={search_term_string}\"},\"query-input\":{\"@type\":\"PropertyValueSpecification\",\"valueRequired\":true,\"valueName\":\"search_term_string\"}}],\"inLanguage\":\"es\"},{\"@type\":\"Person\",\"@id\":\"https:\\\/\\\/mont-roig.cat\\\/es\\\/#\\\/schema\\\/person\\\/f2b111789f22b7d0c3bd6786c9128cba\",\"name\":\"administrador\",\"image\":{\"@type\":\"ImageObject\",\"inLanguage\":\"es\",\"@id\":\"https:\\\/\\\/secure.gravatar.com\\\/avatar\\\/9137aac6891e2595c9d3036fd83bcb653b4db3c946db4c7d9b9be193c3c944bb?s=96&d=mm&r=g\",\"url\":\"https:\\\/\\\/secure.gravatar.com\\\/avatar\\\/9137aac6891e2595c9d3036fd83bcb653b4db3c946db4c7d9b9be193c3c944bb?s=96&d=mm&r=g\",\"contentUrl\":\"https:\\\/\\\/secure.gravatar.com\\\/avatar\\\/9137aac6891e2595c9d3036fd83bcb653b4db3c946db4c7d9b9be193c3c944bb?s=96&d=mm&r=g\",\"caption\":\"administrador\"},\"url\":\"https:\\\/\\\/mont-roig.cat\\\/es\\\/actualitat\\\/noticies\\\/author\\\/administrador\\\/\"}]}<\/script>\n<!-- \/ Yoast SEO plugin. -->","yoast_head_json":{"title":"El Pleno del Ayuntamiento retira el t\u00edtulo de alcalde honor\u00edfico y perpetuo de Mont-roig del Camp al dictador Franco - Ajuntament de Mont-roig del Camp","robots":{"index":"index","follow":"follow","max-snippet":"max-snippet:-1","max-image-preview":"max-image-preview:large","max-video-preview":"max-video-preview:-1"},"canonical":"https:\/\/mont-roig.cat\/es\/actualitat\/noticies\/pleno-ayuntamiento-retira-titulo-alcalde-honorifico-y-perpetuo-mont-roig-camp-dictador-franco\/","og_locale":"es_ES","og_type":"article","og_title":"El Pleno del Ayuntamiento retira el t\u00edtulo de alcalde honor\u00edfico y perpetuo de Mont-roig del Camp al dictador Franco - Ajuntament de Mont-roig del Camp","og_description":"La sesi\u00f3n plenaria designa los d\u00edas 20 de marzo, 25 de julio, 8 y 29 de septiembre como fiestas locales para el a\u00f1o 2017 El Pleno del Ayuntamiento de Mont-roig del Camp, celebrado este mi\u00e9rcoles al mediod\u00eda, ha revocado el nombramiento del dictador Francisco Franco Bahamonde como Alcalde Honorario y Perpetuo del municipio. Con este [&hellip;]","og_url":"https:\/\/mont-roig.cat\/es\/actualitat\/noticies\/pleno-ayuntamiento-retira-titulo-alcalde-honorifico-y-perpetuo-mont-roig-camp-dictador-franco\/","og_site_name":"Ajuntament de Mont-roig del Camp","article_published_time":"2016-07-13T12:58:48+00:00","og_image":[{"width":1600,"height":1200,"url":"https:\/\/mont-roig.cat\/wp-content\/uploads\/Ple-Ajuntament-de-Mont-roig-del-Camp-13-juliol-de-2016.jpg","type":"image\/jpeg"}],"author":"administrador","twitter_card":"summary_large_image","twitter_misc":{"Escrito por":"administrador","Tiempo de lectura":"2 minutos"},"schema":{"@context":"https:\/\/schema.org","@graph":[{"@type":"Article","@id":"https:\/\/mont-roig.cat\/es\/actualitat\/noticies\/pleno-ayuntamiento-retira-titulo-alcalde-honorifico-y-perpetuo-mont-roig-camp-dictador-franco\/#article","isPartOf":{"@id":"https:\/\/mont-roig.cat\/es\/actualitat\/noticies\/pleno-ayuntamiento-retira-titulo-alcalde-honorifico-y-perpetuo-mont-roig-camp-dictador-franco\/"},"author":{"name":"administrador","@id":"https:\/\/mont-roig.cat\/es\/#\/schema\/person\/f2b111789f22b7d0c3bd6786c9128cba"},"headline":"El Pleno del Ayuntamiento retira el t\u00edtulo de alcalde honor\u00edfico y perpetuo de Mont-roig del Camp al dictador Franco","datePublished":"2016-07-13T12:58:48+00:00","mainEntityOfPage":{"@id":"https:\/\/mont-roig.cat\/es\/actualitat\/noticies\/pleno-ayuntamiento-retira-titulo-alcalde-honorifico-y-perpetuo-mont-roig-camp-dictador-franco\/"},"wordCount":415,"image":{"@id":"https:\/\/mont-roig.cat\/es\/actualitat\/noticies\/pleno-ayuntamiento-retira-titulo-alcalde-honorifico-y-perpetuo-mont-roig-camp-dictador-franco\/#primaryimage"},"thumbnailUrl":"https:\/\/mont-roig.cat\/wp-content\/uploads\/Ple-Ajuntament-de-Mont-roig-del-Camp-13-juliol-de-2016.jpg","articleSection":["Ayuntamiento"],"inLanguage":"es"},{"@type":"WebPage","@id":"https:\/\/mont-roig.cat\/es\/actualitat\/noticies\/pleno-ayuntamiento-retira-titulo-alcalde-honorifico-y-perpetuo-mont-roig-camp-dictador-franco\/","url":"https:\/\/mont-roig.cat\/es\/actualitat\/noticies\/pleno-ayuntamiento-retira-titulo-alcalde-honorifico-y-perpetuo-mont-roig-camp-dictador-franco\/","name":"El Pleno del Ayuntamiento retira el t\u00edtulo de alcalde honor\u00edfico y perpetuo de Mont-roig del Camp al dictador Franco - Ajuntament de Mont-roig del Camp","isPartOf":{"@id":"https:\/\/mont-roig.cat\/es\/#website"},"primaryImageOfPage":{"@id":"https:\/\/mont-roig.cat\/es\/actualitat\/noticies\/pleno-ayuntamiento-retira-titulo-alcalde-honorifico-y-perpetuo-mont-roig-camp-dictador-franco\/#primaryimage"},"image":{"@id":"https:\/\/mont-roig.cat\/es\/actualitat\/noticies\/pleno-ayuntamiento-retira-titulo-alcalde-honorifico-y-perpetuo-mont-roig-camp-dictador-franco\/#primaryimage"},"thumbnailUrl":"https:\/\/mont-roig.cat\/wp-content\/uploads\/Ple-Ajuntament-de-Mont-roig-del-Camp-13-juliol-de-2016.jpg","datePublished":"2016-07-13T12:58:48+00:00","author":{"@id":"https:\/\/mont-roig.cat\/es\/#\/schema\/person\/f2b111789f22b7d0c3bd6786c9128cba"},"breadcrumb":{"@id":"https:\/\/mont-roig.cat\/es\/actualitat\/noticies\/pleno-ayuntamiento-retira-titulo-alcalde-honorifico-y-perpetuo-mont-roig-camp-dictador-franco\/#breadcrumb"},"inLanguage":"es","potentialAction":[{"@type":"ReadAction","target":["https:\/\/mont-roig.cat\/es\/actualitat\/noticies\/pleno-ayuntamiento-retira-titulo-alcalde-honorifico-y-perpetuo-mont-roig-camp-dictador-franco\/"]}]},{"@type":"ImageObject","inLanguage":"es","@id":"https:\/\/mont-roig.cat\/es\/actualitat\/noticies\/pleno-ayuntamiento-retira-titulo-alcalde-honorifico-y-perpetuo-mont-roig-camp-dictador-franco\/#primaryimage","url":"https:\/\/mont-roig.cat\/wp-content\/uploads\/Ple-Ajuntament-de-Mont-roig-del-Camp-13-juliol-de-2016.jpg","contentUrl":"https:\/\/mont-roig.cat\/wp-content\/uploads\/Ple-Ajuntament-de-Mont-roig-del-Camp-13-juliol-de-2016.jpg","width":1600,"height":1200},{"@type":"BreadcrumbList","@id":"https:\/\/mont-roig.cat\/es\/actualitat\/noticies\/pleno-ayuntamiento-retira-titulo-alcalde-honorifico-y-perpetuo-mont-roig-camp-dictador-franco\/#breadcrumb","itemListElement":[{"@type":"ListItem","position":1,"name":"Inici","item":"https:\/\/mont-roig.cat\/es\/pagina-de-inicio\/"},{"@type":"ListItem","position":2,"name":"El Pleno del Ayuntamiento retira el t\u00edtulo de alcalde honor\u00edfico y perpetuo de Mont-roig del Camp al dictador Franco"}]},{"@type":"WebSite","@id":"https:\/\/mont-roig.cat\/es\/#website","url":"https:\/\/mont-roig.cat\/es\/","name":"Ajuntament de Mont-roig del Camp","description":"Tota la informaci\u00f3 sobre la instituci\u00f3, els seus \u00f2rgans de govern, actualitat, serveis i molt m\u00e9s.","potentialAction":[{"@type":"SearchAction","target":{"@type":"EntryPoint","urlTemplate":"https:\/\/mont-roig.cat\/es\/?s={search_term_string}"},"query-input":{"@type":"PropertyValueSpecification","valueRequired":true,"valueName":"search_term_string"}}],"inLanguage":"es"},{"@type":"Person","@id":"https:\/\/mont-roig.cat\/es\/#\/schema\/person\/f2b111789f22b7d0c3bd6786c9128cba","name":"administrador","image":{"@type":"ImageObject","inLanguage":"es","@id":"https:\/\/secure.gravatar.com\/avatar\/9137aac6891e2595c9d3036fd83bcb653b4db3c946db4c7d9b9be193c3c944bb?s=96&d=mm&r=g","url":"https:\/\/secure.gravatar.com\/avatar\/9137aac6891e2595c9d3036fd83bcb653b4db3c946db4c7d9b9be193c3c944bb?s=96&d=mm&r=g","contentUrl":"https:\/\/secure.gravatar.com\/avatar\/9137aac6891e2595c9d3036fd83bcb653b4db3c946db4c7d9b9be193c3c944bb?s=96&d=mm&r=g","caption":"administrador"},"url":"https:\/\/mont-roig.cat\/es\/actualitat\/noticies\/author\/administrador\/"}]}},"_links":{"self":[{"href":"https:\/\/mont-roig.cat\/es\/wp-json\/wp\/v2\/posts\/12131","targetHints":{"allow":["GET"]}}],"collection":[{"href":"https:\/\/mont-roig.cat\/es\/wp-json\/wp\/v2\/posts"}],"about":[{"href":"https:\/\/mont-roig.cat\/es\/wp-json\/wp\/v2\/types\/post"}],"author":[{"embeddable":true,"href":"https:\/\/mont-roig.cat\/es\/wp-json\/wp\/v2\/users\/4"}],"replies":[{"embeddable":true,"href":"https:\/\/mont-roig.cat\/es\/wp-json\/wp\/v2\/comments?post=12131"}],"version-history":[{"count":0,"href":"https:\/\/mont-roig.cat\/es\/wp-json\/wp\/v2\/posts\/12131\/revisions"}],"wp:featuredmedia":[{"embeddable":true,"href":"https:\/\/mont-roig.cat\/es\/wp-json\/wp\/v2\/media\/12127"}],"wp:attachment":[{"href":"https:\/\/mont-roig.cat\/es\/wp-json\/wp\/v2\/media?parent=12131"}],"wp:term":[{"taxonomy":"category","embeddable":true,"href":"https:\/\/mont-roig.cat\/es\/wp-json\/wp\/v2\/categories?post=12131"},{"taxonomy":"post_tag","embeddable":true,"href":"https:\/\/mont-roig.cat\/es\/wp-json\/wp\/v2\/tags?post=12131"}],"curies":[{"name":"wp","href":"https:\/\/api.w.org\/{rel}","templated":true}]}}