{"id":12261,"date":"2016-07-27T13:18:29","date_gmt":"2016-07-27T11:18:29","guid":{"rendered":"http:\/\/mont-roig.cat\/es\/?p=12261"},"modified":"2016-07-27T13:18:29","modified_gmt":"2016-07-27T11:18:29","slug":"convocatoria-para-los-cargos-juez-paz-titular-y-sustituto-mont-roig-camp","status":"publish","type":"post","link":"https:\/\/mont-roig.cat\/es\/actualitat\/noticies\/convocatoria-para-los-cargos-juez-paz-titular-y-sustituto-mont-roig-camp\/","title":{"rendered":"Convocatoria para los cargos de Juez de Paz titular y sustituto de Mont-roig del Camp"},"content":{"rendered":"<p>El Ayuntamiento de Mont-roig del Camp ha iniciado el procedimiento para la elecci\u00f3n del Juez de Paz titular y sustituto del municipio. Los interesados tienen un plazo de 20 d\u00edas naturales, a contar desde el d\u00eda siguiente de la publicaci\u00f3n del edicto en el BOP, para solicitar por escrito ser elegidos para los cargos mencionados.<\/p>\n<div id=\"attachment_12259\" style=\"width: 309px\" class=\"wp-caption alignright\"><a href=\"http:\/\/mont-roig.cat\/wp-content\/uploads\/Fa\u00e7ana-Jutjat-de-Pau.jpg\"><img loading=\"lazy\" decoding=\"async\" aria-describedby=\"caption-attachment-12259\" class=\"wp-image-12259\" src=\"http:\/\/mont-roig.cat\/wp-content\/uploads\/Fa\u00e7ana-Jutjat-de-Pau-500x375.jpg\" alt=\"Fa\u00e7ana Jutjat de Pau\" width=\"299\" height=\"224\" srcset=\"https:\/\/mont-roig.cat\/wp-content\/uploads\/Fa\u00e7ana-Jutjat-de-Pau-500x375.jpg 500w, https:\/\/mont-roig.cat\/wp-content\/uploads\/Fa\u00e7ana-Jutjat-de-Pau-768x576.jpg 768w, https:\/\/mont-roig.cat\/wp-content\/uploads\/Fa\u00e7ana-Jutjat-de-Pau-1024x768.jpg 1024w, https:\/\/mont-roig.cat\/wp-content\/uploads\/Fa\u00e7ana-Jutjat-de-Pau-463x348.jpg 463w\" sizes=\"auto, (max-width: 299px) 100vw, 299px\" \/><\/a><p id=\"caption-attachment-12259\" class=\"wp-caption-text\">Juzgado de Paz de Mont-roig del Camp<\/p><\/div>\n<p>Para ejercer de juez de paz se requiere ser ciudadano\/a espa\u00f1ol\/a, mayor de edad, no tener incapacidad f\u00edsica o ps\u00edquica que les impida el ejercicio de la funci\u00f3n judicial, no tener antecedentes penales y estar en pleno ejercicio de derechos civiles.<\/p>\n<p>Por otra parte, la Ley Org\u00e1nica del Poder Judicial presenta las siguientes causas de incompatibilidades:<\/p>\n<ol>\n<li>No ser elegido o designado para ocupar cargo p\u00fablico en cualquiera de las Administraciones P\u00fablicas.<\/li>\n<li>No ejercer cargo dotado o retribuido de la Administraci\u00f3n p\u00fablica.<\/li>\n<li>No ejercer ning\u00fan cargo en tribunales o juzgados.<\/li>\n<li>No ejercer la profesi\u00f3n de abogado, procurador o cualquier otra que comporte asesoramiento.<\/li>\n<li>No tener cargos pol\u00edticos ni sindicales.<\/li>\n<li>No tomar parte activa en las campa\u00f1as electorales fuera del ejercicio de voto.<\/li>\n<\/ol>\n<p>Las personas interesadas en optar al cargo deben presentar el curriculum vitae y rellenar el modelo de instancia espec\u00edfico disponible en las Oficinas Municipales de Atenci\u00f3n al Ciudadano de Mont-roig y de Miami Platja, de lunes a viernes, de 9 a 14 horas.<\/p>\n<p>Los juzgados de paz son \u00f3rganos unipersonales con jurisdicci\u00f3n en el t\u00e9rmino municipal. Las personas que ocupan los cargos no tienen que ser necesariamente profesionales del Derecho ni pertenecer a la carrera judicial. Normalmente se les nombra por su trayectoria y por el talante que han demostrado en una poblaci\u00f3n.<\/p>\n<p>El juez de paz ser\u00e1 elegido por el pleno de la Corporaci\u00f3n Local a partir de los candidatos que se ofrezcan y nombrado por el Tribunal Superior de Justicia de Catalu\u00f1a por un per\u00edodo 4 a\u00f1os.<\/p>\n","protected":false},"excerpt":{"rendered":"<p>El Ayuntamiento de Mont-roig del Camp ha iniciado el procedimiento para la elecci\u00f3n del Juez de Paz titular y sustituto del municipio. Los interesados tienen un plazo de 20 d\u00edas naturales, a contar desde el d\u00eda siguiente de la publicaci\u00f3n del edicto en el BOP, para solicitar por escrito ser elegidos para los cargos mencionados. [&hellip;]<\/p>\n","protected":false},"author":4,"featured_media":12259,"comment_status":"closed","ping_status":"closed","sticky":false,"template":"","format":"standard","meta":{"inline_featured_image":false,"_monsterinsights_skip_tracking":false,"_monsterinsights_sitenote_active":false,"_monsterinsights_sitenote_note":"","_monsterinsights_sitenote_category":0,"footnotes":""},"categories":[98],"tags":[],"class_list":["post-12261","post","type-post","status-publish","format-standard","has-post-thumbnail","hentry","category-ayuntamiento"],"yoast_head":"<!-- This site is optimized with the Yoast SEO plugin v27.4 - https:\/\/yoast.com\/product\/yoast-seo-wordpress\/ -->\n<title>Convocatoria para los cargos de Juez de Paz titular y sustituto de Mont-roig del Camp - Ajuntament de Mont-roig del Camp<\/title>\n<meta name=\"robots\" content=\"index, follow, max-snippet:-1, max-image-preview:large, max-video-preview:-1\" \/>\n<link rel=\"canonical\" href=\"https:\/\/mont-roig.cat\/es\/actualitat\/noticies\/convocatoria-para-los-cargos-juez-paz-titular-y-sustituto-mont-roig-camp\/\" \/>\n<meta property=\"og:locale\" content=\"es_ES\" \/>\n<meta property=\"og:type\" content=\"article\" \/>\n<meta property=\"og:title\" content=\"Convocatoria para los cargos de Juez de Paz titular y sustituto de Mont-roig del Camp - Ajuntament de Mont-roig del Camp\" \/>\n<meta property=\"og:description\" content=\"El Ayuntamiento de Mont-roig del Camp ha iniciado el procedimiento para la elecci\u00f3n del Juez de Paz titular y sustituto del municipio. Los interesados tienen un plazo de 20 d\u00edas naturales, a contar desde el d\u00eda siguiente de la publicaci\u00f3n del edicto en el BOP, para solicitar por escrito ser elegidos para los cargos mencionados. [&hellip;]\" \/>\n<meta property=\"og:url\" content=\"https:\/\/mont-roig.cat\/es\/actualitat\/noticies\/convocatoria-para-los-cargos-juez-paz-titular-y-sustituto-mont-roig-camp\/\" \/>\n<meta property=\"og:site_name\" content=\"Ajuntament de Mont-roig del Camp\" \/>\n<meta property=\"article:published_time\" content=\"2016-07-27T11:18:29+00:00\" \/>\n<meta property=\"og:image\" content=\"https:\/\/mont-roig.cat\/wp-content\/uploads\/Fa\u00e7ana-Jutjat-de-Pau.jpg\" \/>\n\t<meta property=\"og:image:width\" content=\"3264\" \/>\n\t<meta property=\"og:image:height\" content=\"2448\" \/>\n\t<meta property=\"og:image:type\" content=\"image\/jpeg\" \/>\n<meta name=\"author\" content=\"administrador\" \/>\n<meta name=\"twitter:card\" content=\"summary_large_image\" \/>\n<meta name=\"twitter:label1\" content=\"Escrito por\" \/>\n\t<meta name=\"twitter:data1\" content=\"administrador\" \/>\n\t<meta name=\"twitter:label2\" content=\"Tiempo de lectura\" \/>\n\t<meta name=\"twitter:data2\" content=\"2 minutos\" \/>\n<script type=\"application\/ld+json\" class=\"yoast-schema-graph\">{\"@context\":\"https:\\\/\\\/schema.org\",\"@graph\":[{\"@type\":\"Article\",\"@id\":\"https:\\\/\\\/mont-roig.cat\\\/es\\\/actualitat\\\/noticies\\\/convocatoria-para-los-cargos-juez-paz-titular-y-sustituto-mont-roig-camp\\\/#article\",\"isPartOf\":{\"@id\":\"https:\\\/\\\/mont-roig.cat\\\/es\\\/actualitat\\\/noticies\\\/convocatoria-para-los-cargos-juez-paz-titular-y-sustituto-mont-roig-camp\\\/\"},\"author\":{\"name\":\"administrador\",\"@id\":\"https:\\\/\\\/mont-roig.cat\\\/es\\\/#\\\/schema\\\/person\\\/f2b111789f22b7d0c3bd6786c9128cba\"},\"headline\":\"Convocatoria para los cargos de Juez de Paz titular y sustituto de Mont-roig del Camp\",\"datePublished\":\"2016-07-27T11:18:29+00:00\",\"mainEntityOfPage\":{\"@id\":\"https:\\\/\\\/mont-roig.cat\\\/es\\\/actualitat\\\/noticies\\\/convocatoria-para-los-cargos-juez-paz-titular-y-sustituto-mont-roig-camp\\\/\"},\"wordCount\":358,\"image\":{\"@id\":\"https:\\\/\\\/mont-roig.cat\\\/es\\\/actualitat\\\/noticies\\\/convocatoria-para-los-cargos-juez-paz-titular-y-sustituto-mont-roig-camp\\\/#primaryimage\"},\"thumbnailUrl\":\"https:\\\/\\\/mont-roig.cat\\\/wp-content\\\/uploads\\\/Fa\u00e7ana-Jutjat-de-Pau.jpg\",\"articleSection\":[\"Ayuntamiento\"],\"inLanguage\":\"es\"},{\"@type\":\"WebPage\",\"@id\":\"https:\\\/\\\/mont-roig.cat\\\/es\\\/actualitat\\\/noticies\\\/convocatoria-para-los-cargos-juez-paz-titular-y-sustituto-mont-roig-camp\\\/\",\"url\":\"https:\\\/\\\/mont-roig.cat\\\/es\\\/actualitat\\\/noticies\\\/convocatoria-para-los-cargos-juez-paz-titular-y-sustituto-mont-roig-camp\\\/\",\"name\":\"Convocatoria para los cargos de Juez de Paz titular y sustituto de Mont-roig del Camp - Ajuntament de Mont-roig del Camp\",\"isPartOf\":{\"@id\":\"https:\\\/\\\/mont-roig.cat\\\/es\\\/#website\"},\"primaryImageOfPage\":{\"@id\":\"https:\\\/\\\/mont-roig.cat\\\/es\\\/actualitat\\\/noticies\\\/convocatoria-para-los-cargos-juez-paz-titular-y-sustituto-mont-roig-camp\\\/#primaryimage\"},\"image\":{\"@id\":\"https:\\\/\\\/mont-roig.cat\\\/es\\\/actualitat\\\/noticies\\\/convocatoria-para-los-cargos-juez-paz-titular-y-sustituto-mont-roig-camp\\\/#primaryimage\"},\"thumbnailUrl\":\"https:\\\/\\\/mont-roig.cat\\\/wp-content\\\/uploads\\\/Fa\u00e7ana-Jutjat-de-Pau.jpg\",\"datePublished\":\"2016-07-27T11:18:29+00:00\",\"author\":{\"@id\":\"https:\\\/\\\/mont-roig.cat\\\/es\\\/#\\\/schema\\\/person\\\/f2b111789f22b7d0c3bd6786c9128cba\"},\"breadcrumb\":{\"@id\":\"https:\\\/\\\/mont-roig.cat\\\/es\\\/actualitat\\\/noticies\\\/convocatoria-para-los-cargos-juez-paz-titular-y-sustituto-mont-roig-camp\\\/#breadcrumb\"},\"inLanguage\":\"es\",\"potentialAction\":[{\"@type\":\"ReadAction\",\"target\":[\"https:\\\/\\\/mont-roig.cat\\\/es\\\/actualitat\\\/noticies\\\/convocatoria-para-los-cargos-juez-paz-titular-y-sustituto-mont-roig-camp\\\/\"]}]},{\"@type\":\"ImageObject\",\"inLanguage\":\"es\",\"@id\":\"https:\\\/\\\/mont-roig.cat\\\/es\\\/actualitat\\\/noticies\\\/convocatoria-para-los-cargos-juez-paz-titular-y-sustituto-mont-roig-camp\\\/#primaryimage\",\"url\":\"https:\\\/\\\/mont-roig.cat\\\/wp-content\\\/uploads\\\/Fa\u00e7ana-Jutjat-de-Pau.jpg\",\"contentUrl\":\"https:\\\/\\\/mont-roig.cat\\\/wp-content\\\/uploads\\\/Fa\u00e7ana-Jutjat-de-Pau.jpg\",\"width\":3264,\"height\":2448},{\"@type\":\"BreadcrumbList\",\"@id\":\"https:\\\/\\\/mont-roig.cat\\\/es\\\/actualitat\\\/noticies\\\/convocatoria-para-los-cargos-juez-paz-titular-y-sustituto-mont-roig-camp\\\/#breadcrumb\",\"itemListElement\":[{\"@type\":\"ListItem\",\"position\":1,\"name\":\"Inici\",\"item\":\"https:\\\/\\\/mont-roig.cat\\\/es\\\/pagina-de-inicio\\\/\"},{\"@type\":\"ListItem\",\"position\":2,\"name\":\"Convocatoria para los cargos de Juez de Paz titular y sustituto de Mont-roig del Camp\"}]},{\"@type\":\"WebSite\",\"@id\":\"https:\\\/\\\/mont-roig.cat\\\/es\\\/#website\",\"url\":\"https:\\\/\\\/mont-roig.cat\\\/es\\\/\",\"name\":\"Ajuntament de Mont-roig del Camp\",\"description\":\"Tota la informaci\u00f3 sobre la instituci\u00f3, els seus \u00f2rgans de govern, actualitat, serveis i molt m\u00e9s.\",\"potentialAction\":[{\"@type\":\"SearchAction\",\"target\":{\"@type\":\"EntryPoint\",\"urlTemplate\":\"https:\\\/\\\/mont-roig.cat\\\/es\\\/?s={search_term_string}\"},\"query-input\":{\"@type\":\"PropertyValueSpecification\",\"valueRequired\":true,\"valueName\":\"search_term_string\"}}],\"inLanguage\":\"es\"},{\"@type\":\"Person\",\"@id\":\"https:\\\/\\\/mont-roig.cat\\\/es\\\/#\\\/schema\\\/person\\\/f2b111789f22b7d0c3bd6786c9128cba\",\"name\":\"administrador\",\"image\":{\"@type\":\"ImageObject\",\"inLanguage\":\"es\",\"@id\":\"https:\\\/\\\/secure.gravatar.com\\\/avatar\\\/9137aac6891e2595c9d3036fd83bcb653b4db3c946db4c7d9b9be193c3c944bb?s=96&d=mm&r=g\",\"url\":\"https:\\\/\\\/secure.gravatar.com\\\/avatar\\\/9137aac6891e2595c9d3036fd83bcb653b4db3c946db4c7d9b9be193c3c944bb?s=96&d=mm&r=g\",\"contentUrl\":\"https:\\\/\\\/secure.gravatar.com\\\/avatar\\\/9137aac6891e2595c9d3036fd83bcb653b4db3c946db4c7d9b9be193c3c944bb?s=96&d=mm&r=g\",\"caption\":\"administrador\"},\"url\":\"https:\\\/\\\/mont-roig.cat\\\/es\\\/actualitat\\\/noticies\\\/author\\\/administrador\\\/\"}]}<\/script>\n<!-- \/ Yoast SEO plugin. -->","yoast_head_json":{"title":"Convocatoria para los cargos de Juez de Paz titular y sustituto de Mont-roig del Camp - Ajuntament de Mont-roig del Camp","robots":{"index":"index","follow":"follow","max-snippet":"max-snippet:-1","max-image-preview":"max-image-preview:large","max-video-preview":"max-video-preview:-1"},"canonical":"https:\/\/mont-roig.cat\/es\/actualitat\/noticies\/convocatoria-para-los-cargos-juez-paz-titular-y-sustituto-mont-roig-camp\/","og_locale":"es_ES","og_type":"article","og_title":"Convocatoria para los cargos de Juez de Paz titular y sustituto de Mont-roig del Camp - Ajuntament de Mont-roig del Camp","og_description":"El Ayuntamiento de Mont-roig del Camp ha iniciado el procedimiento para la elecci\u00f3n del Juez de Paz titular y sustituto del municipio. Los interesados tienen un plazo de 20 d\u00edas naturales, a contar desde el d\u00eda siguiente de la publicaci\u00f3n del edicto en el BOP, para solicitar por escrito ser elegidos para los cargos mencionados. [&hellip;]","og_url":"https:\/\/mont-roig.cat\/es\/actualitat\/noticies\/convocatoria-para-los-cargos-juez-paz-titular-y-sustituto-mont-roig-camp\/","og_site_name":"Ajuntament de Mont-roig del Camp","article_published_time":"2016-07-27T11:18:29+00:00","og_image":[{"width":3264,"height":2448,"url":"https:\/\/mont-roig.cat\/wp-content\/uploads\/Fa\u00e7ana-Jutjat-de-Pau.jpg","type":"image\/jpeg"}],"author":"administrador","twitter_card":"summary_large_image","twitter_misc":{"Escrito por":"administrador","Tiempo de lectura":"2 minutos"},"schema":{"@context":"https:\/\/schema.org","@graph":[{"@type":"Article","@id":"https:\/\/mont-roig.cat\/es\/actualitat\/noticies\/convocatoria-para-los-cargos-juez-paz-titular-y-sustituto-mont-roig-camp\/#article","isPartOf":{"@id":"https:\/\/mont-roig.cat\/es\/actualitat\/noticies\/convocatoria-para-los-cargos-juez-paz-titular-y-sustituto-mont-roig-camp\/"},"author":{"name":"administrador","@id":"https:\/\/mont-roig.cat\/es\/#\/schema\/person\/f2b111789f22b7d0c3bd6786c9128cba"},"headline":"Convocatoria para los cargos de Juez de Paz titular y sustituto de Mont-roig del Camp","datePublished":"2016-07-27T11:18:29+00:00","mainEntityOfPage":{"@id":"https:\/\/mont-roig.cat\/es\/actualitat\/noticies\/convocatoria-para-los-cargos-juez-paz-titular-y-sustituto-mont-roig-camp\/"},"wordCount":358,"image":{"@id":"https:\/\/mont-roig.cat\/es\/actualitat\/noticies\/convocatoria-para-los-cargos-juez-paz-titular-y-sustituto-mont-roig-camp\/#primaryimage"},"thumbnailUrl":"https:\/\/mont-roig.cat\/wp-content\/uploads\/Fa\u00e7ana-Jutjat-de-Pau.jpg","articleSection":["Ayuntamiento"],"inLanguage":"es"},{"@type":"WebPage","@id":"https:\/\/mont-roig.cat\/es\/actualitat\/noticies\/convocatoria-para-los-cargos-juez-paz-titular-y-sustituto-mont-roig-camp\/","url":"https:\/\/mont-roig.cat\/es\/actualitat\/noticies\/convocatoria-para-los-cargos-juez-paz-titular-y-sustituto-mont-roig-camp\/","name":"Convocatoria para los cargos de Juez de Paz titular y sustituto de Mont-roig del Camp - Ajuntament de Mont-roig del Camp","isPartOf":{"@id":"https:\/\/mont-roig.cat\/es\/#website"},"primaryImageOfPage":{"@id":"https:\/\/mont-roig.cat\/es\/actualitat\/noticies\/convocatoria-para-los-cargos-juez-paz-titular-y-sustituto-mont-roig-camp\/#primaryimage"},"image":{"@id":"https:\/\/mont-roig.cat\/es\/actualitat\/noticies\/convocatoria-para-los-cargos-juez-paz-titular-y-sustituto-mont-roig-camp\/#primaryimage"},"thumbnailUrl":"https:\/\/mont-roig.cat\/wp-content\/uploads\/Fa\u00e7ana-Jutjat-de-Pau.jpg","datePublished":"2016-07-27T11:18:29+00:00","author":{"@id":"https:\/\/mont-roig.cat\/es\/#\/schema\/person\/f2b111789f22b7d0c3bd6786c9128cba"},"breadcrumb":{"@id":"https:\/\/mont-roig.cat\/es\/actualitat\/noticies\/convocatoria-para-los-cargos-juez-paz-titular-y-sustituto-mont-roig-camp\/#breadcrumb"},"inLanguage":"es","potentialAction":[{"@type":"ReadAction","target":["https:\/\/mont-roig.cat\/es\/actualitat\/noticies\/convocatoria-para-los-cargos-juez-paz-titular-y-sustituto-mont-roig-camp\/"]}]},{"@type":"ImageObject","inLanguage":"es","@id":"https:\/\/mont-roig.cat\/es\/actualitat\/noticies\/convocatoria-para-los-cargos-juez-paz-titular-y-sustituto-mont-roig-camp\/#primaryimage","url":"https:\/\/mont-roig.cat\/wp-content\/uploads\/Fa\u00e7ana-Jutjat-de-Pau.jpg","contentUrl":"https:\/\/mont-roig.cat\/wp-content\/uploads\/Fa\u00e7ana-Jutjat-de-Pau.jpg","width":3264,"height":2448},{"@type":"BreadcrumbList","@id":"https:\/\/mont-roig.cat\/es\/actualitat\/noticies\/convocatoria-para-los-cargos-juez-paz-titular-y-sustituto-mont-roig-camp\/#breadcrumb","itemListElement":[{"@type":"ListItem","position":1,"name":"Inici","item":"https:\/\/mont-roig.cat\/es\/pagina-de-inicio\/"},{"@type":"ListItem","position":2,"name":"Convocatoria para los cargos de Juez de Paz titular y sustituto de Mont-roig del Camp"}]},{"@type":"WebSite","@id":"https:\/\/mont-roig.cat\/es\/#website","url":"https:\/\/mont-roig.cat\/es\/","name":"Ajuntament de Mont-roig del Camp","description":"Tota la informaci\u00f3 sobre la instituci\u00f3, els seus \u00f2rgans de govern, actualitat, serveis i molt m\u00e9s.","potentialAction":[{"@type":"SearchAction","target":{"@type":"EntryPoint","urlTemplate":"https:\/\/mont-roig.cat\/es\/?s={search_term_string}"},"query-input":{"@type":"PropertyValueSpecification","valueRequired":true,"valueName":"search_term_string"}}],"inLanguage":"es"},{"@type":"Person","@id":"https:\/\/mont-roig.cat\/es\/#\/schema\/person\/f2b111789f22b7d0c3bd6786c9128cba","name":"administrador","image":{"@type":"ImageObject","inLanguage":"es","@id":"https:\/\/secure.gravatar.com\/avatar\/9137aac6891e2595c9d3036fd83bcb653b4db3c946db4c7d9b9be193c3c944bb?s=96&d=mm&r=g","url":"https:\/\/secure.gravatar.com\/avatar\/9137aac6891e2595c9d3036fd83bcb653b4db3c946db4c7d9b9be193c3c944bb?s=96&d=mm&r=g","contentUrl":"https:\/\/secure.gravatar.com\/avatar\/9137aac6891e2595c9d3036fd83bcb653b4db3c946db4c7d9b9be193c3c944bb?s=96&d=mm&r=g","caption":"administrador"},"url":"https:\/\/mont-roig.cat\/es\/actualitat\/noticies\/author\/administrador\/"}]}},"_links":{"self":[{"href":"https:\/\/mont-roig.cat\/es\/wp-json\/wp\/v2\/posts\/12261","targetHints":{"allow":["GET"]}}],"collection":[{"href":"https:\/\/mont-roig.cat\/es\/wp-json\/wp\/v2\/posts"}],"about":[{"href":"https:\/\/mont-roig.cat\/es\/wp-json\/wp\/v2\/types\/post"}],"author":[{"embeddable":true,"href":"https:\/\/mont-roig.cat\/es\/wp-json\/wp\/v2\/users\/4"}],"replies":[{"embeddable":true,"href":"https:\/\/mont-roig.cat\/es\/wp-json\/wp\/v2\/comments?post=12261"}],"version-history":[{"count":0,"href":"https:\/\/mont-roig.cat\/es\/wp-json\/wp\/v2\/posts\/12261\/revisions"}],"wp:featuredmedia":[{"embeddable":true,"href":"https:\/\/mont-roig.cat\/es\/wp-json\/wp\/v2\/media\/12259"}],"wp:attachment":[{"href":"https:\/\/mont-roig.cat\/es\/wp-json\/wp\/v2\/media?parent=12261"}],"wp:term":[{"taxonomy":"category","embeddable":true,"href":"https:\/\/mont-roig.cat\/es\/wp-json\/wp\/v2\/categories?post=12261"},{"taxonomy":"post_tag","embeddable":true,"href":"https:\/\/mont-roig.cat\/es\/wp-json\/wp\/v2\/tags?post=12261"}],"curies":[{"name":"wp","href":"https:\/\/api.w.org\/{rel}","templated":true}]}}