{"id":12404,"date":"2016-08-18T14:10:59","date_gmt":"2016-08-18T12:10:59","guid":{"rendered":"http:\/\/mont-roig.cat\/es\/?p=12404"},"modified":"2016-08-18T14:10:59","modified_gmt":"2016-08-18T12:10:59","slug":"delegacion-turca-visita-las-playas-bandera-azul-municipio","status":"publish","type":"post","link":"https:\/\/mont-roig.cat\/es\/actualitat\/noticies\/delegacion-turca-visita-las-playas-bandera-azul-municipio\/","title":{"rendered":"Una delegaci\u00f3n turca visita las playas de bandera azul del municipio"},"content":{"rendered":"<div id=\"attachment_12402\" style=\"width: 312px\" class=\"wp-caption alignright\"><a href=\"http:\/\/mont-roig.cat\/wp-content\/uploads\/Delegaci\u00f3-turca-a-la-Platja-Cristall.jpg\"><img loading=\"lazy\" decoding=\"async\" aria-describedby=\"caption-attachment-12402\" class=\"wp-image-12402\" src=\"http:\/\/mont-roig.cat\/wp-content\/uploads\/Delegaci\u00f3-turca-a-la-Platja-Cristall-500x339.jpg\" alt=\"Delegaci\u00f3 turca a la Platja Cristall\" width=\"302\" height=\"205\" srcset=\"https:\/\/mont-roig.cat\/wp-content\/uploads\/Delegaci\u00f3-turca-a-la-Platja-Cristall-500x339.jpg 500w, https:\/\/mont-roig.cat\/wp-content\/uploads\/Delegaci\u00f3-turca-a-la-Platja-Cristall-768x520.jpg 768w, https:\/\/mont-roig.cat\/wp-content\/uploads\/Delegaci\u00f3-turca-a-la-Platja-Cristall-1024x693.jpg 1024w\" sizes=\"auto, (max-width: 302px) 100vw, 302px\" \/><\/a><p id=\"caption-attachment-12402\" class=\"wp-caption-text\">Delegaci\u00f3n turca en la playa Cristall<\/p><\/div>\n<p><strong>De la Costa Dorada, la playa Cristall ha sido una de las que m\u00e1s les ha gustado<\/strong><\/p>\n<p>Conocer ejemplos de gesti\u00f3n de playas. Con este objetivo una delegaci\u00f3n turca, junto con miembros de la <em>ONG Foundation for Environmental Education (FEE)<\/em>, que gestiona el otorgamiento de las banderas azules, visitaron la semana pasada varios municipios de la Costa Dorada, entre ellos Mont-roig del Camp.<\/p>\n<p>Despu\u00e9s de pasar por localidades como Torredembarra, Altafulla, Tarragona o Salou hicieron parada tambi\u00e9n en las playas de bandera azul del municipio para conocer estos espacios y recopilar ideas para trasladarlas a su pa\u00eds.<\/p>\n<p>La concejala de Turismo Yolanda P\u00e9rez acompa\u00f1\u00f3 a la delegaci\u00f3n turca y les explic\u00f3 los diversos servicios que se ofrecen como por ejemplo los puntos verdes de recogida de residuos, las sillas anfibias o el sistema de limpieza. La guarder\u00eda de playa fue uno de los servicios que m\u00e1s les sorprendi\u00f3 a la vez que se\u00f1alaron que, tras ver varias propuestas de la Costa Dorada, la Playa Cristall fue una de las que m\u00e1s les gust\u00f3.<\/p>\n<p>Recordemos que el municipio ha revalidado dos banderas azules este 2016, la playa Cristall y la playa de la Pixerota. Un distintivo reconocido a nivel internacional, que otorga anualmente la Asociaci\u00f3n de Educaci\u00f3n Ambiental y del Consumidor (ADEAC) y la Fundaci\u00f3n de Educaci\u00f3n Ambiental. Se trata de una certificaci\u00f3n que valora y premia las condiciones higi\u00e9nicas, de seguridad, de acceso libre, de atenci\u00f3n a personas con discapacidad y la oferta complementaria.<\/p>\n<p>La obtenci\u00f3n de las Banderas Azules es el resultado del esfuerzo y el trabajo llevado a cabo para mejorar la accesibilidad, la calidad y dotarlas de servicios. Un esfuerzo a trav\u00e9s del cual se quiere conseguir que, en pr\u00f3ximas ediciones, se ampl\u00ede el n\u00famero de playas certificadas.<\/p>\n","protected":false},"excerpt":{"rendered":"<p>De la Costa Dorada, la playa Cristall ha sido una de las que m\u00e1s les ha gustado Conocer ejemplos de gesti\u00f3n de playas. Con este objetivo una delegaci\u00f3n turca, junto con miembros de la ONG Foundation for Environmental Education (FEE), que gestiona el otorgamiento de las banderas azules, visitaron la semana pasada varios municipios de [&hellip;]<\/p>\n","protected":false},"author":4,"featured_media":12402,"comment_status":"closed","ping_status":"closed","sticky":false,"template":"","format":"standard","meta":{"inline_featured_image":false,"_monsterinsights_skip_tracking":false,"_monsterinsights_sitenote_active":false,"_monsterinsights_sitenote_note":"","_monsterinsights_sitenote_category":0,"footnotes":""},"categories":[115],"tags":[],"class_list":["post-12404","post","type-post","status-publish","format-standard","has-post-thumbnail","hentry","category-turismo"],"yoast_head":"<!-- This site is optimized with the Yoast SEO plugin v27.4 - https:\/\/yoast.com\/product\/yoast-seo-wordpress\/ -->\n<title>Una delegaci\u00f3n turca visita las playas de bandera azul del municipio - Ajuntament de Mont-roig del Camp<\/title>\n<meta name=\"robots\" content=\"index, follow, max-snippet:-1, max-image-preview:large, max-video-preview:-1\" \/>\n<link rel=\"canonical\" href=\"https:\/\/mont-roig.cat\/es\/actualitat\/noticies\/delegacion-turca-visita-las-playas-bandera-azul-municipio\/\" \/>\n<meta property=\"og:locale\" content=\"es_ES\" \/>\n<meta property=\"og:type\" content=\"article\" \/>\n<meta property=\"og:title\" content=\"Una delegaci\u00f3n turca visita las playas de bandera azul del municipio - Ajuntament de Mont-roig del Camp\" \/>\n<meta property=\"og:description\" content=\"De la Costa Dorada, la playa Cristall ha sido una de las que m\u00e1s les ha gustado Conocer ejemplos de gesti\u00f3n de playas. Con este objetivo una delegaci\u00f3n turca, junto con miembros de la ONG Foundation for Environmental Education (FEE), que gestiona el otorgamiento de las banderas azules, visitaron la semana pasada varios municipios de [&hellip;]\" \/>\n<meta property=\"og:url\" content=\"https:\/\/mont-roig.cat\/es\/actualitat\/noticies\/delegacion-turca-visita-las-playas-bandera-azul-municipio\/\" \/>\n<meta property=\"og:site_name\" content=\"Ajuntament de Mont-roig del Camp\" \/>\n<meta property=\"article:published_time\" content=\"2016-08-18T12:10:59+00:00\" \/>\n<meta property=\"og:image\" content=\"https:\/\/mont-roig.cat\/wp-content\/uploads\/Delegaci\u00f3-turca-a-la-Platja-Cristall.jpg\" \/>\n\t<meta property=\"og:image:width\" content=\"2217\" \/>\n\t<meta property=\"og:image:height\" content=\"1501\" \/>\n\t<meta property=\"og:image:type\" content=\"image\/jpeg\" \/>\n<meta name=\"author\" content=\"administrador\" \/>\n<meta name=\"twitter:card\" content=\"summary_large_image\" \/>\n<meta name=\"twitter:label1\" content=\"Escrito por\" \/>\n\t<meta name=\"twitter:data1\" content=\"administrador\" \/>\n\t<meta name=\"twitter:label2\" content=\"Tiempo de lectura\" \/>\n\t<meta name=\"twitter:data2\" content=\"2 minutos\" \/>\n<script type=\"application\/ld+json\" class=\"yoast-schema-graph\">{\"@context\":\"https:\\\/\\\/schema.org\",\"@graph\":[{\"@type\":\"Article\",\"@id\":\"https:\\\/\\\/mont-roig.cat\\\/es\\\/actualitat\\\/noticies\\\/delegacion-turca-visita-las-playas-bandera-azul-municipio\\\/#article\",\"isPartOf\":{\"@id\":\"https:\\\/\\\/mont-roig.cat\\\/es\\\/actualitat\\\/noticies\\\/delegacion-turca-visita-las-playas-bandera-azul-municipio\\\/\"},\"author\":{\"name\":\"administrador\",\"@id\":\"https:\\\/\\\/mont-roig.cat\\\/es\\\/#\\\/schema\\\/person\\\/f2b111789f22b7d0c3bd6786c9128cba\"},\"headline\":\"Una delegaci\u00f3n turca visita las playas de bandera azul del municipio\",\"datePublished\":\"2016-08-18T12:10:59+00:00\",\"mainEntityOfPage\":{\"@id\":\"https:\\\/\\\/mont-roig.cat\\\/es\\\/actualitat\\\/noticies\\\/delegacion-turca-visita-las-playas-bandera-azul-municipio\\\/\"},\"wordCount\":340,\"image\":{\"@id\":\"https:\\\/\\\/mont-roig.cat\\\/es\\\/actualitat\\\/noticies\\\/delegacion-turca-visita-las-playas-bandera-azul-municipio\\\/#primaryimage\"},\"thumbnailUrl\":\"https:\\\/\\\/mont-roig.cat\\\/wp-content\\\/uploads\\\/Delegaci\u00f3-turca-a-la-Platja-Cristall.jpg\",\"articleSection\":[\"Turismo\"],\"inLanguage\":\"es\"},{\"@type\":\"WebPage\",\"@id\":\"https:\\\/\\\/mont-roig.cat\\\/es\\\/actualitat\\\/noticies\\\/delegacion-turca-visita-las-playas-bandera-azul-municipio\\\/\",\"url\":\"https:\\\/\\\/mont-roig.cat\\\/es\\\/actualitat\\\/noticies\\\/delegacion-turca-visita-las-playas-bandera-azul-municipio\\\/\",\"name\":\"Una delegaci\u00f3n turca visita las playas de bandera azul del municipio - Ajuntament de Mont-roig del Camp\",\"isPartOf\":{\"@id\":\"https:\\\/\\\/mont-roig.cat\\\/es\\\/#website\"},\"primaryImageOfPage\":{\"@id\":\"https:\\\/\\\/mont-roig.cat\\\/es\\\/actualitat\\\/noticies\\\/delegacion-turca-visita-las-playas-bandera-azul-municipio\\\/#primaryimage\"},\"image\":{\"@id\":\"https:\\\/\\\/mont-roig.cat\\\/es\\\/actualitat\\\/noticies\\\/delegacion-turca-visita-las-playas-bandera-azul-municipio\\\/#primaryimage\"},\"thumbnailUrl\":\"https:\\\/\\\/mont-roig.cat\\\/wp-content\\\/uploads\\\/Delegaci\u00f3-turca-a-la-Platja-Cristall.jpg\",\"datePublished\":\"2016-08-18T12:10:59+00:00\",\"author\":{\"@id\":\"https:\\\/\\\/mont-roig.cat\\\/es\\\/#\\\/schema\\\/person\\\/f2b111789f22b7d0c3bd6786c9128cba\"},\"breadcrumb\":{\"@id\":\"https:\\\/\\\/mont-roig.cat\\\/es\\\/actualitat\\\/noticies\\\/delegacion-turca-visita-las-playas-bandera-azul-municipio\\\/#breadcrumb\"},\"inLanguage\":\"es\",\"potentialAction\":[{\"@type\":\"ReadAction\",\"target\":[\"https:\\\/\\\/mont-roig.cat\\\/es\\\/actualitat\\\/noticies\\\/delegacion-turca-visita-las-playas-bandera-azul-municipio\\\/\"]}]},{\"@type\":\"ImageObject\",\"inLanguage\":\"es\",\"@id\":\"https:\\\/\\\/mont-roig.cat\\\/es\\\/actualitat\\\/noticies\\\/delegacion-turca-visita-las-playas-bandera-azul-municipio\\\/#primaryimage\",\"url\":\"https:\\\/\\\/mont-roig.cat\\\/wp-content\\\/uploads\\\/Delegaci\u00f3-turca-a-la-Platja-Cristall.jpg\",\"contentUrl\":\"https:\\\/\\\/mont-roig.cat\\\/wp-content\\\/uploads\\\/Delegaci\u00f3-turca-a-la-Platja-Cristall.jpg\",\"width\":2217,\"height\":1501},{\"@type\":\"BreadcrumbList\",\"@id\":\"https:\\\/\\\/mont-roig.cat\\\/es\\\/actualitat\\\/noticies\\\/delegacion-turca-visita-las-playas-bandera-azul-municipio\\\/#breadcrumb\",\"itemListElement\":[{\"@type\":\"ListItem\",\"position\":1,\"name\":\"Inici\",\"item\":\"https:\\\/\\\/mont-roig.cat\\\/es\\\/pagina-de-inicio\\\/\"},{\"@type\":\"ListItem\",\"position\":2,\"name\":\"Una delegaci\u00f3n turca visita las playas de bandera azul del municipio\"}]},{\"@type\":\"WebSite\",\"@id\":\"https:\\\/\\\/mont-roig.cat\\\/es\\\/#website\",\"url\":\"https:\\\/\\\/mont-roig.cat\\\/es\\\/\",\"name\":\"Ajuntament de Mont-roig del Camp\",\"description\":\"Tota la informaci\u00f3 sobre la instituci\u00f3, els seus \u00f2rgans de govern, actualitat, serveis i molt m\u00e9s.\",\"potentialAction\":[{\"@type\":\"SearchAction\",\"target\":{\"@type\":\"EntryPoint\",\"urlTemplate\":\"https:\\\/\\\/mont-roig.cat\\\/es\\\/?s={search_term_string}\"},\"query-input\":{\"@type\":\"PropertyValueSpecification\",\"valueRequired\":true,\"valueName\":\"search_term_string\"}}],\"inLanguage\":\"es\"},{\"@type\":\"Person\",\"@id\":\"https:\\\/\\\/mont-roig.cat\\\/es\\\/#\\\/schema\\\/person\\\/f2b111789f22b7d0c3bd6786c9128cba\",\"name\":\"administrador\",\"image\":{\"@type\":\"ImageObject\",\"inLanguage\":\"es\",\"@id\":\"https:\\\/\\\/secure.gravatar.com\\\/avatar\\\/9137aac6891e2595c9d3036fd83bcb653b4db3c946db4c7d9b9be193c3c944bb?s=96&d=mm&r=g\",\"url\":\"https:\\\/\\\/secure.gravatar.com\\\/avatar\\\/9137aac6891e2595c9d3036fd83bcb653b4db3c946db4c7d9b9be193c3c944bb?s=96&d=mm&r=g\",\"contentUrl\":\"https:\\\/\\\/secure.gravatar.com\\\/avatar\\\/9137aac6891e2595c9d3036fd83bcb653b4db3c946db4c7d9b9be193c3c944bb?s=96&d=mm&r=g\",\"caption\":\"administrador\"},\"url\":\"https:\\\/\\\/mont-roig.cat\\\/es\\\/actualitat\\\/noticies\\\/author\\\/administrador\\\/\"}]}<\/script>\n<!-- \/ Yoast SEO plugin. -->","yoast_head_json":{"title":"Una delegaci\u00f3n turca visita las playas de bandera azul del municipio - Ajuntament de Mont-roig del Camp","robots":{"index":"index","follow":"follow","max-snippet":"max-snippet:-1","max-image-preview":"max-image-preview:large","max-video-preview":"max-video-preview:-1"},"canonical":"https:\/\/mont-roig.cat\/es\/actualitat\/noticies\/delegacion-turca-visita-las-playas-bandera-azul-municipio\/","og_locale":"es_ES","og_type":"article","og_title":"Una delegaci\u00f3n turca visita las playas de bandera azul del municipio - Ajuntament de Mont-roig del Camp","og_description":"De la Costa Dorada, la playa Cristall ha sido una de las que m\u00e1s les ha gustado Conocer ejemplos de gesti\u00f3n de playas. Con este objetivo una delegaci\u00f3n turca, junto con miembros de la ONG Foundation for Environmental Education (FEE), que gestiona el otorgamiento de las banderas azules, visitaron la semana pasada varios municipios de [&hellip;]","og_url":"https:\/\/mont-roig.cat\/es\/actualitat\/noticies\/delegacion-turca-visita-las-playas-bandera-azul-municipio\/","og_site_name":"Ajuntament de Mont-roig del Camp","article_published_time":"2016-08-18T12:10:59+00:00","og_image":[{"width":2217,"height":1501,"url":"https:\/\/mont-roig.cat\/wp-content\/uploads\/Delegaci\u00f3-turca-a-la-Platja-Cristall.jpg","type":"image\/jpeg"}],"author":"administrador","twitter_card":"summary_large_image","twitter_misc":{"Escrito por":"administrador","Tiempo de lectura":"2 minutos"},"schema":{"@context":"https:\/\/schema.org","@graph":[{"@type":"Article","@id":"https:\/\/mont-roig.cat\/es\/actualitat\/noticies\/delegacion-turca-visita-las-playas-bandera-azul-municipio\/#article","isPartOf":{"@id":"https:\/\/mont-roig.cat\/es\/actualitat\/noticies\/delegacion-turca-visita-las-playas-bandera-azul-municipio\/"},"author":{"name":"administrador","@id":"https:\/\/mont-roig.cat\/es\/#\/schema\/person\/f2b111789f22b7d0c3bd6786c9128cba"},"headline":"Una delegaci\u00f3n turca visita las playas de bandera azul del municipio","datePublished":"2016-08-18T12:10:59+00:00","mainEntityOfPage":{"@id":"https:\/\/mont-roig.cat\/es\/actualitat\/noticies\/delegacion-turca-visita-las-playas-bandera-azul-municipio\/"},"wordCount":340,"image":{"@id":"https:\/\/mont-roig.cat\/es\/actualitat\/noticies\/delegacion-turca-visita-las-playas-bandera-azul-municipio\/#primaryimage"},"thumbnailUrl":"https:\/\/mont-roig.cat\/wp-content\/uploads\/Delegaci\u00f3-turca-a-la-Platja-Cristall.jpg","articleSection":["Turismo"],"inLanguage":"es"},{"@type":"WebPage","@id":"https:\/\/mont-roig.cat\/es\/actualitat\/noticies\/delegacion-turca-visita-las-playas-bandera-azul-municipio\/","url":"https:\/\/mont-roig.cat\/es\/actualitat\/noticies\/delegacion-turca-visita-las-playas-bandera-azul-municipio\/","name":"Una delegaci\u00f3n turca visita las playas de bandera azul del municipio - Ajuntament de Mont-roig del Camp","isPartOf":{"@id":"https:\/\/mont-roig.cat\/es\/#website"},"primaryImageOfPage":{"@id":"https:\/\/mont-roig.cat\/es\/actualitat\/noticies\/delegacion-turca-visita-las-playas-bandera-azul-municipio\/#primaryimage"},"image":{"@id":"https:\/\/mont-roig.cat\/es\/actualitat\/noticies\/delegacion-turca-visita-las-playas-bandera-azul-municipio\/#primaryimage"},"thumbnailUrl":"https:\/\/mont-roig.cat\/wp-content\/uploads\/Delegaci\u00f3-turca-a-la-Platja-Cristall.jpg","datePublished":"2016-08-18T12:10:59+00:00","author":{"@id":"https:\/\/mont-roig.cat\/es\/#\/schema\/person\/f2b111789f22b7d0c3bd6786c9128cba"},"breadcrumb":{"@id":"https:\/\/mont-roig.cat\/es\/actualitat\/noticies\/delegacion-turca-visita-las-playas-bandera-azul-municipio\/#breadcrumb"},"inLanguage":"es","potentialAction":[{"@type":"ReadAction","target":["https:\/\/mont-roig.cat\/es\/actualitat\/noticies\/delegacion-turca-visita-las-playas-bandera-azul-municipio\/"]}]},{"@type":"ImageObject","inLanguage":"es","@id":"https:\/\/mont-roig.cat\/es\/actualitat\/noticies\/delegacion-turca-visita-las-playas-bandera-azul-municipio\/#primaryimage","url":"https:\/\/mont-roig.cat\/wp-content\/uploads\/Delegaci\u00f3-turca-a-la-Platja-Cristall.jpg","contentUrl":"https:\/\/mont-roig.cat\/wp-content\/uploads\/Delegaci\u00f3-turca-a-la-Platja-Cristall.jpg","width":2217,"height":1501},{"@type":"BreadcrumbList","@id":"https:\/\/mont-roig.cat\/es\/actualitat\/noticies\/delegacion-turca-visita-las-playas-bandera-azul-municipio\/#breadcrumb","itemListElement":[{"@type":"ListItem","position":1,"name":"Inici","item":"https:\/\/mont-roig.cat\/es\/pagina-de-inicio\/"},{"@type":"ListItem","position":2,"name":"Una delegaci\u00f3n turca visita las playas de bandera azul del municipio"}]},{"@type":"WebSite","@id":"https:\/\/mont-roig.cat\/es\/#website","url":"https:\/\/mont-roig.cat\/es\/","name":"Ajuntament de Mont-roig del Camp","description":"Tota la informaci\u00f3 sobre la instituci\u00f3, els seus \u00f2rgans de govern, actualitat, serveis i molt m\u00e9s.","potentialAction":[{"@type":"SearchAction","target":{"@type":"EntryPoint","urlTemplate":"https:\/\/mont-roig.cat\/es\/?s={search_term_string}"},"query-input":{"@type":"PropertyValueSpecification","valueRequired":true,"valueName":"search_term_string"}}],"inLanguage":"es"},{"@type":"Person","@id":"https:\/\/mont-roig.cat\/es\/#\/schema\/person\/f2b111789f22b7d0c3bd6786c9128cba","name":"administrador","image":{"@type":"ImageObject","inLanguage":"es","@id":"https:\/\/secure.gravatar.com\/avatar\/9137aac6891e2595c9d3036fd83bcb653b4db3c946db4c7d9b9be193c3c944bb?s=96&d=mm&r=g","url":"https:\/\/secure.gravatar.com\/avatar\/9137aac6891e2595c9d3036fd83bcb653b4db3c946db4c7d9b9be193c3c944bb?s=96&d=mm&r=g","contentUrl":"https:\/\/secure.gravatar.com\/avatar\/9137aac6891e2595c9d3036fd83bcb653b4db3c946db4c7d9b9be193c3c944bb?s=96&d=mm&r=g","caption":"administrador"},"url":"https:\/\/mont-roig.cat\/es\/actualitat\/noticies\/author\/administrador\/"}]}},"_links":{"self":[{"href":"https:\/\/mont-roig.cat\/es\/wp-json\/wp\/v2\/posts\/12404","targetHints":{"allow":["GET"]}}],"collection":[{"href":"https:\/\/mont-roig.cat\/es\/wp-json\/wp\/v2\/posts"}],"about":[{"href":"https:\/\/mont-roig.cat\/es\/wp-json\/wp\/v2\/types\/post"}],"author":[{"embeddable":true,"href":"https:\/\/mont-roig.cat\/es\/wp-json\/wp\/v2\/users\/4"}],"replies":[{"embeddable":true,"href":"https:\/\/mont-roig.cat\/es\/wp-json\/wp\/v2\/comments?post=12404"}],"version-history":[{"count":0,"href":"https:\/\/mont-roig.cat\/es\/wp-json\/wp\/v2\/posts\/12404\/revisions"}],"wp:featuredmedia":[{"embeddable":true,"href":"https:\/\/mont-roig.cat\/es\/wp-json\/wp\/v2\/media\/12402"}],"wp:attachment":[{"href":"https:\/\/mont-roig.cat\/es\/wp-json\/wp\/v2\/media?parent=12404"}],"wp:term":[{"taxonomy":"category","embeddable":true,"href":"https:\/\/mont-roig.cat\/es\/wp-json\/wp\/v2\/categories?post=12404"},{"taxonomy":"post_tag","embeddable":true,"href":"https:\/\/mont-roig.cat\/es\/wp-json\/wp\/v2\/tags?post=12404"}],"curies":[{"name":"wp","href":"https:\/\/api.w.org\/{rel}","templated":true}]}}