{"id":12604,"date":"2016-09-12T12:55:27","date_gmt":"2016-09-12T10:55:27","guid":{"rendered":"http:\/\/mont-roig.cat\/es\/?p=12604"},"modified":"2016-09-12T12:55:27","modified_gmt":"2016-09-12T10:55:27","slug":"recepcion-institucional-las-maria-roca","status":"publish","type":"post","link":"https:\/\/mont-roig.cat\/es\/actualitat\/noticies\/recepcion-institucional-las-maria-roca\/","title":{"rendered":"Recepci\u00f3n institucional a las Mar\u00eda de la Roca"},"content":{"rendered":"<div id=\"attachment_12602\" style=\"width: 310px\" class=\"wp-caption alignright\"><a href=\"http:\/\/mont-roig.cat\/wp-content\/uploads\/DSCN8976.jpg\"><img loading=\"lazy\" decoding=\"async\" aria-describedby=\"caption-attachment-12602\" class=\"wp-image-12602\" src=\"http:\/\/mont-roig.cat\/wp-content\/uploads\/DSCN8976-500x375.jpg\" alt=\"dscn8976\" width=\"300\" height=\"225\" srcset=\"https:\/\/mont-roig.cat\/wp-content\/uploads\/DSCN8976-500x375.jpg 500w, https:\/\/mont-roig.cat\/wp-content\/uploads\/DSCN8976-768x576.jpg 768w, https:\/\/mont-roig.cat\/wp-content\/uploads\/DSCN8976-1024x768.jpg 1024w, https:\/\/mont-roig.cat\/wp-content\/uploads\/DSCN8976-463x348.jpg 463w\" sizes=\"auto, (max-width: 300px) 100vw, 300px\" \/><\/a><p id=\"caption-attachment-12602\" class=\"wp-caption-text\">Recepci\u00f3n institucional a las Mar\u00eda de la Roca<\/p><\/div>\n<p>Como es habitual el Ayuntamiento ofreci\u00f3 la tradicional recepci\u00f3n institucional a todas las mujeres que llevan el nombre de la patrona del municipio. La Sala de Plenos de la Casa de Cultura Agust\u00ed Sard\u00e0, acogi\u00f3 el viernes por la noche un peque\u00f1o acto de homenaje a todas ellas. El alcalde de Mont-roig, Fran Morancho y la concejala de Cultura, N\u00faria Esquius felicitaron a la quincena de asistentes por su onom\u00e1stica y les dedicaron unas emotivas palabras. Un peque\u00f1o detalle para recordar la jornada\u00a0y la foto de familia sirvieron para cerrar la velada.<\/p>\n","protected":false},"excerpt":{"rendered":"<p>Como es habitual el Ayuntamiento ofreci\u00f3 la tradicional recepci\u00f3n institucional a todas las mujeres que llevan el nombre de la patrona del municipio. La Sala de Plenos de la Casa de Cultura Agust\u00ed Sard\u00e0, acogi\u00f3 el viernes por la noche un peque\u00f1o acto de homenaje a todas ellas. El alcalde de Mont-roig, Fran Morancho y [&hellip;]<\/p>\n","protected":false},"author":4,"featured_media":12602,"comment_status":"closed","ping_status":"closed","sticky":false,"template":"","format":"standard","meta":{"inline_featured_image":false,"_monsterinsights_skip_tracking":false,"_monsterinsights_sitenote_active":false,"_monsterinsights_sitenote_note":"","_monsterinsights_sitenote_category":0,"footnotes":""},"categories":[101],"tags":[],"class_list":["post-12604","post","type-post","status-publish","format-standard","has-post-thumbnail","hentry","category-cultura-es"],"yoast_head":"<!-- This site is optimized with the Yoast SEO plugin v27.4 - https:\/\/yoast.com\/product\/yoast-seo-wordpress\/ -->\n<title>Recepci\u00f3n institucional a las Mar\u00eda de la Roca - Ajuntament de Mont-roig del Camp<\/title>\n<meta name=\"robots\" content=\"index, follow, max-snippet:-1, max-image-preview:large, max-video-preview:-1\" \/>\n<link rel=\"canonical\" href=\"https:\/\/mont-roig.cat\/es\/actualitat\/noticies\/recepcion-institucional-las-maria-roca\/\" \/>\n<meta property=\"og:locale\" content=\"es_ES\" \/>\n<meta property=\"og:type\" content=\"article\" \/>\n<meta property=\"og:title\" content=\"Recepci\u00f3n institucional a las Mar\u00eda de la Roca - Ajuntament de Mont-roig del Camp\" \/>\n<meta property=\"og:description\" content=\"Como es habitual el Ayuntamiento ofreci\u00f3 la tradicional recepci\u00f3n institucional a todas las mujeres que llevan el nombre de la patrona del municipio. La Sala de Plenos de la Casa de Cultura Agust\u00ed Sard\u00e0, acogi\u00f3 el viernes por la noche un peque\u00f1o acto de homenaje a todas ellas. El alcalde de Mont-roig, Fran Morancho y [&hellip;]\" \/>\n<meta property=\"og:url\" content=\"https:\/\/mont-roig.cat\/es\/actualitat\/noticies\/recepcion-institucional-las-maria-roca\/\" \/>\n<meta property=\"og:site_name\" content=\"Ajuntament de Mont-roig del Camp\" \/>\n<meta property=\"article:published_time\" content=\"2016-09-12T10:55:27+00:00\" \/>\n<meta property=\"og:image\" content=\"https:\/\/mont-roig.cat\/wp-content\/uploads\/DSCN8976.jpg\" \/>\n\t<meta property=\"og:image:width\" content=\"3264\" \/>\n\t<meta property=\"og:image:height\" content=\"2448\" \/>\n\t<meta property=\"og:image:type\" content=\"image\/jpeg\" \/>\n<meta name=\"author\" content=\"administrador\" \/>\n<meta name=\"twitter:card\" content=\"summary_large_image\" \/>\n<meta name=\"twitter:label1\" content=\"Escrito por\" \/>\n\t<meta name=\"twitter:data1\" content=\"administrador\" \/>\n\t<meta name=\"twitter:label2\" content=\"Tiempo de lectura\" \/>\n\t<meta name=\"twitter:data2\" content=\"1 minuto\" \/>\n<script type=\"application\/ld+json\" class=\"yoast-schema-graph\">{\"@context\":\"https:\\\/\\\/schema.org\",\"@graph\":[{\"@type\":\"Article\",\"@id\":\"https:\\\/\\\/mont-roig.cat\\\/es\\\/actualitat\\\/noticies\\\/recepcion-institucional-las-maria-roca\\\/#article\",\"isPartOf\":{\"@id\":\"https:\\\/\\\/mont-roig.cat\\\/es\\\/actualitat\\\/noticies\\\/recepcion-institucional-las-maria-roca\\\/\"},\"author\":{\"name\":\"administrador\",\"@id\":\"https:\\\/\\\/mont-roig.cat\\\/es\\\/#\\\/schema\\\/person\\\/f2b111789f22b7d0c3bd6786c9128cba\"},\"headline\":\"Recepci\u00f3n institucional a las Mar\u00eda de la Roca\",\"datePublished\":\"2016-09-12T10:55:27+00:00\",\"mainEntityOfPage\":{\"@id\":\"https:\\\/\\\/mont-roig.cat\\\/es\\\/actualitat\\\/noticies\\\/recepcion-institucional-las-maria-roca\\\/\"},\"wordCount\":125,\"image\":{\"@id\":\"https:\\\/\\\/mont-roig.cat\\\/es\\\/actualitat\\\/noticies\\\/recepcion-institucional-las-maria-roca\\\/#primaryimage\"},\"thumbnailUrl\":\"https:\\\/\\\/mont-roig.cat\\\/wp-content\\\/uploads\\\/DSCN8976.jpg\",\"articleSection\":[\"Cultura\"],\"inLanguage\":\"es\"},{\"@type\":\"WebPage\",\"@id\":\"https:\\\/\\\/mont-roig.cat\\\/es\\\/actualitat\\\/noticies\\\/recepcion-institucional-las-maria-roca\\\/\",\"url\":\"https:\\\/\\\/mont-roig.cat\\\/es\\\/actualitat\\\/noticies\\\/recepcion-institucional-las-maria-roca\\\/\",\"name\":\"Recepci\u00f3n institucional a las Mar\u00eda de la Roca - Ajuntament de Mont-roig del Camp\",\"isPartOf\":{\"@id\":\"https:\\\/\\\/mont-roig.cat\\\/es\\\/#website\"},\"primaryImageOfPage\":{\"@id\":\"https:\\\/\\\/mont-roig.cat\\\/es\\\/actualitat\\\/noticies\\\/recepcion-institucional-las-maria-roca\\\/#primaryimage\"},\"image\":{\"@id\":\"https:\\\/\\\/mont-roig.cat\\\/es\\\/actualitat\\\/noticies\\\/recepcion-institucional-las-maria-roca\\\/#primaryimage\"},\"thumbnailUrl\":\"https:\\\/\\\/mont-roig.cat\\\/wp-content\\\/uploads\\\/DSCN8976.jpg\",\"datePublished\":\"2016-09-12T10:55:27+00:00\",\"author\":{\"@id\":\"https:\\\/\\\/mont-roig.cat\\\/es\\\/#\\\/schema\\\/person\\\/f2b111789f22b7d0c3bd6786c9128cba\"},\"breadcrumb\":{\"@id\":\"https:\\\/\\\/mont-roig.cat\\\/es\\\/actualitat\\\/noticies\\\/recepcion-institucional-las-maria-roca\\\/#breadcrumb\"},\"inLanguage\":\"es\",\"potentialAction\":[{\"@type\":\"ReadAction\",\"target\":[\"https:\\\/\\\/mont-roig.cat\\\/es\\\/actualitat\\\/noticies\\\/recepcion-institucional-las-maria-roca\\\/\"]}]},{\"@type\":\"ImageObject\",\"inLanguage\":\"es\",\"@id\":\"https:\\\/\\\/mont-roig.cat\\\/es\\\/actualitat\\\/noticies\\\/recepcion-institucional-las-maria-roca\\\/#primaryimage\",\"url\":\"https:\\\/\\\/mont-roig.cat\\\/wp-content\\\/uploads\\\/DSCN8976.jpg\",\"contentUrl\":\"https:\\\/\\\/mont-roig.cat\\\/wp-content\\\/uploads\\\/DSCN8976.jpg\",\"width\":3264,\"height\":2448},{\"@type\":\"BreadcrumbList\",\"@id\":\"https:\\\/\\\/mont-roig.cat\\\/es\\\/actualitat\\\/noticies\\\/recepcion-institucional-las-maria-roca\\\/#breadcrumb\",\"itemListElement\":[{\"@type\":\"ListItem\",\"position\":1,\"name\":\"Inici\",\"item\":\"https:\\\/\\\/mont-roig.cat\\\/es\\\/pagina-de-inicio\\\/\"},{\"@type\":\"ListItem\",\"position\":2,\"name\":\"Recepci\u00f3n institucional a las Mar\u00eda de la Roca\"}]},{\"@type\":\"WebSite\",\"@id\":\"https:\\\/\\\/mont-roig.cat\\\/es\\\/#website\",\"url\":\"https:\\\/\\\/mont-roig.cat\\\/es\\\/\",\"name\":\"Ajuntament de Mont-roig del Camp\",\"description\":\"Tota la informaci\u00f3 sobre la instituci\u00f3, els seus \u00f2rgans de govern, actualitat, serveis i molt m\u00e9s.\",\"potentialAction\":[{\"@type\":\"SearchAction\",\"target\":{\"@type\":\"EntryPoint\",\"urlTemplate\":\"https:\\\/\\\/mont-roig.cat\\\/es\\\/?s={search_term_string}\"},\"query-input\":{\"@type\":\"PropertyValueSpecification\",\"valueRequired\":true,\"valueName\":\"search_term_string\"}}],\"inLanguage\":\"es\"},{\"@type\":\"Person\",\"@id\":\"https:\\\/\\\/mont-roig.cat\\\/es\\\/#\\\/schema\\\/person\\\/f2b111789f22b7d0c3bd6786c9128cba\",\"name\":\"administrador\",\"image\":{\"@type\":\"ImageObject\",\"inLanguage\":\"es\",\"@id\":\"https:\\\/\\\/secure.gravatar.com\\\/avatar\\\/9137aac6891e2595c9d3036fd83bcb653b4db3c946db4c7d9b9be193c3c944bb?s=96&d=mm&r=g\",\"url\":\"https:\\\/\\\/secure.gravatar.com\\\/avatar\\\/9137aac6891e2595c9d3036fd83bcb653b4db3c946db4c7d9b9be193c3c944bb?s=96&d=mm&r=g\",\"contentUrl\":\"https:\\\/\\\/secure.gravatar.com\\\/avatar\\\/9137aac6891e2595c9d3036fd83bcb653b4db3c946db4c7d9b9be193c3c944bb?s=96&d=mm&r=g\",\"caption\":\"administrador\"},\"url\":\"https:\\\/\\\/mont-roig.cat\\\/es\\\/actualitat\\\/noticies\\\/author\\\/administrador\\\/\"}]}<\/script>\n<!-- \/ Yoast SEO plugin. -->","yoast_head_json":{"title":"Recepci\u00f3n institucional a las Mar\u00eda de la Roca - Ajuntament de Mont-roig del Camp","robots":{"index":"index","follow":"follow","max-snippet":"max-snippet:-1","max-image-preview":"max-image-preview:large","max-video-preview":"max-video-preview:-1"},"canonical":"https:\/\/mont-roig.cat\/es\/actualitat\/noticies\/recepcion-institucional-las-maria-roca\/","og_locale":"es_ES","og_type":"article","og_title":"Recepci\u00f3n institucional a las Mar\u00eda de la Roca - Ajuntament de Mont-roig del Camp","og_description":"Como es habitual el Ayuntamiento ofreci\u00f3 la tradicional recepci\u00f3n institucional a todas las mujeres que llevan el nombre de la patrona del municipio. La Sala de Plenos de la Casa de Cultura Agust\u00ed Sard\u00e0, acogi\u00f3 el viernes por la noche un peque\u00f1o acto de homenaje a todas ellas. El alcalde de Mont-roig, Fran Morancho y [&hellip;]","og_url":"https:\/\/mont-roig.cat\/es\/actualitat\/noticies\/recepcion-institucional-las-maria-roca\/","og_site_name":"Ajuntament de Mont-roig del Camp","article_published_time":"2016-09-12T10:55:27+00:00","og_image":[{"width":3264,"height":2448,"url":"https:\/\/mont-roig.cat\/wp-content\/uploads\/DSCN8976.jpg","type":"image\/jpeg"}],"author":"administrador","twitter_card":"summary_large_image","twitter_misc":{"Escrito por":"administrador","Tiempo de lectura":"1 minuto"},"schema":{"@context":"https:\/\/schema.org","@graph":[{"@type":"Article","@id":"https:\/\/mont-roig.cat\/es\/actualitat\/noticies\/recepcion-institucional-las-maria-roca\/#article","isPartOf":{"@id":"https:\/\/mont-roig.cat\/es\/actualitat\/noticies\/recepcion-institucional-las-maria-roca\/"},"author":{"name":"administrador","@id":"https:\/\/mont-roig.cat\/es\/#\/schema\/person\/f2b111789f22b7d0c3bd6786c9128cba"},"headline":"Recepci\u00f3n institucional a las Mar\u00eda de la Roca","datePublished":"2016-09-12T10:55:27+00:00","mainEntityOfPage":{"@id":"https:\/\/mont-roig.cat\/es\/actualitat\/noticies\/recepcion-institucional-las-maria-roca\/"},"wordCount":125,"image":{"@id":"https:\/\/mont-roig.cat\/es\/actualitat\/noticies\/recepcion-institucional-las-maria-roca\/#primaryimage"},"thumbnailUrl":"https:\/\/mont-roig.cat\/wp-content\/uploads\/DSCN8976.jpg","articleSection":["Cultura"],"inLanguage":"es"},{"@type":"WebPage","@id":"https:\/\/mont-roig.cat\/es\/actualitat\/noticies\/recepcion-institucional-las-maria-roca\/","url":"https:\/\/mont-roig.cat\/es\/actualitat\/noticies\/recepcion-institucional-las-maria-roca\/","name":"Recepci\u00f3n institucional a las Mar\u00eda de la Roca - Ajuntament de Mont-roig del Camp","isPartOf":{"@id":"https:\/\/mont-roig.cat\/es\/#website"},"primaryImageOfPage":{"@id":"https:\/\/mont-roig.cat\/es\/actualitat\/noticies\/recepcion-institucional-las-maria-roca\/#primaryimage"},"image":{"@id":"https:\/\/mont-roig.cat\/es\/actualitat\/noticies\/recepcion-institucional-las-maria-roca\/#primaryimage"},"thumbnailUrl":"https:\/\/mont-roig.cat\/wp-content\/uploads\/DSCN8976.jpg","datePublished":"2016-09-12T10:55:27+00:00","author":{"@id":"https:\/\/mont-roig.cat\/es\/#\/schema\/person\/f2b111789f22b7d0c3bd6786c9128cba"},"breadcrumb":{"@id":"https:\/\/mont-roig.cat\/es\/actualitat\/noticies\/recepcion-institucional-las-maria-roca\/#breadcrumb"},"inLanguage":"es","potentialAction":[{"@type":"ReadAction","target":["https:\/\/mont-roig.cat\/es\/actualitat\/noticies\/recepcion-institucional-las-maria-roca\/"]}]},{"@type":"ImageObject","inLanguage":"es","@id":"https:\/\/mont-roig.cat\/es\/actualitat\/noticies\/recepcion-institucional-las-maria-roca\/#primaryimage","url":"https:\/\/mont-roig.cat\/wp-content\/uploads\/DSCN8976.jpg","contentUrl":"https:\/\/mont-roig.cat\/wp-content\/uploads\/DSCN8976.jpg","width":3264,"height":2448},{"@type":"BreadcrumbList","@id":"https:\/\/mont-roig.cat\/es\/actualitat\/noticies\/recepcion-institucional-las-maria-roca\/#breadcrumb","itemListElement":[{"@type":"ListItem","position":1,"name":"Inici","item":"https:\/\/mont-roig.cat\/es\/pagina-de-inicio\/"},{"@type":"ListItem","position":2,"name":"Recepci\u00f3n institucional a las Mar\u00eda de la Roca"}]},{"@type":"WebSite","@id":"https:\/\/mont-roig.cat\/es\/#website","url":"https:\/\/mont-roig.cat\/es\/","name":"Ajuntament de Mont-roig del Camp","description":"Tota la informaci\u00f3 sobre la instituci\u00f3, els seus \u00f2rgans de govern, actualitat, serveis i molt m\u00e9s.","potentialAction":[{"@type":"SearchAction","target":{"@type":"EntryPoint","urlTemplate":"https:\/\/mont-roig.cat\/es\/?s={search_term_string}"},"query-input":{"@type":"PropertyValueSpecification","valueRequired":true,"valueName":"search_term_string"}}],"inLanguage":"es"},{"@type":"Person","@id":"https:\/\/mont-roig.cat\/es\/#\/schema\/person\/f2b111789f22b7d0c3bd6786c9128cba","name":"administrador","image":{"@type":"ImageObject","inLanguage":"es","@id":"https:\/\/secure.gravatar.com\/avatar\/9137aac6891e2595c9d3036fd83bcb653b4db3c946db4c7d9b9be193c3c944bb?s=96&d=mm&r=g","url":"https:\/\/secure.gravatar.com\/avatar\/9137aac6891e2595c9d3036fd83bcb653b4db3c946db4c7d9b9be193c3c944bb?s=96&d=mm&r=g","contentUrl":"https:\/\/secure.gravatar.com\/avatar\/9137aac6891e2595c9d3036fd83bcb653b4db3c946db4c7d9b9be193c3c944bb?s=96&d=mm&r=g","caption":"administrador"},"url":"https:\/\/mont-roig.cat\/es\/actualitat\/noticies\/author\/administrador\/"}]}},"_links":{"self":[{"href":"https:\/\/mont-roig.cat\/es\/wp-json\/wp\/v2\/posts\/12604","targetHints":{"allow":["GET"]}}],"collection":[{"href":"https:\/\/mont-roig.cat\/es\/wp-json\/wp\/v2\/posts"}],"about":[{"href":"https:\/\/mont-roig.cat\/es\/wp-json\/wp\/v2\/types\/post"}],"author":[{"embeddable":true,"href":"https:\/\/mont-roig.cat\/es\/wp-json\/wp\/v2\/users\/4"}],"replies":[{"embeddable":true,"href":"https:\/\/mont-roig.cat\/es\/wp-json\/wp\/v2\/comments?post=12604"}],"version-history":[{"count":0,"href":"https:\/\/mont-roig.cat\/es\/wp-json\/wp\/v2\/posts\/12604\/revisions"}],"wp:featuredmedia":[{"embeddable":true,"href":"https:\/\/mont-roig.cat\/es\/wp-json\/wp\/v2\/media\/12602"}],"wp:attachment":[{"href":"https:\/\/mont-roig.cat\/es\/wp-json\/wp\/v2\/media?parent=12604"}],"wp:term":[{"taxonomy":"category","embeddable":true,"href":"https:\/\/mont-roig.cat\/es\/wp-json\/wp\/v2\/categories?post=12604"},{"taxonomy":"post_tag","embeddable":true,"href":"https:\/\/mont-roig.cat\/es\/wp-json\/wp\/v2\/tags?post=12604"}],"curies":[{"name":"wp","href":"https:\/\/api.w.org\/{rel}","templated":true}]}}