{"id":12803,"date":"2016-09-29T14:44:15","date_gmt":"2016-09-29T12:44:15","guid":{"rendered":"http:\/\/mont-roig.cat\/es\/?p=12803"},"modified":"2016-09-29T14:44:15","modified_gmt":"2016-09-29T12:44:15","slug":"pleno-ayuntamiento-aprueba-las-cuentas-generales-2015","status":"publish","type":"post","link":"https:\/\/mont-roig.cat\/es\/actualitat\/noticies\/pleno-ayuntamiento-aprueba-las-cuentas-generales-2015\/","title":{"rendered":"El Pleno del Ayuntamiento aprueba las Cuentas Generales de 2015"},"content":{"rendered":"<div id=\"attachment_12799\" style=\"width: 309px\" class=\"wp-caption alignright\"><a href=\"http:\/\/mont-roig.cat\/wp-content\/uploads\/Ple-extraordinari-de-28-de-setembre-de-2016.jpg\"><img loading=\"lazy\" decoding=\"async\" aria-describedby=\"caption-attachment-12799\" class=\"wp-image-12799\" src=\"http:\/\/mont-roig.cat\/wp-content\/uploads\/Ple-extraordinari-de-28-de-setembre-de-2016-500x375.jpg\" alt=\"ple-extraordinari-de-28-de-setembre-de-2016\" width=\"299\" height=\"224\" srcset=\"https:\/\/mont-roig.cat\/wp-content\/uploads\/Ple-extraordinari-de-28-de-setembre-de-2016-500x375.jpg 500w, https:\/\/mont-roig.cat\/wp-content\/uploads\/Ple-extraordinari-de-28-de-setembre-de-2016-768x576.jpg 768w, https:\/\/mont-roig.cat\/wp-content\/uploads\/Ple-extraordinari-de-28-de-setembre-de-2016-1024x768.jpg 1024w, https:\/\/mont-roig.cat\/wp-content\/uploads\/Ple-extraordinari-de-28-de-setembre-de-2016-463x348.jpg 463w, https:\/\/mont-roig.cat\/wp-content\/uploads\/Ple-extraordinari-de-28-de-setembre-de-2016.jpg 1600w\" sizes=\"auto, (max-width: 299px) 100vw, 299px\" \/><\/a><p id=\"caption-attachment-12799\" class=\"wp-caption-text\">Pleno extraordinario de 28 de septiembre de 2016<\/p><\/div>\n<ul>\n<li><strong>El equipo de gobierno ha aprovechado para explicar la situaci\u00f3n econ\u00f3mica actual del consistorio, que califica de positiva<\/strong><\/li>\n<\/ul>\n<p>El Pleno del Ayuntamiento de Mont-roig del Camp aprob\u00f3, este mi\u00e9rcoles 28 de septiembre, las Cuentas Generales de 2015. Se trata de un documento que formaliza el cierre del ejercicio presupuestario del a\u00f1o pasado y que detalla aspectos como la situaci\u00f3n del patrimonio, pr\u00e9stamos y deudas, ingresos, beneficios, as\u00ed como informaci\u00f3n sobre c\u00f3mo se ha ejecutado el presupuesto del a\u00f1o, tanto del consistorio como de las empresas y entidad municipal.<\/p>\n<p>Seg\u00fan explic\u00f3 el concejal de Hacienda, Juan Gallardo, las Cuentas Generales manifestaban, al terminar el 2015, un claro equilibrio econ\u00f3mico del Ayuntamiento. El concejal especific\u00f3 tambi\u00e9n que la aprobaci\u00f3n de estas cuentas llega m\u00e1s tarde de lo habitual, debido a los cambios que ha habido en la estructura contable de las administraciones p\u00fablicas.<\/p>\n<p>Por este motivo, el equipo de gobierno aprovech\u00f3 la aprobaci\u00f3n de este punto para explicar la situaci\u00f3n econ\u00f3mica actual del consistorio.<\/p>\n<p>El concejal de Hacienda se\u00f1al\u00f3 que se est\u00e1 ejecutando de manera equilibrada el presupuesto previsto para este a\u00f1o, no habi\u00e9ndose detectado desviaciones en cuanto a los gastos o ingresos previstos.<\/p>\n<p>En relaci\u00f3n a los ingresos, aunque en l\u00edneas generales se est\u00e1n desarrollando correctamente, Gallardo destac\u00f3 una bajada en el impuesto de construcciones y obras, lo que demuestra que este sector a\u00fan no evoluciona satisfactoriamente en el municipio. Con todo, asegur\u00f3 que el peso de estos ingresos al presupuesto es de menos del 2%, y que por tanto, no tiene un impacto notable.<\/p>\n<p>En cuanto al endeudamiento habl\u00f3 de cambios relevantes. Gallardo explic\u00f3 que se ha firmado un pr\u00e9stamo de 1,5 millones de euros para financiar diversas inversiones en el municipio que se suma a los 4 millones pedidos a trav\u00e9s del IDAE por el proyecto del alumbrado. Al cierre del ejercicio de 2016 el ratio de endeudamiento se situar\u00e1 en el 79,99%. Aunque esto supone un incremento del endeudamiento que sufrir\u00e1 el Ayuntamiento, Gallardo destac\u00f3 que la capacidad para absorberlo es evidente, con una elevada velocidad en el retorno de los pr\u00e9stamos, gracias al hecho de contar con intereses bajos. El pr\u00e9stamo del BBVA tiene un inter\u00e9s del 0,80% fijo a 10 a\u00f1os, mientras que el del IDAE es al 0%.<\/p>\n<p><strong>Agradecimiento a la ex-trabajadora Montse Gibert<\/strong><\/p>\n<p>El Pleno finaliz\u00f3 con un reconocimiento a la trabajadora Montse Gibert, que finaliza su etapa en el Ayuntamiento. El alcalde Fran Morancho puso\u00a0en valor su contribuci\u00f3n en la promoci\u00f3n de la cultura en el municipio y todo el plenario quiso agradecerle estos a\u00f1os de dedicaci\u00f3n.<\/p>\n<p>&nbsp;<\/p>\n","protected":false},"excerpt":{"rendered":"<p>El equipo de gobierno ha aprovechado para explicar la situaci\u00f3n econ\u00f3mica actual del consistorio, que califica de positiva El Pleno del Ayuntamiento de Mont-roig del Camp aprob\u00f3, este mi\u00e9rcoles 28 de septiembre, las Cuentas Generales de 2015. Se trata de un documento que formaliza el cierre del ejercicio presupuestario del a\u00f1o pasado y que detalla [&hellip;]<\/p>\n","protected":false},"author":4,"featured_media":12799,"comment_status":"closed","ping_status":"closed","sticky":false,"template":"","format":"standard","meta":{"inline_featured_image":false,"_monsterinsights_skip_tracking":false,"_monsterinsights_sitenote_active":false,"_monsterinsights_sitenote_note":"","_monsterinsights_sitenote_category":0,"footnotes":""},"categories":[98],"tags":[],"class_list":["post-12803","post","type-post","status-publish","format-standard","has-post-thumbnail","hentry","category-ayuntamiento"],"yoast_head":"<!-- This site is optimized with the Yoast SEO plugin v27.4 - https:\/\/yoast.com\/product\/yoast-seo-wordpress\/ -->\n<title>El Pleno del Ayuntamiento aprueba las Cuentas Generales de 2015 - Ajuntament de Mont-roig del Camp<\/title>\n<meta name=\"robots\" content=\"index, follow, max-snippet:-1, max-image-preview:large, max-video-preview:-1\" \/>\n<link rel=\"canonical\" href=\"https:\/\/mont-roig.cat\/es\/actualitat\/noticies\/pleno-ayuntamiento-aprueba-las-cuentas-generales-2015\/\" \/>\n<meta property=\"og:locale\" content=\"es_ES\" \/>\n<meta property=\"og:type\" content=\"article\" \/>\n<meta property=\"og:title\" content=\"El Pleno del Ayuntamiento aprueba las Cuentas Generales de 2015 - Ajuntament de Mont-roig del Camp\" \/>\n<meta property=\"og:description\" content=\"El equipo de gobierno ha aprovechado para explicar la situaci\u00f3n econ\u00f3mica actual del consistorio, que califica de positiva El Pleno del Ayuntamiento de Mont-roig del Camp aprob\u00f3, este mi\u00e9rcoles 28 de septiembre, las Cuentas Generales de 2015. Se trata de un documento que formaliza el cierre del ejercicio presupuestario del a\u00f1o pasado y que detalla [&hellip;]\" \/>\n<meta property=\"og:url\" content=\"https:\/\/mont-roig.cat\/es\/actualitat\/noticies\/pleno-ayuntamiento-aprueba-las-cuentas-generales-2015\/\" \/>\n<meta property=\"og:site_name\" content=\"Ajuntament de Mont-roig del Camp\" \/>\n<meta property=\"article:published_time\" content=\"2016-09-29T12:44:15+00:00\" \/>\n<meta property=\"og:image\" content=\"https:\/\/mont-roig.cat\/wp-content\/uploads\/Ple-extraordinari-de-28-de-setembre-de-2016.jpg\" \/>\n\t<meta property=\"og:image:width\" content=\"1600\" \/>\n\t<meta property=\"og:image:height\" content=\"1200\" \/>\n\t<meta property=\"og:image:type\" content=\"image\/jpeg\" \/>\n<meta name=\"author\" content=\"administrador\" \/>\n<meta name=\"twitter:card\" content=\"summary_large_image\" \/>\n<meta name=\"twitter:label1\" content=\"Escrito por\" \/>\n\t<meta name=\"twitter:data1\" content=\"administrador\" \/>\n\t<meta name=\"twitter:label2\" content=\"Tiempo de lectura\" \/>\n\t<meta name=\"twitter:data2\" content=\"2 minutos\" \/>\n<script type=\"application\/ld+json\" class=\"yoast-schema-graph\">{\"@context\":\"https:\\\/\\\/schema.org\",\"@graph\":[{\"@type\":\"Article\",\"@id\":\"https:\\\/\\\/mont-roig.cat\\\/es\\\/actualitat\\\/noticies\\\/pleno-ayuntamiento-aprueba-las-cuentas-generales-2015\\\/#article\",\"isPartOf\":{\"@id\":\"https:\\\/\\\/mont-roig.cat\\\/es\\\/actualitat\\\/noticies\\\/pleno-ayuntamiento-aprueba-las-cuentas-generales-2015\\\/\"},\"author\":{\"name\":\"administrador\",\"@id\":\"https:\\\/\\\/mont-roig.cat\\\/es\\\/#\\\/schema\\\/person\\\/f2b111789f22b7d0c3bd6786c9128cba\"},\"headline\":\"El Pleno del Ayuntamiento aprueba las Cuentas Generales de 2015\",\"datePublished\":\"2016-09-29T12:44:15+00:00\",\"mainEntityOfPage\":{\"@id\":\"https:\\\/\\\/mont-roig.cat\\\/es\\\/actualitat\\\/noticies\\\/pleno-ayuntamiento-aprueba-las-cuentas-generales-2015\\\/\"},\"wordCount\":472,\"image\":{\"@id\":\"https:\\\/\\\/mont-roig.cat\\\/es\\\/actualitat\\\/noticies\\\/pleno-ayuntamiento-aprueba-las-cuentas-generales-2015\\\/#primaryimage\"},\"thumbnailUrl\":\"https:\\\/\\\/mont-roig.cat\\\/wp-content\\\/uploads\\\/Ple-extraordinari-de-28-de-setembre-de-2016.jpg\",\"articleSection\":[\"Ayuntamiento\"],\"inLanguage\":\"es\"},{\"@type\":\"WebPage\",\"@id\":\"https:\\\/\\\/mont-roig.cat\\\/es\\\/actualitat\\\/noticies\\\/pleno-ayuntamiento-aprueba-las-cuentas-generales-2015\\\/\",\"url\":\"https:\\\/\\\/mont-roig.cat\\\/es\\\/actualitat\\\/noticies\\\/pleno-ayuntamiento-aprueba-las-cuentas-generales-2015\\\/\",\"name\":\"El Pleno del Ayuntamiento aprueba las Cuentas Generales de 2015 - Ajuntament de Mont-roig del Camp\",\"isPartOf\":{\"@id\":\"https:\\\/\\\/mont-roig.cat\\\/es\\\/#website\"},\"primaryImageOfPage\":{\"@id\":\"https:\\\/\\\/mont-roig.cat\\\/es\\\/actualitat\\\/noticies\\\/pleno-ayuntamiento-aprueba-las-cuentas-generales-2015\\\/#primaryimage\"},\"image\":{\"@id\":\"https:\\\/\\\/mont-roig.cat\\\/es\\\/actualitat\\\/noticies\\\/pleno-ayuntamiento-aprueba-las-cuentas-generales-2015\\\/#primaryimage\"},\"thumbnailUrl\":\"https:\\\/\\\/mont-roig.cat\\\/wp-content\\\/uploads\\\/Ple-extraordinari-de-28-de-setembre-de-2016.jpg\",\"datePublished\":\"2016-09-29T12:44:15+00:00\",\"author\":{\"@id\":\"https:\\\/\\\/mont-roig.cat\\\/es\\\/#\\\/schema\\\/person\\\/f2b111789f22b7d0c3bd6786c9128cba\"},\"breadcrumb\":{\"@id\":\"https:\\\/\\\/mont-roig.cat\\\/es\\\/actualitat\\\/noticies\\\/pleno-ayuntamiento-aprueba-las-cuentas-generales-2015\\\/#breadcrumb\"},\"inLanguage\":\"es\",\"potentialAction\":[{\"@type\":\"ReadAction\",\"target\":[\"https:\\\/\\\/mont-roig.cat\\\/es\\\/actualitat\\\/noticies\\\/pleno-ayuntamiento-aprueba-las-cuentas-generales-2015\\\/\"]}]},{\"@type\":\"ImageObject\",\"inLanguage\":\"es\",\"@id\":\"https:\\\/\\\/mont-roig.cat\\\/es\\\/actualitat\\\/noticies\\\/pleno-ayuntamiento-aprueba-las-cuentas-generales-2015\\\/#primaryimage\",\"url\":\"https:\\\/\\\/mont-roig.cat\\\/wp-content\\\/uploads\\\/Ple-extraordinari-de-28-de-setembre-de-2016.jpg\",\"contentUrl\":\"https:\\\/\\\/mont-roig.cat\\\/wp-content\\\/uploads\\\/Ple-extraordinari-de-28-de-setembre-de-2016.jpg\",\"width\":1600,\"height\":1200},{\"@type\":\"BreadcrumbList\",\"@id\":\"https:\\\/\\\/mont-roig.cat\\\/es\\\/actualitat\\\/noticies\\\/pleno-ayuntamiento-aprueba-las-cuentas-generales-2015\\\/#breadcrumb\",\"itemListElement\":[{\"@type\":\"ListItem\",\"position\":1,\"name\":\"Inici\",\"item\":\"https:\\\/\\\/mont-roig.cat\\\/es\\\/pagina-de-inicio\\\/\"},{\"@type\":\"ListItem\",\"position\":2,\"name\":\"El Pleno del Ayuntamiento aprueba las Cuentas Generales de 2015\"}]},{\"@type\":\"WebSite\",\"@id\":\"https:\\\/\\\/mont-roig.cat\\\/es\\\/#website\",\"url\":\"https:\\\/\\\/mont-roig.cat\\\/es\\\/\",\"name\":\"Ajuntament de Mont-roig del Camp\",\"description\":\"Tota la informaci\u00f3 sobre la instituci\u00f3, els seus \u00f2rgans de govern, actualitat, serveis i molt m\u00e9s.\",\"potentialAction\":[{\"@type\":\"SearchAction\",\"target\":{\"@type\":\"EntryPoint\",\"urlTemplate\":\"https:\\\/\\\/mont-roig.cat\\\/es\\\/?s={search_term_string}\"},\"query-input\":{\"@type\":\"PropertyValueSpecification\",\"valueRequired\":true,\"valueName\":\"search_term_string\"}}],\"inLanguage\":\"es\"},{\"@type\":\"Person\",\"@id\":\"https:\\\/\\\/mont-roig.cat\\\/es\\\/#\\\/schema\\\/person\\\/f2b111789f22b7d0c3bd6786c9128cba\",\"name\":\"administrador\",\"image\":{\"@type\":\"ImageObject\",\"inLanguage\":\"es\",\"@id\":\"https:\\\/\\\/secure.gravatar.com\\\/avatar\\\/9137aac6891e2595c9d3036fd83bcb653b4db3c946db4c7d9b9be193c3c944bb?s=96&d=mm&r=g\",\"url\":\"https:\\\/\\\/secure.gravatar.com\\\/avatar\\\/9137aac6891e2595c9d3036fd83bcb653b4db3c946db4c7d9b9be193c3c944bb?s=96&d=mm&r=g\",\"contentUrl\":\"https:\\\/\\\/secure.gravatar.com\\\/avatar\\\/9137aac6891e2595c9d3036fd83bcb653b4db3c946db4c7d9b9be193c3c944bb?s=96&d=mm&r=g\",\"caption\":\"administrador\"},\"url\":\"https:\\\/\\\/mont-roig.cat\\\/es\\\/actualitat\\\/noticies\\\/author\\\/administrador\\\/\"}]}<\/script>\n<!-- \/ Yoast SEO plugin. -->","yoast_head_json":{"title":"El Pleno del Ayuntamiento aprueba las Cuentas Generales de 2015 - Ajuntament de Mont-roig del Camp","robots":{"index":"index","follow":"follow","max-snippet":"max-snippet:-1","max-image-preview":"max-image-preview:large","max-video-preview":"max-video-preview:-1"},"canonical":"https:\/\/mont-roig.cat\/es\/actualitat\/noticies\/pleno-ayuntamiento-aprueba-las-cuentas-generales-2015\/","og_locale":"es_ES","og_type":"article","og_title":"El Pleno del Ayuntamiento aprueba las Cuentas Generales de 2015 - Ajuntament de Mont-roig del Camp","og_description":"El equipo de gobierno ha aprovechado para explicar la situaci\u00f3n econ\u00f3mica actual del consistorio, que califica de positiva El Pleno del Ayuntamiento de Mont-roig del Camp aprob\u00f3, este mi\u00e9rcoles 28 de septiembre, las Cuentas Generales de 2015. Se trata de un documento que formaliza el cierre del ejercicio presupuestario del a\u00f1o pasado y que detalla [&hellip;]","og_url":"https:\/\/mont-roig.cat\/es\/actualitat\/noticies\/pleno-ayuntamiento-aprueba-las-cuentas-generales-2015\/","og_site_name":"Ajuntament de Mont-roig del Camp","article_published_time":"2016-09-29T12:44:15+00:00","og_image":[{"width":1600,"height":1200,"url":"https:\/\/mont-roig.cat\/wp-content\/uploads\/Ple-extraordinari-de-28-de-setembre-de-2016.jpg","type":"image\/jpeg"}],"author":"administrador","twitter_card":"summary_large_image","twitter_misc":{"Escrito por":"administrador","Tiempo de lectura":"2 minutos"},"schema":{"@context":"https:\/\/schema.org","@graph":[{"@type":"Article","@id":"https:\/\/mont-roig.cat\/es\/actualitat\/noticies\/pleno-ayuntamiento-aprueba-las-cuentas-generales-2015\/#article","isPartOf":{"@id":"https:\/\/mont-roig.cat\/es\/actualitat\/noticies\/pleno-ayuntamiento-aprueba-las-cuentas-generales-2015\/"},"author":{"name":"administrador","@id":"https:\/\/mont-roig.cat\/es\/#\/schema\/person\/f2b111789f22b7d0c3bd6786c9128cba"},"headline":"El Pleno del Ayuntamiento aprueba las Cuentas Generales de 2015","datePublished":"2016-09-29T12:44:15+00:00","mainEntityOfPage":{"@id":"https:\/\/mont-roig.cat\/es\/actualitat\/noticies\/pleno-ayuntamiento-aprueba-las-cuentas-generales-2015\/"},"wordCount":472,"image":{"@id":"https:\/\/mont-roig.cat\/es\/actualitat\/noticies\/pleno-ayuntamiento-aprueba-las-cuentas-generales-2015\/#primaryimage"},"thumbnailUrl":"https:\/\/mont-roig.cat\/wp-content\/uploads\/Ple-extraordinari-de-28-de-setembre-de-2016.jpg","articleSection":["Ayuntamiento"],"inLanguage":"es"},{"@type":"WebPage","@id":"https:\/\/mont-roig.cat\/es\/actualitat\/noticies\/pleno-ayuntamiento-aprueba-las-cuentas-generales-2015\/","url":"https:\/\/mont-roig.cat\/es\/actualitat\/noticies\/pleno-ayuntamiento-aprueba-las-cuentas-generales-2015\/","name":"El Pleno del Ayuntamiento aprueba las Cuentas Generales de 2015 - Ajuntament de Mont-roig del Camp","isPartOf":{"@id":"https:\/\/mont-roig.cat\/es\/#website"},"primaryImageOfPage":{"@id":"https:\/\/mont-roig.cat\/es\/actualitat\/noticies\/pleno-ayuntamiento-aprueba-las-cuentas-generales-2015\/#primaryimage"},"image":{"@id":"https:\/\/mont-roig.cat\/es\/actualitat\/noticies\/pleno-ayuntamiento-aprueba-las-cuentas-generales-2015\/#primaryimage"},"thumbnailUrl":"https:\/\/mont-roig.cat\/wp-content\/uploads\/Ple-extraordinari-de-28-de-setembre-de-2016.jpg","datePublished":"2016-09-29T12:44:15+00:00","author":{"@id":"https:\/\/mont-roig.cat\/es\/#\/schema\/person\/f2b111789f22b7d0c3bd6786c9128cba"},"breadcrumb":{"@id":"https:\/\/mont-roig.cat\/es\/actualitat\/noticies\/pleno-ayuntamiento-aprueba-las-cuentas-generales-2015\/#breadcrumb"},"inLanguage":"es","potentialAction":[{"@type":"ReadAction","target":["https:\/\/mont-roig.cat\/es\/actualitat\/noticies\/pleno-ayuntamiento-aprueba-las-cuentas-generales-2015\/"]}]},{"@type":"ImageObject","inLanguage":"es","@id":"https:\/\/mont-roig.cat\/es\/actualitat\/noticies\/pleno-ayuntamiento-aprueba-las-cuentas-generales-2015\/#primaryimage","url":"https:\/\/mont-roig.cat\/wp-content\/uploads\/Ple-extraordinari-de-28-de-setembre-de-2016.jpg","contentUrl":"https:\/\/mont-roig.cat\/wp-content\/uploads\/Ple-extraordinari-de-28-de-setembre-de-2016.jpg","width":1600,"height":1200},{"@type":"BreadcrumbList","@id":"https:\/\/mont-roig.cat\/es\/actualitat\/noticies\/pleno-ayuntamiento-aprueba-las-cuentas-generales-2015\/#breadcrumb","itemListElement":[{"@type":"ListItem","position":1,"name":"Inici","item":"https:\/\/mont-roig.cat\/es\/pagina-de-inicio\/"},{"@type":"ListItem","position":2,"name":"El Pleno del Ayuntamiento aprueba las Cuentas Generales de 2015"}]},{"@type":"WebSite","@id":"https:\/\/mont-roig.cat\/es\/#website","url":"https:\/\/mont-roig.cat\/es\/","name":"Ajuntament de Mont-roig del Camp","description":"Tota la informaci\u00f3 sobre la instituci\u00f3, els seus \u00f2rgans de govern, actualitat, serveis i molt m\u00e9s.","potentialAction":[{"@type":"SearchAction","target":{"@type":"EntryPoint","urlTemplate":"https:\/\/mont-roig.cat\/es\/?s={search_term_string}"},"query-input":{"@type":"PropertyValueSpecification","valueRequired":true,"valueName":"search_term_string"}}],"inLanguage":"es"},{"@type":"Person","@id":"https:\/\/mont-roig.cat\/es\/#\/schema\/person\/f2b111789f22b7d0c3bd6786c9128cba","name":"administrador","image":{"@type":"ImageObject","inLanguage":"es","@id":"https:\/\/secure.gravatar.com\/avatar\/9137aac6891e2595c9d3036fd83bcb653b4db3c946db4c7d9b9be193c3c944bb?s=96&d=mm&r=g","url":"https:\/\/secure.gravatar.com\/avatar\/9137aac6891e2595c9d3036fd83bcb653b4db3c946db4c7d9b9be193c3c944bb?s=96&d=mm&r=g","contentUrl":"https:\/\/secure.gravatar.com\/avatar\/9137aac6891e2595c9d3036fd83bcb653b4db3c946db4c7d9b9be193c3c944bb?s=96&d=mm&r=g","caption":"administrador"},"url":"https:\/\/mont-roig.cat\/es\/actualitat\/noticies\/author\/administrador\/"}]}},"_links":{"self":[{"href":"https:\/\/mont-roig.cat\/es\/wp-json\/wp\/v2\/posts\/12803","targetHints":{"allow":["GET"]}}],"collection":[{"href":"https:\/\/mont-roig.cat\/es\/wp-json\/wp\/v2\/posts"}],"about":[{"href":"https:\/\/mont-roig.cat\/es\/wp-json\/wp\/v2\/types\/post"}],"author":[{"embeddable":true,"href":"https:\/\/mont-roig.cat\/es\/wp-json\/wp\/v2\/users\/4"}],"replies":[{"embeddable":true,"href":"https:\/\/mont-roig.cat\/es\/wp-json\/wp\/v2\/comments?post=12803"}],"version-history":[{"count":0,"href":"https:\/\/mont-roig.cat\/es\/wp-json\/wp\/v2\/posts\/12803\/revisions"}],"wp:featuredmedia":[{"embeddable":true,"href":"https:\/\/mont-roig.cat\/es\/wp-json\/wp\/v2\/media\/12799"}],"wp:attachment":[{"href":"https:\/\/mont-roig.cat\/es\/wp-json\/wp\/v2\/media?parent=12803"}],"wp:term":[{"taxonomy":"category","embeddable":true,"href":"https:\/\/mont-roig.cat\/es\/wp-json\/wp\/v2\/categories?post=12803"},{"taxonomy":"post_tag","embeddable":true,"href":"https:\/\/mont-roig.cat\/es\/wp-json\/wp\/v2\/tags?post=12803"}],"curies":[{"name":"wp","href":"https:\/\/api.w.org\/{rel}","templated":true}]}}