{"id":12947,"date":"2016-10-10T13:16:33","date_gmt":"2016-10-10T11:16:33","guid":{"rendered":"http:\/\/mont-roig.cat\/es\/?p=12947"},"modified":"2016-10-10T13:16:33","modified_gmt":"2016-10-10T11:16:33","slug":"alcalde-mont-roig-camp-apoya-las-reivindicaciones-para-mejora-servicio-ferrocarril","status":"publish","type":"post","link":"https:\/\/mont-roig.cat\/es\/actualitat\/noticies\/alcalde-mont-roig-camp-apoya-las-reivindicaciones-para-mejora-servicio-ferrocarril\/","title":{"rendered":"El Alcalde de Mont-roig del Camp apoya las reivindicaciones para la mejora del servicio del ferrocarril"},"content":{"rendered":"<div id=\"attachment_12945\" style=\"width: 311px\" class=\"wp-caption alignright\"><a href=\"http:\/\/mont-roig.cat\/wp-content\/uploads\/Fran-Morancho-a-la-concentraci\u00f3-institucional-per-a-la-millora-del-servei-del-ferrocarril.jpg\"><img loading=\"lazy\" decoding=\"async\" aria-describedby=\"caption-attachment-12945\" class=\"wp-image-12945\" src=\"http:\/\/mont-roig.cat\/wp-content\/uploads\/Fran-Morancho-a-la-concentraci\u00f3-institucional-per-a-la-millora-del-servei-del-ferrocarril-500x375.jpg\" alt=\"fran-morancho-a-la-concentracio-institucional-per-a-la-millora-del-servei-del-ferrocarril\" width=\"301\" height=\"226\" srcset=\"https:\/\/mont-roig.cat\/wp-content\/uploads\/Fran-Morancho-a-la-concentraci\u00f3-institucional-per-a-la-millora-del-servei-del-ferrocarril-500x375.jpg 500w, https:\/\/mont-roig.cat\/wp-content\/uploads\/Fran-Morancho-a-la-concentraci\u00f3-institucional-per-a-la-millora-del-servei-del-ferrocarril-768x576.jpg 768w, https:\/\/mont-roig.cat\/wp-content\/uploads\/Fran-Morancho-a-la-concentraci\u00f3-institucional-per-a-la-millora-del-servei-del-ferrocarril-1024x768.jpg 1024w, https:\/\/mont-roig.cat\/wp-content\/uploads\/Fran-Morancho-a-la-concentraci\u00f3-institucional-per-a-la-millora-del-servei-del-ferrocarril-463x348.jpg 463w, https:\/\/mont-roig.cat\/wp-content\/uploads\/Fran-Morancho-a-la-concentraci\u00f3-institucional-per-a-la-millora-del-servei-del-ferrocarril.jpg 1600w\" sizes=\"auto, (max-width: 301px) 100vw, 301px\" \/><\/a><p id=\"caption-attachment-12945\" class=\"wp-caption-text\">El alcalde, Fran Morancho, entre los representantes del territorio que han asistido a la concentraci\u00f3n para reivindicar la mejora del servicio de ferrocarril<\/p><\/div>\n<p>El alcalde de Mont-roig del Camp, Fran Morancho, ha asistido esta ma\u00f1ana a la concentraci\u00f3n institucional que se ha celebrado en Vila-seca para reivindicar la mejora del servicio ferroviario en el Camp de Tarragona y las Tierras del Ebro.<\/p>\n<p>Morancho ha querido apoyar esta reivindicaci\u00f3n, convocada por la<em> Plataforma per la Defensa d\u2019un Ferrocarril P\u00fablic i de Qualitat, la Plataforma Trens Dignes a les Terres de l\u2019Ebre <\/em>y la asociaci\u00f3n<em> Promoci\u00f3 del Transport P\u00fablic.<\/em> Los tres colectivos, que luchan por la mejora del servicio ferroviario, se han unido en la organizaci\u00f3n de esta concentraci\u00f3n con la voluntad de conseguir el m\u00e1ximo apoyo posible de ayuntamientos, c\u00e1maras de comercio, sindicatos y asociaciones vecinales, entre otros. La jornada ha incluido la lectura de un manifiesto para que lo suscriban las instituciones asistentes y la recogida de firmas.<\/p>\n<p>Los tres colectivos han alertado de la ca\u00edda de usuarios de los trenes regionales, superior al 20% en los \u00faltimos diez a\u00f1os, lo que atribuyen a las constantes interrupciones y retrasos. Seg\u00fan un estudio elaborado por las tres plataformas, que analiza la evoluci\u00f3n de viajeros por ferrocarril en el Camp de Tarragona a lo largo de una d\u00e9cada, de 2004 a 2014, el 80% de los usuarios utilizan los trenes regionales, pero los viajeros cada vez hacen menos uso. La ca\u00edda ha sido de un 21,4% en Tarragona y es a\u00fan m\u00e1s exagerada en otros municipios, como Torredembarra, donde supera el 25%.<\/p>\n<p>&nbsp;<\/p>\n","protected":false},"excerpt":{"rendered":"<p>El alcalde de Mont-roig del Camp, Fran Morancho, ha asistido esta ma\u00f1ana a la concentraci\u00f3n institucional que se ha celebrado en Vila-seca para reivindicar la mejora del servicio ferroviario en el Camp de Tarragona y las Tierras del Ebro. Morancho ha querido apoyar esta reivindicaci\u00f3n, convocada por la Plataforma per la Defensa d\u2019un Ferrocarril P\u00fablic [&hellip;]<\/p>\n","protected":false},"author":4,"featured_media":12945,"comment_status":"closed","ping_status":"closed","sticky":false,"template":"","format":"standard","meta":{"inline_featured_image":false,"_monsterinsights_skip_tracking":false,"_monsterinsights_sitenote_active":false,"_monsterinsights_sitenote_note":"","_monsterinsights_sitenote_category":0,"footnotes":""},"categories":[98],"tags":[],"class_list":["post-12947","post","type-post","status-publish","format-standard","has-post-thumbnail","hentry","category-ayuntamiento"],"yoast_head":"<!-- This site is optimized with the Yoast SEO plugin v27.4 - https:\/\/yoast.com\/product\/yoast-seo-wordpress\/ -->\n<title>El Alcalde de Mont-roig del Camp apoya las reivindicaciones para la mejora del servicio del ferrocarril - Ajuntament de Mont-roig del Camp<\/title>\n<meta name=\"robots\" content=\"index, follow, max-snippet:-1, max-image-preview:large, max-video-preview:-1\" \/>\n<link rel=\"canonical\" href=\"https:\/\/mont-roig.cat\/es\/actualitat\/noticies\/alcalde-mont-roig-camp-apoya-las-reivindicaciones-para-mejora-servicio-ferrocarril\/\" \/>\n<meta property=\"og:locale\" content=\"es_ES\" \/>\n<meta property=\"og:type\" content=\"article\" \/>\n<meta property=\"og:title\" content=\"El Alcalde de Mont-roig del Camp apoya las reivindicaciones para la mejora del servicio del ferrocarril - Ajuntament de Mont-roig del Camp\" \/>\n<meta property=\"og:description\" content=\"El alcalde de Mont-roig del Camp, Fran Morancho, ha asistido esta ma\u00f1ana a la concentraci\u00f3n institucional que se ha celebrado en Vila-seca para reivindicar la mejora del servicio ferroviario en el Camp de Tarragona y las Tierras del Ebro. Morancho ha querido apoyar esta reivindicaci\u00f3n, convocada por la Plataforma per la Defensa d\u2019un Ferrocarril P\u00fablic [&hellip;]\" \/>\n<meta property=\"og:url\" content=\"https:\/\/mont-roig.cat\/es\/actualitat\/noticies\/alcalde-mont-roig-camp-apoya-las-reivindicaciones-para-mejora-servicio-ferrocarril\/\" \/>\n<meta property=\"og:site_name\" content=\"Ajuntament de Mont-roig del Camp\" \/>\n<meta property=\"article:published_time\" content=\"2016-10-10T11:16:33+00:00\" \/>\n<meta property=\"og:image\" content=\"https:\/\/mont-roig.cat\/wp-content\/uploads\/Fran-Morancho-a-la-concentraci\u00f3-institucional-per-a-la-millora-del-servei-del-ferrocarril.jpg\" \/>\n\t<meta property=\"og:image:width\" content=\"1600\" \/>\n\t<meta property=\"og:image:height\" content=\"1200\" \/>\n\t<meta property=\"og:image:type\" content=\"image\/jpeg\" \/>\n<meta name=\"author\" content=\"administrador\" \/>\n<meta name=\"twitter:card\" content=\"summary_large_image\" \/>\n<meta name=\"twitter:label1\" content=\"Escrito por\" \/>\n\t<meta name=\"twitter:data1\" content=\"administrador\" \/>\n\t<meta name=\"twitter:label2\" content=\"Tiempo de lectura\" \/>\n\t<meta name=\"twitter:data2\" content=\"1 minuto\" \/>\n<script type=\"application\/ld+json\" class=\"yoast-schema-graph\">{\"@context\":\"https:\\\/\\\/schema.org\",\"@graph\":[{\"@type\":\"Article\",\"@id\":\"https:\\\/\\\/mont-roig.cat\\\/es\\\/actualitat\\\/noticies\\\/alcalde-mont-roig-camp-apoya-las-reivindicaciones-para-mejora-servicio-ferrocarril\\\/#article\",\"isPartOf\":{\"@id\":\"https:\\\/\\\/mont-roig.cat\\\/es\\\/actualitat\\\/noticies\\\/alcalde-mont-roig-camp-apoya-las-reivindicaciones-para-mejora-servicio-ferrocarril\\\/\"},\"author\":{\"name\":\"administrador\",\"@id\":\"https:\\\/\\\/mont-roig.cat\\\/es\\\/#\\\/schema\\\/person\\\/f2b111789f22b7d0c3bd6786c9128cba\"},\"headline\":\"El Alcalde de Mont-roig del Camp apoya las reivindicaciones para la mejora del servicio del ferrocarril\",\"datePublished\":\"2016-10-10T11:16:33+00:00\",\"mainEntityOfPage\":{\"@id\":\"https:\\\/\\\/mont-roig.cat\\\/es\\\/actualitat\\\/noticies\\\/alcalde-mont-roig-camp-apoya-las-reivindicaciones-para-mejora-servicio-ferrocarril\\\/\"},\"wordCount\":299,\"image\":{\"@id\":\"https:\\\/\\\/mont-roig.cat\\\/es\\\/actualitat\\\/noticies\\\/alcalde-mont-roig-camp-apoya-las-reivindicaciones-para-mejora-servicio-ferrocarril\\\/#primaryimage\"},\"thumbnailUrl\":\"https:\\\/\\\/mont-roig.cat\\\/wp-content\\\/uploads\\\/Fran-Morancho-a-la-concentraci\u00f3-institucional-per-a-la-millora-del-servei-del-ferrocarril.jpg\",\"articleSection\":[\"Ayuntamiento\"],\"inLanguage\":\"es\"},{\"@type\":\"WebPage\",\"@id\":\"https:\\\/\\\/mont-roig.cat\\\/es\\\/actualitat\\\/noticies\\\/alcalde-mont-roig-camp-apoya-las-reivindicaciones-para-mejora-servicio-ferrocarril\\\/\",\"url\":\"https:\\\/\\\/mont-roig.cat\\\/es\\\/actualitat\\\/noticies\\\/alcalde-mont-roig-camp-apoya-las-reivindicaciones-para-mejora-servicio-ferrocarril\\\/\",\"name\":\"El Alcalde de Mont-roig del Camp apoya las reivindicaciones para la mejora del servicio del ferrocarril - Ajuntament de Mont-roig del Camp\",\"isPartOf\":{\"@id\":\"https:\\\/\\\/mont-roig.cat\\\/es\\\/#website\"},\"primaryImageOfPage\":{\"@id\":\"https:\\\/\\\/mont-roig.cat\\\/es\\\/actualitat\\\/noticies\\\/alcalde-mont-roig-camp-apoya-las-reivindicaciones-para-mejora-servicio-ferrocarril\\\/#primaryimage\"},\"image\":{\"@id\":\"https:\\\/\\\/mont-roig.cat\\\/es\\\/actualitat\\\/noticies\\\/alcalde-mont-roig-camp-apoya-las-reivindicaciones-para-mejora-servicio-ferrocarril\\\/#primaryimage\"},\"thumbnailUrl\":\"https:\\\/\\\/mont-roig.cat\\\/wp-content\\\/uploads\\\/Fran-Morancho-a-la-concentraci\u00f3-institucional-per-a-la-millora-del-servei-del-ferrocarril.jpg\",\"datePublished\":\"2016-10-10T11:16:33+00:00\",\"author\":{\"@id\":\"https:\\\/\\\/mont-roig.cat\\\/es\\\/#\\\/schema\\\/person\\\/f2b111789f22b7d0c3bd6786c9128cba\"},\"breadcrumb\":{\"@id\":\"https:\\\/\\\/mont-roig.cat\\\/es\\\/actualitat\\\/noticies\\\/alcalde-mont-roig-camp-apoya-las-reivindicaciones-para-mejora-servicio-ferrocarril\\\/#breadcrumb\"},\"inLanguage\":\"es\",\"potentialAction\":[{\"@type\":\"ReadAction\",\"target\":[\"https:\\\/\\\/mont-roig.cat\\\/es\\\/actualitat\\\/noticies\\\/alcalde-mont-roig-camp-apoya-las-reivindicaciones-para-mejora-servicio-ferrocarril\\\/\"]}]},{\"@type\":\"ImageObject\",\"inLanguage\":\"es\",\"@id\":\"https:\\\/\\\/mont-roig.cat\\\/es\\\/actualitat\\\/noticies\\\/alcalde-mont-roig-camp-apoya-las-reivindicaciones-para-mejora-servicio-ferrocarril\\\/#primaryimage\",\"url\":\"https:\\\/\\\/mont-roig.cat\\\/wp-content\\\/uploads\\\/Fran-Morancho-a-la-concentraci\u00f3-institucional-per-a-la-millora-del-servei-del-ferrocarril.jpg\",\"contentUrl\":\"https:\\\/\\\/mont-roig.cat\\\/wp-content\\\/uploads\\\/Fran-Morancho-a-la-concentraci\u00f3-institucional-per-a-la-millora-del-servei-del-ferrocarril.jpg\",\"width\":1600,\"height\":1200},{\"@type\":\"BreadcrumbList\",\"@id\":\"https:\\\/\\\/mont-roig.cat\\\/es\\\/actualitat\\\/noticies\\\/alcalde-mont-roig-camp-apoya-las-reivindicaciones-para-mejora-servicio-ferrocarril\\\/#breadcrumb\",\"itemListElement\":[{\"@type\":\"ListItem\",\"position\":1,\"name\":\"Inici\",\"item\":\"https:\\\/\\\/mont-roig.cat\\\/es\\\/pagina-de-inicio\\\/\"},{\"@type\":\"ListItem\",\"position\":2,\"name\":\"El Alcalde de Mont-roig del Camp apoya las reivindicaciones para la mejora del servicio del ferrocarril\"}]},{\"@type\":\"WebSite\",\"@id\":\"https:\\\/\\\/mont-roig.cat\\\/es\\\/#website\",\"url\":\"https:\\\/\\\/mont-roig.cat\\\/es\\\/\",\"name\":\"Ajuntament de Mont-roig del Camp\",\"description\":\"Tota la informaci\u00f3 sobre la instituci\u00f3, els seus \u00f2rgans de govern, actualitat, serveis i molt m\u00e9s.\",\"potentialAction\":[{\"@type\":\"SearchAction\",\"target\":{\"@type\":\"EntryPoint\",\"urlTemplate\":\"https:\\\/\\\/mont-roig.cat\\\/es\\\/?s={search_term_string}\"},\"query-input\":{\"@type\":\"PropertyValueSpecification\",\"valueRequired\":true,\"valueName\":\"search_term_string\"}}],\"inLanguage\":\"es\"},{\"@type\":\"Person\",\"@id\":\"https:\\\/\\\/mont-roig.cat\\\/es\\\/#\\\/schema\\\/person\\\/f2b111789f22b7d0c3bd6786c9128cba\",\"name\":\"administrador\",\"image\":{\"@type\":\"ImageObject\",\"inLanguage\":\"es\",\"@id\":\"https:\\\/\\\/secure.gravatar.com\\\/avatar\\\/9137aac6891e2595c9d3036fd83bcb653b4db3c946db4c7d9b9be193c3c944bb?s=96&d=mm&r=g\",\"url\":\"https:\\\/\\\/secure.gravatar.com\\\/avatar\\\/9137aac6891e2595c9d3036fd83bcb653b4db3c946db4c7d9b9be193c3c944bb?s=96&d=mm&r=g\",\"contentUrl\":\"https:\\\/\\\/secure.gravatar.com\\\/avatar\\\/9137aac6891e2595c9d3036fd83bcb653b4db3c946db4c7d9b9be193c3c944bb?s=96&d=mm&r=g\",\"caption\":\"administrador\"},\"url\":\"https:\\\/\\\/mont-roig.cat\\\/es\\\/actualitat\\\/noticies\\\/author\\\/administrador\\\/\"}]}<\/script>\n<!-- \/ Yoast SEO plugin. -->","yoast_head_json":{"title":"El Alcalde de Mont-roig del Camp apoya las reivindicaciones para la mejora del servicio del ferrocarril - Ajuntament de Mont-roig del Camp","robots":{"index":"index","follow":"follow","max-snippet":"max-snippet:-1","max-image-preview":"max-image-preview:large","max-video-preview":"max-video-preview:-1"},"canonical":"https:\/\/mont-roig.cat\/es\/actualitat\/noticies\/alcalde-mont-roig-camp-apoya-las-reivindicaciones-para-mejora-servicio-ferrocarril\/","og_locale":"es_ES","og_type":"article","og_title":"El Alcalde de Mont-roig del Camp apoya las reivindicaciones para la mejora del servicio del ferrocarril - Ajuntament de Mont-roig del Camp","og_description":"El alcalde de Mont-roig del Camp, Fran Morancho, ha asistido esta ma\u00f1ana a la concentraci\u00f3n institucional que se ha celebrado en Vila-seca para reivindicar la mejora del servicio ferroviario en el Camp de Tarragona y las Tierras del Ebro. Morancho ha querido apoyar esta reivindicaci\u00f3n, convocada por la Plataforma per la Defensa d\u2019un Ferrocarril P\u00fablic [&hellip;]","og_url":"https:\/\/mont-roig.cat\/es\/actualitat\/noticies\/alcalde-mont-roig-camp-apoya-las-reivindicaciones-para-mejora-servicio-ferrocarril\/","og_site_name":"Ajuntament de Mont-roig del Camp","article_published_time":"2016-10-10T11:16:33+00:00","og_image":[{"width":1600,"height":1200,"url":"https:\/\/mont-roig.cat\/wp-content\/uploads\/Fran-Morancho-a-la-concentraci\u00f3-institucional-per-a-la-millora-del-servei-del-ferrocarril.jpg","type":"image\/jpeg"}],"author":"administrador","twitter_card":"summary_large_image","twitter_misc":{"Escrito por":"administrador","Tiempo de lectura":"1 minuto"},"schema":{"@context":"https:\/\/schema.org","@graph":[{"@type":"Article","@id":"https:\/\/mont-roig.cat\/es\/actualitat\/noticies\/alcalde-mont-roig-camp-apoya-las-reivindicaciones-para-mejora-servicio-ferrocarril\/#article","isPartOf":{"@id":"https:\/\/mont-roig.cat\/es\/actualitat\/noticies\/alcalde-mont-roig-camp-apoya-las-reivindicaciones-para-mejora-servicio-ferrocarril\/"},"author":{"name":"administrador","@id":"https:\/\/mont-roig.cat\/es\/#\/schema\/person\/f2b111789f22b7d0c3bd6786c9128cba"},"headline":"El Alcalde de Mont-roig del Camp apoya las reivindicaciones para la mejora del servicio del ferrocarril","datePublished":"2016-10-10T11:16:33+00:00","mainEntityOfPage":{"@id":"https:\/\/mont-roig.cat\/es\/actualitat\/noticies\/alcalde-mont-roig-camp-apoya-las-reivindicaciones-para-mejora-servicio-ferrocarril\/"},"wordCount":299,"image":{"@id":"https:\/\/mont-roig.cat\/es\/actualitat\/noticies\/alcalde-mont-roig-camp-apoya-las-reivindicaciones-para-mejora-servicio-ferrocarril\/#primaryimage"},"thumbnailUrl":"https:\/\/mont-roig.cat\/wp-content\/uploads\/Fran-Morancho-a-la-concentraci\u00f3-institucional-per-a-la-millora-del-servei-del-ferrocarril.jpg","articleSection":["Ayuntamiento"],"inLanguage":"es"},{"@type":"WebPage","@id":"https:\/\/mont-roig.cat\/es\/actualitat\/noticies\/alcalde-mont-roig-camp-apoya-las-reivindicaciones-para-mejora-servicio-ferrocarril\/","url":"https:\/\/mont-roig.cat\/es\/actualitat\/noticies\/alcalde-mont-roig-camp-apoya-las-reivindicaciones-para-mejora-servicio-ferrocarril\/","name":"El Alcalde de Mont-roig del Camp apoya las reivindicaciones para la mejora del servicio del ferrocarril - Ajuntament de Mont-roig del Camp","isPartOf":{"@id":"https:\/\/mont-roig.cat\/es\/#website"},"primaryImageOfPage":{"@id":"https:\/\/mont-roig.cat\/es\/actualitat\/noticies\/alcalde-mont-roig-camp-apoya-las-reivindicaciones-para-mejora-servicio-ferrocarril\/#primaryimage"},"image":{"@id":"https:\/\/mont-roig.cat\/es\/actualitat\/noticies\/alcalde-mont-roig-camp-apoya-las-reivindicaciones-para-mejora-servicio-ferrocarril\/#primaryimage"},"thumbnailUrl":"https:\/\/mont-roig.cat\/wp-content\/uploads\/Fran-Morancho-a-la-concentraci\u00f3-institucional-per-a-la-millora-del-servei-del-ferrocarril.jpg","datePublished":"2016-10-10T11:16:33+00:00","author":{"@id":"https:\/\/mont-roig.cat\/es\/#\/schema\/person\/f2b111789f22b7d0c3bd6786c9128cba"},"breadcrumb":{"@id":"https:\/\/mont-roig.cat\/es\/actualitat\/noticies\/alcalde-mont-roig-camp-apoya-las-reivindicaciones-para-mejora-servicio-ferrocarril\/#breadcrumb"},"inLanguage":"es","potentialAction":[{"@type":"ReadAction","target":["https:\/\/mont-roig.cat\/es\/actualitat\/noticies\/alcalde-mont-roig-camp-apoya-las-reivindicaciones-para-mejora-servicio-ferrocarril\/"]}]},{"@type":"ImageObject","inLanguage":"es","@id":"https:\/\/mont-roig.cat\/es\/actualitat\/noticies\/alcalde-mont-roig-camp-apoya-las-reivindicaciones-para-mejora-servicio-ferrocarril\/#primaryimage","url":"https:\/\/mont-roig.cat\/wp-content\/uploads\/Fran-Morancho-a-la-concentraci\u00f3-institucional-per-a-la-millora-del-servei-del-ferrocarril.jpg","contentUrl":"https:\/\/mont-roig.cat\/wp-content\/uploads\/Fran-Morancho-a-la-concentraci\u00f3-institucional-per-a-la-millora-del-servei-del-ferrocarril.jpg","width":1600,"height":1200},{"@type":"BreadcrumbList","@id":"https:\/\/mont-roig.cat\/es\/actualitat\/noticies\/alcalde-mont-roig-camp-apoya-las-reivindicaciones-para-mejora-servicio-ferrocarril\/#breadcrumb","itemListElement":[{"@type":"ListItem","position":1,"name":"Inici","item":"https:\/\/mont-roig.cat\/es\/pagina-de-inicio\/"},{"@type":"ListItem","position":2,"name":"El Alcalde de Mont-roig del Camp apoya las reivindicaciones para la mejora del servicio del ferrocarril"}]},{"@type":"WebSite","@id":"https:\/\/mont-roig.cat\/es\/#website","url":"https:\/\/mont-roig.cat\/es\/","name":"Ajuntament de Mont-roig del Camp","description":"Tota la informaci\u00f3 sobre la instituci\u00f3, els seus \u00f2rgans de govern, actualitat, serveis i molt m\u00e9s.","potentialAction":[{"@type":"SearchAction","target":{"@type":"EntryPoint","urlTemplate":"https:\/\/mont-roig.cat\/es\/?s={search_term_string}"},"query-input":{"@type":"PropertyValueSpecification","valueRequired":true,"valueName":"search_term_string"}}],"inLanguage":"es"},{"@type":"Person","@id":"https:\/\/mont-roig.cat\/es\/#\/schema\/person\/f2b111789f22b7d0c3bd6786c9128cba","name":"administrador","image":{"@type":"ImageObject","inLanguage":"es","@id":"https:\/\/secure.gravatar.com\/avatar\/9137aac6891e2595c9d3036fd83bcb653b4db3c946db4c7d9b9be193c3c944bb?s=96&d=mm&r=g","url":"https:\/\/secure.gravatar.com\/avatar\/9137aac6891e2595c9d3036fd83bcb653b4db3c946db4c7d9b9be193c3c944bb?s=96&d=mm&r=g","contentUrl":"https:\/\/secure.gravatar.com\/avatar\/9137aac6891e2595c9d3036fd83bcb653b4db3c946db4c7d9b9be193c3c944bb?s=96&d=mm&r=g","caption":"administrador"},"url":"https:\/\/mont-roig.cat\/es\/actualitat\/noticies\/author\/administrador\/"}]}},"_links":{"self":[{"href":"https:\/\/mont-roig.cat\/es\/wp-json\/wp\/v2\/posts\/12947","targetHints":{"allow":["GET"]}}],"collection":[{"href":"https:\/\/mont-roig.cat\/es\/wp-json\/wp\/v2\/posts"}],"about":[{"href":"https:\/\/mont-roig.cat\/es\/wp-json\/wp\/v2\/types\/post"}],"author":[{"embeddable":true,"href":"https:\/\/mont-roig.cat\/es\/wp-json\/wp\/v2\/users\/4"}],"replies":[{"embeddable":true,"href":"https:\/\/mont-roig.cat\/es\/wp-json\/wp\/v2\/comments?post=12947"}],"version-history":[{"count":0,"href":"https:\/\/mont-roig.cat\/es\/wp-json\/wp\/v2\/posts\/12947\/revisions"}],"wp:featuredmedia":[{"embeddable":true,"href":"https:\/\/mont-roig.cat\/es\/wp-json\/wp\/v2\/media\/12945"}],"wp:attachment":[{"href":"https:\/\/mont-roig.cat\/es\/wp-json\/wp\/v2\/media?parent=12947"}],"wp:term":[{"taxonomy":"category","embeddable":true,"href":"https:\/\/mont-roig.cat\/es\/wp-json\/wp\/v2\/categories?post=12947"},{"taxonomy":"post_tag","embeddable":true,"href":"https:\/\/mont-roig.cat\/es\/wp-json\/wp\/v2\/tags?post=12947"}],"curies":[{"name":"wp","href":"https:\/\/api.w.org\/{rel}","templated":true}]}}