{"id":12954,"date":"2016-10-10T13:57:24","date_gmt":"2016-10-10T11:57:24","guid":{"rendered":"http:\/\/mont-roig.cat\/es\/?p=12954"},"modified":"2016-10-10T13:57:24","modified_gmt":"2016-10-10T11:57:24","slug":"mont-roig-camp-acogera-reagrupamiento-los-coches-participantes-rallyracc-catalunya-costa-daurada","status":"publish","type":"post","link":"https:\/\/mont-roig.cat\/es\/actualitat\/noticies\/mont-roig-camp-acogera-reagrupamiento-los-coches-participantes-rallyracc-catalunya-costa-daurada\/","title":{"rendered":"Mont-roig del Camp acoger\u00e1 un reagrupamiento de los coches participantes en el RallyRACC Catalunya-Costa Daurada"},"content":{"rendered":"<div id=\"attachment_12951\" style=\"width: 310px\" class=\"wp-caption alignright\"><a href=\"http:\/\/mont-roig.cat\/wp-content\/uploads\/Reagrupament-RaqllyRACC-2015.jpg\"><img loading=\"lazy\" decoding=\"async\" aria-describedby=\"caption-attachment-12951\" class=\"wp-image-12951\" src=\"http:\/\/mont-roig.cat\/wp-content\/uploads\/Reagrupament-RaqllyRACC-2015-500x375.jpg\" alt=\"reagrupament-rallyracc-2015\" width=\"300\" height=\"225\" srcset=\"https:\/\/mont-roig.cat\/wp-content\/uploads\/Reagrupament-RaqllyRACC-2015-500x375.jpg 500w, https:\/\/mont-roig.cat\/wp-content\/uploads\/Reagrupament-RaqllyRACC-2015-768x576.jpg 768w, https:\/\/mont-roig.cat\/wp-content\/uploads\/Reagrupament-RaqllyRACC-2015-1024x768.jpg 1024w, https:\/\/mont-roig.cat\/wp-content\/uploads\/Reagrupament-RaqllyRACC-2015-463x348.jpg 463w, https:\/\/mont-roig.cat\/wp-content\/uploads\/Reagrupament-RaqllyRACC-2015.jpg 1920w\" sizes=\"auto, (max-width: 300px) 100vw, 300px\" \/><\/a><p id=\"caption-attachment-12951\" class=\"wp-caption-text\">En l&#8217;edici\u00f3 del 2015 els participants al Rally RACC Costa Daurada ja van realitzar un reagrupament al pol\u00edgon Klaus Fisher de Mont-roig del Camp<\/p><\/div>\n<p><strong>Coches y pilotos realizar\u00e1n una parada obligatoria en el pol\u00edgono Klaus Fisher a partir de las 11 de la ma\u00f1ana<\/strong><\/p>\n<p>El 52\u00ba RallyRACC Catalunya-Costa Daurada realizar\u00e1 un reagrupamiento de los participantes en el pol\u00edgono Klaus Fisher de Mont-roig del Camp el pr\u00f3ximo domingo 16 de octubre. Est\u00e1 previsto que el primer coche llegue al parque cerrado, que se habilitar\u00e1 en esta zona, a las 11:14h de la ma\u00f1ana. A partir de entonces, los pilotos, procedentes del tramo de Pratdip, realizar\u00e1n una parada obligatoria en el municipio para seguidamente continuar la marcha y disputar el tramo de Duesaig\u00fces.<\/p>\n<p>De la misma forma que en la edici\u00f3n de 2015, durante este periodo, los vecinos y vecinas que quieran podr\u00e1n acercarse al parque cerrado para poder ver de cerca a los pilotos y los coches que estar\u00e1n estacionados esperando su turno para poder reanudar la competici\u00f3n.<\/p>\n<p>La llegada y salida de la zona de reagrupamiento no es un tramo cronometrado, por tanto los coches transitar\u00e1n a una velocidad adecuada a las normas de circulaci\u00f3n.<\/p>\n<p>El domingo ser\u00e1 el \u00faltimo d\u00eda de competici\u00f3n por las carreteras de la Costa Dorada, que se inician este jueves 13 de octubre. El RallyRACC Catalunya- Costa Dorada es una prueba puntuable para el campeonato del mundo de Rallies.<\/p>\n","protected":false},"excerpt":{"rendered":"<p>Coches y pilotos realizar\u00e1n una parada obligatoria en el pol\u00edgono Klaus Fisher a partir de las 11 de la ma\u00f1ana El 52\u00ba RallyRACC Catalunya-Costa Daurada realizar\u00e1 un reagrupamiento de los participantes en el pol\u00edgono Klaus Fisher de Mont-roig del Camp el pr\u00f3ximo domingo 16 de octubre. Est\u00e1 previsto que el primer coche llegue al parque [&hellip;]<\/p>\n","protected":false},"author":4,"featured_media":12951,"comment_status":"closed","ping_status":"closed","sticky":false,"template":"","format":"standard","meta":{"inline_featured_image":false,"_monsterinsights_skip_tracking":false,"_monsterinsights_sitenote_active":false,"_monsterinsights_sitenote_note":"","_monsterinsights_sitenote_category":0,"footnotes":""},"categories":[104],"tags":[],"class_list":["post-12954","post","type-post","status-publish","format-standard","has-post-thumbnail","hentry","category-deportes"],"yoast_head":"<!-- This site is optimized with the Yoast SEO plugin v27.4 - https:\/\/yoast.com\/product\/yoast-seo-wordpress\/ -->\n<title>Mont-roig del Camp acoger\u00e1 un reagrupamiento de los coches participantes en el RallyRACC Catalunya-Costa Daurada - Ajuntament de Mont-roig del Camp<\/title>\n<meta name=\"robots\" content=\"index, follow, max-snippet:-1, max-image-preview:large, max-video-preview:-1\" \/>\n<link rel=\"canonical\" href=\"https:\/\/mont-roig.cat\/es\/actualitat\/noticies\/mont-roig-camp-acogera-reagrupamiento-los-coches-participantes-rallyracc-catalunya-costa-daurada\/\" \/>\n<meta property=\"og:locale\" content=\"es_ES\" \/>\n<meta property=\"og:type\" content=\"article\" \/>\n<meta property=\"og:title\" content=\"Mont-roig del Camp acoger\u00e1 un reagrupamiento de los coches participantes en el RallyRACC Catalunya-Costa Daurada - Ajuntament de Mont-roig del Camp\" \/>\n<meta property=\"og:description\" content=\"Coches y pilotos realizar\u00e1n una parada obligatoria en el pol\u00edgono Klaus Fisher a partir de las 11 de la ma\u00f1ana El 52\u00ba RallyRACC Catalunya-Costa Daurada realizar\u00e1 un reagrupamiento de los participantes en el pol\u00edgono Klaus Fisher de Mont-roig del Camp el pr\u00f3ximo domingo 16 de octubre. Est\u00e1 previsto que el primer coche llegue al parque [&hellip;]\" \/>\n<meta property=\"og:url\" content=\"https:\/\/mont-roig.cat\/es\/actualitat\/noticies\/mont-roig-camp-acogera-reagrupamiento-los-coches-participantes-rallyracc-catalunya-costa-daurada\/\" \/>\n<meta property=\"og:site_name\" content=\"Ajuntament de Mont-roig del Camp\" \/>\n<meta property=\"article:published_time\" content=\"2016-10-10T11:57:24+00:00\" \/>\n<meta property=\"og:image\" content=\"https:\/\/mont-roig.cat\/wp-content\/uploads\/Reagrupament-RaqllyRACC-2015.jpg\" \/>\n\t<meta property=\"og:image:width\" content=\"1920\" \/>\n\t<meta property=\"og:image:height\" content=\"1440\" \/>\n\t<meta property=\"og:image:type\" content=\"image\/jpeg\" \/>\n<meta name=\"author\" content=\"administrador\" \/>\n<meta name=\"twitter:card\" content=\"summary_large_image\" \/>\n<meta name=\"twitter:label1\" content=\"Escrito por\" \/>\n\t<meta name=\"twitter:data1\" content=\"administrador\" \/>\n\t<meta name=\"twitter:label2\" content=\"Tiempo de lectura\" \/>\n\t<meta name=\"twitter:data2\" content=\"1 minuto\" \/>\n<script type=\"application\/ld+json\" class=\"yoast-schema-graph\">{\"@context\":\"https:\\\/\\\/schema.org\",\"@graph\":[{\"@type\":\"Article\",\"@id\":\"https:\\\/\\\/mont-roig.cat\\\/es\\\/actualitat\\\/noticies\\\/mont-roig-camp-acogera-reagrupamiento-los-coches-participantes-rallyracc-catalunya-costa-daurada\\\/#article\",\"isPartOf\":{\"@id\":\"https:\\\/\\\/mont-roig.cat\\\/es\\\/actualitat\\\/noticies\\\/mont-roig-camp-acogera-reagrupamiento-los-coches-participantes-rallyracc-catalunya-costa-daurada\\\/\"},\"author\":{\"name\":\"administrador\",\"@id\":\"https:\\\/\\\/mont-roig.cat\\\/es\\\/#\\\/schema\\\/person\\\/f2b111789f22b7d0c3bd6786c9128cba\"},\"headline\":\"Mont-roig del Camp acoger\u00e1 un reagrupamiento de los coches participantes en el RallyRACC Catalunya-Costa Daurada\",\"datePublished\":\"2016-10-10T11:57:24+00:00\",\"mainEntityOfPage\":{\"@id\":\"https:\\\/\\\/mont-roig.cat\\\/es\\\/actualitat\\\/noticies\\\/mont-roig-camp-acogera-reagrupamiento-los-coches-participantes-rallyracc-catalunya-costa-daurada\\\/\"},\"wordCount\":267,\"image\":{\"@id\":\"https:\\\/\\\/mont-roig.cat\\\/es\\\/actualitat\\\/noticies\\\/mont-roig-camp-acogera-reagrupamiento-los-coches-participantes-rallyracc-catalunya-costa-daurada\\\/#primaryimage\"},\"thumbnailUrl\":\"https:\\\/\\\/mont-roig.cat\\\/wp-content\\\/uploads\\\/Reagrupament-RaqllyRACC-2015.jpg\",\"articleSection\":[\"Deportes\"],\"inLanguage\":\"es\"},{\"@type\":\"WebPage\",\"@id\":\"https:\\\/\\\/mont-roig.cat\\\/es\\\/actualitat\\\/noticies\\\/mont-roig-camp-acogera-reagrupamiento-los-coches-participantes-rallyracc-catalunya-costa-daurada\\\/\",\"url\":\"https:\\\/\\\/mont-roig.cat\\\/es\\\/actualitat\\\/noticies\\\/mont-roig-camp-acogera-reagrupamiento-los-coches-participantes-rallyracc-catalunya-costa-daurada\\\/\",\"name\":\"Mont-roig del Camp acoger\u00e1 un reagrupamiento de los coches participantes en el RallyRACC Catalunya-Costa Daurada - Ajuntament de Mont-roig del Camp\",\"isPartOf\":{\"@id\":\"https:\\\/\\\/mont-roig.cat\\\/es\\\/#website\"},\"primaryImageOfPage\":{\"@id\":\"https:\\\/\\\/mont-roig.cat\\\/es\\\/actualitat\\\/noticies\\\/mont-roig-camp-acogera-reagrupamiento-los-coches-participantes-rallyracc-catalunya-costa-daurada\\\/#primaryimage\"},\"image\":{\"@id\":\"https:\\\/\\\/mont-roig.cat\\\/es\\\/actualitat\\\/noticies\\\/mont-roig-camp-acogera-reagrupamiento-los-coches-participantes-rallyracc-catalunya-costa-daurada\\\/#primaryimage\"},\"thumbnailUrl\":\"https:\\\/\\\/mont-roig.cat\\\/wp-content\\\/uploads\\\/Reagrupament-RaqllyRACC-2015.jpg\",\"datePublished\":\"2016-10-10T11:57:24+00:00\",\"author\":{\"@id\":\"https:\\\/\\\/mont-roig.cat\\\/es\\\/#\\\/schema\\\/person\\\/f2b111789f22b7d0c3bd6786c9128cba\"},\"breadcrumb\":{\"@id\":\"https:\\\/\\\/mont-roig.cat\\\/es\\\/actualitat\\\/noticies\\\/mont-roig-camp-acogera-reagrupamiento-los-coches-participantes-rallyracc-catalunya-costa-daurada\\\/#breadcrumb\"},\"inLanguage\":\"es\",\"potentialAction\":[{\"@type\":\"ReadAction\",\"target\":[\"https:\\\/\\\/mont-roig.cat\\\/es\\\/actualitat\\\/noticies\\\/mont-roig-camp-acogera-reagrupamiento-los-coches-participantes-rallyracc-catalunya-costa-daurada\\\/\"]}]},{\"@type\":\"ImageObject\",\"inLanguage\":\"es\",\"@id\":\"https:\\\/\\\/mont-roig.cat\\\/es\\\/actualitat\\\/noticies\\\/mont-roig-camp-acogera-reagrupamiento-los-coches-participantes-rallyracc-catalunya-costa-daurada\\\/#primaryimage\",\"url\":\"https:\\\/\\\/mont-roig.cat\\\/wp-content\\\/uploads\\\/Reagrupament-RaqllyRACC-2015.jpg\",\"contentUrl\":\"https:\\\/\\\/mont-roig.cat\\\/wp-content\\\/uploads\\\/Reagrupament-RaqllyRACC-2015.jpg\",\"width\":1920,\"height\":1440},{\"@type\":\"BreadcrumbList\",\"@id\":\"https:\\\/\\\/mont-roig.cat\\\/es\\\/actualitat\\\/noticies\\\/mont-roig-camp-acogera-reagrupamiento-los-coches-participantes-rallyracc-catalunya-costa-daurada\\\/#breadcrumb\",\"itemListElement\":[{\"@type\":\"ListItem\",\"position\":1,\"name\":\"Inici\",\"item\":\"https:\\\/\\\/mont-roig.cat\\\/es\\\/pagina-de-inicio\\\/\"},{\"@type\":\"ListItem\",\"position\":2,\"name\":\"Mont-roig del Camp acoger\u00e1 un reagrupamiento de los coches participantes en el RallyRACC Catalunya-Costa Daurada\"}]},{\"@type\":\"WebSite\",\"@id\":\"https:\\\/\\\/mont-roig.cat\\\/es\\\/#website\",\"url\":\"https:\\\/\\\/mont-roig.cat\\\/es\\\/\",\"name\":\"Ajuntament de Mont-roig del Camp\",\"description\":\"Tota la informaci\u00f3 sobre la instituci\u00f3, els seus \u00f2rgans de govern, actualitat, serveis i molt m\u00e9s.\",\"potentialAction\":[{\"@type\":\"SearchAction\",\"target\":{\"@type\":\"EntryPoint\",\"urlTemplate\":\"https:\\\/\\\/mont-roig.cat\\\/es\\\/?s={search_term_string}\"},\"query-input\":{\"@type\":\"PropertyValueSpecification\",\"valueRequired\":true,\"valueName\":\"search_term_string\"}}],\"inLanguage\":\"es\"},{\"@type\":\"Person\",\"@id\":\"https:\\\/\\\/mont-roig.cat\\\/es\\\/#\\\/schema\\\/person\\\/f2b111789f22b7d0c3bd6786c9128cba\",\"name\":\"administrador\",\"image\":{\"@type\":\"ImageObject\",\"inLanguage\":\"es\",\"@id\":\"https:\\\/\\\/secure.gravatar.com\\\/avatar\\\/9137aac6891e2595c9d3036fd83bcb653b4db3c946db4c7d9b9be193c3c944bb?s=96&d=mm&r=g\",\"url\":\"https:\\\/\\\/secure.gravatar.com\\\/avatar\\\/9137aac6891e2595c9d3036fd83bcb653b4db3c946db4c7d9b9be193c3c944bb?s=96&d=mm&r=g\",\"contentUrl\":\"https:\\\/\\\/secure.gravatar.com\\\/avatar\\\/9137aac6891e2595c9d3036fd83bcb653b4db3c946db4c7d9b9be193c3c944bb?s=96&d=mm&r=g\",\"caption\":\"administrador\"},\"url\":\"https:\\\/\\\/mont-roig.cat\\\/es\\\/actualitat\\\/noticies\\\/author\\\/administrador\\\/\"}]}<\/script>\n<!-- \/ Yoast SEO plugin. -->","yoast_head_json":{"title":"Mont-roig del Camp acoger\u00e1 un reagrupamiento de los coches participantes en el RallyRACC Catalunya-Costa Daurada - Ajuntament de Mont-roig del Camp","robots":{"index":"index","follow":"follow","max-snippet":"max-snippet:-1","max-image-preview":"max-image-preview:large","max-video-preview":"max-video-preview:-1"},"canonical":"https:\/\/mont-roig.cat\/es\/actualitat\/noticies\/mont-roig-camp-acogera-reagrupamiento-los-coches-participantes-rallyracc-catalunya-costa-daurada\/","og_locale":"es_ES","og_type":"article","og_title":"Mont-roig del Camp acoger\u00e1 un reagrupamiento de los coches participantes en el RallyRACC Catalunya-Costa Daurada - Ajuntament de Mont-roig del Camp","og_description":"Coches y pilotos realizar\u00e1n una parada obligatoria en el pol\u00edgono Klaus Fisher a partir de las 11 de la ma\u00f1ana El 52\u00ba RallyRACC Catalunya-Costa Daurada realizar\u00e1 un reagrupamiento de los participantes en el pol\u00edgono Klaus Fisher de Mont-roig del Camp el pr\u00f3ximo domingo 16 de octubre. Est\u00e1 previsto que el primer coche llegue al parque [&hellip;]","og_url":"https:\/\/mont-roig.cat\/es\/actualitat\/noticies\/mont-roig-camp-acogera-reagrupamiento-los-coches-participantes-rallyracc-catalunya-costa-daurada\/","og_site_name":"Ajuntament de Mont-roig del Camp","article_published_time":"2016-10-10T11:57:24+00:00","og_image":[{"width":1920,"height":1440,"url":"https:\/\/mont-roig.cat\/wp-content\/uploads\/Reagrupament-RaqllyRACC-2015.jpg","type":"image\/jpeg"}],"author":"administrador","twitter_card":"summary_large_image","twitter_misc":{"Escrito por":"administrador","Tiempo de lectura":"1 minuto"},"schema":{"@context":"https:\/\/schema.org","@graph":[{"@type":"Article","@id":"https:\/\/mont-roig.cat\/es\/actualitat\/noticies\/mont-roig-camp-acogera-reagrupamiento-los-coches-participantes-rallyracc-catalunya-costa-daurada\/#article","isPartOf":{"@id":"https:\/\/mont-roig.cat\/es\/actualitat\/noticies\/mont-roig-camp-acogera-reagrupamiento-los-coches-participantes-rallyracc-catalunya-costa-daurada\/"},"author":{"name":"administrador","@id":"https:\/\/mont-roig.cat\/es\/#\/schema\/person\/f2b111789f22b7d0c3bd6786c9128cba"},"headline":"Mont-roig del Camp acoger\u00e1 un reagrupamiento de los coches participantes en el RallyRACC Catalunya-Costa Daurada","datePublished":"2016-10-10T11:57:24+00:00","mainEntityOfPage":{"@id":"https:\/\/mont-roig.cat\/es\/actualitat\/noticies\/mont-roig-camp-acogera-reagrupamiento-los-coches-participantes-rallyracc-catalunya-costa-daurada\/"},"wordCount":267,"image":{"@id":"https:\/\/mont-roig.cat\/es\/actualitat\/noticies\/mont-roig-camp-acogera-reagrupamiento-los-coches-participantes-rallyracc-catalunya-costa-daurada\/#primaryimage"},"thumbnailUrl":"https:\/\/mont-roig.cat\/wp-content\/uploads\/Reagrupament-RaqllyRACC-2015.jpg","articleSection":["Deportes"],"inLanguage":"es"},{"@type":"WebPage","@id":"https:\/\/mont-roig.cat\/es\/actualitat\/noticies\/mont-roig-camp-acogera-reagrupamiento-los-coches-participantes-rallyracc-catalunya-costa-daurada\/","url":"https:\/\/mont-roig.cat\/es\/actualitat\/noticies\/mont-roig-camp-acogera-reagrupamiento-los-coches-participantes-rallyracc-catalunya-costa-daurada\/","name":"Mont-roig del Camp acoger\u00e1 un reagrupamiento de los coches participantes en el RallyRACC Catalunya-Costa Daurada - Ajuntament de Mont-roig del Camp","isPartOf":{"@id":"https:\/\/mont-roig.cat\/es\/#website"},"primaryImageOfPage":{"@id":"https:\/\/mont-roig.cat\/es\/actualitat\/noticies\/mont-roig-camp-acogera-reagrupamiento-los-coches-participantes-rallyracc-catalunya-costa-daurada\/#primaryimage"},"image":{"@id":"https:\/\/mont-roig.cat\/es\/actualitat\/noticies\/mont-roig-camp-acogera-reagrupamiento-los-coches-participantes-rallyracc-catalunya-costa-daurada\/#primaryimage"},"thumbnailUrl":"https:\/\/mont-roig.cat\/wp-content\/uploads\/Reagrupament-RaqllyRACC-2015.jpg","datePublished":"2016-10-10T11:57:24+00:00","author":{"@id":"https:\/\/mont-roig.cat\/es\/#\/schema\/person\/f2b111789f22b7d0c3bd6786c9128cba"},"breadcrumb":{"@id":"https:\/\/mont-roig.cat\/es\/actualitat\/noticies\/mont-roig-camp-acogera-reagrupamiento-los-coches-participantes-rallyracc-catalunya-costa-daurada\/#breadcrumb"},"inLanguage":"es","potentialAction":[{"@type":"ReadAction","target":["https:\/\/mont-roig.cat\/es\/actualitat\/noticies\/mont-roig-camp-acogera-reagrupamiento-los-coches-participantes-rallyracc-catalunya-costa-daurada\/"]}]},{"@type":"ImageObject","inLanguage":"es","@id":"https:\/\/mont-roig.cat\/es\/actualitat\/noticies\/mont-roig-camp-acogera-reagrupamiento-los-coches-participantes-rallyracc-catalunya-costa-daurada\/#primaryimage","url":"https:\/\/mont-roig.cat\/wp-content\/uploads\/Reagrupament-RaqllyRACC-2015.jpg","contentUrl":"https:\/\/mont-roig.cat\/wp-content\/uploads\/Reagrupament-RaqllyRACC-2015.jpg","width":1920,"height":1440},{"@type":"BreadcrumbList","@id":"https:\/\/mont-roig.cat\/es\/actualitat\/noticies\/mont-roig-camp-acogera-reagrupamiento-los-coches-participantes-rallyracc-catalunya-costa-daurada\/#breadcrumb","itemListElement":[{"@type":"ListItem","position":1,"name":"Inici","item":"https:\/\/mont-roig.cat\/es\/pagina-de-inicio\/"},{"@type":"ListItem","position":2,"name":"Mont-roig del Camp acoger\u00e1 un reagrupamiento de los coches participantes en el RallyRACC Catalunya-Costa Daurada"}]},{"@type":"WebSite","@id":"https:\/\/mont-roig.cat\/es\/#website","url":"https:\/\/mont-roig.cat\/es\/","name":"Ajuntament de Mont-roig del Camp","description":"Tota la informaci\u00f3 sobre la instituci\u00f3, els seus \u00f2rgans de govern, actualitat, serveis i molt m\u00e9s.","potentialAction":[{"@type":"SearchAction","target":{"@type":"EntryPoint","urlTemplate":"https:\/\/mont-roig.cat\/es\/?s={search_term_string}"},"query-input":{"@type":"PropertyValueSpecification","valueRequired":true,"valueName":"search_term_string"}}],"inLanguage":"es"},{"@type":"Person","@id":"https:\/\/mont-roig.cat\/es\/#\/schema\/person\/f2b111789f22b7d0c3bd6786c9128cba","name":"administrador","image":{"@type":"ImageObject","inLanguage":"es","@id":"https:\/\/secure.gravatar.com\/avatar\/9137aac6891e2595c9d3036fd83bcb653b4db3c946db4c7d9b9be193c3c944bb?s=96&d=mm&r=g","url":"https:\/\/secure.gravatar.com\/avatar\/9137aac6891e2595c9d3036fd83bcb653b4db3c946db4c7d9b9be193c3c944bb?s=96&d=mm&r=g","contentUrl":"https:\/\/secure.gravatar.com\/avatar\/9137aac6891e2595c9d3036fd83bcb653b4db3c946db4c7d9b9be193c3c944bb?s=96&d=mm&r=g","caption":"administrador"},"url":"https:\/\/mont-roig.cat\/es\/actualitat\/noticies\/author\/administrador\/"}]}},"_links":{"self":[{"href":"https:\/\/mont-roig.cat\/es\/wp-json\/wp\/v2\/posts\/12954","targetHints":{"allow":["GET"]}}],"collection":[{"href":"https:\/\/mont-roig.cat\/es\/wp-json\/wp\/v2\/posts"}],"about":[{"href":"https:\/\/mont-roig.cat\/es\/wp-json\/wp\/v2\/types\/post"}],"author":[{"embeddable":true,"href":"https:\/\/mont-roig.cat\/es\/wp-json\/wp\/v2\/users\/4"}],"replies":[{"embeddable":true,"href":"https:\/\/mont-roig.cat\/es\/wp-json\/wp\/v2\/comments?post=12954"}],"version-history":[{"count":0,"href":"https:\/\/mont-roig.cat\/es\/wp-json\/wp\/v2\/posts\/12954\/revisions"}],"wp:featuredmedia":[{"embeddable":true,"href":"https:\/\/mont-roig.cat\/es\/wp-json\/wp\/v2\/media\/12951"}],"wp:attachment":[{"href":"https:\/\/mont-roig.cat\/es\/wp-json\/wp\/v2\/media?parent=12954"}],"wp:term":[{"taxonomy":"category","embeddable":true,"href":"https:\/\/mont-roig.cat\/es\/wp-json\/wp\/v2\/categories?post=12954"},{"taxonomy":"post_tag","embeddable":true,"href":"https:\/\/mont-roig.cat\/es\/wp-json\/wp\/v2\/tags?post=12954"}],"curies":[{"name":"wp","href":"https:\/\/api.w.org\/{rel}","templated":true}]}}