{"id":12964,"date":"2016-10-11T12:07:05","date_gmt":"2016-10-11T10:07:05","guid":{"rendered":"http:\/\/mont-roig.cat\/es\/?p=12964"},"modified":"2016-10-11T12:07:05","modified_gmt":"2016-10-11T10:07:05","slug":"mundo-circo-protagonizara-viii-pasaje-terror","status":"publish","type":"post","link":"https:\/\/mont-roig.cat\/es\/actualitat\/noticies\/mundo-circo-protagonizara-viii-pasaje-terror\/","title":{"rendered":"El mundo del circo protagonizar\u00e1 el VIII Pasaje del Terror"},"content":{"rendered":"<div id=\"attachment_12962\" style=\"width: 311px\" class=\"wp-caption alignright\"><a href=\"http:\/\/mont-roig.cat\/wp-content\/uploads\/cartell-passatge-2016.png\"><img loading=\"lazy\" decoding=\"async\" aria-describedby=\"caption-attachment-12962\" class=\"wp-image-12962\" src=\"http:\/\/mont-roig.cat\/wp-content\/uploads\/cartell-passatge-2016-500x356.png\" alt=\"cartell-passatge-2016\" width=\"301\" height=\"214\" srcset=\"https:\/\/mont-roig.cat\/wp-content\/uploads\/cartell-passatge-2016-500x356.png 500w, https:\/\/mont-roig.cat\/wp-content\/uploads\/cartell-passatge-2016-768x546.png 768w, https:\/\/mont-roig.cat\/wp-content\/uploads\/cartell-passatge-2016-1024x728.png 1024w, https:\/\/mont-roig.cat\/wp-content\/uploads\/cartell-passatge-2016.png 1920w\" sizes=\"auto, (max-width: 301px) 100vw, 301px\" \/><\/a><p id=\"caption-attachment-12962\" class=\"wp-caption-text\">Cartel promocional Pasaje del Terror 2016<\/p><\/div>\n<p><strong>Se espera que m\u00e1s de 1.000 personas pasen por el Casal de J\u00f3venes K1 de Mont-roig del Camp los d\u00edas 21, 22 y 23 de octubre<\/strong><\/p>\n<p>El Pasaje del Terror, ser\u00e1, un a\u00f1o m\u00e1s, uno de los actos m\u00e1s multitudinarios del ciclo P\u00e1nico que organiza la Concejal\u00eda de Juventud del Ayuntamiento de Mont-roig del Camp. Ambientado en el mundo del circo, se celebrar\u00e1 los d\u00edas 21, 22 y 23 de octubre en el Casal de J\u00f3venes K1 de Mont-roig, de las 6 de la tarde a las 9 de la noche. La actividad est\u00e1 abierta a todos los p\u00fablicos y la entrada ser\u00e1 gratuita. Adem\u00e1s, durante los tres d\u00edas de pasaje habr\u00e1 servicio de bus gratuito entre Miami Platja y Mont-roig para que nadie se quede sin poder vivir esta experiencia terror\u00edfica, que se espera que pueda acoger el millar de visitantes.<\/p>\n<p>La organizaci\u00f3n del Pasaje del Terror requiere la implicaci\u00f3n de muchos j\u00f3venes entre actores y actrices, t\u00e9cnicos de iluminaci\u00f3n, maquilladores, fot\u00f3grafos, monitores de autob\u00fas, adem\u00e1s de todos aquellos que tambi\u00e9n han participado en el cartel promocional. De hecho, un a\u00f1o m\u00e1s se ha organizado un concurso para encontrar la cara m\u00e1s espantosa que sirviera como imagen del cartel. Ha sido a trav\u00e9s de las sesiones del Photo P\u00e1nico, otra de las actividades del ciclo P\u00e1nico. El ganador de este a\u00f1o es Cristian Sancho Colmenero.<\/p>\n<p>Las tres sesiones del Pasaje del Terror son la actividad m\u00e1s popular del ciclo P\u00e1nico que se realiza durante casi 2 meses en los centros de j\u00f3venes con una programaci\u00f3n especial que incluye varias propuestas de tem\u00e1tica terror\u00edfica como talleres de maquillaje o salidas y gincanas nocturnas. Cada a\u00f1o, adem\u00e1s presenta alguna novedad. En esta ocasi\u00f3n han sido las rutas Mont-roig Misterioso, por diversos lugares del municipio y los talleres de cocina zombie.<\/p>\n","protected":false},"excerpt":{"rendered":"<p>Se espera que m\u00e1s de 1.000 personas pasen por el Casal de J\u00f3venes K1 de Mont-roig del Camp los d\u00edas 21, 22 y 23 de octubre El Pasaje del Terror, ser\u00e1, un a\u00f1o m\u00e1s, uno de los actos m\u00e1s multitudinarios del ciclo P\u00e1nico que organiza la Concejal\u00eda de Juventud del Ayuntamiento de Mont-roig del Camp. [&hellip;]<\/p>\n","protected":false},"author":4,"featured_media":12962,"comment_status":"closed","ping_status":"closed","sticky":false,"template":"","format":"standard","meta":{"inline_featured_image":false,"_monsterinsights_skip_tracking":false,"_monsterinsights_sitenote_active":false,"_monsterinsights_sitenote_note":"","_monsterinsights_sitenote_category":0,"footnotes":""},"categories":[106],"tags":[],"class_list":["post-12964","post","type-post","status-publish","format-standard","has-post-thumbnail","hentry","category-juventud"],"yoast_head":"<!-- This site is optimized with the Yoast SEO plugin v27.4 - https:\/\/yoast.com\/product\/yoast-seo-wordpress\/ -->\n<title>El mundo del circo protagonizar\u00e1 el VIII Pasaje del Terror - Ajuntament de Mont-roig del Camp<\/title>\n<meta name=\"robots\" content=\"index, follow, max-snippet:-1, max-image-preview:large, max-video-preview:-1\" \/>\n<link rel=\"canonical\" href=\"https:\/\/mont-roig.cat\/es\/actualitat\/noticies\/mundo-circo-protagonizara-viii-pasaje-terror\/\" \/>\n<meta property=\"og:locale\" content=\"es_ES\" \/>\n<meta property=\"og:type\" content=\"article\" \/>\n<meta property=\"og:title\" content=\"El mundo del circo protagonizar\u00e1 el VIII Pasaje del Terror - Ajuntament de Mont-roig del Camp\" \/>\n<meta property=\"og:description\" content=\"Se espera que m\u00e1s de 1.000 personas pasen por el Casal de J\u00f3venes K1 de Mont-roig del Camp los d\u00edas 21, 22 y 23 de octubre El Pasaje del Terror, ser\u00e1, un a\u00f1o m\u00e1s, uno de los actos m\u00e1s multitudinarios del ciclo P\u00e1nico que organiza la Concejal\u00eda de Juventud del Ayuntamiento de Mont-roig del Camp. [&hellip;]\" \/>\n<meta property=\"og:url\" content=\"https:\/\/mont-roig.cat\/es\/actualitat\/noticies\/mundo-circo-protagonizara-viii-pasaje-terror\/\" \/>\n<meta property=\"og:site_name\" content=\"Ajuntament de Mont-roig del Camp\" \/>\n<meta property=\"article:published_time\" content=\"2016-10-11T10:07:05+00:00\" \/>\n<meta property=\"og:image\" content=\"https:\/\/mont-roig.cat\/wp-content\/uploads\/cartell-passatge-2016.png\" \/>\n\t<meta property=\"og:image:width\" content=\"1920\" \/>\n\t<meta property=\"og:image:height\" content=\"1366\" \/>\n\t<meta property=\"og:image:type\" content=\"image\/png\" \/>\n<meta name=\"author\" content=\"administrador\" \/>\n<meta name=\"twitter:card\" content=\"summary_large_image\" \/>\n<meta name=\"twitter:label1\" content=\"Escrito por\" \/>\n\t<meta name=\"twitter:data1\" content=\"administrador\" \/>\n\t<meta name=\"twitter:label2\" content=\"Tiempo de lectura\" \/>\n\t<meta name=\"twitter:data2\" content=\"2 minutos\" \/>\n<script type=\"application\/ld+json\" class=\"yoast-schema-graph\">{\"@context\":\"https:\\\/\\\/schema.org\",\"@graph\":[{\"@type\":\"Article\",\"@id\":\"https:\\\/\\\/mont-roig.cat\\\/es\\\/actualitat\\\/noticies\\\/mundo-circo-protagonizara-viii-pasaje-terror\\\/#article\",\"isPartOf\":{\"@id\":\"https:\\\/\\\/mont-roig.cat\\\/es\\\/actualitat\\\/noticies\\\/mundo-circo-protagonizara-viii-pasaje-terror\\\/\"},\"author\":{\"name\":\"administrador\",\"@id\":\"https:\\\/\\\/mont-roig.cat\\\/es\\\/#\\\/schema\\\/person\\\/f2b111789f22b7d0c3bd6786c9128cba\"},\"headline\":\"El mundo del circo protagonizar\u00e1 el VIII Pasaje del Terror\",\"datePublished\":\"2016-10-11T10:07:05+00:00\",\"mainEntityOfPage\":{\"@id\":\"https:\\\/\\\/mont-roig.cat\\\/es\\\/actualitat\\\/noticies\\\/mundo-circo-protagonizara-viii-pasaje-terror\\\/\"},\"wordCount\":350,\"image\":{\"@id\":\"https:\\\/\\\/mont-roig.cat\\\/es\\\/actualitat\\\/noticies\\\/mundo-circo-protagonizara-viii-pasaje-terror\\\/#primaryimage\"},\"thumbnailUrl\":\"https:\\\/\\\/mont-roig.cat\\\/wp-content\\\/uploads\\\/cartell-passatge-2016.png\",\"articleSection\":[\"Juventud\"],\"inLanguage\":\"es\"},{\"@type\":\"WebPage\",\"@id\":\"https:\\\/\\\/mont-roig.cat\\\/es\\\/actualitat\\\/noticies\\\/mundo-circo-protagonizara-viii-pasaje-terror\\\/\",\"url\":\"https:\\\/\\\/mont-roig.cat\\\/es\\\/actualitat\\\/noticies\\\/mundo-circo-protagonizara-viii-pasaje-terror\\\/\",\"name\":\"El mundo del circo protagonizar\u00e1 el VIII Pasaje del Terror - Ajuntament de Mont-roig del Camp\",\"isPartOf\":{\"@id\":\"https:\\\/\\\/mont-roig.cat\\\/es\\\/#website\"},\"primaryImageOfPage\":{\"@id\":\"https:\\\/\\\/mont-roig.cat\\\/es\\\/actualitat\\\/noticies\\\/mundo-circo-protagonizara-viii-pasaje-terror\\\/#primaryimage\"},\"image\":{\"@id\":\"https:\\\/\\\/mont-roig.cat\\\/es\\\/actualitat\\\/noticies\\\/mundo-circo-protagonizara-viii-pasaje-terror\\\/#primaryimage\"},\"thumbnailUrl\":\"https:\\\/\\\/mont-roig.cat\\\/wp-content\\\/uploads\\\/cartell-passatge-2016.png\",\"datePublished\":\"2016-10-11T10:07:05+00:00\",\"author\":{\"@id\":\"https:\\\/\\\/mont-roig.cat\\\/es\\\/#\\\/schema\\\/person\\\/f2b111789f22b7d0c3bd6786c9128cba\"},\"breadcrumb\":{\"@id\":\"https:\\\/\\\/mont-roig.cat\\\/es\\\/actualitat\\\/noticies\\\/mundo-circo-protagonizara-viii-pasaje-terror\\\/#breadcrumb\"},\"inLanguage\":\"es\",\"potentialAction\":[{\"@type\":\"ReadAction\",\"target\":[\"https:\\\/\\\/mont-roig.cat\\\/es\\\/actualitat\\\/noticies\\\/mundo-circo-protagonizara-viii-pasaje-terror\\\/\"]}]},{\"@type\":\"ImageObject\",\"inLanguage\":\"es\",\"@id\":\"https:\\\/\\\/mont-roig.cat\\\/es\\\/actualitat\\\/noticies\\\/mundo-circo-protagonizara-viii-pasaje-terror\\\/#primaryimage\",\"url\":\"https:\\\/\\\/mont-roig.cat\\\/wp-content\\\/uploads\\\/cartell-passatge-2016.png\",\"contentUrl\":\"https:\\\/\\\/mont-roig.cat\\\/wp-content\\\/uploads\\\/cartell-passatge-2016.png\",\"width\":1920,\"height\":1366},{\"@type\":\"BreadcrumbList\",\"@id\":\"https:\\\/\\\/mont-roig.cat\\\/es\\\/actualitat\\\/noticies\\\/mundo-circo-protagonizara-viii-pasaje-terror\\\/#breadcrumb\",\"itemListElement\":[{\"@type\":\"ListItem\",\"position\":1,\"name\":\"Inici\",\"item\":\"https:\\\/\\\/mont-roig.cat\\\/es\\\/pagina-de-inicio\\\/\"},{\"@type\":\"ListItem\",\"position\":2,\"name\":\"El mundo del circo protagonizar\u00e1 el VIII Pasaje del Terror\"}]},{\"@type\":\"WebSite\",\"@id\":\"https:\\\/\\\/mont-roig.cat\\\/es\\\/#website\",\"url\":\"https:\\\/\\\/mont-roig.cat\\\/es\\\/\",\"name\":\"Ajuntament de Mont-roig del Camp\",\"description\":\"Tota la informaci\u00f3 sobre la instituci\u00f3, els seus \u00f2rgans de govern, actualitat, serveis i molt m\u00e9s.\",\"potentialAction\":[{\"@type\":\"SearchAction\",\"target\":{\"@type\":\"EntryPoint\",\"urlTemplate\":\"https:\\\/\\\/mont-roig.cat\\\/es\\\/?s={search_term_string}\"},\"query-input\":{\"@type\":\"PropertyValueSpecification\",\"valueRequired\":true,\"valueName\":\"search_term_string\"}}],\"inLanguage\":\"es\"},{\"@type\":\"Person\",\"@id\":\"https:\\\/\\\/mont-roig.cat\\\/es\\\/#\\\/schema\\\/person\\\/f2b111789f22b7d0c3bd6786c9128cba\",\"name\":\"administrador\",\"image\":{\"@type\":\"ImageObject\",\"inLanguage\":\"es\",\"@id\":\"https:\\\/\\\/secure.gravatar.com\\\/avatar\\\/9137aac6891e2595c9d3036fd83bcb653b4db3c946db4c7d9b9be193c3c944bb?s=96&d=mm&r=g\",\"url\":\"https:\\\/\\\/secure.gravatar.com\\\/avatar\\\/9137aac6891e2595c9d3036fd83bcb653b4db3c946db4c7d9b9be193c3c944bb?s=96&d=mm&r=g\",\"contentUrl\":\"https:\\\/\\\/secure.gravatar.com\\\/avatar\\\/9137aac6891e2595c9d3036fd83bcb653b4db3c946db4c7d9b9be193c3c944bb?s=96&d=mm&r=g\",\"caption\":\"administrador\"},\"url\":\"https:\\\/\\\/mont-roig.cat\\\/es\\\/actualitat\\\/noticies\\\/author\\\/administrador\\\/\"}]}<\/script>\n<!-- \/ Yoast SEO plugin. -->","yoast_head_json":{"title":"El mundo del circo protagonizar\u00e1 el VIII Pasaje del Terror - Ajuntament de Mont-roig del Camp","robots":{"index":"index","follow":"follow","max-snippet":"max-snippet:-1","max-image-preview":"max-image-preview:large","max-video-preview":"max-video-preview:-1"},"canonical":"https:\/\/mont-roig.cat\/es\/actualitat\/noticies\/mundo-circo-protagonizara-viii-pasaje-terror\/","og_locale":"es_ES","og_type":"article","og_title":"El mundo del circo protagonizar\u00e1 el VIII Pasaje del Terror - Ajuntament de Mont-roig del Camp","og_description":"Se espera que m\u00e1s de 1.000 personas pasen por el Casal de J\u00f3venes K1 de Mont-roig del Camp los d\u00edas 21, 22 y 23 de octubre El Pasaje del Terror, ser\u00e1, un a\u00f1o m\u00e1s, uno de los actos m\u00e1s multitudinarios del ciclo P\u00e1nico que organiza la Concejal\u00eda de Juventud del Ayuntamiento de Mont-roig del Camp. [&hellip;]","og_url":"https:\/\/mont-roig.cat\/es\/actualitat\/noticies\/mundo-circo-protagonizara-viii-pasaje-terror\/","og_site_name":"Ajuntament de Mont-roig del Camp","article_published_time":"2016-10-11T10:07:05+00:00","og_image":[{"width":1920,"height":1366,"url":"https:\/\/mont-roig.cat\/wp-content\/uploads\/cartell-passatge-2016.png","type":"image\/png"}],"author":"administrador","twitter_card":"summary_large_image","twitter_misc":{"Escrito por":"administrador","Tiempo de lectura":"2 minutos"},"schema":{"@context":"https:\/\/schema.org","@graph":[{"@type":"Article","@id":"https:\/\/mont-roig.cat\/es\/actualitat\/noticies\/mundo-circo-protagonizara-viii-pasaje-terror\/#article","isPartOf":{"@id":"https:\/\/mont-roig.cat\/es\/actualitat\/noticies\/mundo-circo-protagonizara-viii-pasaje-terror\/"},"author":{"name":"administrador","@id":"https:\/\/mont-roig.cat\/es\/#\/schema\/person\/f2b111789f22b7d0c3bd6786c9128cba"},"headline":"El mundo del circo protagonizar\u00e1 el VIII Pasaje del Terror","datePublished":"2016-10-11T10:07:05+00:00","mainEntityOfPage":{"@id":"https:\/\/mont-roig.cat\/es\/actualitat\/noticies\/mundo-circo-protagonizara-viii-pasaje-terror\/"},"wordCount":350,"image":{"@id":"https:\/\/mont-roig.cat\/es\/actualitat\/noticies\/mundo-circo-protagonizara-viii-pasaje-terror\/#primaryimage"},"thumbnailUrl":"https:\/\/mont-roig.cat\/wp-content\/uploads\/cartell-passatge-2016.png","articleSection":["Juventud"],"inLanguage":"es"},{"@type":"WebPage","@id":"https:\/\/mont-roig.cat\/es\/actualitat\/noticies\/mundo-circo-protagonizara-viii-pasaje-terror\/","url":"https:\/\/mont-roig.cat\/es\/actualitat\/noticies\/mundo-circo-protagonizara-viii-pasaje-terror\/","name":"El mundo del circo protagonizar\u00e1 el VIII Pasaje del Terror - Ajuntament de Mont-roig del Camp","isPartOf":{"@id":"https:\/\/mont-roig.cat\/es\/#website"},"primaryImageOfPage":{"@id":"https:\/\/mont-roig.cat\/es\/actualitat\/noticies\/mundo-circo-protagonizara-viii-pasaje-terror\/#primaryimage"},"image":{"@id":"https:\/\/mont-roig.cat\/es\/actualitat\/noticies\/mundo-circo-protagonizara-viii-pasaje-terror\/#primaryimage"},"thumbnailUrl":"https:\/\/mont-roig.cat\/wp-content\/uploads\/cartell-passatge-2016.png","datePublished":"2016-10-11T10:07:05+00:00","author":{"@id":"https:\/\/mont-roig.cat\/es\/#\/schema\/person\/f2b111789f22b7d0c3bd6786c9128cba"},"breadcrumb":{"@id":"https:\/\/mont-roig.cat\/es\/actualitat\/noticies\/mundo-circo-protagonizara-viii-pasaje-terror\/#breadcrumb"},"inLanguage":"es","potentialAction":[{"@type":"ReadAction","target":["https:\/\/mont-roig.cat\/es\/actualitat\/noticies\/mundo-circo-protagonizara-viii-pasaje-terror\/"]}]},{"@type":"ImageObject","inLanguage":"es","@id":"https:\/\/mont-roig.cat\/es\/actualitat\/noticies\/mundo-circo-protagonizara-viii-pasaje-terror\/#primaryimage","url":"https:\/\/mont-roig.cat\/wp-content\/uploads\/cartell-passatge-2016.png","contentUrl":"https:\/\/mont-roig.cat\/wp-content\/uploads\/cartell-passatge-2016.png","width":1920,"height":1366},{"@type":"BreadcrumbList","@id":"https:\/\/mont-roig.cat\/es\/actualitat\/noticies\/mundo-circo-protagonizara-viii-pasaje-terror\/#breadcrumb","itemListElement":[{"@type":"ListItem","position":1,"name":"Inici","item":"https:\/\/mont-roig.cat\/es\/pagina-de-inicio\/"},{"@type":"ListItem","position":2,"name":"El mundo del circo protagonizar\u00e1 el VIII Pasaje del Terror"}]},{"@type":"WebSite","@id":"https:\/\/mont-roig.cat\/es\/#website","url":"https:\/\/mont-roig.cat\/es\/","name":"Ajuntament de Mont-roig del Camp","description":"Tota la informaci\u00f3 sobre la instituci\u00f3, els seus \u00f2rgans de govern, actualitat, serveis i molt m\u00e9s.","potentialAction":[{"@type":"SearchAction","target":{"@type":"EntryPoint","urlTemplate":"https:\/\/mont-roig.cat\/es\/?s={search_term_string}"},"query-input":{"@type":"PropertyValueSpecification","valueRequired":true,"valueName":"search_term_string"}}],"inLanguage":"es"},{"@type":"Person","@id":"https:\/\/mont-roig.cat\/es\/#\/schema\/person\/f2b111789f22b7d0c3bd6786c9128cba","name":"administrador","image":{"@type":"ImageObject","inLanguage":"es","@id":"https:\/\/secure.gravatar.com\/avatar\/9137aac6891e2595c9d3036fd83bcb653b4db3c946db4c7d9b9be193c3c944bb?s=96&d=mm&r=g","url":"https:\/\/secure.gravatar.com\/avatar\/9137aac6891e2595c9d3036fd83bcb653b4db3c946db4c7d9b9be193c3c944bb?s=96&d=mm&r=g","contentUrl":"https:\/\/secure.gravatar.com\/avatar\/9137aac6891e2595c9d3036fd83bcb653b4db3c946db4c7d9b9be193c3c944bb?s=96&d=mm&r=g","caption":"administrador"},"url":"https:\/\/mont-roig.cat\/es\/actualitat\/noticies\/author\/administrador\/"}]}},"_links":{"self":[{"href":"https:\/\/mont-roig.cat\/es\/wp-json\/wp\/v2\/posts\/12964","targetHints":{"allow":["GET"]}}],"collection":[{"href":"https:\/\/mont-roig.cat\/es\/wp-json\/wp\/v2\/posts"}],"about":[{"href":"https:\/\/mont-roig.cat\/es\/wp-json\/wp\/v2\/types\/post"}],"author":[{"embeddable":true,"href":"https:\/\/mont-roig.cat\/es\/wp-json\/wp\/v2\/users\/4"}],"replies":[{"embeddable":true,"href":"https:\/\/mont-roig.cat\/es\/wp-json\/wp\/v2\/comments?post=12964"}],"version-history":[{"count":0,"href":"https:\/\/mont-roig.cat\/es\/wp-json\/wp\/v2\/posts\/12964\/revisions"}],"wp:featuredmedia":[{"embeddable":true,"href":"https:\/\/mont-roig.cat\/es\/wp-json\/wp\/v2\/media\/12962"}],"wp:attachment":[{"href":"https:\/\/mont-roig.cat\/es\/wp-json\/wp\/v2\/media?parent=12964"}],"wp:term":[{"taxonomy":"category","embeddable":true,"href":"https:\/\/mont-roig.cat\/es\/wp-json\/wp\/v2\/categories?post=12964"},{"taxonomy":"post_tag","embeddable":true,"href":"https:\/\/mont-roig.cat\/es\/wp-json\/wp\/v2\/tags?post=12964"}],"curies":[{"name":"wp","href":"https:\/\/api.w.org\/{rel}","templated":true}]}}