{"id":13204,"date":"2016-10-28T12:35:46","date_gmt":"2016-10-28T10:35:46","guid":{"rendered":"http:\/\/mont-roig.cat\/es\/?p=13204"},"modified":"2016-10-28T12:35:46","modified_gmt":"2016-10-28T10:35:46","slug":"se-presenta-libro-hivern-fred-altres-histories-que-recoge-los-textos-ganadores-concurs-literari-vila-mont-roig-2015","status":"publish","type":"post","link":"https:\/\/mont-roig.cat\/es\/actualitat\/noticies\/se-presenta-libro-hivern-fred-altres-histories-que-recoge-los-textos-ganadores-concurs-literari-vila-mont-roig-2015\/","title":{"rendered":"Se presenta el libro &#8216;Un hivern fred i altres hist\u00f2ries&#8217; que recoge los textos ganadores del  Concurs Literari Vila de Mont-roig 2015"},"content":{"rendered":"<p style=\"text-align: justify;\"><strong><a href=\"http:\/\/mont-roig.cat\/wp-content\/uploads\/Concurs_Literari_2015_diptic_P\u00e1gina_1.jpg\"><img loading=\"lazy\" decoding=\"async\" class=\" wp-image-13202 alignright\" src=\"http:\/\/mont-roig.cat\/wp-content\/uploads\/Concurs_Literari_2015_diptic_P\u00e1gina_1-354x500.jpg\" alt=\"concurs_literari_2015_diptic_pagina_1\" width=\"300\" height=\"424\" srcset=\"https:\/\/mont-roig.cat\/wp-content\/uploads\/Concurs_Literari_2015_diptic_P\u00e1gina_1-354x500.jpg 354w, https:\/\/mont-roig.cat\/wp-content\/uploads\/Concurs_Literari_2015_diptic_P\u00e1gina_1-768x1086.jpg 768w, https:\/\/mont-roig.cat\/wp-content\/uploads\/Concurs_Literari_2015_diptic_P\u00e1gina_1-724x1024.jpg 724w, https:\/\/mont-roig.cat\/wp-content\/uploads\/Concurs_Literari_2015_diptic_P\u00e1gina_1.jpg 1170w\" sizes=\"auto, (max-width: 300px) 100vw, 300px\" \/><\/a>El acto, que tendr\u00e1 lugar en la Casa de Cultura Agust\u00ed Sard\u00e0, se har\u00e1 coincidiendo con la entrega de los premios de la edici\u00f3n 2016 de este veterano certamen literario<\/strong><\/p>\n<p>En el transcurso del acto de entrega de los premios del 35\u00ba Concurs Literari Vila de Mont-roig, que tendr\u00e1 lugar este s\u00e1bado 29 de octubre a las 19.00 horas en la Casa de Cultura Agust\u00ed Sard\u00e0, la editorial Ganzell y el \u00c1rea de Cultura del Ayuntamiento de Mont-roig del Camp presentan el volumen &#8220;Un hivern fred i altres hist\u00f2ries&#8221;, que recoge las obras ganadoras de las diferentes categor\u00edas de la edici\u00f3n del a\u00f1o pasado del concurso. Esta es la primera vez que se edita un libro con las obras del certamen. El volumen re\u00fane las obras escritas por Beatriz Herrera, Frederic Pujals, Ivet Sell\u00e9s, Julia Guinaldo, Paula Moreno, Clara Meriz, Judith Garcia, Nerea Cerdeira, Mar Gairal y J\u00falia Roca, ganadores \/ as de la edici\u00f3n de 2015.<\/p>\n<p>La otra novedad del Concurs Literari de este a\u00f1o es la convocatoria del nuevo premio de poes\u00eda infantil y juvenil &#8220;Vila de Mont-roig&#8221;. Se apuesta, as\u00ed, por acercar el certamen literario a los m\u00e1s peque\u00f1os a trav\u00e9s de los centros educativos del municipio. El objetivo es incentivar a los ni\u00f1os y j\u00f3venes a adentrarse en el mundo de las letras y desarrollar su talento creativo y literario.<\/p>\n<p>La importancia de la recopilaci\u00f3n que se presenta el s\u00e1bado viene dada porque por primera vez, reunidos en un volumen, se podr\u00e1n leer las obras ganadoras de este veterano concurso, que ya hace 35 a\u00f1os que se convoca y que en palabras del alcalde Fran Morancho es &#8220;un referente en el talante cultural de nuestro pueblo&#8221;. Morancho a\u00f1ade que &#8220;despu\u00e9s de esta muchos a\u00f1os y de una trayectoria sin duda del todo consolidada, nos quedaba saldar una deuda pendiente: la publicaci\u00f3n de las obras ganadoras. Era absolutamente necesario hacerlo y \u00e9ste es su resultado &#8220;.<\/p>\n<p>N\u00faria Esquius, concejala de Cultura y autora del pr\u00f3logo del libro, afirma que &#8220;he podido observar la ilusi\u00f3n de los participantes en la confecci\u00f3n de sus relatos. Los peque\u00f1os y grandes escritores han hecho el esfuerzo de verter su imaginaci\u00f3n en un hoja en blanco y se les debe animar a continuar haci\u00e9ndolo, reconociendo y poniendo en valor la palabra escrita en un mundo donde cada vez las im\u00e1genes toman m\u00e1s protagonismo &#8220;.<\/p>\n<p>El libro se podr\u00e1 adquirir a partir de ahora en los establecimientos habituales del municipio, as\u00ed como en las principales librer\u00edas de Reus y Tarragona.<\/p>\n<p><strong>\u00a0<\/strong><\/p>\n","protected":false},"excerpt":{"rendered":"<p>El acto, que tendr\u00e1 lugar en la Casa de Cultura Agust\u00ed Sard\u00e0, se har\u00e1 coincidiendo con la entrega de los premios de la edici\u00f3n 2016 de este veterano certamen literario En el transcurso del acto de entrega de los premios del 35\u00ba Concurs Literari Vila de Mont-roig, que tendr\u00e1 lugar este s\u00e1bado 29 de octubre [&hellip;]<\/p>\n","protected":false},"author":4,"featured_media":13202,"comment_status":"closed","ping_status":"closed","sticky":false,"template":"","format":"standard","meta":{"inline_featured_image":false,"_monsterinsights_skip_tracking":false,"_monsterinsights_sitenote_active":false,"_monsterinsights_sitenote_note":"","_monsterinsights_sitenote_category":0,"footnotes":""},"categories":[98,101],"tags":[],"class_list":["post-13204","post","type-post","status-publish","format-standard","has-post-thumbnail","hentry","category-ayuntamiento","category-cultura-es"],"yoast_head":"<!-- This site is optimized with the Yoast SEO plugin v27.4 - https:\/\/yoast.com\/product\/yoast-seo-wordpress\/ -->\n<title>Se presenta el libro &#039;Un hivern fred i altres hist\u00f2ries&#039; que recoge los textos ganadores del Concurs Literari Vila de Mont-roig 2015 - Ajuntament de Mont-roig del Camp<\/title>\n<meta name=\"robots\" content=\"index, follow, max-snippet:-1, max-image-preview:large, max-video-preview:-1\" \/>\n<link rel=\"canonical\" href=\"https:\/\/mont-roig.cat\/es\/actualitat\/noticies\/se-presenta-libro-hivern-fred-altres-histories-que-recoge-los-textos-ganadores-concurs-literari-vila-mont-roig-2015\/\" \/>\n<meta property=\"og:locale\" content=\"es_ES\" \/>\n<meta property=\"og:type\" content=\"article\" \/>\n<meta property=\"og:title\" content=\"Se presenta el libro &#039;Un hivern fred i altres hist\u00f2ries&#039; que recoge los textos ganadores del Concurs Literari Vila de Mont-roig 2015 - Ajuntament de Mont-roig del Camp\" \/>\n<meta property=\"og:description\" content=\"El acto, que tendr\u00e1 lugar en la Casa de Cultura Agust\u00ed Sard\u00e0, se har\u00e1 coincidiendo con la entrega de los premios de la edici\u00f3n 2016 de este veterano certamen literario En el transcurso del acto de entrega de los premios del 35\u00ba Concurs Literari Vila de Mont-roig, que tendr\u00e1 lugar este s\u00e1bado 29 de octubre [&hellip;]\" \/>\n<meta property=\"og:url\" content=\"https:\/\/mont-roig.cat\/es\/actualitat\/noticies\/se-presenta-libro-hivern-fred-altres-histories-que-recoge-los-textos-ganadores-concurs-literari-vila-mont-roig-2015\/\" \/>\n<meta property=\"og:site_name\" content=\"Ajuntament de Mont-roig del Camp\" \/>\n<meta property=\"article:published_time\" content=\"2016-10-28T10:35:46+00:00\" \/>\n<meta property=\"og:image\" content=\"https:\/\/mont-roig.cat\/wp-content\/uploads\/Concurs_Literari_2015_diptic_P\u00e1gina_1.jpg\" \/>\n\t<meta property=\"og:image:width\" content=\"1170\" \/>\n\t<meta property=\"og:image:height\" content=\"1654\" \/>\n\t<meta property=\"og:image:type\" content=\"image\/jpeg\" \/>\n<meta name=\"author\" content=\"administrador\" \/>\n<meta name=\"twitter:card\" content=\"summary_large_image\" \/>\n<meta name=\"twitter:label1\" content=\"Escrito por\" \/>\n\t<meta name=\"twitter:data1\" content=\"administrador\" \/>\n\t<meta name=\"twitter:label2\" content=\"Tiempo de lectura\" \/>\n\t<meta name=\"twitter:data2\" content=\"2 minutos\" \/>\n<script type=\"application\/ld+json\" class=\"yoast-schema-graph\">{\"@context\":\"https:\\\/\\\/schema.org\",\"@graph\":[{\"@type\":\"Article\",\"@id\":\"https:\\\/\\\/mont-roig.cat\\\/es\\\/actualitat\\\/noticies\\\/se-presenta-libro-hivern-fred-altres-histories-que-recoge-los-textos-ganadores-concurs-literari-vila-mont-roig-2015\\\/#article\",\"isPartOf\":{\"@id\":\"https:\\\/\\\/mont-roig.cat\\\/es\\\/actualitat\\\/noticies\\\/se-presenta-libro-hivern-fred-altres-histories-que-recoge-los-textos-ganadores-concurs-literari-vila-mont-roig-2015\\\/\"},\"author\":{\"name\":\"administrador\",\"@id\":\"https:\\\/\\\/mont-roig.cat\\\/es\\\/#\\\/schema\\\/person\\\/f2b111789f22b7d0c3bd6786c9128cba\"},\"headline\":\"Se presenta el libro &#8216;Un hivern fred i altres hist\u00f2ries&#8217; que recoge los textos ganadores del Concurs Literari Vila de Mont-roig 2015\",\"datePublished\":\"2016-10-28T10:35:46+00:00\",\"mainEntityOfPage\":{\"@id\":\"https:\\\/\\\/mont-roig.cat\\\/es\\\/actualitat\\\/noticies\\\/se-presenta-libro-hivern-fred-altres-histories-que-recoge-los-textos-ganadores-concurs-literari-vila-mont-roig-2015\\\/\"},\"wordCount\":465,\"image\":{\"@id\":\"https:\\\/\\\/mont-roig.cat\\\/es\\\/actualitat\\\/noticies\\\/se-presenta-libro-hivern-fred-altres-histories-que-recoge-los-textos-ganadores-concurs-literari-vila-mont-roig-2015\\\/#primaryimage\"},\"thumbnailUrl\":\"https:\\\/\\\/mont-roig.cat\\\/wp-content\\\/uploads\\\/Concurs_Literari_2015_diptic_P\u00e1gina_1.jpg\",\"articleSection\":[\"Ayuntamiento\",\"Cultura\"],\"inLanguage\":\"es\"},{\"@type\":\"WebPage\",\"@id\":\"https:\\\/\\\/mont-roig.cat\\\/es\\\/actualitat\\\/noticies\\\/se-presenta-libro-hivern-fred-altres-histories-que-recoge-los-textos-ganadores-concurs-literari-vila-mont-roig-2015\\\/\",\"url\":\"https:\\\/\\\/mont-roig.cat\\\/es\\\/actualitat\\\/noticies\\\/se-presenta-libro-hivern-fred-altres-histories-que-recoge-los-textos-ganadores-concurs-literari-vila-mont-roig-2015\\\/\",\"name\":\"Se presenta el libro 'Un hivern fred i altres hist\u00f2ries' que recoge los textos ganadores del Concurs Literari Vila de Mont-roig 2015 - Ajuntament de Mont-roig del Camp\",\"isPartOf\":{\"@id\":\"https:\\\/\\\/mont-roig.cat\\\/es\\\/#website\"},\"primaryImageOfPage\":{\"@id\":\"https:\\\/\\\/mont-roig.cat\\\/es\\\/actualitat\\\/noticies\\\/se-presenta-libro-hivern-fred-altres-histories-que-recoge-los-textos-ganadores-concurs-literari-vila-mont-roig-2015\\\/#primaryimage\"},\"image\":{\"@id\":\"https:\\\/\\\/mont-roig.cat\\\/es\\\/actualitat\\\/noticies\\\/se-presenta-libro-hivern-fred-altres-histories-que-recoge-los-textos-ganadores-concurs-literari-vila-mont-roig-2015\\\/#primaryimage\"},\"thumbnailUrl\":\"https:\\\/\\\/mont-roig.cat\\\/wp-content\\\/uploads\\\/Concurs_Literari_2015_diptic_P\u00e1gina_1.jpg\",\"datePublished\":\"2016-10-28T10:35:46+00:00\",\"author\":{\"@id\":\"https:\\\/\\\/mont-roig.cat\\\/es\\\/#\\\/schema\\\/person\\\/f2b111789f22b7d0c3bd6786c9128cba\"},\"breadcrumb\":{\"@id\":\"https:\\\/\\\/mont-roig.cat\\\/es\\\/actualitat\\\/noticies\\\/se-presenta-libro-hivern-fred-altres-histories-que-recoge-los-textos-ganadores-concurs-literari-vila-mont-roig-2015\\\/#breadcrumb\"},\"inLanguage\":\"es\",\"potentialAction\":[{\"@type\":\"ReadAction\",\"target\":[\"https:\\\/\\\/mont-roig.cat\\\/es\\\/actualitat\\\/noticies\\\/se-presenta-libro-hivern-fred-altres-histories-que-recoge-los-textos-ganadores-concurs-literari-vila-mont-roig-2015\\\/\"]}]},{\"@type\":\"ImageObject\",\"inLanguage\":\"es\",\"@id\":\"https:\\\/\\\/mont-roig.cat\\\/es\\\/actualitat\\\/noticies\\\/se-presenta-libro-hivern-fred-altres-histories-que-recoge-los-textos-ganadores-concurs-literari-vila-mont-roig-2015\\\/#primaryimage\",\"url\":\"https:\\\/\\\/mont-roig.cat\\\/wp-content\\\/uploads\\\/Concurs_Literari_2015_diptic_P\u00e1gina_1.jpg\",\"contentUrl\":\"https:\\\/\\\/mont-roig.cat\\\/wp-content\\\/uploads\\\/Concurs_Literari_2015_diptic_P\u00e1gina_1.jpg\",\"width\":1170,\"height\":1654},{\"@type\":\"BreadcrumbList\",\"@id\":\"https:\\\/\\\/mont-roig.cat\\\/es\\\/actualitat\\\/noticies\\\/se-presenta-libro-hivern-fred-altres-histories-que-recoge-los-textos-ganadores-concurs-literari-vila-mont-roig-2015\\\/#breadcrumb\",\"itemListElement\":[{\"@type\":\"ListItem\",\"position\":1,\"name\":\"Inici\",\"item\":\"https:\\\/\\\/mont-roig.cat\\\/es\\\/pagina-de-inicio\\\/\"},{\"@type\":\"ListItem\",\"position\":2,\"name\":\"Se presenta el libro &#8216;Un hivern fred i altres hist\u00f2ries&#8217; que recoge los textos ganadores del Concurs Literari Vila de Mont-roig 2015\"}]},{\"@type\":\"WebSite\",\"@id\":\"https:\\\/\\\/mont-roig.cat\\\/es\\\/#website\",\"url\":\"https:\\\/\\\/mont-roig.cat\\\/es\\\/\",\"name\":\"Ajuntament de Mont-roig del Camp\",\"description\":\"Tota la informaci\u00f3 sobre la instituci\u00f3, els seus \u00f2rgans de govern, actualitat, serveis i molt m\u00e9s.\",\"potentialAction\":[{\"@type\":\"SearchAction\",\"target\":{\"@type\":\"EntryPoint\",\"urlTemplate\":\"https:\\\/\\\/mont-roig.cat\\\/es\\\/?s={search_term_string}\"},\"query-input\":{\"@type\":\"PropertyValueSpecification\",\"valueRequired\":true,\"valueName\":\"search_term_string\"}}],\"inLanguage\":\"es\"},{\"@type\":\"Person\",\"@id\":\"https:\\\/\\\/mont-roig.cat\\\/es\\\/#\\\/schema\\\/person\\\/f2b111789f22b7d0c3bd6786c9128cba\",\"name\":\"administrador\",\"image\":{\"@type\":\"ImageObject\",\"inLanguage\":\"es\",\"@id\":\"https:\\\/\\\/secure.gravatar.com\\\/avatar\\\/9137aac6891e2595c9d3036fd83bcb653b4db3c946db4c7d9b9be193c3c944bb?s=96&d=mm&r=g\",\"url\":\"https:\\\/\\\/secure.gravatar.com\\\/avatar\\\/9137aac6891e2595c9d3036fd83bcb653b4db3c946db4c7d9b9be193c3c944bb?s=96&d=mm&r=g\",\"contentUrl\":\"https:\\\/\\\/secure.gravatar.com\\\/avatar\\\/9137aac6891e2595c9d3036fd83bcb653b4db3c946db4c7d9b9be193c3c944bb?s=96&d=mm&r=g\",\"caption\":\"administrador\"},\"url\":\"https:\\\/\\\/mont-roig.cat\\\/es\\\/actualitat\\\/noticies\\\/author\\\/administrador\\\/\"}]}<\/script>\n<!-- \/ Yoast SEO plugin. -->","yoast_head_json":{"title":"Se presenta el libro 'Un hivern fred i altres hist\u00f2ries' que recoge los textos ganadores del Concurs Literari Vila de Mont-roig 2015 - Ajuntament de Mont-roig del Camp","robots":{"index":"index","follow":"follow","max-snippet":"max-snippet:-1","max-image-preview":"max-image-preview:large","max-video-preview":"max-video-preview:-1"},"canonical":"https:\/\/mont-roig.cat\/es\/actualitat\/noticies\/se-presenta-libro-hivern-fred-altres-histories-que-recoge-los-textos-ganadores-concurs-literari-vila-mont-roig-2015\/","og_locale":"es_ES","og_type":"article","og_title":"Se presenta el libro 'Un hivern fred i altres hist\u00f2ries' que recoge los textos ganadores del Concurs Literari Vila de Mont-roig 2015 - Ajuntament de Mont-roig del Camp","og_description":"El acto, que tendr\u00e1 lugar en la Casa de Cultura Agust\u00ed Sard\u00e0, se har\u00e1 coincidiendo con la entrega de los premios de la edici\u00f3n 2016 de este veterano certamen literario En el transcurso del acto de entrega de los premios del 35\u00ba Concurs Literari Vila de Mont-roig, que tendr\u00e1 lugar este s\u00e1bado 29 de octubre [&hellip;]","og_url":"https:\/\/mont-roig.cat\/es\/actualitat\/noticies\/se-presenta-libro-hivern-fred-altres-histories-que-recoge-los-textos-ganadores-concurs-literari-vila-mont-roig-2015\/","og_site_name":"Ajuntament de Mont-roig del Camp","article_published_time":"2016-10-28T10:35:46+00:00","og_image":[{"width":1170,"height":1654,"url":"https:\/\/mont-roig.cat\/wp-content\/uploads\/Concurs_Literari_2015_diptic_P\u00e1gina_1.jpg","type":"image\/jpeg"}],"author":"administrador","twitter_card":"summary_large_image","twitter_misc":{"Escrito por":"administrador","Tiempo de lectura":"2 minutos"},"schema":{"@context":"https:\/\/schema.org","@graph":[{"@type":"Article","@id":"https:\/\/mont-roig.cat\/es\/actualitat\/noticies\/se-presenta-libro-hivern-fred-altres-histories-que-recoge-los-textos-ganadores-concurs-literari-vila-mont-roig-2015\/#article","isPartOf":{"@id":"https:\/\/mont-roig.cat\/es\/actualitat\/noticies\/se-presenta-libro-hivern-fred-altres-histories-que-recoge-los-textos-ganadores-concurs-literari-vila-mont-roig-2015\/"},"author":{"name":"administrador","@id":"https:\/\/mont-roig.cat\/es\/#\/schema\/person\/f2b111789f22b7d0c3bd6786c9128cba"},"headline":"Se presenta el libro &#8216;Un hivern fred i altres hist\u00f2ries&#8217; que recoge los textos ganadores del Concurs Literari Vila de Mont-roig 2015","datePublished":"2016-10-28T10:35:46+00:00","mainEntityOfPage":{"@id":"https:\/\/mont-roig.cat\/es\/actualitat\/noticies\/se-presenta-libro-hivern-fred-altres-histories-que-recoge-los-textos-ganadores-concurs-literari-vila-mont-roig-2015\/"},"wordCount":465,"image":{"@id":"https:\/\/mont-roig.cat\/es\/actualitat\/noticies\/se-presenta-libro-hivern-fred-altres-histories-que-recoge-los-textos-ganadores-concurs-literari-vila-mont-roig-2015\/#primaryimage"},"thumbnailUrl":"https:\/\/mont-roig.cat\/wp-content\/uploads\/Concurs_Literari_2015_diptic_P\u00e1gina_1.jpg","articleSection":["Ayuntamiento","Cultura"],"inLanguage":"es"},{"@type":"WebPage","@id":"https:\/\/mont-roig.cat\/es\/actualitat\/noticies\/se-presenta-libro-hivern-fred-altres-histories-que-recoge-los-textos-ganadores-concurs-literari-vila-mont-roig-2015\/","url":"https:\/\/mont-roig.cat\/es\/actualitat\/noticies\/se-presenta-libro-hivern-fred-altres-histories-que-recoge-los-textos-ganadores-concurs-literari-vila-mont-roig-2015\/","name":"Se presenta el libro 'Un hivern fred i altres hist\u00f2ries' que recoge los textos ganadores del Concurs Literari Vila de Mont-roig 2015 - Ajuntament de Mont-roig del Camp","isPartOf":{"@id":"https:\/\/mont-roig.cat\/es\/#website"},"primaryImageOfPage":{"@id":"https:\/\/mont-roig.cat\/es\/actualitat\/noticies\/se-presenta-libro-hivern-fred-altres-histories-que-recoge-los-textos-ganadores-concurs-literari-vila-mont-roig-2015\/#primaryimage"},"image":{"@id":"https:\/\/mont-roig.cat\/es\/actualitat\/noticies\/se-presenta-libro-hivern-fred-altres-histories-que-recoge-los-textos-ganadores-concurs-literari-vila-mont-roig-2015\/#primaryimage"},"thumbnailUrl":"https:\/\/mont-roig.cat\/wp-content\/uploads\/Concurs_Literari_2015_diptic_P\u00e1gina_1.jpg","datePublished":"2016-10-28T10:35:46+00:00","author":{"@id":"https:\/\/mont-roig.cat\/es\/#\/schema\/person\/f2b111789f22b7d0c3bd6786c9128cba"},"breadcrumb":{"@id":"https:\/\/mont-roig.cat\/es\/actualitat\/noticies\/se-presenta-libro-hivern-fred-altres-histories-que-recoge-los-textos-ganadores-concurs-literari-vila-mont-roig-2015\/#breadcrumb"},"inLanguage":"es","potentialAction":[{"@type":"ReadAction","target":["https:\/\/mont-roig.cat\/es\/actualitat\/noticies\/se-presenta-libro-hivern-fred-altres-histories-que-recoge-los-textos-ganadores-concurs-literari-vila-mont-roig-2015\/"]}]},{"@type":"ImageObject","inLanguage":"es","@id":"https:\/\/mont-roig.cat\/es\/actualitat\/noticies\/se-presenta-libro-hivern-fred-altres-histories-que-recoge-los-textos-ganadores-concurs-literari-vila-mont-roig-2015\/#primaryimage","url":"https:\/\/mont-roig.cat\/wp-content\/uploads\/Concurs_Literari_2015_diptic_P\u00e1gina_1.jpg","contentUrl":"https:\/\/mont-roig.cat\/wp-content\/uploads\/Concurs_Literari_2015_diptic_P\u00e1gina_1.jpg","width":1170,"height":1654},{"@type":"BreadcrumbList","@id":"https:\/\/mont-roig.cat\/es\/actualitat\/noticies\/se-presenta-libro-hivern-fred-altres-histories-que-recoge-los-textos-ganadores-concurs-literari-vila-mont-roig-2015\/#breadcrumb","itemListElement":[{"@type":"ListItem","position":1,"name":"Inici","item":"https:\/\/mont-roig.cat\/es\/pagina-de-inicio\/"},{"@type":"ListItem","position":2,"name":"Se presenta el libro &#8216;Un hivern fred i altres hist\u00f2ries&#8217; que recoge los textos ganadores del Concurs Literari Vila de Mont-roig 2015"}]},{"@type":"WebSite","@id":"https:\/\/mont-roig.cat\/es\/#website","url":"https:\/\/mont-roig.cat\/es\/","name":"Ajuntament de Mont-roig del Camp","description":"Tota la informaci\u00f3 sobre la instituci\u00f3, els seus \u00f2rgans de govern, actualitat, serveis i molt m\u00e9s.","potentialAction":[{"@type":"SearchAction","target":{"@type":"EntryPoint","urlTemplate":"https:\/\/mont-roig.cat\/es\/?s={search_term_string}"},"query-input":{"@type":"PropertyValueSpecification","valueRequired":true,"valueName":"search_term_string"}}],"inLanguage":"es"},{"@type":"Person","@id":"https:\/\/mont-roig.cat\/es\/#\/schema\/person\/f2b111789f22b7d0c3bd6786c9128cba","name":"administrador","image":{"@type":"ImageObject","inLanguage":"es","@id":"https:\/\/secure.gravatar.com\/avatar\/9137aac6891e2595c9d3036fd83bcb653b4db3c946db4c7d9b9be193c3c944bb?s=96&d=mm&r=g","url":"https:\/\/secure.gravatar.com\/avatar\/9137aac6891e2595c9d3036fd83bcb653b4db3c946db4c7d9b9be193c3c944bb?s=96&d=mm&r=g","contentUrl":"https:\/\/secure.gravatar.com\/avatar\/9137aac6891e2595c9d3036fd83bcb653b4db3c946db4c7d9b9be193c3c944bb?s=96&d=mm&r=g","caption":"administrador"},"url":"https:\/\/mont-roig.cat\/es\/actualitat\/noticies\/author\/administrador\/"}]}},"_links":{"self":[{"href":"https:\/\/mont-roig.cat\/es\/wp-json\/wp\/v2\/posts\/13204","targetHints":{"allow":["GET"]}}],"collection":[{"href":"https:\/\/mont-roig.cat\/es\/wp-json\/wp\/v2\/posts"}],"about":[{"href":"https:\/\/mont-roig.cat\/es\/wp-json\/wp\/v2\/types\/post"}],"author":[{"embeddable":true,"href":"https:\/\/mont-roig.cat\/es\/wp-json\/wp\/v2\/users\/4"}],"replies":[{"embeddable":true,"href":"https:\/\/mont-roig.cat\/es\/wp-json\/wp\/v2\/comments?post=13204"}],"version-history":[{"count":0,"href":"https:\/\/mont-roig.cat\/es\/wp-json\/wp\/v2\/posts\/13204\/revisions"}],"wp:featuredmedia":[{"embeddable":true,"href":"https:\/\/mont-roig.cat\/es\/wp-json\/wp\/v2\/media\/13202"}],"wp:attachment":[{"href":"https:\/\/mont-roig.cat\/es\/wp-json\/wp\/v2\/media?parent=13204"}],"wp:term":[{"taxonomy":"category","embeddable":true,"href":"https:\/\/mont-roig.cat\/es\/wp-json\/wp\/v2\/categories?post=13204"},{"taxonomy":"post_tag","embeddable":true,"href":"https:\/\/mont-roig.cat\/es\/wp-json\/wp\/v2\/tags?post=13204"}],"curies":[{"name":"wp","href":"https:\/\/api.w.org\/{rel}","templated":true}]}}