{"id":13403,"date":"2016-11-10T15:00:12","date_gmt":"2016-11-10T14:00:12","guid":{"rendered":"http:\/\/mont-roig.cat\/es\/?p=13403"},"modified":"2016-11-10T15:00:12","modified_gmt":"2016-11-10T14:00:12","slug":"alumnos-primaria-escola-mare-deu-roca-visitan-ajuntament-mont-roig-camp","status":"publish","type":"post","link":"https:\/\/mont-roig.cat\/es\/actualitat\/noticies\/alumnos-primaria-escola-mare-deu-roca-visitan-ajuntament-mont-roig-camp\/","title":{"rendered":"Alumnos de primaria de la Escola Mare de D\u00e9u de la Roca visitan el Ajuntament de Mont-roig del Camp"},"content":{"rendered":"<ul>\n<li>\n<div id=\"attachment_13400\" style=\"width: 310px\" class=\"wp-caption alignright\"><a href=\"http:\/\/mont-roig.cat\/wp-content\/uploads\/IMG-20161109-WA0005.jpg\"><img loading=\"lazy\" decoding=\"async\" aria-describedby=\"caption-attachment-13400\" class=\"wp-image-13400\" src=\"http:\/\/mont-roig.cat\/wp-content\/uploads\/IMG-20161109-WA0005-500x375.jpg\" alt=\"img-20161109-wa0005\" width=\"300\" height=\"225\" srcset=\"https:\/\/mont-roig.cat\/wp-content\/uploads\/IMG-20161109-WA0005-500x375.jpg 500w, https:\/\/mont-roig.cat\/wp-content\/uploads\/IMG-20161109-WA0005-768x576.jpg 768w, https:\/\/mont-roig.cat\/wp-content\/uploads\/IMG-20161109-WA0005-1024x768.jpg 1024w, https:\/\/mont-roig.cat\/wp-content\/uploads\/IMG-20161109-WA0005-463x348.jpg 463w, https:\/\/mont-roig.cat\/wp-content\/uploads\/IMG-20161109-WA0005.jpg 1600w\" sizes=\"auto, (max-width: 300px) 100vw, 300px\" \/><\/a><p id=\"caption-attachment-13400\" class=\"wp-caption-text\">Els alumnes, al despatx de l&#8217;alcalde, Fran Morancho.<\/p><\/div>\n<p style=\"text-align: left;\"><strong>Han sido recibidos por el alcalde, Fran Morancho, y el concejal de Educaci\u00f3n, Enrique L\u00f3pez.<\/strong><\/p>\n<p style=\"text-align: left;\"><span title=\"n grup de 46 alumnes de tercer curs de l\u2019Escola Mare de D\u00e9u de la Roca de Mont-roig del Camp han visitat aquest dimecres al mat\u00ed l\u2019Ajuntament de Mont-roig del Camp.\">Un grupo de 46 alumnos de tercer curso de la Escola Mare de D\u00e9u\u00a0de la Roca de Mont-roig del Camp han visitado este mi\u00e9rcoles\u00a0el Ajuntament de Mont-roig del Camp. <\/span><span title=\"L\u2019alcalde, Fran Morancho, i el regidor d\u2019Educaci\u00f3, Enrique L\u00f3pez, els han rebut i els han convidat a con\u00e8ixer el personal t\u00e8cnic i administratiu que treballa al consistori.\n\n\">El alcalde, Fran Morancho, y el concejal de Educaci\u00f3n, Enrique L\u00f3pez, los han recibido y les han invitado a conocer el personal t\u00e9cnico y administrativo que trabaja en el consistorio.<\/span><\/p>\n<div id=\"gt-res-c\" class=\"g-unit\">\n<div id=\"gt-res-p\">\n<div id=\"gt-res-data\">\n<div id=\"gt-res-wrap\">\n<div id=\"gt-res-content\">\n<div dir=\"ltr\"><span id=\"result_box\" class=\"\" lang=\"es\"><span title=\"La visita forma part de les activitats curriculars dels alumnes de tercer de prim\u00e0ria d\u2019aquest centre educatiu que estant estudiant el funcionament de les administracions locals.\n\n\">La visita forma parte de las actividades curriculares de los alumnos de tercero de primaria de este centro educativo que estando estudiando el funcionamiento de las administraciones locales.<\/span><\/span><\/div>\n<div dir=\"ltr\"><span id=\"result_box\" class=\"\" lang=\"es\"><span title=\"La visita forma part de les activitats curriculars dels alumnes de tercer de prim\u00e0ria d\u2019aquest centre educatiu que estant estudiant el funcionament de les administracions locals.\n\n\"><br \/>\n<\/span><span title=\"Els nens i nenes han pogut veure com s\u2019organitza internament l\u2019Ajuntament de Mont-roig del Camp i quines s\u00f3n les tasques que es realitzen als diversos departaments.\">Los ni\u00f1os y ni\u00f1as han podido ver c\u00f3mo se organiza internamente el Ayuntamiento de Mont-roig del Camp y cu\u00e1les son las tareas que se realizan en los diversos departamentos. <\/span><span title=\"Aix\u00ed doncs, els alumnes han visitat secretaria, contractaci\u00f3, inform\u00e0tica, intervenci\u00f3 i l\u2019OMAC i els mateixos treballadors municipals els hi ha explicat quina \u00e9s la seva feina.\">As\u00ed pues, los alumnos han visitado secretar\u00eda, contrataci\u00f3n, inform\u00e1tica, intervenci\u00f3n y la OMAC y los mismos trabajadores municipales les ha explicado cu\u00e1l es su trabajo. <\/span><span title=\"La visita ha finalitzat al despatx d\u2019alcaldia on els alumnes han pogut fer preguntes a l\u2019Alcalde i repassar tot el que han apr\u00e8s durant el recorregut.\">La visita ha finalizado en el despacho de alcald\u00eda donde los alumnos han podido hacer preguntas al Alcalde y repasar todo lo aprendido durante el recorrido. <\/span><span title=\"Fran Morancho els hi ha fet entrega d\u2019un pin amb l\u2019escut del municipi i un diploma de record de la visita.\">Fran Morancho les ha hecho entrega de un pin con el escudo del municipio y un diploma de recuerdo de la visita.<\/span><\/span><\/div>\n<\/div>\n<\/div>\n<\/div>\n<\/div>\n<\/div>\n<\/li>\n<\/ul>\n<p style=\"text-align: justify;\">\n<div id=\"gt-res-c\" class=\"g-unit\"><\/div>\n","protected":false},"excerpt":{"rendered":"<p>Han sido recibidos por el alcalde, Fran Morancho, y el concejal de Educaci\u00f3n, Enrique L\u00f3pez. Un grupo de 46 alumnos de tercer curso de la Escola Mare de D\u00e9u\u00a0de la Roca de Mont-roig del Camp han visitado este mi\u00e9rcoles\u00a0el Ajuntament de Mont-roig del Camp. El alcalde, Fran Morancho, y el concejal de Educaci\u00f3n, Enrique L\u00f3pez, [&hellip;]<\/p>\n","protected":false},"author":4,"featured_media":13400,"comment_status":"closed","ping_status":"closed","sticky":false,"template":"","format":"standard","meta":{"inline_featured_image":false,"_monsterinsights_skip_tracking":false,"_monsterinsights_sitenote_active":false,"_monsterinsights_sitenote_note":"","_monsterinsights_sitenote_category":0,"footnotes":""},"categories":[98,103],"tags":[],"class_list":["post-13403","post","type-post","status-publish","format-standard","has-post-thumbnail","hentry","category-ayuntamiento","category-educacion"],"yoast_head":"<!-- This site is optimized with the Yoast SEO plugin v27.4 - https:\/\/yoast.com\/product\/yoast-seo-wordpress\/ -->\n<title>Alumnos de primaria de la Escola Mare de D\u00e9u de la Roca visitan el Ajuntament de Mont-roig del Camp - Ajuntament de Mont-roig del Camp<\/title>\n<meta name=\"robots\" content=\"index, follow, max-snippet:-1, max-image-preview:large, max-video-preview:-1\" \/>\n<link rel=\"canonical\" href=\"https:\/\/mont-roig.cat\/es\/actualitat\/noticies\/alumnos-primaria-escola-mare-deu-roca-visitan-ajuntament-mont-roig-camp\/\" \/>\n<meta property=\"og:locale\" content=\"es_ES\" \/>\n<meta property=\"og:type\" content=\"article\" \/>\n<meta property=\"og:title\" content=\"Alumnos de primaria de la Escola Mare de D\u00e9u de la Roca visitan el Ajuntament de Mont-roig del Camp - Ajuntament de Mont-roig del Camp\" \/>\n<meta property=\"og:description\" content=\"Han sido recibidos por el alcalde, Fran Morancho, y el concejal de Educaci\u00f3n, Enrique L\u00f3pez. Un grupo de 46 alumnos de tercer curso de la Escola Mare de D\u00e9u\u00a0de la Roca de Mont-roig del Camp han visitado este mi\u00e9rcoles\u00a0el Ajuntament de Mont-roig del Camp. El alcalde, Fran Morancho, y el concejal de Educaci\u00f3n, Enrique L\u00f3pez, [&hellip;]\" \/>\n<meta property=\"og:url\" content=\"https:\/\/mont-roig.cat\/es\/actualitat\/noticies\/alumnos-primaria-escola-mare-deu-roca-visitan-ajuntament-mont-roig-camp\/\" \/>\n<meta property=\"og:site_name\" content=\"Ajuntament de Mont-roig del Camp\" \/>\n<meta property=\"article:published_time\" content=\"2016-11-10T14:00:12+00:00\" \/>\n<meta property=\"og:image\" content=\"https:\/\/mont-roig.cat\/wp-content\/uploads\/IMG-20161109-WA0005.jpg\" \/>\n\t<meta property=\"og:image:width\" content=\"1600\" \/>\n\t<meta property=\"og:image:height\" content=\"1200\" \/>\n\t<meta property=\"og:image:type\" content=\"image\/jpeg\" \/>\n<meta name=\"author\" content=\"administrador\" \/>\n<meta name=\"twitter:card\" content=\"summary_large_image\" \/>\n<meta name=\"twitter:label1\" content=\"Escrito por\" \/>\n\t<meta name=\"twitter:data1\" content=\"administrador\" \/>\n\t<meta name=\"twitter:label2\" content=\"Tiempo de lectura\" \/>\n\t<meta name=\"twitter:data2\" content=\"1 minuto\" \/>\n<script type=\"application\/ld+json\" class=\"yoast-schema-graph\">{\"@context\":\"https:\\\/\\\/schema.org\",\"@graph\":[{\"@type\":\"Article\",\"@id\":\"https:\\\/\\\/mont-roig.cat\\\/es\\\/actualitat\\\/noticies\\\/alumnos-primaria-escola-mare-deu-roca-visitan-ajuntament-mont-roig-camp\\\/#article\",\"isPartOf\":{\"@id\":\"https:\\\/\\\/mont-roig.cat\\\/es\\\/actualitat\\\/noticies\\\/alumnos-primaria-escola-mare-deu-roca-visitan-ajuntament-mont-roig-camp\\\/\"},\"author\":{\"name\":\"administrador\",\"@id\":\"https:\\\/\\\/mont-roig.cat\\\/es\\\/#\\\/schema\\\/person\\\/f2b111789f22b7d0c3bd6786c9128cba\"},\"headline\":\"Alumnos de primaria de la Escola Mare de D\u00e9u de la Roca visitan el Ajuntament de Mont-roig del Camp\",\"datePublished\":\"2016-11-10T14:00:12+00:00\",\"mainEntityOfPage\":{\"@id\":\"https:\\\/\\\/mont-roig.cat\\\/es\\\/actualitat\\\/noticies\\\/alumnos-primaria-escola-mare-deu-roca-visitan-ajuntament-mont-roig-camp\\\/\"},\"wordCount\":257,\"image\":{\"@id\":\"https:\\\/\\\/mont-roig.cat\\\/es\\\/actualitat\\\/noticies\\\/alumnos-primaria-escola-mare-deu-roca-visitan-ajuntament-mont-roig-camp\\\/#primaryimage\"},\"thumbnailUrl\":\"https:\\\/\\\/mont-roig.cat\\\/wp-content\\\/uploads\\\/IMG-20161109-WA0005.jpg\",\"articleSection\":[\"Ayuntamiento\",\"Educaci\u00f3n\"],\"inLanguage\":\"es\"},{\"@type\":\"WebPage\",\"@id\":\"https:\\\/\\\/mont-roig.cat\\\/es\\\/actualitat\\\/noticies\\\/alumnos-primaria-escola-mare-deu-roca-visitan-ajuntament-mont-roig-camp\\\/\",\"url\":\"https:\\\/\\\/mont-roig.cat\\\/es\\\/actualitat\\\/noticies\\\/alumnos-primaria-escola-mare-deu-roca-visitan-ajuntament-mont-roig-camp\\\/\",\"name\":\"Alumnos de primaria de la Escola Mare de D\u00e9u de la Roca visitan el Ajuntament de Mont-roig del Camp - Ajuntament de Mont-roig del Camp\",\"isPartOf\":{\"@id\":\"https:\\\/\\\/mont-roig.cat\\\/es\\\/#website\"},\"primaryImageOfPage\":{\"@id\":\"https:\\\/\\\/mont-roig.cat\\\/es\\\/actualitat\\\/noticies\\\/alumnos-primaria-escola-mare-deu-roca-visitan-ajuntament-mont-roig-camp\\\/#primaryimage\"},\"image\":{\"@id\":\"https:\\\/\\\/mont-roig.cat\\\/es\\\/actualitat\\\/noticies\\\/alumnos-primaria-escola-mare-deu-roca-visitan-ajuntament-mont-roig-camp\\\/#primaryimage\"},\"thumbnailUrl\":\"https:\\\/\\\/mont-roig.cat\\\/wp-content\\\/uploads\\\/IMG-20161109-WA0005.jpg\",\"datePublished\":\"2016-11-10T14:00:12+00:00\",\"author\":{\"@id\":\"https:\\\/\\\/mont-roig.cat\\\/es\\\/#\\\/schema\\\/person\\\/f2b111789f22b7d0c3bd6786c9128cba\"},\"breadcrumb\":{\"@id\":\"https:\\\/\\\/mont-roig.cat\\\/es\\\/actualitat\\\/noticies\\\/alumnos-primaria-escola-mare-deu-roca-visitan-ajuntament-mont-roig-camp\\\/#breadcrumb\"},\"inLanguage\":\"es\",\"potentialAction\":[{\"@type\":\"ReadAction\",\"target\":[\"https:\\\/\\\/mont-roig.cat\\\/es\\\/actualitat\\\/noticies\\\/alumnos-primaria-escola-mare-deu-roca-visitan-ajuntament-mont-roig-camp\\\/\"]}]},{\"@type\":\"ImageObject\",\"inLanguage\":\"es\",\"@id\":\"https:\\\/\\\/mont-roig.cat\\\/es\\\/actualitat\\\/noticies\\\/alumnos-primaria-escola-mare-deu-roca-visitan-ajuntament-mont-roig-camp\\\/#primaryimage\",\"url\":\"https:\\\/\\\/mont-roig.cat\\\/wp-content\\\/uploads\\\/IMG-20161109-WA0005.jpg\",\"contentUrl\":\"https:\\\/\\\/mont-roig.cat\\\/wp-content\\\/uploads\\\/IMG-20161109-WA0005.jpg\",\"width\":1600,\"height\":1200},{\"@type\":\"BreadcrumbList\",\"@id\":\"https:\\\/\\\/mont-roig.cat\\\/es\\\/actualitat\\\/noticies\\\/alumnos-primaria-escola-mare-deu-roca-visitan-ajuntament-mont-roig-camp\\\/#breadcrumb\",\"itemListElement\":[{\"@type\":\"ListItem\",\"position\":1,\"name\":\"Inici\",\"item\":\"https:\\\/\\\/mont-roig.cat\\\/es\\\/pagina-de-inicio\\\/\"},{\"@type\":\"ListItem\",\"position\":2,\"name\":\"Alumnos de primaria de la Escola Mare de D\u00e9u de la Roca visitan el Ajuntament de Mont-roig del Camp\"}]},{\"@type\":\"WebSite\",\"@id\":\"https:\\\/\\\/mont-roig.cat\\\/es\\\/#website\",\"url\":\"https:\\\/\\\/mont-roig.cat\\\/es\\\/\",\"name\":\"Ajuntament de Mont-roig del Camp\",\"description\":\"Tota la informaci\u00f3 sobre la instituci\u00f3, els seus \u00f2rgans de govern, actualitat, serveis i molt m\u00e9s.\",\"potentialAction\":[{\"@type\":\"SearchAction\",\"target\":{\"@type\":\"EntryPoint\",\"urlTemplate\":\"https:\\\/\\\/mont-roig.cat\\\/es\\\/?s={search_term_string}\"},\"query-input\":{\"@type\":\"PropertyValueSpecification\",\"valueRequired\":true,\"valueName\":\"search_term_string\"}}],\"inLanguage\":\"es\"},{\"@type\":\"Person\",\"@id\":\"https:\\\/\\\/mont-roig.cat\\\/es\\\/#\\\/schema\\\/person\\\/f2b111789f22b7d0c3bd6786c9128cba\",\"name\":\"administrador\",\"image\":{\"@type\":\"ImageObject\",\"inLanguage\":\"es\",\"@id\":\"https:\\\/\\\/secure.gravatar.com\\\/avatar\\\/9137aac6891e2595c9d3036fd83bcb653b4db3c946db4c7d9b9be193c3c944bb?s=96&d=mm&r=g\",\"url\":\"https:\\\/\\\/secure.gravatar.com\\\/avatar\\\/9137aac6891e2595c9d3036fd83bcb653b4db3c946db4c7d9b9be193c3c944bb?s=96&d=mm&r=g\",\"contentUrl\":\"https:\\\/\\\/secure.gravatar.com\\\/avatar\\\/9137aac6891e2595c9d3036fd83bcb653b4db3c946db4c7d9b9be193c3c944bb?s=96&d=mm&r=g\",\"caption\":\"administrador\"},\"url\":\"https:\\\/\\\/mont-roig.cat\\\/es\\\/actualitat\\\/noticies\\\/author\\\/administrador\\\/\"}]}<\/script>\n<!-- \/ Yoast SEO plugin. -->","yoast_head_json":{"title":"Alumnos de primaria de la Escola Mare de D\u00e9u de la Roca visitan el Ajuntament de Mont-roig del Camp - Ajuntament de Mont-roig del Camp","robots":{"index":"index","follow":"follow","max-snippet":"max-snippet:-1","max-image-preview":"max-image-preview:large","max-video-preview":"max-video-preview:-1"},"canonical":"https:\/\/mont-roig.cat\/es\/actualitat\/noticies\/alumnos-primaria-escola-mare-deu-roca-visitan-ajuntament-mont-roig-camp\/","og_locale":"es_ES","og_type":"article","og_title":"Alumnos de primaria de la Escola Mare de D\u00e9u de la Roca visitan el Ajuntament de Mont-roig del Camp - Ajuntament de Mont-roig del Camp","og_description":"Han sido recibidos por el alcalde, Fran Morancho, y el concejal de Educaci\u00f3n, Enrique L\u00f3pez. Un grupo de 46 alumnos de tercer curso de la Escola Mare de D\u00e9u\u00a0de la Roca de Mont-roig del Camp han visitado este mi\u00e9rcoles\u00a0el Ajuntament de Mont-roig del Camp. El alcalde, Fran Morancho, y el concejal de Educaci\u00f3n, Enrique L\u00f3pez, [&hellip;]","og_url":"https:\/\/mont-roig.cat\/es\/actualitat\/noticies\/alumnos-primaria-escola-mare-deu-roca-visitan-ajuntament-mont-roig-camp\/","og_site_name":"Ajuntament de Mont-roig del Camp","article_published_time":"2016-11-10T14:00:12+00:00","og_image":[{"width":1600,"height":1200,"url":"https:\/\/mont-roig.cat\/wp-content\/uploads\/IMG-20161109-WA0005.jpg","type":"image\/jpeg"}],"author":"administrador","twitter_card":"summary_large_image","twitter_misc":{"Escrito por":"administrador","Tiempo de lectura":"1 minuto"},"schema":{"@context":"https:\/\/schema.org","@graph":[{"@type":"Article","@id":"https:\/\/mont-roig.cat\/es\/actualitat\/noticies\/alumnos-primaria-escola-mare-deu-roca-visitan-ajuntament-mont-roig-camp\/#article","isPartOf":{"@id":"https:\/\/mont-roig.cat\/es\/actualitat\/noticies\/alumnos-primaria-escola-mare-deu-roca-visitan-ajuntament-mont-roig-camp\/"},"author":{"name":"administrador","@id":"https:\/\/mont-roig.cat\/es\/#\/schema\/person\/f2b111789f22b7d0c3bd6786c9128cba"},"headline":"Alumnos de primaria de la Escola Mare de D\u00e9u de la Roca visitan el Ajuntament de Mont-roig del Camp","datePublished":"2016-11-10T14:00:12+00:00","mainEntityOfPage":{"@id":"https:\/\/mont-roig.cat\/es\/actualitat\/noticies\/alumnos-primaria-escola-mare-deu-roca-visitan-ajuntament-mont-roig-camp\/"},"wordCount":257,"image":{"@id":"https:\/\/mont-roig.cat\/es\/actualitat\/noticies\/alumnos-primaria-escola-mare-deu-roca-visitan-ajuntament-mont-roig-camp\/#primaryimage"},"thumbnailUrl":"https:\/\/mont-roig.cat\/wp-content\/uploads\/IMG-20161109-WA0005.jpg","articleSection":["Ayuntamiento","Educaci\u00f3n"],"inLanguage":"es"},{"@type":"WebPage","@id":"https:\/\/mont-roig.cat\/es\/actualitat\/noticies\/alumnos-primaria-escola-mare-deu-roca-visitan-ajuntament-mont-roig-camp\/","url":"https:\/\/mont-roig.cat\/es\/actualitat\/noticies\/alumnos-primaria-escola-mare-deu-roca-visitan-ajuntament-mont-roig-camp\/","name":"Alumnos de primaria de la Escola Mare de D\u00e9u de la Roca visitan el Ajuntament de Mont-roig del Camp - Ajuntament de Mont-roig del Camp","isPartOf":{"@id":"https:\/\/mont-roig.cat\/es\/#website"},"primaryImageOfPage":{"@id":"https:\/\/mont-roig.cat\/es\/actualitat\/noticies\/alumnos-primaria-escola-mare-deu-roca-visitan-ajuntament-mont-roig-camp\/#primaryimage"},"image":{"@id":"https:\/\/mont-roig.cat\/es\/actualitat\/noticies\/alumnos-primaria-escola-mare-deu-roca-visitan-ajuntament-mont-roig-camp\/#primaryimage"},"thumbnailUrl":"https:\/\/mont-roig.cat\/wp-content\/uploads\/IMG-20161109-WA0005.jpg","datePublished":"2016-11-10T14:00:12+00:00","author":{"@id":"https:\/\/mont-roig.cat\/es\/#\/schema\/person\/f2b111789f22b7d0c3bd6786c9128cba"},"breadcrumb":{"@id":"https:\/\/mont-roig.cat\/es\/actualitat\/noticies\/alumnos-primaria-escola-mare-deu-roca-visitan-ajuntament-mont-roig-camp\/#breadcrumb"},"inLanguage":"es","potentialAction":[{"@type":"ReadAction","target":["https:\/\/mont-roig.cat\/es\/actualitat\/noticies\/alumnos-primaria-escola-mare-deu-roca-visitan-ajuntament-mont-roig-camp\/"]}]},{"@type":"ImageObject","inLanguage":"es","@id":"https:\/\/mont-roig.cat\/es\/actualitat\/noticies\/alumnos-primaria-escola-mare-deu-roca-visitan-ajuntament-mont-roig-camp\/#primaryimage","url":"https:\/\/mont-roig.cat\/wp-content\/uploads\/IMG-20161109-WA0005.jpg","contentUrl":"https:\/\/mont-roig.cat\/wp-content\/uploads\/IMG-20161109-WA0005.jpg","width":1600,"height":1200},{"@type":"BreadcrumbList","@id":"https:\/\/mont-roig.cat\/es\/actualitat\/noticies\/alumnos-primaria-escola-mare-deu-roca-visitan-ajuntament-mont-roig-camp\/#breadcrumb","itemListElement":[{"@type":"ListItem","position":1,"name":"Inici","item":"https:\/\/mont-roig.cat\/es\/pagina-de-inicio\/"},{"@type":"ListItem","position":2,"name":"Alumnos de primaria de la Escola Mare de D\u00e9u de la Roca visitan el Ajuntament de Mont-roig del Camp"}]},{"@type":"WebSite","@id":"https:\/\/mont-roig.cat\/es\/#website","url":"https:\/\/mont-roig.cat\/es\/","name":"Ajuntament de Mont-roig del Camp","description":"Tota la informaci\u00f3 sobre la instituci\u00f3, els seus \u00f2rgans de govern, actualitat, serveis i molt m\u00e9s.","potentialAction":[{"@type":"SearchAction","target":{"@type":"EntryPoint","urlTemplate":"https:\/\/mont-roig.cat\/es\/?s={search_term_string}"},"query-input":{"@type":"PropertyValueSpecification","valueRequired":true,"valueName":"search_term_string"}}],"inLanguage":"es"},{"@type":"Person","@id":"https:\/\/mont-roig.cat\/es\/#\/schema\/person\/f2b111789f22b7d0c3bd6786c9128cba","name":"administrador","image":{"@type":"ImageObject","inLanguage":"es","@id":"https:\/\/secure.gravatar.com\/avatar\/9137aac6891e2595c9d3036fd83bcb653b4db3c946db4c7d9b9be193c3c944bb?s=96&d=mm&r=g","url":"https:\/\/secure.gravatar.com\/avatar\/9137aac6891e2595c9d3036fd83bcb653b4db3c946db4c7d9b9be193c3c944bb?s=96&d=mm&r=g","contentUrl":"https:\/\/secure.gravatar.com\/avatar\/9137aac6891e2595c9d3036fd83bcb653b4db3c946db4c7d9b9be193c3c944bb?s=96&d=mm&r=g","caption":"administrador"},"url":"https:\/\/mont-roig.cat\/es\/actualitat\/noticies\/author\/administrador\/"}]}},"_links":{"self":[{"href":"https:\/\/mont-roig.cat\/es\/wp-json\/wp\/v2\/posts\/13403","targetHints":{"allow":["GET"]}}],"collection":[{"href":"https:\/\/mont-roig.cat\/es\/wp-json\/wp\/v2\/posts"}],"about":[{"href":"https:\/\/mont-roig.cat\/es\/wp-json\/wp\/v2\/types\/post"}],"author":[{"embeddable":true,"href":"https:\/\/mont-roig.cat\/es\/wp-json\/wp\/v2\/users\/4"}],"replies":[{"embeddable":true,"href":"https:\/\/mont-roig.cat\/es\/wp-json\/wp\/v2\/comments?post=13403"}],"version-history":[{"count":0,"href":"https:\/\/mont-roig.cat\/es\/wp-json\/wp\/v2\/posts\/13403\/revisions"}],"wp:featuredmedia":[{"embeddable":true,"href":"https:\/\/mont-roig.cat\/es\/wp-json\/wp\/v2\/media\/13400"}],"wp:attachment":[{"href":"https:\/\/mont-roig.cat\/es\/wp-json\/wp\/v2\/media?parent=13403"}],"wp:term":[{"taxonomy":"category","embeddable":true,"href":"https:\/\/mont-roig.cat\/es\/wp-json\/wp\/v2\/categories?post=13403"},{"taxonomy":"post_tag","embeddable":true,"href":"https:\/\/mont-roig.cat\/es\/wp-json\/wp\/v2\/tags?post=13403"}],"curies":[{"name":"wp","href":"https:\/\/api.w.org\/{rel}","templated":true}]}}