{"id":13625,"date":"2016-11-16T14:02:50","date_gmt":"2016-11-16T13:02:50","guid":{"rendered":"http:\/\/mont-roig.cat\/es\/?p=13625"},"modified":"2016-11-16T14:03:17","modified_gmt":"2016-11-16T13:03:17","slug":"posibles-interferencias-senal-tdt-por-implantacion-los-servicios-4g-banda-800-mhz","status":"publish","type":"post","link":"https:\/\/mont-roig.cat\/es\/actualitat\/noticies\/posibles-interferencias-senal-tdt-por-implantacion-los-servicios-4g-banda-800-mhz\/","title":{"rendered":"Posibles interferencias en la se\u00f1al de la TDT por la implantaci\u00f3n de los servicios 4G\u00a0 en la banda de 800 MHz"},"content":{"rendered":"<ul>\n<li style=\"text-align: justify;\"><strong><a href=\"http:\/\/mont-roig.cat\/wp-content\/uploads\/llega8002.jpg\"><img loading=\"lazy\" decoding=\"async\" class=\" wp-image-13622 alignright\" src=\"http:\/\/mont-roig.cat\/wp-content\/uploads\/llega8002-473x500.jpg\" alt=\"llega8002\" width=\"300\" height=\"317\" srcset=\"https:\/\/mont-roig.cat\/wp-content\/uploads\/llega8002-473x500.jpg 473w, https:\/\/mont-roig.cat\/wp-content\/uploads\/llega8002.jpg 481w\" sizes=\"auto, (max-width: 300px) 100vw, 300px\" \/><\/a>El Ayuntamiento de Mont-roig del Camp informa de las posibles interferencias que sufran los vecinos del municipio en sus receptores de TDT por la implantaci\u00f3n de la tecnolog\u00eda 4G en la banda ancha.<\/strong><\/li>\n<\/ul>\n<p style=\"text-align: justify;\">Las operadoras de telefon\u00eda m\u00f3vil, Telef\u00f3nica, Vodafone y Orange, comenzar\u00e1n a ofrecer en breve los servicios sobre la red 4G en la banda 800MHz, lo que permitir\u00e1 a los ciudadanos del municipio disfrutar de conexiones m\u00f3viles de alta velocidad sobre tecnolog\u00eda LTE (4G) con una mejor cobertura en el interior de los edificios y mayor extensi\u00f3n geogr\u00e1fica. Para garantizar la compatibilidad de la nueva tecnolog\u00eda con la Televisi\u00f3n Digital Terrestre (TDT), los operadores han puesto en marcha Llega800, entidad encargada de solucionar cualquier afectaci\u00f3n en la recepci\u00f3n de la se\u00f1al de televisi\u00f3n.<\/p>\n<p style=\"text-align: justify;\">Con la llegada del nuevo 4G en Mont-roig del Camp contin\u00faa el proceso de implantaci\u00f3n que se est\u00e1 realizando de forma gradual por toda la geograf\u00eda nacional desde el pasado mes de julio y que culminar\u00e1 en marzo de 2018, fecha prevista para el despliegue total de la tecnolog\u00eda. Para comprobar las localidades donde ya est\u00e1n activos estos servicios se puede consultar el siguiente enlace: <a href=\"https:\/\/www.llega800.es\/listado-de-municipios-activos\/\" target=\"_blank\">https:\/\/www.llega800.es\/listado-de-municipios-activos\/<\/a><\/p>\n<p style=\"text-align: justify;\">Con la red 4G se ha abierto la puerta a innovadores servicios y aplicaciones, adem\u00e1s de proporcionar significativas mejoras tanto en la velocidad de descarga, como de env\u00edo de datos -fotos, m\u00fasica o contenidos audiovisuales de alta definici\u00f3n- o permitir sacar el m\u00e1ximo partido a aplicaciones en l\u00ednea, como los videojuegos.<\/p>\n<p style=\"text-align: justify;\">&#8220;Esta red avanzada de telefon\u00eda m\u00f3vil introduce dos mejoras fundamentales. La primera ventaja es que soluciona muchos problemas relacionados con orograf\u00edas complicadas donde tradicionalmente fallaba la cobertura. Su otra ventaja destacable es la gran penetraci\u00f3n en zonas interiores de los edificios&#8221; explica Daniel Esp\u00edn, portavoz de Llega800.La nueva generaci\u00f3n de la tecnolog\u00eda 4G tambi\u00e9n facilita la introducci\u00f3n de nuevos servicios en el \u00e1rea empresarial y de las administraciones p\u00fablicas, como aplicaciones empresariales en movilidad con alto contenido multimedia o el uso de la videollamada, entre otros.<\/p>\n<p style=\"text-align: justify;\">Llega800 es la entidad gestora encargada de ofrecer los servicios que garantizar\u00e1n la compatibilidad entre la puesta en marcha de la emisi\u00f3n del 4G en la banda 800 MHz y la recepci\u00f3n del servicio de TDT.<\/p>\n<p style=\"text-align: justify;\">Para garantizar esta compatibilidad, Llega800 presta a los ciudadanos una serie de servicios gratuitos que incluyen, por un lado, una actuaci\u00f3n previa, gracias a la cual los ciudadanos que residan en zonas de mayor afectaci\u00f3n recibir\u00e1n una comunicaci\u00f3n en su domicilio que les informar\u00e1 que a partir de este momento podr\u00e1n solicitar de forma gratuita la adaptaci\u00f3n de la antena de su edificio para evitar posibles incidencias.<\/p>\n<p style=\"text-align: justify;\">Y, por otro, un procedimiento correctivo, despu\u00e9s del encendido de las estaciones, por el que llega800 encargar\u00e1 de atender a los usuarios afectados gestionando y resolviendo posibles afectaciones tambi\u00e9n sin coste alguno.<\/p>\n<p style=\"text-align: justify;\">Para gestionar estos servicios, se ha puesto a disposici\u00f3n de los ciudadanos un tel\u00e9fono de atenci\u00f3n gratuito (900 833 999) y una p\u00e1gina web <a href=\"http:\/\/www.llega800.es\" target=\"_blank\">www.llega800.es<\/a><\/p>\n","protected":false},"excerpt":{"rendered":"<p>El Ayuntamiento de Mont-roig del Camp informa de las posibles interferencias que sufran los vecinos del municipio en sus receptores de TDT por la implantaci\u00f3n de la tecnolog\u00eda 4G en la banda ancha. Las operadoras de telefon\u00eda m\u00f3vil, Telef\u00f3nica, Vodafone y Orange, comenzar\u00e1n a ofrecer en breve los servicios sobre la red 4G en la [&hellip;]<\/p>\n","protected":false},"author":4,"featured_media":13622,"comment_status":"closed","ping_status":"closed","sticky":false,"template":"","format":"standard","meta":{"inline_featured_image":false,"_monsterinsights_skip_tracking":false,"_monsterinsights_sitenote_active":false,"_monsterinsights_sitenote_note":"","_monsterinsights_sitenote_category":0,"footnotes":""},"categories":[98],"tags":[],"class_list":["post-13625","post","type-post","status-publish","format-standard","has-post-thumbnail","hentry","category-ayuntamiento"],"yoast_head":"<!-- This site is optimized with the Yoast SEO plugin v27.4 - https:\/\/yoast.com\/product\/yoast-seo-wordpress\/ -->\n<title>Posibles interferencias en la se\u00f1al de la TDT por la implantaci\u00f3n de los servicios 4G\u00a0 en la banda de 800 MHz - Ajuntament de Mont-roig del Camp<\/title>\n<meta name=\"robots\" content=\"index, follow, max-snippet:-1, max-image-preview:large, max-video-preview:-1\" \/>\n<link rel=\"canonical\" href=\"https:\/\/mont-roig.cat\/es\/actualitat\/noticies\/posibles-interferencias-senal-tdt-por-implantacion-los-servicios-4g-banda-800-mhz\/\" \/>\n<meta property=\"og:locale\" content=\"es_ES\" \/>\n<meta property=\"og:type\" content=\"article\" \/>\n<meta property=\"og:title\" content=\"Posibles interferencias en la se\u00f1al de la TDT por la implantaci\u00f3n de los servicios 4G\u00a0 en la banda de 800 MHz - Ajuntament de Mont-roig del Camp\" \/>\n<meta property=\"og:description\" content=\"El Ayuntamiento de Mont-roig del Camp informa de las posibles interferencias que sufran los vecinos del municipio en sus receptores de TDT por la implantaci\u00f3n de la tecnolog\u00eda 4G en la banda ancha. Las operadoras de telefon\u00eda m\u00f3vil, Telef\u00f3nica, Vodafone y Orange, comenzar\u00e1n a ofrecer en breve los servicios sobre la red 4G en la [&hellip;]\" \/>\n<meta property=\"og:url\" content=\"https:\/\/mont-roig.cat\/es\/actualitat\/noticies\/posibles-interferencias-senal-tdt-por-implantacion-los-servicios-4g-banda-800-mhz\/\" \/>\n<meta property=\"og:site_name\" content=\"Ajuntament de Mont-roig del Camp\" \/>\n<meta property=\"article:published_time\" content=\"2016-11-16T13:02:50+00:00\" \/>\n<meta property=\"article:modified_time\" content=\"2016-11-16T13:03:17+00:00\" \/>\n<meta property=\"og:image\" content=\"https:\/\/mont-roig.cat\/wp-content\/uploads\/llega8002.jpg\" \/>\n\t<meta property=\"og:image:width\" content=\"481\" \/>\n\t<meta property=\"og:image:height\" content=\"508\" \/>\n\t<meta property=\"og:image:type\" content=\"image\/jpeg\" \/>\n<meta name=\"author\" content=\"administrador\" \/>\n<meta name=\"twitter:card\" content=\"summary_large_image\" \/>\n<meta name=\"twitter:label1\" content=\"Escrito por\" \/>\n\t<meta name=\"twitter:data1\" content=\"administrador\" \/>\n\t<meta name=\"twitter:label2\" content=\"Tiempo de lectura\" \/>\n\t<meta name=\"twitter:data2\" content=\"3 minutos\" \/>\n<script type=\"application\/ld+json\" class=\"yoast-schema-graph\">{\"@context\":\"https:\\\/\\\/schema.org\",\"@graph\":[{\"@type\":\"Article\",\"@id\":\"https:\\\/\\\/mont-roig.cat\\\/es\\\/actualitat\\\/noticies\\\/posibles-interferencias-senal-tdt-por-implantacion-los-servicios-4g-banda-800-mhz\\\/#article\",\"isPartOf\":{\"@id\":\"https:\\\/\\\/mont-roig.cat\\\/es\\\/actualitat\\\/noticies\\\/posibles-interferencias-senal-tdt-por-implantacion-los-servicios-4g-banda-800-mhz\\\/\"},\"author\":{\"name\":\"administrador\",\"@id\":\"https:\\\/\\\/mont-roig.cat\\\/es\\\/#\\\/schema\\\/person\\\/f2b111789f22b7d0c3bd6786c9128cba\"},\"headline\":\"Posibles interferencias en la se\u00f1al de la TDT por la implantaci\u00f3n de los servicios 4G\u00a0 en la banda de 800 MHz\",\"datePublished\":\"2016-11-16T13:02:50+00:00\",\"dateModified\":\"2016-11-16T13:03:17+00:00\",\"mainEntityOfPage\":{\"@id\":\"https:\\\/\\\/mont-roig.cat\\\/es\\\/actualitat\\\/noticies\\\/posibles-interferencias-senal-tdt-por-implantacion-los-servicios-4g-banda-800-mhz\\\/\"},\"wordCount\":564,\"image\":{\"@id\":\"https:\\\/\\\/mont-roig.cat\\\/es\\\/actualitat\\\/noticies\\\/posibles-interferencias-senal-tdt-por-implantacion-los-servicios-4g-banda-800-mhz\\\/#primaryimage\"},\"thumbnailUrl\":\"https:\\\/\\\/mont-roig.cat\\\/wp-content\\\/uploads\\\/llega8002.jpg\",\"articleSection\":[\"Ayuntamiento\"],\"inLanguage\":\"es\"},{\"@type\":\"WebPage\",\"@id\":\"https:\\\/\\\/mont-roig.cat\\\/es\\\/actualitat\\\/noticies\\\/posibles-interferencias-senal-tdt-por-implantacion-los-servicios-4g-banda-800-mhz\\\/\",\"url\":\"https:\\\/\\\/mont-roig.cat\\\/es\\\/actualitat\\\/noticies\\\/posibles-interferencias-senal-tdt-por-implantacion-los-servicios-4g-banda-800-mhz\\\/\",\"name\":\"Posibles interferencias en la se\u00f1al de la TDT por la implantaci\u00f3n de los servicios 4G\u00a0 en la banda de 800 MHz - Ajuntament de Mont-roig del Camp\",\"isPartOf\":{\"@id\":\"https:\\\/\\\/mont-roig.cat\\\/es\\\/#website\"},\"primaryImageOfPage\":{\"@id\":\"https:\\\/\\\/mont-roig.cat\\\/es\\\/actualitat\\\/noticies\\\/posibles-interferencias-senal-tdt-por-implantacion-los-servicios-4g-banda-800-mhz\\\/#primaryimage\"},\"image\":{\"@id\":\"https:\\\/\\\/mont-roig.cat\\\/es\\\/actualitat\\\/noticies\\\/posibles-interferencias-senal-tdt-por-implantacion-los-servicios-4g-banda-800-mhz\\\/#primaryimage\"},\"thumbnailUrl\":\"https:\\\/\\\/mont-roig.cat\\\/wp-content\\\/uploads\\\/llega8002.jpg\",\"datePublished\":\"2016-11-16T13:02:50+00:00\",\"dateModified\":\"2016-11-16T13:03:17+00:00\",\"author\":{\"@id\":\"https:\\\/\\\/mont-roig.cat\\\/es\\\/#\\\/schema\\\/person\\\/f2b111789f22b7d0c3bd6786c9128cba\"},\"breadcrumb\":{\"@id\":\"https:\\\/\\\/mont-roig.cat\\\/es\\\/actualitat\\\/noticies\\\/posibles-interferencias-senal-tdt-por-implantacion-los-servicios-4g-banda-800-mhz\\\/#breadcrumb\"},\"inLanguage\":\"es\",\"potentialAction\":[{\"@type\":\"ReadAction\",\"target\":[\"https:\\\/\\\/mont-roig.cat\\\/es\\\/actualitat\\\/noticies\\\/posibles-interferencias-senal-tdt-por-implantacion-los-servicios-4g-banda-800-mhz\\\/\"]}]},{\"@type\":\"ImageObject\",\"inLanguage\":\"es\",\"@id\":\"https:\\\/\\\/mont-roig.cat\\\/es\\\/actualitat\\\/noticies\\\/posibles-interferencias-senal-tdt-por-implantacion-los-servicios-4g-banda-800-mhz\\\/#primaryimage\",\"url\":\"https:\\\/\\\/mont-roig.cat\\\/wp-content\\\/uploads\\\/llega8002.jpg\",\"contentUrl\":\"https:\\\/\\\/mont-roig.cat\\\/wp-content\\\/uploads\\\/llega8002.jpg\",\"width\":481,\"height\":508},{\"@type\":\"BreadcrumbList\",\"@id\":\"https:\\\/\\\/mont-roig.cat\\\/es\\\/actualitat\\\/noticies\\\/posibles-interferencias-senal-tdt-por-implantacion-los-servicios-4g-banda-800-mhz\\\/#breadcrumb\",\"itemListElement\":[{\"@type\":\"ListItem\",\"position\":1,\"name\":\"Inici\",\"item\":\"https:\\\/\\\/mont-roig.cat\\\/es\\\/pagina-de-inicio\\\/\"},{\"@type\":\"ListItem\",\"position\":2,\"name\":\"Posibles interferencias en la se\u00f1al de la TDT por la implantaci\u00f3n de los servicios 4G\u00a0 en la banda de 800 MHz\"}]},{\"@type\":\"WebSite\",\"@id\":\"https:\\\/\\\/mont-roig.cat\\\/es\\\/#website\",\"url\":\"https:\\\/\\\/mont-roig.cat\\\/es\\\/\",\"name\":\"Ajuntament de Mont-roig del Camp\",\"description\":\"Tota la informaci\u00f3 sobre la instituci\u00f3, els seus \u00f2rgans de govern, actualitat, serveis i molt m\u00e9s.\",\"potentialAction\":[{\"@type\":\"SearchAction\",\"target\":{\"@type\":\"EntryPoint\",\"urlTemplate\":\"https:\\\/\\\/mont-roig.cat\\\/es\\\/?s={search_term_string}\"},\"query-input\":{\"@type\":\"PropertyValueSpecification\",\"valueRequired\":true,\"valueName\":\"search_term_string\"}}],\"inLanguage\":\"es\"},{\"@type\":\"Person\",\"@id\":\"https:\\\/\\\/mont-roig.cat\\\/es\\\/#\\\/schema\\\/person\\\/f2b111789f22b7d0c3bd6786c9128cba\",\"name\":\"administrador\",\"image\":{\"@type\":\"ImageObject\",\"inLanguage\":\"es\",\"@id\":\"https:\\\/\\\/secure.gravatar.com\\\/avatar\\\/9137aac6891e2595c9d3036fd83bcb653b4db3c946db4c7d9b9be193c3c944bb?s=96&d=mm&r=g\",\"url\":\"https:\\\/\\\/secure.gravatar.com\\\/avatar\\\/9137aac6891e2595c9d3036fd83bcb653b4db3c946db4c7d9b9be193c3c944bb?s=96&d=mm&r=g\",\"contentUrl\":\"https:\\\/\\\/secure.gravatar.com\\\/avatar\\\/9137aac6891e2595c9d3036fd83bcb653b4db3c946db4c7d9b9be193c3c944bb?s=96&d=mm&r=g\",\"caption\":\"administrador\"},\"url\":\"https:\\\/\\\/mont-roig.cat\\\/es\\\/actualitat\\\/noticies\\\/author\\\/administrador\\\/\"}]}<\/script>\n<!-- \/ Yoast SEO plugin. -->","yoast_head_json":{"title":"Posibles interferencias en la se\u00f1al de la TDT por la implantaci\u00f3n de los servicios 4G\u00a0 en la banda de 800 MHz - Ajuntament de Mont-roig del Camp","robots":{"index":"index","follow":"follow","max-snippet":"max-snippet:-1","max-image-preview":"max-image-preview:large","max-video-preview":"max-video-preview:-1"},"canonical":"https:\/\/mont-roig.cat\/es\/actualitat\/noticies\/posibles-interferencias-senal-tdt-por-implantacion-los-servicios-4g-banda-800-mhz\/","og_locale":"es_ES","og_type":"article","og_title":"Posibles interferencias en la se\u00f1al de la TDT por la implantaci\u00f3n de los servicios 4G\u00a0 en la banda de 800 MHz - Ajuntament de Mont-roig del Camp","og_description":"El Ayuntamiento de Mont-roig del Camp informa de las posibles interferencias que sufran los vecinos del municipio en sus receptores de TDT por la implantaci\u00f3n de la tecnolog\u00eda 4G en la banda ancha. Las operadoras de telefon\u00eda m\u00f3vil, Telef\u00f3nica, Vodafone y Orange, comenzar\u00e1n a ofrecer en breve los servicios sobre la red 4G en la [&hellip;]","og_url":"https:\/\/mont-roig.cat\/es\/actualitat\/noticies\/posibles-interferencias-senal-tdt-por-implantacion-los-servicios-4g-banda-800-mhz\/","og_site_name":"Ajuntament de Mont-roig del Camp","article_published_time":"2016-11-16T13:02:50+00:00","article_modified_time":"2016-11-16T13:03:17+00:00","og_image":[{"width":481,"height":508,"url":"https:\/\/mont-roig.cat\/wp-content\/uploads\/llega8002.jpg","type":"image\/jpeg"}],"author":"administrador","twitter_card":"summary_large_image","twitter_misc":{"Escrito por":"administrador","Tiempo de lectura":"3 minutos"},"schema":{"@context":"https:\/\/schema.org","@graph":[{"@type":"Article","@id":"https:\/\/mont-roig.cat\/es\/actualitat\/noticies\/posibles-interferencias-senal-tdt-por-implantacion-los-servicios-4g-banda-800-mhz\/#article","isPartOf":{"@id":"https:\/\/mont-roig.cat\/es\/actualitat\/noticies\/posibles-interferencias-senal-tdt-por-implantacion-los-servicios-4g-banda-800-mhz\/"},"author":{"name":"administrador","@id":"https:\/\/mont-roig.cat\/es\/#\/schema\/person\/f2b111789f22b7d0c3bd6786c9128cba"},"headline":"Posibles interferencias en la se\u00f1al de la TDT por la implantaci\u00f3n de los servicios 4G\u00a0 en la banda de 800 MHz","datePublished":"2016-11-16T13:02:50+00:00","dateModified":"2016-11-16T13:03:17+00:00","mainEntityOfPage":{"@id":"https:\/\/mont-roig.cat\/es\/actualitat\/noticies\/posibles-interferencias-senal-tdt-por-implantacion-los-servicios-4g-banda-800-mhz\/"},"wordCount":564,"image":{"@id":"https:\/\/mont-roig.cat\/es\/actualitat\/noticies\/posibles-interferencias-senal-tdt-por-implantacion-los-servicios-4g-banda-800-mhz\/#primaryimage"},"thumbnailUrl":"https:\/\/mont-roig.cat\/wp-content\/uploads\/llega8002.jpg","articleSection":["Ayuntamiento"],"inLanguage":"es"},{"@type":"WebPage","@id":"https:\/\/mont-roig.cat\/es\/actualitat\/noticies\/posibles-interferencias-senal-tdt-por-implantacion-los-servicios-4g-banda-800-mhz\/","url":"https:\/\/mont-roig.cat\/es\/actualitat\/noticies\/posibles-interferencias-senal-tdt-por-implantacion-los-servicios-4g-banda-800-mhz\/","name":"Posibles interferencias en la se\u00f1al de la TDT por la implantaci\u00f3n de los servicios 4G\u00a0 en la banda de 800 MHz - Ajuntament de Mont-roig del Camp","isPartOf":{"@id":"https:\/\/mont-roig.cat\/es\/#website"},"primaryImageOfPage":{"@id":"https:\/\/mont-roig.cat\/es\/actualitat\/noticies\/posibles-interferencias-senal-tdt-por-implantacion-los-servicios-4g-banda-800-mhz\/#primaryimage"},"image":{"@id":"https:\/\/mont-roig.cat\/es\/actualitat\/noticies\/posibles-interferencias-senal-tdt-por-implantacion-los-servicios-4g-banda-800-mhz\/#primaryimage"},"thumbnailUrl":"https:\/\/mont-roig.cat\/wp-content\/uploads\/llega8002.jpg","datePublished":"2016-11-16T13:02:50+00:00","dateModified":"2016-11-16T13:03:17+00:00","author":{"@id":"https:\/\/mont-roig.cat\/es\/#\/schema\/person\/f2b111789f22b7d0c3bd6786c9128cba"},"breadcrumb":{"@id":"https:\/\/mont-roig.cat\/es\/actualitat\/noticies\/posibles-interferencias-senal-tdt-por-implantacion-los-servicios-4g-banda-800-mhz\/#breadcrumb"},"inLanguage":"es","potentialAction":[{"@type":"ReadAction","target":["https:\/\/mont-roig.cat\/es\/actualitat\/noticies\/posibles-interferencias-senal-tdt-por-implantacion-los-servicios-4g-banda-800-mhz\/"]}]},{"@type":"ImageObject","inLanguage":"es","@id":"https:\/\/mont-roig.cat\/es\/actualitat\/noticies\/posibles-interferencias-senal-tdt-por-implantacion-los-servicios-4g-banda-800-mhz\/#primaryimage","url":"https:\/\/mont-roig.cat\/wp-content\/uploads\/llega8002.jpg","contentUrl":"https:\/\/mont-roig.cat\/wp-content\/uploads\/llega8002.jpg","width":481,"height":508},{"@type":"BreadcrumbList","@id":"https:\/\/mont-roig.cat\/es\/actualitat\/noticies\/posibles-interferencias-senal-tdt-por-implantacion-los-servicios-4g-banda-800-mhz\/#breadcrumb","itemListElement":[{"@type":"ListItem","position":1,"name":"Inici","item":"https:\/\/mont-roig.cat\/es\/pagina-de-inicio\/"},{"@type":"ListItem","position":2,"name":"Posibles interferencias en la se\u00f1al de la TDT por la implantaci\u00f3n de los servicios 4G\u00a0 en la banda de 800 MHz"}]},{"@type":"WebSite","@id":"https:\/\/mont-roig.cat\/es\/#website","url":"https:\/\/mont-roig.cat\/es\/","name":"Ajuntament de Mont-roig del Camp","description":"Tota la informaci\u00f3 sobre la instituci\u00f3, els seus \u00f2rgans de govern, actualitat, serveis i molt m\u00e9s.","potentialAction":[{"@type":"SearchAction","target":{"@type":"EntryPoint","urlTemplate":"https:\/\/mont-roig.cat\/es\/?s={search_term_string}"},"query-input":{"@type":"PropertyValueSpecification","valueRequired":true,"valueName":"search_term_string"}}],"inLanguage":"es"},{"@type":"Person","@id":"https:\/\/mont-roig.cat\/es\/#\/schema\/person\/f2b111789f22b7d0c3bd6786c9128cba","name":"administrador","image":{"@type":"ImageObject","inLanguage":"es","@id":"https:\/\/secure.gravatar.com\/avatar\/9137aac6891e2595c9d3036fd83bcb653b4db3c946db4c7d9b9be193c3c944bb?s=96&d=mm&r=g","url":"https:\/\/secure.gravatar.com\/avatar\/9137aac6891e2595c9d3036fd83bcb653b4db3c946db4c7d9b9be193c3c944bb?s=96&d=mm&r=g","contentUrl":"https:\/\/secure.gravatar.com\/avatar\/9137aac6891e2595c9d3036fd83bcb653b4db3c946db4c7d9b9be193c3c944bb?s=96&d=mm&r=g","caption":"administrador"},"url":"https:\/\/mont-roig.cat\/es\/actualitat\/noticies\/author\/administrador\/"}]}},"_links":{"self":[{"href":"https:\/\/mont-roig.cat\/es\/wp-json\/wp\/v2\/posts\/13625","targetHints":{"allow":["GET"]}}],"collection":[{"href":"https:\/\/mont-roig.cat\/es\/wp-json\/wp\/v2\/posts"}],"about":[{"href":"https:\/\/mont-roig.cat\/es\/wp-json\/wp\/v2\/types\/post"}],"author":[{"embeddable":true,"href":"https:\/\/mont-roig.cat\/es\/wp-json\/wp\/v2\/users\/4"}],"replies":[{"embeddable":true,"href":"https:\/\/mont-roig.cat\/es\/wp-json\/wp\/v2\/comments?post=13625"}],"version-history":[{"count":0,"href":"https:\/\/mont-roig.cat\/es\/wp-json\/wp\/v2\/posts\/13625\/revisions"}],"wp:featuredmedia":[{"embeddable":true,"href":"https:\/\/mont-roig.cat\/es\/wp-json\/wp\/v2\/media\/13622"}],"wp:attachment":[{"href":"https:\/\/mont-roig.cat\/es\/wp-json\/wp\/v2\/media?parent=13625"}],"wp:term":[{"taxonomy":"category","embeddable":true,"href":"https:\/\/mont-roig.cat\/es\/wp-json\/wp\/v2\/categories?post=13625"},{"taxonomy":"post_tag","embeddable":true,"href":"https:\/\/mont-roig.cat\/es\/wp-json\/wp\/v2\/tags?post=13625"}],"curies":[{"name":"wp","href":"https:\/\/api.w.org\/{rel}","templated":true}]}}