{"id":13736,"date":"2016-11-21T13:17:24","date_gmt":"2016-11-21T12:17:24","guid":{"rendered":"http:\/\/mont-roig.cat\/es\/?p=13736"},"modified":"2016-11-21T13:18:03","modified_gmt":"2016-11-21T12:18:03","slug":"cerca-700-personas-participan-festa-infancia-mont-roig-camp","status":"publish","type":"post","link":"https:\/\/mont-roig.cat\/es\/actualitat\/noticies\/cerca-700-personas-participan-festa-infancia-mont-roig-camp\/","title":{"rendered":"Cerca de 700 personas participan en la I Festa de la Inf\u00e0ncia de Mont-roig del Camp"},"content":{"rendered":"<p>&nbsp;<\/p>\n<div id=\"attachment_13711\" style=\"width: 344px\" class=\"wp-caption alignright\"><a href=\"http:\/\/mont-roig.cat\/wp-content\/uploads\/DSCN9382.jpg\"><img loading=\"lazy\" decoding=\"async\" aria-describedby=\"caption-attachment-13711\" class=\"wp-image-13711\" src=\"http:\/\/mont-roig.cat\/wp-content\/uploads\/DSCN9382-500x375.jpg\" alt=\"dscn9382\" width=\"334\" height=\"251\" srcset=\"https:\/\/mont-roig.cat\/wp-content\/uploads\/DSCN9382-500x375.jpg 500w, https:\/\/mont-roig.cat\/wp-content\/uploads\/DSCN9382-768x576.jpg 768w, https:\/\/mont-roig.cat\/wp-content\/uploads\/DSCN9382-1024x768.jpg 1024w, https:\/\/mont-roig.cat\/wp-content\/uploads\/DSCN9382-463x348.jpg 463w, https:\/\/mont-roig.cat\/wp-content\/uploads\/DSCN9382.jpg 1920w\" sizes=\"auto, (max-width: 334px) 100vw, 334px\" \/><\/a><p id=\"caption-attachment-13711\" class=\"wp-caption-text\">Los beb\u00e9, en la Festa de la Inf\u00e0ncia, en el polideportivo de Miami Platja.<\/p><\/div>\n<div id=\"attachment_13712\" style=\"width: 347px\" class=\"wp-caption alignright\"><a href=\"http:\/\/mont-roig.cat\/wp-content\/uploads\/DSCN9343.jpg\"><img loading=\"lazy\" decoding=\"async\" aria-describedby=\"caption-attachment-13712\" class=\"wp-image-13712\" src=\"http:\/\/mont-roig.cat\/wp-content\/uploads\/DSCN9343-500x375.jpg\" alt=\"dscn9343\" width=\"337\" height=\"253\" srcset=\"https:\/\/mont-roig.cat\/wp-content\/uploads\/DSCN9343-500x375.jpg 500w, https:\/\/mont-roig.cat\/wp-content\/uploads\/DSCN9343-768x576.jpg 768w, https:\/\/mont-roig.cat\/wp-content\/uploads\/DSCN9343-1024x768.jpg 1024w, https:\/\/mont-roig.cat\/wp-content\/uploads\/DSCN9343-463x348.jpg 463w, https:\/\/mont-roig.cat\/wp-content\/uploads\/DSCN9343.jpg 1920w\" sizes=\"auto, (max-width: 337px) 100vw, 337px\" \/><\/a><p id=\"caption-attachment-13712\" class=\"wp-caption-text\">Los beb\u00e9s, en la Festa de la Inf\u00e0ncia en el polideportivo de Mont-roig del Camp.<\/p><\/div>\n<ul>\n<li><strong><em>El alcalde Fran Morancho aprovecha el acto para avanzar que en 2017 se construir\u00e1n dos parques destinados a los m\u00e1s peque\u00f1os<\/em><\/strong><\/li>\n<\/ul>\n<p style=\"text-align: justify;\">Alrededor de 700 personas, entre beb\u00e9s, ni\u00f1os y adultos participaron este domingo en la primera Fiesta de la Infancia, que ha organizado el Ayuntamiento de Mont-roig del Camp con el patrocinio de Europe Direct Tarragona, y que se celebr\u00f3 en los polideportivos de Mont-roig del Camp y Miami Platja coincidiendo con el D\u00eda Internacional de la Infancia. Entre los actos que se llevaron a cabo el domingo por la ma\u00f1ana destac\u00f3 la bienvenida a los reci\u00e9n nacidos, que reuni\u00f3 a m\u00e1s de treinta beb\u00e9s nacidos y llegados al municipio en los \u00faltimos meses. Esta fiesta impulsada por el consistorio de Mont-roig del Camp ha nacido con la voluntad de incorporarse al calendario de eventos del municipio.<\/p>\n\n\t\t<!-- MasterSlider -->\n\t\t<div id=\"P_MS69f5ba1adc93b\" class=\"master-slider-parent master-slider-gallery   ms-parent-id-0\"  >\n\n\t\t\t\n\t\t\t<!-- MasterSlider Main -->\n\t\t\t<div id=\"MS69f5ba1adc93b\" class=\"master-slider ms-skin-default\" >\n\t\t\t\t \t\t\t\t \n\t\t\t<div  class=\"ms-slide\" data-delay=\"3\"    >\n\t\t\t\t\t<img decoding=\"async\" src=\"https:\/\/mont-roig.cat\/wp-content\/plugins\/masterslider\/public\/assets\/css\/blank.gif\" alt=\"img_6977\" title=\"img_6977\" data-src=\"https:\/\/mont-roig.cat\/wp-content\/uploadsArray\" \/>\n\t<a href=\"https:\/\/mont-roig.cat\/es\/actualitat\/noticies\/prop-700-persones-participen-festa-infancia-mont-roig-camp\/img_6977\/\" target=\"_self\"    >img_6977<\/a>\n\n\t\t\t\t\t<div class=\"ms-info\">img_6977<\/div>\n\n\n\t<img decoding=\"async\" class=\"ms-thumb\" src=\"https:\/\/mont-roig.cat\/wp-content\/uploadsArray\" alt=\"img_6977\" \/>\n\t\t\t\t<\/div>\n\t\t\t<div  class=\"ms-slide\" data-delay=\"3\"    >\n\t\t\t\t\t<img decoding=\"async\" src=\"https:\/\/mont-roig.cat\/wp-content\/plugins\/masterslider\/public\/assets\/css\/blank.gif\" alt=\"img_6960\" title=\"img_6960\" data-src=\"https:\/\/mont-roig.cat\/wp-content\/uploadsArray\" \/>\n\t<a href=\"https:\/\/mont-roig.cat\/es\/actualitat\/noticies\/prop-700-persones-participen-festa-infancia-mont-roig-camp\/img_6960\/\" target=\"_self\"    >img_6960<\/a>\n\n\t\t\t\t\t<div class=\"ms-info\">img_6960<\/div>\n\n\n\t<img decoding=\"async\" class=\"ms-thumb\" src=\"https:\/\/mont-roig.cat\/wp-content\/uploadsArray\" alt=\"img_6960\" \/>\n\t\t\t\t<\/div>\n\t\t\t<div  class=\"ms-slide\" data-delay=\"3\"    >\n\t\t\t\t\t<img decoding=\"async\" src=\"https:\/\/mont-roig.cat\/wp-content\/plugins\/masterslider\/public\/assets\/css\/blank.gif\" alt=\"img_6934\" title=\"img_6934\" data-src=\"https:\/\/mont-roig.cat\/wp-content\/uploadsArray\" \/>\n\t<a href=\"https:\/\/mont-roig.cat\/es\/actualitat\/noticies\/prop-700-persones-participen-festa-infancia-mont-roig-camp\/img_6934\/\" target=\"_self\"    >img_6934<\/a>\n\n\t\t\t\t\t<div class=\"ms-info\">img_6934<\/div>\n\n\n\t<img decoding=\"async\" class=\"ms-thumb\" src=\"https:\/\/mont-roig.cat\/wp-content\/uploadsArray\" alt=\"img_6934\" \/>\n\t\t\t\t<\/div>\n\t\t\t<div  class=\"ms-slide\" data-delay=\"3\"    >\n\t\t\t\t\t<img decoding=\"async\" src=\"https:\/\/mont-roig.cat\/wp-content\/plugins\/masterslider\/public\/assets\/css\/blank.gif\" alt=\"dscn9394\" title=\"dscn9394\" data-src=\"https:\/\/mont-roig.cat\/wp-content\/uploadsArray\" \/>\n\t<a href=\"https:\/\/mont-roig.cat\/es\/actualitat\/noticies\/prop-700-persones-participen-festa-infancia-mont-roig-camp\/dscn9394\/\" target=\"_self\"    >dscn9394<\/a>\n\n\t\t\t\t\t<div class=\"ms-info\">dscn9394<\/div>\n\n\n\t<img decoding=\"async\" class=\"ms-thumb\" src=\"https:\/\/mont-roig.cat\/wp-content\/uploadsArray\" alt=\"dscn9394\" \/>\n\t\t\t\t<\/div>\n\t\t\t<div  class=\"ms-slide\" data-delay=\"3\"    >\n\t\t\t\t\t<img decoding=\"async\" src=\"https:\/\/mont-roig.cat\/wp-content\/plugins\/masterslider\/public\/assets\/css\/blank.gif\" alt=\"dscn9390\" title=\"dscn9390\" data-src=\"https:\/\/mont-roig.cat\/wp-content\/uploadsArray\" \/>\n\t<a href=\"https:\/\/mont-roig.cat\/es\/actualitat\/noticies\/prop-700-persones-participen-festa-infancia-mont-roig-camp\/dscn9390\/\" target=\"_self\"    >dscn9390<\/a>\n\n\t\t\t\t\t<div class=\"ms-info\">dscn9390<\/div>\n\n\n\t<img decoding=\"async\" class=\"ms-thumb\" src=\"https:\/\/mont-roig.cat\/wp-content\/uploadsArray\" alt=\"dscn9390\" \/>\n\t\t\t\t<\/div>\n\t\t\t<div  class=\"ms-slide\" data-delay=\"3\"    >\n\t\t\t\t\t<img decoding=\"async\" src=\"https:\/\/mont-roig.cat\/wp-content\/plugins\/masterslider\/public\/assets\/css\/blank.gif\" alt=\"dscn9382\" title=\"dscn9382\" data-src=\"https:\/\/mont-roig.cat\/wp-content\/uploadsArray\" \/>\n\t<a href=\"https:\/\/mont-roig.cat\/es\/actualitat\/noticies\/prop-700-persones-participen-festa-infancia-mont-roig-camp\/dscn9382-2\/\" target=\"_self\"    >dscn9382<\/a>\n\n\t\t\t\t\t<div class=\"ms-info\">dscn9382<\/div>\n\n\n\t<img decoding=\"async\" class=\"ms-thumb\" src=\"https:\/\/mont-roig.cat\/wp-content\/uploadsArray\" alt=\"dscn9382\" \/>\n\t\t\t\t<\/div>\n\t\t\t<div  class=\"ms-slide\" data-delay=\"3\"    >\n\t\t\t\t\t<img decoding=\"async\" src=\"https:\/\/mont-roig.cat\/wp-content\/plugins\/masterslider\/public\/assets\/css\/blank.gif\" alt=\"dscn9380\" title=\"dscn9380\" data-src=\"https:\/\/mont-roig.cat\/wp-content\/uploadsArray\" \/>\n\t<a href=\"https:\/\/mont-roig.cat\/es\/actualitat\/noticies\/prop-700-persones-participen-festa-infancia-mont-roig-camp\/dscn9380\/\" target=\"_self\"    >dscn9380<\/a>\n\n\t\t\t\t\t<div class=\"ms-info\">dscn9380<\/div>\n\n\n\t<img decoding=\"async\" class=\"ms-thumb\" src=\"https:\/\/mont-roig.cat\/wp-content\/uploadsArray\" alt=\"dscn9380\" \/>\n\t\t\t\t<\/div>\n\t\t\t<div  class=\"ms-slide\" data-delay=\"3\"    >\n\t\t\t\t\t<img decoding=\"async\" src=\"https:\/\/mont-roig.cat\/wp-content\/plugins\/masterslider\/public\/assets\/css\/blank.gif\" alt=\"dscn9377\" title=\"dscn9377\" data-src=\"https:\/\/mont-roig.cat\/wp-content\/uploadsArray\" \/>\n\t<a href=\"https:\/\/mont-roig.cat\/es\/actualitat\/noticies\/prop-700-persones-participen-festa-infancia-mont-roig-camp\/dscn9377\/\" target=\"_self\"    >dscn9377<\/a>\n\n\t\t\t\t\t<div class=\"ms-info\">dscn9377<\/div>\n\n\n\t<img decoding=\"async\" class=\"ms-thumb\" src=\"https:\/\/mont-roig.cat\/wp-content\/uploadsArray\" alt=\"dscn9377\" \/>\n\t\t\t\t<\/div>\n\t\t\t<div  class=\"ms-slide\" data-delay=\"3\"    >\n\t\t\t\t\t<img decoding=\"async\" src=\"https:\/\/mont-roig.cat\/wp-content\/plugins\/masterslider\/public\/assets\/css\/blank.gif\" alt=\"dscn9372\" title=\"dscn9372\" data-src=\"https:\/\/mont-roig.cat\/wp-content\/uploadsArray\" \/>\n\t<a href=\"https:\/\/mont-roig.cat\/es\/actualitat\/noticies\/prop-700-persones-participen-festa-infancia-mont-roig-camp\/dscn9372\/\" target=\"_self\"    >dscn9372<\/a>\n\n\t\t\t\t\t<div class=\"ms-info\">dscn9372<\/div>\n\n\n\t<img decoding=\"async\" class=\"ms-thumb\" src=\"https:\/\/mont-roig.cat\/wp-content\/uploadsArray\" alt=\"dscn9372\" \/>\n\t\t\t\t<\/div>\n\t\t\t<div  class=\"ms-slide\" data-delay=\"3\"    >\n\t\t\t\t\t<img decoding=\"async\" src=\"https:\/\/mont-roig.cat\/wp-content\/plugins\/masterslider\/public\/assets\/css\/blank.gif\" alt=\"dscn9370\" title=\"dscn9370\" data-src=\"https:\/\/mont-roig.cat\/wp-content\/uploadsArray\" \/>\n\t<a href=\"https:\/\/mont-roig.cat\/es\/actualitat\/noticies\/prop-700-persones-participen-festa-infancia-mont-roig-camp\/dscn9370\/\" target=\"_self\"    >dscn9370<\/a>\n\n\t\t\t\t\t<div class=\"ms-info\">dscn9370<\/div>\n\n\n\t<img decoding=\"async\" class=\"ms-thumb\" src=\"https:\/\/mont-roig.cat\/wp-content\/uploadsArray\" alt=\"dscn9370\" \/>\n\t\t\t\t<\/div>\n\t\t\t<div  class=\"ms-slide\" data-delay=\"3\"    >\n\t\t\t\t\t<img decoding=\"async\" src=\"https:\/\/mont-roig.cat\/wp-content\/plugins\/masterslider\/public\/assets\/css\/blank.gif\" alt=\"dscn9367\" title=\"dscn9367\" data-src=\"https:\/\/mont-roig.cat\/wp-content\/uploadsArray\" \/>\n\t<a href=\"https:\/\/mont-roig.cat\/es\/actualitat\/noticies\/prop-700-persones-participen-festa-infancia-mont-roig-camp\/dscn9367\/\" target=\"_self\"    >dscn9367<\/a>\n\n\t\t\t\t\t<div class=\"ms-info\">dscn9367<\/div>\n\n\n\t<img decoding=\"async\" class=\"ms-thumb\" src=\"https:\/\/mont-roig.cat\/wp-content\/uploadsArray\" alt=\"dscn9367\" \/>\n\t\t\t\t<\/div>\n\t\t\t<div  class=\"ms-slide\" data-delay=\"3\"    >\n\t\t\t\t\t<img decoding=\"async\" src=\"https:\/\/mont-roig.cat\/wp-content\/plugins\/masterslider\/public\/assets\/css\/blank.gif\" alt=\"dscn9365\" title=\"dscn9365\" data-src=\"https:\/\/mont-roig.cat\/wp-content\/uploadsArray\" \/>\n\t<a href=\"https:\/\/mont-roig.cat\/es\/actualitat\/noticies\/prop-700-persones-participen-festa-infancia-mont-roig-camp\/dscn9365\/\" target=\"_self\"    >dscn9365<\/a>\n\n\t\t\t\t\t<div class=\"ms-info\">dscn9365<\/div>\n\n\n\t<img decoding=\"async\" class=\"ms-thumb\" src=\"https:\/\/mont-roig.cat\/wp-content\/uploadsArray\" alt=\"dscn9365\" \/>\n\t\t\t\t<\/div>\n\t\t\t<div  class=\"ms-slide\" data-delay=\"3\"    >\n\t\t\t\t\t<img decoding=\"async\" src=\"https:\/\/mont-roig.cat\/wp-content\/plugins\/masterslider\/public\/assets\/css\/blank.gif\" alt=\"dscn9361\" title=\"dscn9361\" data-src=\"https:\/\/mont-roig.cat\/wp-content\/uploadsArray\" \/>\n\t<a href=\"https:\/\/mont-roig.cat\/es\/actualitat\/noticies\/prop-700-persones-participen-festa-infancia-mont-roig-camp\/dscn9361\/\" target=\"_self\"    >dscn9361<\/a>\n\n\t\t\t\t\t<div class=\"ms-info\">dscn9361<\/div>\n\n\n\t<img decoding=\"async\" class=\"ms-thumb\" src=\"https:\/\/mont-roig.cat\/wp-content\/uploadsArray\" alt=\"dscn9361\" \/>\n\t\t\t\t<\/div>\n\t\t\t<div  class=\"ms-slide\" data-delay=\"3\"    >\n\t\t\t\t\t<img decoding=\"async\" src=\"https:\/\/mont-roig.cat\/wp-content\/plugins\/masterslider\/public\/assets\/css\/blank.gif\" alt=\"dscn9352\" title=\"dscn9352\" data-src=\"https:\/\/mont-roig.cat\/wp-content\/uploadsArray\" \/>\n\t<a href=\"https:\/\/mont-roig.cat\/es\/actualitat\/noticies\/prop-700-persones-participen-festa-infancia-mont-roig-camp\/dscn9352\/\" target=\"_self\"    >dscn9352<\/a>\n\n\t\t\t\t\t<div class=\"ms-info\">dscn9352<\/div>\n\n\n\t<img decoding=\"async\" class=\"ms-thumb\" src=\"https:\/\/mont-roig.cat\/wp-content\/uploadsArray\" alt=\"dscn9352\" \/>\n\t\t\t\t<\/div>\n\t\t\t<div  class=\"ms-slide\" data-delay=\"3\"    >\n\t\t\t\t\t<img decoding=\"async\" src=\"https:\/\/mont-roig.cat\/wp-content\/plugins\/masterslider\/public\/assets\/css\/blank.gif\" alt=\"dscn9346\" title=\"dscn9346\" data-src=\"https:\/\/mont-roig.cat\/wp-content\/uploadsArray\" \/>\n\t<a href=\"https:\/\/mont-roig.cat\/es\/actualitat\/noticies\/prop-700-persones-participen-festa-infancia-mont-roig-camp\/dscn9346\/\" target=\"_self\"    >dscn9346<\/a>\n\n\t\t\t\t\t<div class=\"ms-info\">dscn9346<\/div>\n\n\n\t<img decoding=\"async\" class=\"ms-thumb\" src=\"https:\/\/mont-roig.cat\/wp-content\/uploadsArray\" alt=\"dscn9346\" \/>\n\t\t\t\t<\/div>\n\t\t\t<div  class=\"ms-slide\" data-delay=\"3\"    >\n\t\t\t\t\t<img decoding=\"async\" src=\"https:\/\/mont-roig.cat\/wp-content\/plugins\/masterslider\/public\/assets\/css\/blank.gif\" alt=\"dscn9343\" title=\"dscn9343\" data-src=\"https:\/\/mont-roig.cat\/wp-content\/uploadsArray\" \/>\n\t<a href=\"https:\/\/mont-roig.cat\/es\/actualitat\/noticies\/prop-700-persones-participen-festa-infancia-mont-roig-camp\/dscn9343-2\/\" target=\"_self\"    >dscn9343<\/a>\n\n\t\t\t\t\t<div class=\"ms-info\">dscn9343<\/div>\n\n\n\t<img decoding=\"async\" class=\"ms-thumb\" src=\"https:\/\/mont-roig.cat\/wp-content\/uploadsArray\" alt=\"dscn9343\" \/>\n\t\t\t\t<\/div>\n\t\t\t<div  class=\"ms-slide\" data-delay=\"3\"    >\n\t\t\t\t\t<img decoding=\"async\" src=\"https:\/\/mont-roig.cat\/wp-content\/plugins\/masterslider\/public\/assets\/css\/blank.gif\" alt=\"dscn9334\" title=\"dscn9334\" data-src=\"https:\/\/mont-roig.cat\/wp-content\/uploadsArray\" \/>\n\t<a href=\"https:\/\/mont-roig.cat\/es\/actualitat\/noticies\/prop-700-persones-participen-festa-infancia-mont-roig-camp\/dscn9334\/\" target=\"_self\"    >dscn9334<\/a>\n\n\t\t\t\t\t<div class=\"ms-info\">dscn9334<\/div>\n\n\n\t<img decoding=\"async\" class=\"ms-thumb\" src=\"https:\/\/mont-roig.cat\/wp-content\/uploadsArray\" alt=\"dscn9334\" \/>\n\t\t\t\t<\/div>\n\t\t\t<div  class=\"ms-slide\" data-delay=\"3\"    >\n\t\t\t\t\t<img decoding=\"async\" src=\"https:\/\/mont-roig.cat\/wp-content\/plugins\/masterslider\/public\/assets\/css\/blank.gif\" alt=\"dscn9328\" title=\"dscn9328\" data-src=\"https:\/\/mont-roig.cat\/wp-content\/uploadsArray\" \/>\n\t<a href=\"https:\/\/mont-roig.cat\/es\/actualitat\/noticies\/prop-700-persones-participen-festa-infancia-mont-roig-camp\/dscn9328\/\" target=\"_self\"    >dscn9328<\/a>\n\n\t\t\t\t\t<div class=\"ms-info\">dscn9328<\/div>\n\n\n\t<img decoding=\"async\" class=\"ms-thumb\" src=\"https:\/\/mont-roig.cat\/wp-content\/uploadsArray\" alt=\"dscn9328\" \/>\n\t\t\t\t<\/div>\n\t\t\t<div  class=\"ms-slide\" data-delay=\"3\"    >\n\t\t\t\t\t<img decoding=\"async\" src=\"https:\/\/mont-roig.cat\/wp-content\/plugins\/masterslider\/public\/assets\/css\/blank.gif\" alt=\"dscn9326\" title=\"dscn9326\" data-src=\"https:\/\/mont-roig.cat\/wp-content\/uploadsArray\" \/>\n\t<a href=\"https:\/\/mont-roig.cat\/es\/actualitat\/noticies\/prop-700-persones-participen-festa-infancia-mont-roig-camp\/dscn9326\/\" target=\"_self\"    >dscn9326<\/a>\n\n\t\t\t\t\t<div class=\"ms-info\">dscn9326<\/div>\n\n\n\t<img decoding=\"async\" class=\"ms-thumb\" src=\"https:\/\/mont-roig.cat\/wp-content\/uploadsArray\" alt=\"dscn9326\" \/>\n\t\t\t\t<\/div>\n\t\t\t<div  class=\"ms-slide\" data-delay=\"3\"    >\n\t\t\t\t\t<img decoding=\"async\" src=\"https:\/\/mont-roig.cat\/wp-content\/plugins\/masterslider\/public\/assets\/css\/blank.gif\" alt=\"dscn9322\" title=\"dscn9322\" data-src=\"https:\/\/mont-roig.cat\/wp-content\/uploadsArray\" \/>\n\t<a href=\"https:\/\/mont-roig.cat\/es\/actualitat\/noticies\/prop-700-persones-participen-festa-infancia-mont-roig-camp\/dscn9322\/\" target=\"_self\"    >dscn9322<\/a>\n\n\t\t\t\t\t<div class=\"ms-info\">dscn9322<\/div>\n\n\n\t<img decoding=\"async\" class=\"ms-thumb\" src=\"https:\/\/mont-roig.cat\/wp-content\/uploadsArray\" alt=\"dscn9322\" \/>\n\t\t\t\t<\/div>\n\t\t\t<div  class=\"ms-slide\" data-delay=\"3\"    >\n\t\t\t\t\t<img decoding=\"async\" src=\"https:\/\/mont-roig.cat\/wp-content\/plugins\/masterslider\/public\/assets\/css\/blank.gif\" alt=\"dscn9343\" title=\"dscn9343\" data-src=\"https:\/\/mont-roig.cat\/wp-content\/uploadsArray\" \/>\n\t<a href=\"https:\/\/mont-roig.cat\/es\/actualitat\/noticies\/prop-700-persones-participen-festa-infancia-mont-roig-camp\/dscn9343\/\" target=\"_self\"    >dscn9343<\/a>\n\n\t\t\t\t\t<div class=\"ms-info\">dscn9343<\/div>\n\n\n\t<img decoding=\"async\" class=\"ms-thumb\" src=\"https:\/\/mont-roig.cat\/wp-content\/uploadsArray\" alt=\"dscn9343\" \/>\n\t\t\t\t<\/div>\n\t\t\t<div  class=\"ms-slide\" data-delay=\"3\"    >\n\t\t\t\t\t<img decoding=\"async\" src=\"https:\/\/mont-roig.cat\/wp-content\/plugins\/masterslider\/public\/assets\/css\/blank.gif\" alt=\"dscn9382\" title=\"dscn9382\" data-src=\"https:\/\/mont-roig.cat\/wp-content\/uploadsArray\" \/>\n\t<a href=\"https:\/\/mont-roig.cat\/es\/actualitat\/noticies\/prop-700-persones-participen-festa-infancia-mont-roig-camp\/dscn9382\/\" target=\"_self\"    >dscn9382<\/a>\n\n\t\t\t\t\t<div class=\"ms-info\">dscn9382<\/div>\n\n\n\t<img decoding=\"async\" class=\"ms-thumb\" src=\"https:\/\/mont-roig.cat\/wp-content\/uploadsArray\" alt=\"dscn9382\" \/>\n\t\t\t\t<\/div>\n\n\t\t\t<\/div>\n\t\t\t<!-- END MasterSlider Main -->\n\n\t\t\t \n\t\t<\/div>\n\t\t<!-- END MasterSlider -->\n\n\t\t<script>\n\t\t( window.MSReady = window.MSReady || [] ).push( function( $ ) {\n\n\t\t\t\"use strict\";\n\t\t\tvar masterslider_c93b = new MasterSlider();\n\n\t\t\t\/\/ slider controls\n\t\t\tmasterslider_c93b.control('arrows'     ,{ autohide:true, overVideo:true  });\n\t\t\tmasterslider_c93b.control('thumblist'  ,{ autohide:false, overVideo:true, dir:'h', speed:17, inset:false, arrows:false, hover:false, customClass:'', align:'bottom',type:'thumbs', margin:2, width:140, height:80, space:2, fillMode:'fill'  });\n\t\t\tmasterslider_c93b.control('slideinfo'  ,{ autohide:true, overVideo:true, dir:'h', align:'bottom',inset:true , margin:80  , size:30 });\n\t\t\t\/\/ slider setup\n\t\t\tmasterslider_c93b.setup(\"MS69f5ba1adc93b\", {\n\t\t\t\twidth           : 960,\n\t\t\t\theight          : 540,\n\t\t\t\tminHeight       : 0,\n\t\t\t\tspace           : 0,\n\t\t\t\tstart           : 1,\n\t\t\t\tgrabCursor      : true,\n\t\t\t\tswipe           : true,\n\t\t\t\tmouse           : true,\n\t\t\t\tkeyboard        : false,\n\t\t\t\tlayout          : \"fillwidth\",\n\t\t\t\twheel           : false,\n\t\t\t\tautoplay        : false,\n                instantStartLayers:false,\n\t\t\t\tmobileBGVideo:false,\n\t\t\t\tloop            : false,\n\t\t\t\tshuffle         : false,\n\t\t\t\tpreload         : 3,\n\t\t\t\theightLimit     : false,\n\t\t\t\tautoHeight      : false,\n\t\t\t\tsmoothHeight    : true,\n\t\t\t\tendPause        : false,\n\t\t\t\toverPause       : false,\n\t\t\t\tfillMode        : \"fill\",\n\t\t\t\tcenterControls  : true,\n\t\t\t\tstartOnAppear   : false,\n\t\t\t\tlayersMode      : \"center\",\n\t\t\t\tautofillTarget  : \"\",\n\t\t\t\thideLayers      : false,\n\t\t\t\tfullscreenMargin: 0,\n\t\t\t\tspeed           : 17,\n\t\t\t\tdir             : \"h\",\n\t\t\t\tparallaxMode    : 'swipe',\n\t\t\t\tview            : \"basic\"\n\t\t\t});\n\n\t\t\t\n\t\t\twindow.masterslider_instances = window.masterslider_instances || [];\n\t\t\twindow.masterslider_instances.push( masterslider_c93b );\n\t\t});\n\t\t<\/script>\n\n\n<p style=\"text-align: justify;\">Durante toda la jornada los m\u00e1s peque\u00f1os pudieron participar en las diferentes actividades que se hab\u00edan preparado, como los hinchables o los talleres de manualidades para aprender a pintar bolsas, inflar globos o pintar cuadros. Precisamente una votaci\u00f3n determinar\u00e1 el ganador del cartel que ilustrar\u00e1 el pr\u00f3ximo a\u00f1o la segunda fiesta de la infancia entre todos los dibujos realizados durante la jornada del domingo. La pr\u00f3xima fiesta reunir\u00e1 a los ni\u00f1os nacidos entre el 1 de noviembre de este a\u00f1o y el 31 de octubre de 2017. La jornada termin\u00f3 con un despegue de los globos con mensaje que los ni\u00f1os hab\u00edan elaborado previamente.<\/p>\n<p style=\"text-align: justify;\">El alcalde de Mont-roig, Fran Morancho, valor\u00f3 muy positivamente esta fiesta y se mostr\u00f3 satisfecho con la recepci\u00f3n que ha tenido entre los m\u00e1s peque\u00f1os del municipio y sus familias que quisieron participar. En este sentido, Morancho anunci\u00f3 que el pr\u00f3ximo a\u00f1o el Ajuntament de Mont-roig del Camp construir\u00e1 dos parques para los m\u00e1s peque\u00f1os. Uno se har\u00e1 en la plaza de los Olivos de Miami Platja con fondos del Pla de Barris, y el otro sustituir\u00e1 al que hay en la plaza Miramar (conocida tambi\u00e9n como la plaza Nueva) de Mont-roig del Camp. Adem\u00e1s, seg\u00fan Morancho, se presentar\u00e1 un plan de arreglo y mejora del resto de parques municipales, que tendr\u00e1 un presupuesto de 100.000 euros.<\/p>\n","protected":false},"excerpt":{"rendered":"<p>&nbsp; El alcalde Fran Morancho aprovecha el acto para avanzar que en 2017 se construir\u00e1n dos parques destinados a los m\u00e1s peque\u00f1os Alrededor de 700 personas, entre beb\u00e9s, ni\u00f1os y adultos participaron este domingo en la primera Fiesta de la Infancia, que ha organizado el Ayuntamiento de Mont-roig del Camp con el patrocinio de Europe [&hellip;]<\/p>\n","protected":false},"author":4,"featured_media":13722,"comment_status":"closed","ping_status":"closed","sticky":false,"template":"","format":"standard","meta":{"inline_featured_image":false,"_monsterinsights_skip_tracking":false,"_monsterinsights_sitenote_active":false,"_monsterinsights_sitenote_note":"","_monsterinsights_sitenote_category":0,"footnotes":""},"categories":[98],"tags":[],"class_list":["post-13736","post","type-post","status-publish","format-standard","has-post-thumbnail","hentry","category-ayuntamiento"],"yoast_head":"<!-- This site is optimized with the Yoast SEO plugin v27.4 - https:\/\/yoast.com\/product\/yoast-seo-wordpress\/ -->\n<title>Cerca de 700 personas participan en la I Festa de la Inf\u00e0ncia de Mont-roig del Camp - Ajuntament de Mont-roig del Camp<\/title>\n<meta name=\"robots\" content=\"index, follow, max-snippet:-1, max-image-preview:large, max-video-preview:-1\" \/>\n<link rel=\"canonical\" href=\"https:\/\/mont-roig.cat\/es\/actualitat\/noticies\/cerca-700-personas-participan-festa-infancia-mont-roig-camp\/\" \/>\n<meta property=\"og:locale\" content=\"es_ES\" \/>\n<meta property=\"og:type\" content=\"article\" \/>\n<meta property=\"og:title\" content=\"Cerca de 700 personas participan en la I Festa de la Inf\u00e0ncia de Mont-roig del Camp - Ajuntament de Mont-roig del Camp\" \/>\n<meta property=\"og:description\" content=\"&nbsp; El alcalde Fran Morancho aprovecha el acto para avanzar que en 2017 se construir\u00e1n dos parques destinados a los m\u00e1s peque\u00f1os Alrededor de 700 personas, entre beb\u00e9s, ni\u00f1os y adultos participaron este domingo en la primera Fiesta de la Infancia, que ha organizado el Ayuntamiento de Mont-roig del Camp con el patrocinio de Europe [&hellip;]\" \/>\n<meta property=\"og:url\" content=\"https:\/\/mont-roig.cat\/es\/actualitat\/noticies\/cerca-700-personas-participan-festa-infancia-mont-roig-camp\/\" \/>\n<meta property=\"og:site_name\" content=\"Ajuntament de Mont-roig del Camp\" \/>\n<meta property=\"article:published_time\" content=\"2016-11-21T12:17:24+00:00\" \/>\n<meta property=\"article:modified_time\" content=\"2016-11-21T12:18:03+00:00\" \/>\n<meta property=\"og:image\" content=\"https:\/\/mont-roig.cat\/wp-content\/uploads\/DSCN9367.jpg\" \/>\n\t<meta property=\"og:image:width\" content=\"1920\" \/>\n\t<meta property=\"og:image:height\" content=\"1440\" \/>\n\t<meta property=\"og:image:type\" content=\"image\/jpeg\" \/>\n<meta name=\"author\" content=\"administrador\" \/>\n<meta name=\"twitter:card\" content=\"summary_large_image\" \/>\n<meta name=\"twitter:label1\" content=\"Escrito por\" \/>\n\t<meta name=\"twitter:data1\" content=\"administrador\" \/>\n\t<meta name=\"twitter:label2\" content=\"Tiempo de lectura\" \/>\n\t<meta name=\"twitter:data2\" content=\"2 minutos\" \/>\n<script type=\"application\/ld+json\" class=\"yoast-schema-graph\">{\"@context\":\"https:\\\/\\\/schema.org\",\"@graph\":[{\"@type\":\"Article\",\"@id\":\"https:\\\/\\\/mont-roig.cat\\\/es\\\/actualitat\\\/noticies\\\/cerca-700-personas-participan-festa-infancia-mont-roig-camp\\\/#article\",\"isPartOf\":{\"@id\":\"https:\\\/\\\/mont-roig.cat\\\/es\\\/actualitat\\\/noticies\\\/cerca-700-personas-participan-festa-infancia-mont-roig-camp\\\/\"},\"author\":{\"name\":\"administrador\",\"@id\":\"https:\\\/\\\/mont-roig.cat\\\/es\\\/#\\\/schema\\\/person\\\/f2b111789f22b7d0c3bd6786c9128cba\"},\"headline\":\"Cerca de 700 personas participan en la I Festa de la Inf\u00e0ncia de Mont-roig del Camp\",\"datePublished\":\"2016-11-21T12:17:24+00:00\",\"dateModified\":\"2016-11-21T12:18:03+00:00\",\"mainEntityOfPage\":{\"@id\":\"https:\\\/\\\/mont-roig.cat\\\/es\\\/actualitat\\\/noticies\\\/cerca-700-personas-participan-festa-infancia-mont-roig-camp\\\/\"},\"wordCount\":450,\"image\":{\"@id\":\"https:\\\/\\\/mont-roig.cat\\\/es\\\/actualitat\\\/noticies\\\/cerca-700-personas-participan-festa-infancia-mont-roig-camp\\\/#primaryimage\"},\"thumbnailUrl\":\"https:\\\/\\\/mont-roig.cat\\\/wp-content\\\/uploads\\\/DSCN9367.jpg\",\"articleSection\":[\"Ayuntamiento\"],\"inLanguage\":\"es\"},{\"@type\":\"WebPage\",\"@id\":\"https:\\\/\\\/mont-roig.cat\\\/es\\\/actualitat\\\/noticies\\\/cerca-700-personas-participan-festa-infancia-mont-roig-camp\\\/\",\"url\":\"https:\\\/\\\/mont-roig.cat\\\/es\\\/actualitat\\\/noticies\\\/cerca-700-personas-participan-festa-infancia-mont-roig-camp\\\/\",\"name\":\"Cerca de 700 personas participan en la I Festa de la Inf\u00e0ncia de Mont-roig del Camp - Ajuntament de Mont-roig del Camp\",\"isPartOf\":{\"@id\":\"https:\\\/\\\/mont-roig.cat\\\/es\\\/#website\"},\"primaryImageOfPage\":{\"@id\":\"https:\\\/\\\/mont-roig.cat\\\/es\\\/actualitat\\\/noticies\\\/cerca-700-personas-participan-festa-infancia-mont-roig-camp\\\/#primaryimage\"},\"image\":{\"@id\":\"https:\\\/\\\/mont-roig.cat\\\/es\\\/actualitat\\\/noticies\\\/cerca-700-personas-participan-festa-infancia-mont-roig-camp\\\/#primaryimage\"},\"thumbnailUrl\":\"https:\\\/\\\/mont-roig.cat\\\/wp-content\\\/uploads\\\/DSCN9367.jpg\",\"datePublished\":\"2016-11-21T12:17:24+00:00\",\"dateModified\":\"2016-11-21T12:18:03+00:00\",\"author\":{\"@id\":\"https:\\\/\\\/mont-roig.cat\\\/es\\\/#\\\/schema\\\/person\\\/f2b111789f22b7d0c3bd6786c9128cba\"},\"breadcrumb\":{\"@id\":\"https:\\\/\\\/mont-roig.cat\\\/es\\\/actualitat\\\/noticies\\\/cerca-700-personas-participan-festa-infancia-mont-roig-camp\\\/#breadcrumb\"},\"inLanguage\":\"es\",\"potentialAction\":[{\"@type\":\"ReadAction\",\"target\":[\"https:\\\/\\\/mont-roig.cat\\\/es\\\/actualitat\\\/noticies\\\/cerca-700-personas-participan-festa-infancia-mont-roig-camp\\\/\"]}]},{\"@type\":\"ImageObject\",\"inLanguage\":\"es\",\"@id\":\"https:\\\/\\\/mont-roig.cat\\\/es\\\/actualitat\\\/noticies\\\/cerca-700-personas-participan-festa-infancia-mont-roig-camp\\\/#primaryimage\",\"url\":\"https:\\\/\\\/mont-roig.cat\\\/wp-content\\\/uploads\\\/DSCN9367.jpg\",\"contentUrl\":\"https:\\\/\\\/mont-roig.cat\\\/wp-content\\\/uploads\\\/DSCN9367.jpg\",\"width\":1920,\"height\":1440},{\"@type\":\"BreadcrumbList\",\"@id\":\"https:\\\/\\\/mont-roig.cat\\\/es\\\/actualitat\\\/noticies\\\/cerca-700-personas-participan-festa-infancia-mont-roig-camp\\\/#breadcrumb\",\"itemListElement\":[{\"@type\":\"ListItem\",\"position\":1,\"name\":\"Inici\",\"item\":\"https:\\\/\\\/mont-roig.cat\\\/es\\\/pagina-de-inicio\\\/\"},{\"@type\":\"ListItem\",\"position\":2,\"name\":\"Cerca de 700 personas participan en la I Festa de la Inf\u00e0ncia de Mont-roig del Camp\"}]},{\"@type\":\"WebSite\",\"@id\":\"https:\\\/\\\/mont-roig.cat\\\/es\\\/#website\",\"url\":\"https:\\\/\\\/mont-roig.cat\\\/es\\\/\",\"name\":\"Ajuntament de Mont-roig del Camp\",\"description\":\"Tota la informaci\u00f3 sobre la instituci\u00f3, els seus \u00f2rgans de govern, actualitat, serveis i molt m\u00e9s.\",\"potentialAction\":[{\"@type\":\"SearchAction\",\"target\":{\"@type\":\"EntryPoint\",\"urlTemplate\":\"https:\\\/\\\/mont-roig.cat\\\/es\\\/?s={search_term_string}\"},\"query-input\":{\"@type\":\"PropertyValueSpecification\",\"valueRequired\":true,\"valueName\":\"search_term_string\"}}],\"inLanguage\":\"es\"},{\"@type\":\"Person\",\"@id\":\"https:\\\/\\\/mont-roig.cat\\\/es\\\/#\\\/schema\\\/person\\\/f2b111789f22b7d0c3bd6786c9128cba\",\"name\":\"administrador\",\"image\":{\"@type\":\"ImageObject\",\"inLanguage\":\"es\",\"@id\":\"https:\\\/\\\/secure.gravatar.com\\\/avatar\\\/9137aac6891e2595c9d3036fd83bcb653b4db3c946db4c7d9b9be193c3c944bb?s=96&d=mm&r=g\",\"url\":\"https:\\\/\\\/secure.gravatar.com\\\/avatar\\\/9137aac6891e2595c9d3036fd83bcb653b4db3c946db4c7d9b9be193c3c944bb?s=96&d=mm&r=g\",\"contentUrl\":\"https:\\\/\\\/secure.gravatar.com\\\/avatar\\\/9137aac6891e2595c9d3036fd83bcb653b4db3c946db4c7d9b9be193c3c944bb?s=96&d=mm&r=g\",\"caption\":\"administrador\"},\"url\":\"https:\\\/\\\/mont-roig.cat\\\/es\\\/actualitat\\\/noticies\\\/author\\\/administrador\\\/\"}]}<\/script>\n<!-- \/ Yoast SEO plugin. -->","yoast_head_json":{"title":"Cerca de 700 personas participan en la I Festa de la Inf\u00e0ncia de Mont-roig del Camp - Ajuntament de Mont-roig del Camp","robots":{"index":"index","follow":"follow","max-snippet":"max-snippet:-1","max-image-preview":"max-image-preview:large","max-video-preview":"max-video-preview:-1"},"canonical":"https:\/\/mont-roig.cat\/es\/actualitat\/noticies\/cerca-700-personas-participan-festa-infancia-mont-roig-camp\/","og_locale":"es_ES","og_type":"article","og_title":"Cerca de 700 personas participan en la I Festa de la Inf\u00e0ncia de Mont-roig del Camp - Ajuntament de Mont-roig del Camp","og_description":"&nbsp; El alcalde Fran Morancho aprovecha el acto para avanzar que en 2017 se construir\u00e1n dos parques destinados a los m\u00e1s peque\u00f1os Alrededor de 700 personas, entre beb\u00e9s, ni\u00f1os y adultos participaron este domingo en la primera Fiesta de la Infancia, que ha organizado el Ayuntamiento de Mont-roig del Camp con el patrocinio de Europe [&hellip;]","og_url":"https:\/\/mont-roig.cat\/es\/actualitat\/noticies\/cerca-700-personas-participan-festa-infancia-mont-roig-camp\/","og_site_name":"Ajuntament de Mont-roig del Camp","article_published_time":"2016-11-21T12:17:24+00:00","article_modified_time":"2016-11-21T12:18:03+00:00","og_image":[{"width":1920,"height":1440,"url":"https:\/\/mont-roig.cat\/wp-content\/uploads\/DSCN9367.jpg","type":"image\/jpeg"}],"author":"administrador","twitter_card":"summary_large_image","twitter_misc":{"Escrito por":"administrador","Tiempo de lectura":"2 minutos"},"schema":{"@context":"https:\/\/schema.org","@graph":[{"@type":"Article","@id":"https:\/\/mont-roig.cat\/es\/actualitat\/noticies\/cerca-700-personas-participan-festa-infancia-mont-roig-camp\/#article","isPartOf":{"@id":"https:\/\/mont-roig.cat\/es\/actualitat\/noticies\/cerca-700-personas-participan-festa-infancia-mont-roig-camp\/"},"author":{"name":"administrador","@id":"https:\/\/mont-roig.cat\/es\/#\/schema\/person\/f2b111789f22b7d0c3bd6786c9128cba"},"headline":"Cerca de 700 personas participan en la I Festa de la Inf\u00e0ncia de Mont-roig del Camp","datePublished":"2016-11-21T12:17:24+00:00","dateModified":"2016-11-21T12:18:03+00:00","mainEntityOfPage":{"@id":"https:\/\/mont-roig.cat\/es\/actualitat\/noticies\/cerca-700-personas-participan-festa-infancia-mont-roig-camp\/"},"wordCount":450,"image":{"@id":"https:\/\/mont-roig.cat\/es\/actualitat\/noticies\/cerca-700-personas-participan-festa-infancia-mont-roig-camp\/#primaryimage"},"thumbnailUrl":"https:\/\/mont-roig.cat\/wp-content\/uploads\/DSCN9367.jpg","articleSection":["Ayuntamiento"],"inLanguage":"es"},{"@type":"WebPage","@id":"https:\/\/mont-roig.cat\/es\/actualitat\/noticies\/cerca-700-personas-participan-festa-infancia-mont-roig-camp\/","url":"https:\/\/mont-roig.cat\/es\/actualitat\/noticies\/cerca-700-personas-participan-festa-infancia-mont-roig-camp\/","name":"Cerca de 700 personas participan en la I Festa de la Inf\u00e0ncia de Mont-roig del Camp - Ajuntament de Mont-roig del Camp","isPartOf":{"@id":"https:\/\/mont-roig.cat\/es\/#website"},"primaryImageOfPage":{"@id":"https:\/\/mont-roig.cat\/es\/actualitat\/noticies\/cerca-700-personas-participan-festa-infancia-mont-roig-camp\/#primaryimage"},"image":{"@id":"https:\/\/mont-roig.cat\/es\/actualitat\/noticies\/cerca-700-personas-participan-festa-infancia-mont-roig-camp\/#primaryimage"},"thumbnailUrl":"https:\/\/mont-roig.cat\/wp-content\/uploads\/DSCN9367.jpg","datePublished":"2016-11-21T12:17:24+00:00","dateModified":"2016-11-21T12:18:03+00:00","author":{"@id":"https:\/\/mont-roig.cat\/es\/#\/schema\/person\/f2b111789f22b7d0c3bd6786c9128cba"},"breadcrumb":{"@id":"https:\/\/mont-roig.cat\/es\/actualitat\/noticies\/cerca-700-personas-participan-festa-infancia-mont-roig-camp\/#breadcrumb"},"inLanguage":"es","potentialAction":[{"@type":"ReadAction","target":["https:\/\/mont-roig.cat\/es\/actualitat\/noticies\/cerca-700-personas-participan-festa-infancia-mont-roig-camp\/"]}]},{"@type":"ImageObject","inLanguage":"es","@id":"https:\/\/mont-roig.cat\/es\/actualitat\/noticies\/cerca-700-personas-participan-festa-infancia-mont-roig-camp\/#primaryimage","url":"https:\/\/mont-roig.cat\/wp-content\/uploads\/DSCN9367.jpg","contentUrl":"https:\/\/mont-roig.cat\/wp-content\/uploads\/DSCN9367.jpg","width":1920,"height":1440},{"@type":"BreadcrumbList","@id":"https:\/\/mont-roig.cat\/es\/actualitat\/noticies\/cerca-700-personas-participan-festa-infancia-mont-roig-camp\/#breadcrumb","itemListElement":[{"@type":"ListItem","position":1,"name":"Inici","item":"https:\/\/mont-roig.cat\/es\/pagina-de-inicio\/"},{"@type":"ListItem","position":2,"name":"Cerca de 700 personas participan en la I Festa de la Inf\u00e0ncia de Mont-roig del Camp"}]},{"@type":"WebSite","@id":"https:\/\/mont-roig.cat\/es\/#website","url":"https:\/\/mont-roig.cat\/es\/","name":"Ajuntament de Mont-roig del Camp","description":"Tota la informaci\u00f3 sobre la instituci\u00f3, els seus \u00f2rgans de govern, actualitat, serveis i molt m\u00e9s.","potentialAction":[{"@type":"SearchAction","target":{"@type":"EntryPoint","urlTemplate":"https:\/\/mont-roig.cat\/es\/?s={search_term_string}"},"query-input":{"@type":"PropertyValueSpecification","valueRequired":true,"valueName":"search_term_string"}}],"inLanguage":"es"},{"@type":"Person","@id":"https:\/\/mont-roig.cat\/es\/#\/schema\/person\/f2b111789f22b7d0c3bd6786c9128cba","name":"administrador","image":{"@type":"ImageObject","inLanguage":"es","@id":"https:\/\/secure.gravatar.com\/avatar\/9137aac6891e2595c9d3036fd83bcb653b4db3c946db4c7d9b9be193c3c944bb?s=96&d=mm&r=g","url":"https:\/\/secure.gravatar.com\/avatar\/9137aac6891e2595c9d3036fd83bcb653b4db3c946db4c7d9b9be193c3c944bb?s=96&d=mm&r=g","contentUrl":"https:\/\/secure.gravatar.com\/avatar\/9137aac6891e2595c9d3036fd83bcb653b4db3c946db4c7d9b9be193c3c944bb?s=96&d=mm&r=g","caption":"administrador"},"url":"https:\/\/mont-roig.cat\/es\/actualitat\/noticies\/author\/administrador\/"}]}},"_links":{"self":[{"href":"https:\/\/mont-roig.cat\/es\/wp-json\/wp\/v2\/posts\/13736","targetHints":{"allow":["GET"]}}],"collection":[{"href":"https:\/\/mont-roig.cat\/es\/wp-json\/wp\/v2\/posts"}],"about":[{"href":"https:\/\/mont-roig.cat\/es\/wp-json\/wp\/v2\/types\/post"}],"author":[{"embeddable":true,"href":"https:\/\/mont-roig.cat\/es\/wp-json\/wp\/v2\/users\/4"}],"replies":[{"embeddable":true,"href":"https:\/\/mont-roig.cat\/es\/wp-json\/wp\/v2\/comments?post=13736"}],"version-history":[{"count":0,"href":"https:\/\/mont-roig.cat\/es\/wp-json\/wp\/v2\/posts\/13736\/revisions"}],"wp:featuredmedia":[{"embeddable":true,"href":"https:\/\/mont-roig.cat\/es\/wp-json\/wp\/v2\/media\/13722"}],"wp:attachment":[{"href":"https:\/\/mont-roig.cat\/es\/wp-json\/wp\/v2\/media?parent=13736"}],"wp:term":[{"taxonomy":"category","embeddable":true,"href":"https:\/\/mont-roig.cat\/es\/wp-json\/wp\/v2\/categories?post=13736"},{"taxonomy":"post_tag","embeddable":true,"href":"https:\/\/mont-roig.cat\/es\/wp-json\/wp\/v2\/tags?post=13736"}],"curies":[{"name":"wp","href":"https:\/\/api.w.org\/{rel}","templated":true}]}}