{"id":13779,"date":"2016-11-23T12:49:39","date_gmt":"2016-11-23T11:49:39","guid":{"rendered":"http:\/\/mont-roig.cat\/es\/?p=13779"},"modified":"2016-11-23T14:30:20","modified_gmt":"2016-11-23T13:30:20","slug":"ayuntameinto-mont-roig-camp-se-suma-por-unanimidad-manifiesto-institucional-dia-internacional-para-eliminacion-violencia-hacia-las-mujeres","status":"publish","type":"post","link":"https:\/\/mont-roig.cat\/es\/actualitat\/noticies\/ayuntameinto-mont-roig-camp-se-suma-por-unanimidad-manifiesto-institucional-dia-internacional-para-eliminacion-violencia-hacia-las-mujeres\/","title":{"rendered":"El Ayuntamiento de Mont-roig del Camp se suma por unanimidad al manifiesto institucional del D\u00eda Internacional para la eliminaci\u00f3n de la violencia contra las mujeres"},"content":{"rendered":"<ul>\n<li><strong><a href=\"http:\/\/mont-roig.cat\/wp-content\/uploads\/cartell_gencat.jpg\"><img loading=\"lazy\" decoding=\"async\" class=\" wp-image-13775 alignright\" src=\"http:\/\/mont-roig.cat\/wp-content\/uploads\/cartell_gencat.jpg\" alt=\"cartell_gencat\" width=\"300\" height=\"300\" srcset=\"https:\/\/mont-roig.cat\/wp-content\/uploads\/cartell_gencat.jpg 420w, https:\/\/mont-roig.cat\/wp-content\/uploads\/cartell_gencat-50x50.jpg 50w, https:\/\/mont-roig.cat\/wp-content\/uploads\/cartell_gencat-367x367.jpg 367w, https:\/\/mont-roig.cat\/wp-content\/uploads\/cartell_gencat-85x85.jpg 85w\" sizes=\"auto, (max-width: 300px) 100vw, 300px\" \/><\/a><\/strong><strong>El municipio se suma a la lucha contra la violencia machista con un conjunto de actos conmemorativos que se han organizado a trav\u00e9s de la Concejal\u00eda de Cultura y Pol\u00edticas de Igualdad y de la Mujer<\/strong><\/li>\n<\/ul>\n<p style=\"text-align: justify;\">Los grupos municipales con representaci\u00f3n en el Ayuntamiento de Mont-roig del Camp se han adherido por unanimidad al manifiesto institucional del 25 de noviembre, D\u00eda Internacional para la eliminaci\u00f3n de la violencia contra la mujer. Este manifiesto, consensuado por la Generalitat, las diputaciones, la Federaci\u00f3 de Municipis de Catalunya y la Associaci\u00f3 Catalana de Municipis i Comarques, tiene el objetivo de manifestar, una vez m\u00e1s, el rechazo a la violencia machista y hacer p\u00fablica la voluntad de trabajar hasta erradicarla.<\/p>\n<p style=\"text-align: justify;\">El manifiesto, que ser\u00e1 le\u00eddo en Mont-roig del Camp y en Miami Platja, insta a las instituciones p\u00fablicas a sumar esfuerzos y cooperar ante la dif\u00edcil tarea de eliminar definitivamente la violencia machista. Este a\u00f1o, las instituciones firmantes denuncian, de manera especial, las violencias sexuales, que representan la m\u00e1xima expresi\u00f3n de la dominaci\u00f3n patriarcal hacia las mujeres.<\/p>\n<p style=\"text-align: justify;\">As\u00ed, con motivo del D\u00eda internacional contra la violencia machista, el viernes 25 de noviembre, el Ayuntamiento de Mont-roig del Camp, a trav\u00e9s de la Concejal\u00eda de Cultura y de Pol\u00edticas de Igualdad y de la Mujer, ha organizado varios actos conmemorativos en el municipio.<\/p>\n<p style=\"text-align: justify;\">Entre las actividades organizadas destaca la inauguraci\u00f3n de la exposici\u00f3n <em>Metamorfosis<\/em>. Se trata de una muestra fotogr\u00e1fica que se podr\u00e1 ver al mismo tiempo en Mont-roig del Camp y en Miami Platja hasta el 4 de diciembre. Este trabajo cuenta con un conjunto de obras que combinan la fotograf\u00eda emocional con las flores de Bach. Las autoras del proyecto, Ana Ferrer, Iratxe Barrondo, Marina Gent\u00edno y Beatriu Mar, recalcan que las modelos que aparecen en las fotograf\u00edas son voluntarias y que en ning\u00fan caso son v\u00edctimas de la violencia machista.<\/p>\n<p style=\"text-align: justify;\">Las actividades programadas se iniciar\u00e1n en Mont-roig del Camp con la lectura del manifiesto del D\u00eda internacional para la eliminaci\u00f3n de la violencia contra la mujer. Ser\u00e1 en la Esgl\u00e9sia Vella a las 18 horas. A continuaci\u00f3n, se proceder\u00e1 a la inauguraci\u00f3n de la exposici\u00f3n <em>Metamorfosis<\/em>. Este acto contar\u00e1 con la participaci\u00f3n del grupo la Faixsula y de la doctora M\u00f2nica Curto Blanch, que ofrecer\u00e1 la conferencia &#8220;Com cuidar-te per curar-te\u201d.<\/p>\n<p style=\"text-align: justify;\">Entre los actos organizados en Miami Platja destaca un taller sobre la prevenci\u00f3n de la violencia de g\u00e9nero. Esta propuesta forma parte del ciclo de actividades que se han llevado a cabo dentro del Programa Dona, Salut i Esport del SIAD del Consell Comarcal del Baix Camp. El taller tendr\u00e1 lugar en la Biblioteca Joan Mir\u00f3 de Miami Platja a las 18 horas. En este espacio a las 19.30 horas se proceder\u00e1 a la lectura del manifiesto institucional y, posteriormente, se inaugurar\u00e1 la muestra fotogr\u00e1fica <em>Metamorfosis<\/em>.<\/p>\n<p style=\"text-align: justify;\">Estas actividades est\u00e1n abiertas a toda la ciudadan\u00eda y pretenden concienciar que la violencia machista est\u00e1 muy presente en la sociedad, se trata de un problema que hay que abordar desde la educaci\u00f3n de ni\u00f1os y j\u00f3venes. Este a\u00f1o, el Institut Catal\u00e0 de les Dones ha iniciado la campa\u00f1a de sensibilizaci\u00f3n \u201cDavant la viol\u00e8ncia masclista: Rebobina. Canviem el fil de la hist\u00f2ria\u201d.<\/p>\n<p style=\"text-align: justify;\">El manifiesto se puede descargar y leer \u00edntegramente\u00a0<a href=\"http:\/\/mont-roig.cat\/wp-content\/uploads\/manifest25n.pdf\" target=\"_blank\">aqu\u00ed<\/a><\/p>\n","protected":false},"excerpt":{"rendered":"<p>El municipio se suma a la lucha contra la violencia machista con un conjunto de actos conmemorativos que se han organizado a trav\u00e9s de la Concejal\u00eda de Cultura y Pol\u00edticas de Igualdad y de la Mujer Los grupos municipales con representaci\u00f3n en el Ayuntamiento de Mont-roig del Camp se han adherido por unanimidad al manifiesto [&hellip;]<\/p>\n","protected":false},"author":4,"featured_media":13775,"comment_status":"closed","ping_status":"closed","sticky":false,"template":"","format":"standard","meta":{"inline_featured_image":false,"_monsterinsights_skip_tracking":false,"_monsterinsights_sitenote_active":false,"_monsterinsights_sitenote_note":"","_monsterinsights_sitenote_category":0,"footnotes":""},"categories":[98],"tags":[],"class_list":["post-13779","post","type-post","status-publish","format-standard","has-post-thumbnail","hentry","category-ayuntamiento"],"yoast_head":"<!-- This site is optimized with the Yoast SEO plugin v27.4 - https:\/\/yoast.com\/product\/yoast-seo-wordpress\/ -->\n<title>El Ayuntamiento de Mont-roig del Camp se suma por unanimidad al manifiesto institucional del D\u00eda Internacional para la eliminaci\u00f3n de la violencia contra las mujeres - Ajuntament de Mont-roig del Camp<\/title>\n<meta name=\"robots\" content=\"index, follow, max-snippet:-1, max-image-preview:large, max-video-preview:-1\" \/>\n<link rel=\"canonical\" href=\"https:\/\/mont-roig.cat\/es\/actualitat\/noticies\/ayuntameinto-mont-roig-camp-se-suma-por-unanimidad-manifiesto-institucional-dia-internacional-para-eliminacion-violencia-hacia-las-mujeres\/\" \/>\n<meta property=\"og:locale\" content=\"es_ES\" \/>\n<meta property=\"og:type\" content=\"article\" \/>\n<meta property=\"og:title\" content=\"El Ayuntamiento de Mont-roig del Camp se suma por unanimidad al manifiesto institucional del D\u00eda Internacional para la eliminaci\u00f3n de la violencia contra las mujeres - Ajuntament de Mont-roig del Camp\" \/>\n<meta property=\"og:description\" content=\"El municipio se suma a la lucha contra la violencia machista con un conjunto de actos conmemorativos que se han organizado a trav\u00e9s de la Concejal\u00eda de Cultura y Pol\u00edticas de Igualdad y de la Mujer Los grupos municipales con representaci\u00f3n en el Ayuntamiento de Mont-roig del Camp se han adherido por unanimidad al manifiesto [&hellip;]\" \/>\n<meta property=\"og:url\" content=\"https:\/\/mont-roig.cat\/es\/actualitat\/noticies\/ayuntameinto-mont-roig-camp-se-suma-por-unanimidad-manifiesto-institucional-dia-internacional-para-eliminacion-violencia-hacia-las-mujeres\/\" \/>\n<meta property=\"og:site_name\" content=\"Ajuntament de Mont-roig del Camp\" \/>\n<meta property=\"article:published_time\" content=\"2016-11-23T11:49:39+00:00\" \/>\n<meta property=\"article:modified_time\" content=\"2016-11-23T13:30:20+00:00\" \/>\n<meta property=\"og:image\" content=\"https:\/\/mont-roig.cat\/wp-content\/uploads\/cartell_gencat.jpg\" \/>\n\t<meta property=\"og:image:width\" content=\"420\" \/>\n\t<meta property=\"og:image:height\" content=\"420\" \/>\n\t<meta property=\"og:image:type\" content=\"image\/jpeg\" \/>\n<meta name=\"author\" content=\"administrador\" \/>\n<meta name=\"twitter:card\" content=\"summary_large_image\" \/>\n<meta name=\"twitter:label1\" content=\"Escrito por\" \/>\n\t<meta name=\"twitter:data1\" content=\"administrador\" \/>\n\t<meta name=\"twitter:label2\" content=\"Tiempo de lectura\" \/>\n\t<meta name=\"twitter:data2\" content=\"3 minutos\" \/>\n<script type=\"application\/ld+json\" class=\"yoast-schema-graph\">{\"@context\":\"https:\\\/\\\/schema.org\",\"@graph\":[{\"@type\":\"Article\",\"@id\":\"https:\\\/\\\/mont-roig.cat\\\/es\\\/actualitat\\\/noticies\\\/ayuntameinto-mont-roig-camp-se-suma-por-unanimidad-manifiesto-institucional-dia-internacional-para-eliminacion-violencia-hacia-las-mujeres\\\/#article\",\"isPartOf\":{\"@id\":\"https:\\\/\\\/mont-roig.cat\\\/es\\\/actualitat\\\/noticies\\\/ayuntameinto-mont-roig-camp-se-suma-por-unanimidad-manifiesto-institucional-dia-internacional-para-eliminacion-violencia-hacia-las-mujeres\\\/\"},\"author\":{\"name\":\"administrador\",\"@id\":\"https:\\\/\\\/mont-roig.cat\\\/es\\\/#\\\/schema\\\/person\\\/f2b111789f22b7d0c3bd6786c9128cba\"},\"headline\":\"El Ayuntamiento de Mont-roig del Camp se suma por unanimidad al manifiesto institucional del D\u00eda Internacional para la eliminaci\u00f3n de la violencia contra las mujeres\",\"datePublished\":\"2016-11-23T11:49:39+00:00\",\"dateModified\":\"2016-11-23T13:30:20+00:00\",\"mainEntityOfPage\":{\"@id\":\"https:\\\/\\\/mont-roig.cat\\\/es\\\/actualitat\\\/noticies\\\/ayuntameinto-mont-roig-camp-se-suma-por-unanimidad-manifiesto-institucional-dia-internacional-para-eliminacion-violencia-hacia-las-mujeres\\\/\"},\"wordCount\":606,\"image\":{\"@id\":\"https:\\\/\\\/mont-roig.cat\\\/es\\\/actualitat\\\/noticies\\\/ayuntameinto-mont-roig-camp-se-suma-por-unanimidad-manifiesto-institucional-dia-internacional-para-eliminacion-violencia-hacia-las-mujeres\\\/#primaryimage\"},\"thumbnailUrl\":\"https:\\\/\\\/mont-roig.cat\\\/wp-content\\\/uploads\\\/cartell_gencat.jpg\",\"articleSection\":[\"Ayuntamiento\"],\"inLanguage\":\"es\"},{\"@type\":\"WebPage\",\"@id\":\"https:\\\/\\\/mont-roig.cat\\\/es\\\/actualitat\\\/noticies\\\/ayuntameinto-mont-roig-camp-se-suma-por-unanimidad-manifiesto-institucional-dia-internacional-para-eliminacion-violencia-hacia-las-mujeres\\\/\",\"url\":\"https:\\\/\\\/mont-roig.cat\\\/es\\\/actualitat\\\/noticies\\\/ayuntameinto-mont-roig-camp-se-suma-por-unanimidad-manifiesto-institucional-dia-internacional-para-eliminacion-violencia-hacia-las-mujeres\\\/\",\"name\":\"El Ayuntamiento de Mont-roig del Camp se suma por unanimidad al manifiesto institucional del D\u00eda Internacional para la eliminaci\u00f3n de la violencia contra las mujeres - Ajuntament de Mont-roig del Camp\",\"isPartOf\":{\"@id\":\"https:\\\/\\\/mont-roig.cat\\\/es\\\/#website\"},\"primaryImageOfPage\":{\"@id\":\"https:\\\/\\\/mont-roig.cat\\\/es\\\/actualitat\\\/noticies\\\/ayuntameinto-mont-roig-camp-se-suma-por-unanimidad-manifiesto-institucional-dia-internacional-para-eliminacion-violencia-hacia-las-mujeres\\\/#primaryimage\"},\"image\":{\"@id\":\"https:\\\/\\\/mont-roig.cat\\\/es\\\/actualitat\\\/noticies\\\/ayuntameinto-mont-roig-camp-se-suma-por-unanimidad-manifiesto-institucional-dia-internacional-para-eliminacion-violencia-hacia-las-mujeres\\\/#primaryimage\"},\"thumbnailUrl\":\"https:\\\/\\\/mont-roig.cat\\\/wp-content\\\/uploads\\\/cartell_gencat.jpg\",\"datePublished\":\"2016-11-23T11:49:39+00:00\",\"dateModified\":\"2016-11-23T13:30:20+00:00\",\"author\":{\"@id\":\"https:\\\/\\\/mont-roig.cat\\\/es\\\/#\\\/schema\\\/person\\\/f2b111789f22b7d0c3bd6786c9128cba\"},\"breadcrumb\":{\"@id\":\"https:\\\/\\\/mont-roig.cat\\\/es\\\/actualitat\\\/noticies\\\/ayuntameinto-mont-roig-camp-se-suma-por-unanimidad-manifiesto-institucional-dia-internacional-para-eliminacion-violencia-hacia-las-mujeres\\\/#breadcrumb\"},\"inLanguage\":\"es\",\"potentialAction\":[{\"@type\":\"ReadAction\",\"target\":[\"https:\\\/\\\/mont-roig.cat\\\/es\\\/actualitat\\\/noticies\\\/ayuntameinto-mont-roig-camp-se-suma-por-unanimidad-manifiesto-institucional-dia-internacional-para-eliminacion-violencia-hacia-las-mujeres\\\/\"]}]},{\"@type\":\"ImageObject\",\"inLanguage\":\"es\",\"@id\":\"https:\\\/\\\/mont-roig.cat\\\/es\\\/actualitat\\\/noticies\\\/ayuntameinto-mont-roig-camp-se-suma-por-unanimidad-manifiesto-institucional-dia-internacional-para-eliminacion-violencia-hacia-las-mujeres\\\/#primaryimage\",\"url\":\"https:\\\/\\\/mont-roig.cat\\\/wp-content\\\/uploads\\\/cartell_gencat.jpg\",\"contentUrl\":\"https:\\\/\\\/mont-roig.cat\\\/wp-content\\\/uploads\\\/cartell_gencat.jpg\",\"width\":420,\"height\":420},{\"@type\":\"BreadcrumbList\",\"@id\":\"https:\\\/\\\/mont-roig.cat\\\/es\\\/actualitat\\\/noticies\\\/ayuntameinto-mont-roig-camp-se-suma-por-unanimidad-manifiesto-institucional-dia-internacional-para-eliminacion-violencia-hacia-las-mujeres\\\/#breadcrumb\",\"itemListElement\":[{\"@type\":\"ListItem\",\"position\":1,\"name\":\"Inici\",\"item\":\"https:\\\/\\\/mont-roig.cat\\\/es\\\/pagina-de-inicio\\\/\"},{\"@type\":\"ListItem\",\"position\":2,\"name\":\"El Ayuntamiento de Mont-roig del Camp se suma por unanimidad al manifiesto institucional del D\u00eda Internacional para la eliminaci\u00f3n de la violencia contra las mujeres\"}]},{\"@type\":\"WebSite\",\"@id\":\"https:\\\/\\\/mont-roig.cat\\\/es\\\/#website\",\"url\":\"https:\\\/\\\/mont-roig.cat\\\/es\\\/\",\"name\":\"Ajuntament de Mont-roig del Camp\",\"description\":\"Tota la informaci\u00f3 sobre la instituci\u00f3, els seus \u00f2rgans de govern, actualitat, serveis i molt m\u00e9s.\",\"potentialAction\":[{\"@type\":\"SearchAction\",\"target\":{\"@type\":\"EntryPoint\",\"urlTemplate\":\"https:\\\/\\\/mont-roig.cat\\\/es\\\/?s={search_term_string}\"},\"query-input\":{\"@type\":\"PropertyValueSpecification\",\"valueRequired\":true,\"valueName\":\"search_term_string\"}}],\"inLanguage\":\"es\"},{\"@type\":\"Person\",\"@id\":\"https:\\\/\\\/mont-roig.cat\\\/es\\\/#\\\/schema\\\/person\\\/f2b111789f22b7d0c3bd6786c9128cba\",\"name\":\"administrador\",\"image\":{\"@type\":\"ImageObject\",\"inLanguage\":\"es\",\"@id\":\"https:\\\/\\\/secure.gravatar.com\\\/avatar\\\/9137aac6891e2595c9d3036fd83bcb653b4db3c946db4c7d9b9be193c3c944bb?s=96&d=mm&r=g\",\"url\":\"https:\\\/\\\/secure.gravatar.com\\\/avatar\\\/9137aac6891e2595c9d3036fd83bcb653b4db3c946db4c7d9b9be193c3c944bb?s=96&d=mm&r=g\",\"contentUrl\":\"https:\\\/\\\/secure.gravatar.com\\\/avatar\\\/9137aac6891e2595c9d3036fd83bcb653b4db3c946db4c7d9b9be193c3c944bb?s=96&d=mm&r=g\",\"caption\":\"administrador\"},\"url\":\"https:\\\/\\\/mont-roig.cat\\\/es\\\/actualitat\\\/noticies\\\/author\\\/administrador\\\/\"}]}<\/script>\n<!-- \/ Yoast SEO plugin. -->","yoast_head_json":{"title":"El Ayuntamiento de Mont-roig del Camp se suma por unanimidad al manifiesto institucional del D\u00eda Internacional para la eliminaci\u00f3n de la violencia contra las mujeres - Ajuntament de Mont-roig del Camp","robots":{"index":"index","follow":"follow","max-snippet":"max-snippet:-1","max-image-preview":"max-image-preview:large","max-video-preview":"max-video-preview:-1"},"canonical":"https:\/\/mont-roig.cat\/es\/actualitat\/noticies\/ayuntameinto-mont-roig-camp-se-suma-por-unanimidad-manifiesto-institucional-dia-internacional-para-eliminacion-violencia-hacia-las-mujeres\/","og_locale":"es_ES","og_type":"article","og_title":"El Ayuntamiento de Mont-roig del Camp se suma por unanimidad al manifiesto institucional del D\u00eda Internacional para la eliminaci\u00f3n de la violencia contra las mujeres - Ajuntament de Mont-roig del Camp","og_description":"El municipio se suma a la lucha contra la violencia machista con un conjunto de actos conmemorativos que se han organizado a trav\u00e9s de la Concejal\u00eda de Cultura y Pol\u00edticas de Igualdad y de la Mujer Los grupos municipales con representaci\u00f3n en el Ayuntamiento de Mont-roig del Camp se han adherido por unanimidad al manifiesto [&hellip;]","og_url":"https:\/\/mont-roig.cat\/es\/actualitat\/noticies\/ayuntameinto-mont-roig-camp-se-suma-por-unanimidad-manifiesto-institucional-dia-internacional-para-eliminacion-violencia-hacia-las-mujeres\/","og_site_name":"Ajuntament de Mont-roig del Camp","article_published_time":"2016-11-23T11:49:39+00:00","article_modified_time":"2016-11-23T13:30:20+00:00","og_image":[{"width":420,"height":420,"url":"https:\/\/mont-roig.cat\/wp-content\/uploads\/cartell_gencat.jpg","type":"image\/jpeg"}],"author":"administrador","twitter_card":"summary_large_image","twitter_misc":{"Escrito por":"administrador","Tiempo de lectura":"3 minutos"},"schema":{"@context":"https:\/\/schema.org","@graph":[{"@type":"Article","@id":"https:\/\/mont-roig.cat\/es\/actualitat\/noticies\/ayuntameinto-mont-roig-camp-se-suma-por-unanimidad-manifiesto-institucional-dia-internacional-para-eliminacion-violencia-hacia-las-mujeres\/#article","isPartOf":{"@id":"https:\/\/mont-roig.cat\/es\/actualitat\/noticies\/ayuntameinto-mont-roig-camp-se-suma-por-unanimidad-manifiesto-institucional-dia-internacional-para-eliminacion-violencia-hacia-las-mujeres\/"},"author":{"name":"administrador","@id":"https:\/\/mont-roig.cat\/es\/#\/schema\/person\/f2b111789f22b7d0c3bd6786c9128cba"},"headline":"El Ayuntamiento de Mont-roig del Camp se suma por unanimidad al manifiesto institucional del D\u00eda Internacional para la eliminaci\u00f3n de la violencia contra las mujeres","datePublished":"2016-11-23T11:49:39+00:00","dateModified":"2016-11-23T13:30:20+00:00","mainEntityOfPage":{"@id":"https:\/\/mont-roig.cat\/es\/actualitat\/noticies\/ayuntameinto-mont-roig-camp-se-suma-por-unanimidad-manifiesto-institucional-dia-internacional-para-eliminacion-violencia-hacia-las-mujeres\/"},"wordCount":606,"image":{"@id":"https:\/\/mont-roig.cat\/es\/actualitat\/noticies\/ayuntameinto-mont-roig-camp-se-suma-por-unanimidad-manifiesto-institucional-dia-internacional-para-eliminacion-violencia-hacia-las-mujeres\/#primaryimage"},"thumbnailUrl":"https:\/\/mont-roig.cat\/wp-content\/uploads\/cartell_gencat.jpg","articleSection":["Ayuntamiento"],"inLanguage":"es"},{"@type":"WebPage","@id":"https:\/\/mont-roig.cat\/es\/actualitat\/noticies\/ayuntameinto-mont-roig-camp-se-suma-por-unanimidad-manifiesto-institucional-dia-internacional-para-eliminacion-violencia-hacia-las-mujeres\/","url":"https:\/\/mont-roig.cat\/es\/actualitat\/noticies\/ayuntameinto-mont-roig-camp-se-suma-por-unanimidad-manifiesto-institucional-dia-internacional-para-eliminacion-violencia-hacia-las-mujeres\/","name":"El Ayuntamiento de Mont-roig del Camp se suma por unanimidad al manifiesto institucional del D\u00eda Internacional para la eliminaci\u00f3n de la violencia contra las mujeres - Ajuntament de Mont-roig del Camp","isPartOf":{"@id":"https:\/\/mont-roig.cat\/es\/#website"},"primaryImageOfPage":{"@id":"https:\/\/mont-roig.cat\/es\/actualitat\/noticies\/ayuntameinto-mont-roig-camp-se-suma-por-unanimidad-manifiesto-institucional-dia-internacional-para-eliminacion-violencia-hacia-las-mujeres\/#primaryimage"},"image":{"@id":"https:\/\/mont-roig.cat\/es\/actualitat\/noticies\/ayuntameinto-mont-roig-camp-se-suma-por-unanimidad-manifiesto-institucional-dia-internacional-para-eliminacion-violencia-hacia-las-mujeres\/#primaryimage"},"thumbnailUrl":"https:\/\/mont-roig.cat\/wp-content\/uploads\/cartell_gencat.jpg","datePublished":"2016-11-23T11:49:39+00:00","dateModified":"2016-11-23T13:30:20+00:00","author":{"@id":"https:\/\/mont-roig.cat\/es\/#\/schema\/person\/f2b111789f22b7d0c3bd6786c9128cba"},"breadcrumb":{"@id":"https:\/\/mont-roig.cat\/es\/actualitat\/noticies\/ayuntameinto-mont-roig-camp-se-suma-por-unanimidad-manifiesto-institucional-dia-internacional-para-eliminacion-violencia-hacia-las-mujeres\/#breadcrumb"},"inLanguage":"es","potentialAction":[{"@type":"ReadAction","target":["https:\/\/mont-roig.cat\/es\/actualitat\/noticies\/ayuntameinto-mont-roig-camp-se-suma-por-unanimidad-manifiesto-institucional-dia-internacional-para-eliminacion-violencia-hacia-las-mujeres\/"]}]},{"@type":"ImageObject","inLanguage":"es","@id":"https:\/\/mont-roig.cat\/es\/actualitat\/noticies\/ayuntameinto-mont-roig-camp-se-suma-por-unanimidad-manifiesto-institucional-dia-internacional-para-eliminacion-violencia-hacia-las-mujeres\/#primaryimage","url":"https:\/\/mont-roig.cat\/wp-content\/uploads\/cartell_gencat.jpg","contentUrl":"https:\/\/mont-roig.cat\/wp-content\/uploads\/cartell_gencat.jpg","width":420,"height":420},{"@type":"BreadcrumbList","@id":"https:\/\/mont-roig.cat\/es\/actualitat\/noticies\/ayuntameinto-mont-roig-camp-se-suma-por-unanimidad-manifiesto-institucional-dia-internacional-para-eliminacion-violencia-hacia-las-mujeres\/#breadcrumb","itemListElement":[{"@type":"ListItem","position":1,"name":"Inici","item":"https:\/\/mont-roig.cat\/es\/pagina-de-inicio\/"},{"@type":"ListItem","position":2,"name":"El Ayuntamiento de Mont-roig del Camp se suma por unanimidad al manifiesto institucional del D\u00eda Internacional para la eliminaci\u00f3n de la violencia contra las mujeres"}]},{"@type":"WebSite","@id":"https:\/\/mont-roig.cat\/es\/#website","url":"https:\/\/mont-roig.cat\/es\/","name":"Ajuntament de Mont-roig del Camp","description":"Tota la informaci\u00f3 sobre la instituci\u00f3, els seus \u00f2rgans de govern, actualitat, serveis i molt m\u00e9s.","potentialAction":[{"@type":"SearchAction","target":{"@type":"EntryPoint","urlTemplate":"https:\/\/mont-roig.cat\/es\/?s={search_term_string}"},"query-input":{"@type":"PropertyValueSpecification","valueRequired":true,"valueName":"search_term_string"}}],"inLanguage":"es"},{"@type":"Person","@id":"https:\/\/mont-roig.cat\/es\/#\/schema\/person\/f2b111789f22b7d0c3bd6786c9128cba","name":"administrador","image":{"@type":"ImageObject","inLanguage":"es","@id":"https:\/\/secure.gravatar.com\/avatar\/9137aac6891e2595c9d3036fd83bcb653b4db3c946db4c7d9b9be193c3c944bb?s=96&d=mm&r=g","url":"https:\/\/secure.gravatar.com\/avatar\/9137aac6891e2595c9d3036fd83bcb653b4db3c946db4c7d9b9be193c3c944bb?s=96&d=mm&r=g","contentUrl":"https:\/\/secure.gravatar.com\/avatar\/9137aac6891e2595c9d3036fd83bcb653b4db3c946db4c7d9b9be193c3c944bb?s=96&d=mm&r=g","caption":"administrador"},"url":"https:\/\/mont-roig.cat\/es\/actualitat\/noticies\/author\/administrador\/"}]}},"_links":{"self":[{"href":"https:\/\/mont-roig.cat\/es\/wp-json\/wp\/v2\/posts\/13779","targetHints":{"allow":["GET"]}}],"collection":[{"href":"https:\/\/mont-roig.cat\/es\/wp-json\/wp\/v2\/posts"}],"about":[{"href":"https:\/\/mont-roig.cat\/es\/wp-json\/wp\/v2\/types\/post"}],"author":[{"embeddable":true,"href":"https:\/\/mont-roig.cat\/es\/wp-json\/wp\/v2\/users\/4"}],"replies":[{"embeddable":true,"href":"https:\/\/mont-roig.cat\/es\/wp-json\/wp\/v2\/comments?post=13779"}],"version-history":[{"count":0,"href":"https:\/\/mont-roig.cat\/es\/wp-json\/wp\/v2\/posts\/13779\/revisions"}],"wp:featuredmedia":[{"embeddable":true,"href":"https:\/\/mont-roig.cat\/es\/wp-json\/wp\/v2\/media\/13775"}],"wp:attachment":[{"href":"https:\/\/mont-roig.cat\/es\/wp-json\/wp\/v2\/media?parent=13779"}],"wp:term":[{"taxonomy":"category","embeddable":true,"href":"https:\/\/mont-roig.cat\/es\/wp-json\/wp\/v2\/categories?post=13779"},{"taxonomy":"post_tag","embeddable":true,"href":"https:\/\/mont-roig.cat\/es\/wp-json\/wp\/v2\/tags?post=13779"}],"curies":[{"name":"wp","href":"https:\/\/api.w.org\/{rel}","templated":true}]}}