{"id":13965,"date":"2016-12-07T11:16:00","date_gmt":"2016-12-07T10:16:00","guid":{"rendered":"http:\/\/mont-roig.cat\/actualitat\/noticies\/concert-de-santa-cecilia-de-laula-de-musica-baptista-nogues\/"},"modified":"2016-12-12T11:32:23","modified_gmt":"2016-12-12T10:32:23","slug":"concert-de-santa-cecilia-de-laula-de-musica-baptista-nogues","status":"publish","type":"post","link":"https:\/\/mont-roig.cat\/es\/actualitat\/noticies\/concert-de-santa-cecilia-de-laula-de-musica-baptista-nogues\/","title":{"rendered":"Concierto de Santa Cec\u00edlia del Aula de M\u00fasica Bautista Nogu\u00e9s"},"content":{"rendered":"<ul>\n<li><strong><a href=\"http:\/\/mont-roig.cat\/wp-content\/uploads\/santa-celicia-1.jpg\"><img loading=\"lazy\" decoding=\"async\" class=\" wp-image-13921 alignright\" src=\"http:\/\/mont-roig.cat\/wp-content\/uploads\/santa-celicia-1-500x333.jpg\" alt=\"santa-celicia-1\" width=\"300\" height=\"200\" srcset=\"https:\/\/mont-roig.cat\/wp-content\/uploads\/santa-celicia-1-500x333.jpg 500w, https:\/\/mont-roig.cat\/wp-content\/uploads\/santa-celicia-1-768x512.jpg 768w, https:\/\/mont-roig.cat\/wp-content\/uploads\/santa-celicia-1-1024x683.jpg 1024w, https:\/\/mont-roig.cat\/wp-content\/uploads\/santa-celicia-1.jpg 1920w\" sizes=\"auto, (max-width: 300px) 100vw, 300px\" \/><\/a>El Aula de M\u00fasica Bautista Nogu\u00e9s, como cada a\u00f1o, celebr\u00f3 la festividad de Santa Cec\u00edlia (patrona de la m\u00fasica) con un concierto. Este a\u00f1o, el concierto se celebr\u00f3 en sesi\u00f3n matinal (a las 12h de la ma\u00f1ana) el s\u00e1bado 19 de noviembre, en el Teatro del Polivalente de Miami Platja.<br \/>\n<\/strong><\/li>\n<\/ul>\n<p>Participaron los conjuntos instrumentales de alumnos, en las especialidades de viento, guitarra y canto coral, as\u00ed como la totalidad del equipo docente del Aula (11 profesores).<\/p>\n<p>Aparte de conocer la faceta pedag\u00f3gica de sus maestros, los alumnos disfrutan aqu\u00ed de la faceta art\u00edstica de sus profesores, y esto es un factor motivador y un aliciente para ellos, adem\u00e1s de dejar patente el excelente nivel del equipo de profesores que conforman el Aula.<\/p>\n<p style=\"text-align: justify;\">En cuesti\u00f3n\u00a0<a href=\"http:\/\/mont-roig.cat\/wp-content\/uploads\/santaq-cecilia-3.jpg\"><img loading=\"lazy\" decoding=\"async\" class=\"wp-image-13923 alignright\" src=\"http:\/\/mont-roig.cat\/wp-content\/uploads\/santaq-cecilia-3-500x333.jpg\" alt=\"santaq-cecilia-3\" width=\"299\" height=\"199\" srcset=\"https:\/\/mont-roig.cat\/wp-content\/uploads\/santaq-cecilia-3-500x333.jpg 500w, https:\/\/mont-roig.cat\/wp-content\/uploads\/santaq-cecilia-3-768x512.jpg 768w, https:\/\/mont-roig.cat\/wp-content\/uploads\/santaq-cecilia-3-1024x683.jpg 1024w, https:\/\/mont-roig.cat\/wp-content\/uploads\/santaq-cecilia-3.jpg 1920w\" sizes=\"auto, (max-width: 299px) 100vw, 299px\" \/><\/a>de repertorio,\u00a0el p\u00fablico pudo escuchar una magn\u00edfica versi\u00f3n del <em>Mambo Inn<\/em> para saxo (Patricia Mart\u00ednez), tromb\u00f3n (Ferran Arasa), percusi\u00f3n (Aurelio Morales) y piano (Oscar Fern\u00e1ndez-Pacheco), as\u00ed como el d\u00fao de guitarras del Santi Cruset e Irene L\u00f3pez interpretando un Boogie, acompa\u00f1ados por la percusi\u00f3n de A. Morales.<\/p>\n<p>Aparte de m\u00fasica moderna, hicimos rendir un peque\u00f1o homenaje a la figura de Enric Granados, aprovechando el centenario de su muerte.<\/p>\n<p>Alicia Guti\u00e9rrez, al piano, interpret\u00f3 <em>Oriental<\/em> con el saxo de Patr\u00edcia Mart\u00ednez, <em>El mirar de la maja<\/em> con Isabel Ca\u00f1as a la voz y <em>Playera<\/em> (de Sarasate) con el precioso viol\u00edn de Mikel Paz.<\/p>\n<p style=\"text-align: justify;\"><a href=\"http:\/\/mont-roig.cat\/wp-content\/uploads\/santa-ceciclia1.jpg\"><img loading=\"lazy\" decoding=\"async\" class=\" wp-image-13922 alignright\" src=\"http:\/\/mont-roig.cat\/wp-content\/uploads\/santa-ceciclia1-500x333.jpg\" alt=\"santa-ceciclia1\" width=\"300\" height=\"200\" srcset=\"https:\/\/mont-roig.cat\/wp-content\/uploads\/santa-ceciclia1-500x333.jpg 500w, https:\/\/mont-roig.cat\/wp-content\/uploads\/santa-ceciclia1-768x512.jpg 768w, https:\/\/mont-roig.cat\/wp-content\/uploads\/santa-ceciclia1-1024x683.jpg 1024w, https:\/\/mont-roig.cat\/wp-content\/uploads\/santa-ceciclia1.jpg 1920w\" sizes=\"auto, (max-width: 300px) 100vw, 300px\" \/><\/a>Tambi\u00e9n son\u00f3 canci\u00f3n catalana (Enric Morera) de la dulce voz de la profesora de canto coral, Alba Fortuny y la guitarra de Irene L\u00f3pez y las dos cantantes se batieron en duelo con <em>Rimanti\u00a0in pace omai<\/em> (Carissimi), acompa\u00f1adas por Ivan Fosch al piano.<\/p>\n<p>Finalmente, para cerrar un magn\u00edfico concierto, todos los profesores hicieron una versi\u00f3n de <em>Amigos para siempre<\/em> de Andrew Lloyd Webber.<\/p>\n<p>Esperamos ya el concierto del a\u00f1o que viene, a ver qu\u00e9 sorpresas nos depara!<\/p>\n<p style=\"text-align: justify;\">\n","protected":false},"excerpt":{"rendered":"<p>El Aula de M\u00fasica Bautista Nogu\u00e9s, como cada a\u00f1o, celebr\u00f3 la festividad de Santa Cec\u00edlia (patrona de la m\u00fasica) con un concierto. Este a\u00f1o, el concierto se celebr\u00f3 en sesi\u00f3n matinal (a las 12h de la ma\u00f1ana) el s\u00e1bado 19 de noviembre, en el Teatro del Polivalente de Miami Platja. Participaron los conjuntos instrumentales de [&hellip;]<\/p>\n","protected":false},"author":4,"featured_media":13921,"comment_status":"closed","ping_status":"closed","sticky":false,"template":"","format":"standard","meta":{"inline_featured_image":false,"_monsterinsights_skip_tracking":false,"_monsterinsights_sitenote_active":false,"_monsterinsights_sitenote_note":"","_monsterinsights_sitenote_category":0,"footnotes":""},"categories":[98,101,71],"tags":[],"class_list":["post-13965","post","type-post","status-publish","format-standard","has-post-thumbnail","hentry","category-ayuntamiento","category-cultura-es","category-general-es"],"yoast_head":"<!-- This site is optimized with the Yoast SEO plugin v27.4 - https:\/\/yoast.com\/product\/yoast-seo-wordpress\/ -->\n<title>Concierto de Santa Cec\u00edlia del Aula de M\u00fasica Bautista Nogu\u00e9s - Ajuntament de Mont-roig del Camp<\/title>\n<meta name=\"robots\" content=\"index, follow, max-snippet:-1, max-image-preview:large, max-video-preview:-1\" \/>\n<link rel=\"canonical\" href=\"https:\/\/mont-roig.cat\/es\/actualitat\/noticies\/concert-de-santa-cecilia-de-laula-de-musica-baptista-nogues\/\" \/>\n<meta property=\"og:locale\" content=\"es_ES\" \/>\n<meta property=\"og:type\" content=\"article\" \/>\n<meta property=\"og:title\" content=\"Concierto de Santa Cec\u00edlia del Aula de M\u00fasica Bautista Nogu\u00e9s - Ajuntament de Mont-roig del Camp\" \/>\n<meta property=\"og:description\" content=\"El Aula de M\u00fasica Bautista Nogu\u00e9s, como cada a\u00f1o, celebr\u00f3 la festividad de Santa Cec\u00edlia (patrona de la m\u00fasica) con un concierto. Este a\u00f1o, el concierto se celebr\u00f3 en sesi\u00f3n matinal (a las 12h de la ma\u00f1ana) el s\u00e1bado 19 de noviembre, en el Teatro del Polivalente de Miami Platja. Participaron los conjuntos instrumentales de [&hellip;]\" \/>\n<meta property=\"og:url\" content=\"https:\/\/mont-roig.cat\/es\/actualitat\/noticies\/concert-de-santa-cecilia-de-laula-de-musica-baptista-nogues\/\" \/>\n<meta property=\"og:site_name\" content=\"Ajuntament de Mont-roig del Camp\" \/>\n<meta property=\"article:published_time\" content=\"2016-12-07T10:16:00+00:00\" \/>\n<meta property=\"article:modified_time\" content=\"2016-12-12T10:32:23+00:00\" \/>\n<meta property=\"og:image\" content=\"https:\/\/mont-roig.cat\/wp-content\/uploads\/santa-celicia-1.jpg\" \/>\n\t<meta property=\"og:image:width\" content=\"1920\" \/>\n\t<meta property=\"og:image:height\" content=\"1280\" \/>\n\t<meta property=\"og:image:type\" content=\"image\/jpeg\" \/>\n<meta name=\"author\" content=\"administrador\" \/>\n<meta name=\"twitter:card\" content=\"summary_large_image\" \/>\n<meta name=\"twitter:label1\" content=\"Escrito por\" \/>\n\t<meta name=\"twitter:data1\" content=\"administrador\" \/>\n\t<meta name=\"twitter:label2\" content=\"Tiempo de lectura\" \/>\n\t<meta name=\"twitter:data2\" content=\"2 minutos\" \/>\n<script type=\"application\/ld+json\" class=\"yoast-schema-graph\">{\"@context\":\"https:\\\/\\\/schema.org\",\"@graph\":[{\"@type\":\"Article\",\"@id\":\"https:\\\/\\\/mont-roig.cat\\\/es\\\/actualitat\\\/noticies\\\/concert-de-santa-cecilia-de-laula-de-musica-baptista-nogues\\\/#article\",\"isPartOf\":{\"@id\":\"https:\\\/\\\/mont-roig.cat\\\/es\\\/actualitat\\\/noticies\\\/concert-de-santa-cecilia-de-laula-de-musica-baptista-nogues\\\/\"},\"author\":{\"name\":\"administrador\",\"@id\":\"https:\\\/\\\/mont-roig.cat\\\/es\\\/#\\\/schema\\\/person\\\/f2b111789f22b7d0c3bd6786c9128cba\"},\"headline\":\"Concierto de Santa Cec\u00edlia del Aula de M\u00fasica Bautista Nogu\u00e9s\",\"datePublished\":\"2016-12-07T10:16:00+00:00\",\"dateModified\":\"2016-12-12T10:32:23+00:00\",\"mainEntityOfPage\":{\"@id\":\"https:\\\/\\\/mont-roig.cat\\\/es\\\/actualitat\\\/noticies\\\/concert-de-santa-cecilia-de-laula-de-musica-baptista-nogues\\\/\"},\"wordCount\":354,\"image\":{\"@id\":\"https:\\\/\\\/mont-roig.cat\\\/es\\\/actualitat\\\/noticies\\\/concert-de-santa-cecilia-de-laula-de-musica-baptista-nogues\\\/#primaryimage\"},\"thumbnailUrl\":\"https:\\\/\\\/mont-roig.cat\\\/wp-content\\\/uploads\\\/santa-celicia-1.jpg\",\"articleSection\":[\"Ayuntamiento\",\"Cultura\",\"General\"],\"inLanguage\":\"es\"},{\"@type\":\"WebPage\",\"@id\":\"https:\\\/\\\/mont-roig.cat\\\/es\\\/actualitat\\\/noticies\\\/concert-de-santa-cecilia-de-laula-de-musica-baptista-nogues\\\/\",\"url\":\"https:\\\/\\\/mont-roig.cat\\\/es\\\/actualitat\\\/noticies\\\/concert-de-santa-cecilia-de-laula-de-musica-baptista-nogues\\\/\",\"name\":\"Concierto de Santa Cec\u00edlia del Aula de M\u00fasica Bautista Nogu\u00e9s - Ajuntament de Mont-roig del Camp\",\"isPartOf\":{\"@id\":\"https:\\\/\\\/mont-roig.cat\\\/es\\\/#website\"},\"primaryImageOfPage\":{\"@id\":\"https:\\\/\\\/mont-roig.cat\\\/es\\\/actualitat\\\/noticies\\\/concert-de-santa-cecilia-de-laula-de-musica-baptista-nogues\\\/#primaryimage\"},\"image\":{\"@id\":\"https:\\\/\\\/mont-roig.cat\\\/es\\\/actualitat\\\/noticies\\\/concert-de-santa-cecilia-de-laula-de-musica-baptista-nogues\\\/#primaryimage\"},\"thumbnailUrl\":\"https:\\\/\\\/mont-roig.cat\\\/wp-content\\\/uploads\\\/santa-celicia-1.jpg\",\"datePublished\":\"2016-12-07T10:16:00+00:00\",\"dateModified\":\"2016-12-12T10:32:23+00:00\",\"author\":{\"@id\":\"https:\\\/\\\/mont-roig.cat\\\/es\\\/#\\\/schema\\\/person\\\/f2b111789f22b7d0c3bd6786c9128cba\"},\"breadcrumb\":{\"@id\":\"https:\\\/\\\/mont-roig.cat\\\/es\\\/actualitat\\\/noticies\\\/concert-de-santa-cecilia-de-laula-de-musica-baptista-nogues\\\/#breadcrumb\"},\"inLanguage\":\"es\",\"potentialAction\":[{\"@type\":\"ReadAction\",\"target\":[\"https:\\\/\\\/mont-roig.cat\\\/es\\\/actualitat\\\/noticies\\\/concert-de-santa-cecilia-de-laula-de-musica-baptista-nogues\\\/\"]}]},{\"@type\":\"ImageObject\",\"inLanguage\":\"es\",\"@id\":\"https:\\\/\\\/mont-roig.cat\\\/es\\\/actualitat\\\/noticies\\\/concert-de-santa-cecilia-de-laula-de-musica-baptista-nogues\\\/#primaryimage\",\"url\":\"https:\\\/\\\/mont-roig.cat\\\/wp-content\\\/uploads\\\/santa-celicia-1.jpg\",\"contentUrl\":\"https:\\\/\\\/mont-roig.cat\\\/wp-content\\\/uploads\\\/santa-celicia-1.jpg\",\"width\":1920,\"height\":1280},{\"@type\":\"BreadcrumbList\",\"@id\":\"https:\\\/\\\/mont-roig.cat\\\/es\\\/actualitat\\\/noticies\\\/concert-de-santa-cecilia-de-laula-de-musica-baptista-nogues\\\/#breadcrumb\",\"itemListElement\":[{\"@type\":\"ListItem\",\"position\":1,\"name\":\"Inici\",\"item\":\"https:\\\/\\\/mont-roig.cat\\\/es\\\/pagina-de-inicio\\\/\"},{\"@type\":\"ListItem\",\"position\":2,\"name\":\"Concierto de Santa Cec\u00edlia del Aula de M\u00fasica Bautista Nogu\u00e9s\"}]},{\"@type\":\"WebSite\",\"@id\":\"https:\\\/\\\/mont-roig.cat\\\/es\\\/#website\",\"url\":\"https:\\\/\\\/mont-roig.cat\\\/es\\\/\",\"name\":\"Ajuntament de Mont-roig del Camp\",\"description\":\"Tota la informaci\u00f3 sobre la instituci\u00f3, els seus \u00f2rgans de govern, actualitat, serveis i molt m\u00e9s.\",\"potentialAction\":[{\"@type\":\"SearchAction\",\"target\":{\"@type\":\"EntryPoint\",\"urlTemplate\":\"https:\\\/\\\/mont-roig.cat\\\/es\\\/?s={search_term_string}\"},\"query-input\":{\"@type\":\"PropertyValueSpecification\",\"valueRequired\":true,\"valueName\":\"search_term_string\"}}],\"inLanguage\":\"es\"},{\"@type\":\"Person\",\"@id\":\"https:\\\/\\\/mont-roig.cat\\\/es\\\/#\\\/schema\\\/person\\\/f2b111789f22b7d0c3bd6786c9128cba\",\"name\":\"administrador\",\"image\":{\"@type\":\"ImageObject\",\"inLanguage\":\"es\",\"@id\":\"https:\\\/\\\/secure.gravatar.com\\\/avatar\\\/9137aac6891e2595c9d3036fd83bcb653b4db3c946db4c7d9b9be193c3c944bb?s=96&d=mm&r=g\",\"url\":\"https:\\\/\\\/secure.gravatar.com\\\/avatar\\\/9137aac6891e2595c9d3036fd83bcb653b4db3c946db4c7d9b9be193c3c944bb?s=96&d=mm&r=g\",\"contentUrl\":\"https:\\\/\\\/secure.gravatar.com\\\/avatar\\\/9137aac6891e2595c9d3036fd83bcb653b4db3c946db4c7d9b9be193c3c944bb?s=96&d=mm&r=g\",\"caption\":\"administrador\"},\"url\":\"https:\\\/\\\/mont-roig.cat\\\/es\\\/actualitat\\\/noticies\\\/author\\\/administrador\\\/\"}]}<\/script>\n<!-- \/ Yoast SEO plugin. -->","yoast_head_json":{"title":"Concierto de Santa Cec\u00edlia del Aula de M\u00fasica Bautista Nogu\u00e9s - Ajuntament de Mont-roig del Camp","robots":{"index":"index","follow":"follow","max-snippet":"max-snippet:-1","max-image-preview":"max-image-preview:large","max-video-preview":"max-video-preview:-1"},"canonical":"https:\/\/mont-roig.cat\/es\/actualitat\/noticies\/concert-de-santa-cecilia-de-laula-de-musica-baptista-nogues\/","og_locale":"es_ES","og_type":"article","og_title":"Concierto de Santa Cec\u00edlia del Aula de M\u00fasica Bautista Nogu\u00e9s - Ajuntament de Mont-roig del Camp","og_description":"El Aula de M\u00fasica Bautista Nogu\u00e9s, como cada a\u00f1o, celebr\u00f3 la festividad de Santa Cec\u00edlia (patrona de la m\u00fasica) con un concierto. Este a\u00f1o, el concierto se celebr\u00f3 en sesi\u00f3n matinal (a las 12h de la ma\u00f1ana) el s\u00e1bado 19 de noviembre, en el Teatro del Polivalente de Miami Platja. Participaron los conjuntos instrumentales de [&hellip;]","og_url":"https:\/\/mont-roig.cat\/es\/actualitat\/noticies\/concert-de-santa-cecilia-de-laula-de-musica-baptista-nogues\/","og_site_name":"Ajuntament de Mont-roig del Camp","article_published_time":"2016-12-07T10:16:00+00:00","article_modified_time":"2016-12-12T10:32:23+00:00","og_image":[{"width":1920,"height":1280,"url":"https:\/\/mont-roig.cat\/wp-content\/uploads\/santa-celicia-1.jpg","type":"image\/jpeg"}],"author":"administrador","twitter_card":"summary_large_image","twitter_misc":{"Escrito por":"administrador","Tiempo de lectura":"2 minutos"},"schema":{"@context":"https:\/\/schema.org","@graph":[{"@type":"Article","@id":"https:\/\/mont-roig.cat\/es\/actualitat\/noticies\/concert-de-santa-cecilia-de-laula-de-musica-baptista-nogues\/#article","isPartOf":{"@id":"https:\/\/mont-roig.cat\/es\/actualitat\/noticies\/concert-de-santa-cecilia-de-laula-de-musica-baptista-nogues\/"},"author":{"name":"administrador","@id":"https:\/\/mont-roig.cat\/es\/#\/schema\/person\/f2b111789f22b7d0c3bd6786c9128cba"},"headline":"Concierto de Santa Cec\u00edlia del Aula de M\u00fasica Bautista Nogu\u00e9s","datePublished":"2016-12-07T10:16:00+00:00","dateModified":"2016-12-12T10:32:23+00:00","mainEntityOfPage":{"@id":"https:\/\/mont-roig.cat\/es\/actualitat\/noticies\/concert-de-santa-cecilia-de-laula-de-musica-baptista-nogues\/"},"wordCount":354,"image":{"@id":"https:\/\/mont-roig.cat\/es\/actualitat\/noticies\/concert-de-santa-cecilia-de-laula-de-musica-baptista-nogues\/#primaryimage"},"thumbnailUrl":"https:\/\/mont-roig.cat\/wp-content\/uploads\/santa-celicia-1.jpg","articleSection":["Ayuntamiento","Cultura","General"],"inLanguage":"es"},{"@type":"WebPage","@id":"https:\/\/mont-roig.cat\/es\/actualitat\/noticies\/concert-de-santa-cecilia-de-laula-de-musica-baptista-nogues\/","url":"https:\/\/mont-roig.cat\/es\/actualitat\/noticies\/concert-de-santa-cecilia-de-laula-de-musica-baptista-nogues\/","name":"Concierto de Santa Cec\u00edlia del Aula de M\u00fasica Bautista Nogu\u00e9s - Ajuntament de Mont-roig del Camp","isPartOf":{"@id":"https:\/\/mont-roig.cat\/es\/#website"},"primaryImageOfPage":{"@id":"https:\/\/mont-roig.cat\/es\/actualitat\/noticies\/concert-de-santa-cecilia-de-laula-de-musica-baptista-nogues\/#primaryimage"},"image":{"@id":"https:\/\/mont-roig.cat\/es\/actualitat\/noticies\/concert-de-santa-cecilia-de-laula-de-musica-baptista-nogues\/#primaryimage"},"thumbnailUrl":"https:\/\/mont-roig.cat\/wp-content\/uploads\/santa-celicia-1.jpg","datePublished":"2016-12-07T10:16:00+00:00","dateModified":"2016-12-12T10:32:23+00:00","author":{"@id":"https:\/\/mont-roig.cat\/es\/#\/schema\/person\/f2b111789f22b7d0c3bd6786c9128cba"},"breadcrumb":{"@id":"https:\/\/mont-roig.cat\/es\/actualitat\/noticies\/concert-de-santa-cecilia-de-laula-de-musica-baptista-nogues\/#breadcrumb"},"inLanguage":"es","potentialAction":[{"@type":"ReadAction","target":["https:\/\/mont-roig.cat\/es\/actualitat\/noticies\/concert-de-santa-cecilia-de-laula-de-musica-baptista-nogues\/"]}]},{"@type":"ImageObject","inLanguage":"es","@id":"https:\/\/mont-roig.cat\/es\/actualitat\/noticies\/concert-de-santa-cecilia-de-laula-de-musica-baptista-nogues\/#primaryimage","url":"https:\/\/mont-roig.cat\/wp-content\/uploads\/santa-celicia-1.jpg","contentUrl":"https:\/\/mont-roig.cat\/wp-content\/uploads\/santa-celicia-1.jpg","width":1920,"height":1280},{"@type":"BreadcrumbList","@id":"https:\/\/mont-roig.cat\/es\/actualitat\/noticies\/concert-de-santa-cecilia-de-laula-de-musica-baptista-nogues\/#breadcrumb","itemListElement":[{"@type":"ListItem","position":1,"name":"Inici","item":"https:\/\/mont-roig.cat\/es\/pagina-de-inicio\/"},{"@type":"ListItem","position":2,"name":"Concierto de Santa Cec\u00edlia del Aula de M\u00fasica Bautista Nogu\u00e9s"}]},{"@type":"WebSite","@id":"https:\/\/mont-roig.cat\/es\/#website","url":"https:\/\/mont-roig.cat\/es\/","name":"Ajuntament de Mont-roig del Camp","description":"Tota la informaci\u00f3 sobre la instituci\u00f3, els seus \u00f2rgans de govern, actualitat, serveis i molt m\u00e9s.","potentialAction":[{"@type":"SearchAction","target":{"@type":"EntryPoint","urlTemplate":"https:\/\/mont-roig.cat\/es\/?s={search_term_string}"},"query-input":{"@type":"PropertyValueSpecification","valueRequired":true,"valueName":"search_term_string"}}],"inLanguage":"es"},{"@type":"Person","@id":"https:\/\/mont-roig.cat\/es\/#\/schema\/person\/f2b111789f22b7d0c3bd6786c9128cba","name":"administrador","image":{"@type":"ImageObject","inLanguage":"es","@id":"https:\/\/secure.gravatar.com\/avatar\/9137aac6891e2595c9d3036fd83bcb653b4db3c946db4c7d9b9be193c3c944bb?s=96&d=mm&r=g","url":"https:\/\/secure.gravatar.com\/avatar\/9137aac6891e2595c9d3036fd83bcb653b4db3c946db4c7d9b9be193c3c944bb?s=96&d=mm&r=g","contentUrl":"https:\/\/secure.gravatar.com\/avatar\/9137aac6891e2595c9d3036fd83bcb653b4db3c946db4c7d9b9be193c3c944bb?s=96&d=mm&r=g","caption":"administrador"},"url":"https:\/\/mont-roig.cat\/es\/actualitat\/noticies\/author\/administrador\/"}]}},"_links":{"self":[{"href":"https:\/\/mont-roig.cat\/es\/wp-json\/wp\/v2\/posts\/13965","targetHints":{"allow":["GET"]}}],"collection":[{"href":"https:\/\/mont-roig.cat\/es\/wp-json\/wp\/v2\/posts"}],"about":[{"href":"https:\/\/mont-roig.cat\/es\/wp-json\/wp\/v2\/types\/post"}],"author":[{"embeddable":true,"href":"https:\/\/mont-roig.cat\/es\/wp-json\/wp\/v2\/users\/4"}],"replies":[{"embeddable":true,"href":"https:\/\/mont-roig.cat\/es\/wp-json\/wp\/v2\/comments?post=13965"}],"version-history":[{"count":0,"href":"https:\/\/mont-roig.cat\/es\/wp-json\/wp\/v2\/posts\/13965\/revisions"}],"wp:featuredmedia":[{"embeddable":true,"href":"https:\/\/mont-roig.cat\/es\/wp-json\/wp\/v2\/media\/13921"}],"wp:attachment":[{"href":"https:\/\/mont-roig.cat\/es\/wp-json\/wp\/v2\/media?parent=13965"}],"wp:term":[{"taxonomy":"category","embeddable":true,"href":"https:\/\/mont-roig.cat\/es\/wp-json\/wp\/v2\/categories?post=13965"},{"taxonomy":"post_tag","embeddable":true,"href":"https:\/\/mont-roig.cat\/es\/wp-json\/wp\/v2\/tags?post=13965"}],"curies":[{"name":"wp","href":"https:\/\/api.w.org\/{rel}","templated":true}]}}