{"id":14011,"date":"2016-12-13T13:27:15","date_gmt":"2016-12-13T12:27:15","guid":{"rendered":"http:\/\/mont-roig.cat\/actualitat\/noticies\/alumnes-de-primaria-de-lescola-joan-miro-visiten-les-oficines-municipals-de-lajuntament-de-mont-roig-del-camp\/"},"modified":"2016-12-13T13:41:06","modified_gmt":"2016-12-13T12:41:06","slug":"alumnes-de-primaria-de-lescola-joan-miro-visiten-les-oficines-municipals-de-lajuntament-de-mont-roig-del-camp","status":"publish","type":"post","link":"https:\/\/mont-roig.cat\/es\/actualitat\/noticies\/alumnes-de-primaria-de-lescola-joan-miro-visiten-les-oficines-municipals-de-lajuntament-de-mont-roig-del-camp\/","title":{"rendered":"Alumnos de primaria de la Escuela Joan Mir\u00f3 visitan las oficinas municipales del Ayuntamiento de Mont-roig del Camp"},"content":{"rendered":"<div id=\"attachment_14002\" style=\"width: 313px\" class=\"wp-caption alignright\"><a href=\"http:\/\/mont-roig.cat\/wp-content\/uploads\/DSCN9550.jpg\"><img loading=\"lazy\" decoding=\"async\" aria-describedby=\"caption-attachment-14002\" class=\"wp-image-14002 \" src=\"http:\/\/mont-roig.cat\/wp-content\/uploads\/DSCN9550-500x375.jpg\" width=\"303\" height=\"227\" srcset=\"https:\/\/mont-roig.cat\/wp-content\/uploads\/DSCN9550-500x375.jpg 500w, https:\/\/mont-roig.cat\/wp-content\/uploads\/DSCN9550-768x576.jpg 768w, https:\/\/mont-roig.cat\/wp-content\/uploads\/DSCN9550-1024x768.jpg 1024w, https:\/\/mont-roig.cat\/wp-content\/uploads\/DSCN9550-463x348.jpg 463w, https:\/\/mont-roig.cat\/wp-content\/uploads\/DSCN9550.jpg 1920w\" sizes=\"auto, (max-width: 303px) 100vw, 303px\" title=\"\" alt=\"\" \/><\/a><p id=\"caption-attachment-14002\" class=\"wp-caption-text\">Los\u00a0alumnos han podido hacer preguntas al Alcalde durante su\u00a0visita a las oficinas municipales.<\/p><\/div>\n<ul>\n<li><strong>Los ha recibido el alcalde del municipio, Fran Morancho, y el concejal de Educaci\u00f3n, Enrique L\u00f3pez.<\/strong><\/li>\n<\/ul>\n<p>Un grupo de 35 alumnos de cuarto curso de la Escuela Joan Mir\u00f3 de Miami Platja han visitado esta ma\u00f1ana las oficinas municipales del Ayuntamiento de Mont-roig del Camp. El alcalde, Fran Morancho, y el concejal de Educaci\u00f3n, Enrique L\u00f3pez, los han recibido y les han invitado a conocer el personal t\u00e9cnico y administrativo que trabaja en el consistorio.<\/p>\n<p>La visita forma parte de las actividades curriculares de los alumnos de cuarto de primaria de este centro educativo que est\u00e1n estudiando el funcionamiento de las administraciones locales.<\/p>\n\n\t\t<!-- MasterSlider -->\n\t\t<div id=\"P_MS69f234f20d16b\" class=\"master-slider-parent master-slider-gallery   ms-parent-id-0\"  >\n\n\t\t\t\n\t\t\t<!-- MasterSlider Main -->\n\t\t\t<div id=\"MS69f234f20d16b\" class=\"master-slider ms-skin-default\" >\n\t\t\t\t \t\t\t\t \n\t\t\t<div  class=\"ms-slide\" data-delay=\"3\"    >\n\t\t\t\t\t<img decoding=\"async\" src=\"https:\/\/mont-roig.cat\/wp-content\/plugins\/masterslider\/public\/assets\/css\/blank.gif\" alt=\"DSCN9528\" title=\"DSCN9528\" data-src=\"https:\/\/mont-roig.cat\/wp-content\/uploadsArray\" \/>\n\t<a href=\"https:\/\/mont-roig.cat\/es\/actualitat\/noticies\/alumnes-primaria-lescola-joan-miro-visiten-oficines-municipals-lajuntament-mont-roig-camp\/dscn9528\/\" target=\"_self\"    >DSCN9528<\/a>\n\n\t\t\t\t\t<div class=\"ms-info\">DSCN9528<\/div>\n\n\n\t<img decoding=\"async\" class=\"ms-thumb\" src=\"https:\/\/mont-roig.cat\/wp-content\/uploadsArray\" alt=\"DSCN9528\" \/>\n\t\t\t\t<\/div>\n\t\t\t<div  class=\"ms-slide\" data-delay=\"3\"    >\n\t\t\t\t\t<img decoding=\"async\" src=\"https:\/\/mont-roig.cat\/wp-content\/plugins\/masterslider\/public\/assets\/css\/blank.gif\" alt=\"DSCN9532\" title=\"DSCN9532\" data-src=\"https:\/\/mont-roig.cat\/wp-content\/uploadsArray\" \/>\n\t<a href=\"https:\/\/mont-roig.cat\/es\/actualitat\/noticies\/alumnes-primaria-lescola-joan-miro-visiten-oficines-municipals-lajuntament-mont-roig-camp\/dscn9532\/\" target=\"_self\"    >DSCN9532<\/a>\n\n\t\t\t\t\t<div class=\"ms-info\">DSCN9532<\/div>\n\n\n\t<img decoding=\"async\" class=\"ms-thumb\" src=\"https:\/\/mont-roig.cat\/wp-content\/uploadsArray\" alt=\"DSCN9532\" \/>\n\t\t\t\t<\/div>\n\t\t\t<div  class=\"ms-slide\" data-delay=\"3\"    >\n\t\t\t\t\t<img decoding=\"async\" src=\"https:\/\/mont-roig.cat\/wp-content\/plugins\/masterslider\/public\/assets\/css\/blank.gif\" alt=\"DSCN9536\" title=\"DSCN9536\" data-src=\"https:\/\/mont-roig.cat\/wp-content\/uploadsArray\" \/>\n\t<a href=\"https:\/\/mont-roig.cat\/es\/actualitat\/noticies\/alumnes-primaria-lescola-joan-miro-visiten-oficines-municipals-lajuntament-mont-roig-camp\/dscn9536\/\" target=\"_self\"    >DSCN9536<\/a>\n\n\t\t\t\t\t<div class=\"ms-info\">DSCN9536<\/div>\n\n\n\t<img decoding=\"async\" class=\"ms-thumb\" src=\"https:\/\/mont-roig.cat\/wp-content\/uploadsArray\" alt=\"DSCN9536\" \/>\n\t\t\t\t<\/div>\n\t\t\t<div  class=\"ms-slide\" data-delay=\"3\"    >\n\t\t\t\t\t<img decoding=\"async\" src=\"https:\/\/mont-roig.cat\/wp-content\/plugins\/masterslider\/public\/assets\/css\/blank.gif\" alt=\"DSCN9553\" title=\"DSCN9553\" data-src=\"https:\/\/mont-roig.cat\/wp-content\/uploadsArray\" \/>\n\t<a href=\"https:\/\/mont-roig.cat\/es\/actualitat\/noticies\/alumnes-primaria-lescola-joan-miro-visiten-oficines-municipals-lajuntament-mont-roig-camp\/dscn9553\/\" target=\"_self\"    >DSCN9553<\/a>\n\n\t\t\t\t\t<div class=\"ms-info\">DSCN9553<\/div>\n\n\n\t<img decoding=\"async\" class=\"ms-thumb\" src=\"https:\/\/mont-roig.cat\/wp-content\/uploadsArray\" alt=\"DSCN9553\" \/>\n\t\t\t\t<\/div>\n\t\t\t<div  class=\"ms-slide\" data-delay=\"3\"    >\n\t\t\t\t\t<img decoding=\"async\" src=\"https:\/\/mont-roig.cat\/wp-content\/plugins\/masterslider\/public\/assets\/css\/blank.gif\" alt=\"DSCN9554\" title=\"DSCN9554\" data-src=\"https:\/\/mont-roig.cat\/wp-content\/uploadsArray\" \/>\n\t<a href=\"https:\/\/mont-roig.cat\/es\/actualitat\/noticies\/alumnes-primaria-lescola-joan-miro-visiten-oficines-municipals-lajuntament-mont-roig-camp\/dscn9554\/\" target=\"_self\"    >DSCN9554<\/a>\n\n\t\t\t\t\t<div class=\"ms-info\">DSCN9554<\/div>\n\n\n\t<img decoding=\"async\" class=\"ms-thumb\" src=\"https:\/\/mont-roig.cat\/wp-content\/uploadsArray\" alt=\"DSCN9554\" \/>\n\t\t\t\t<\/div>\n\n\t\t\t<\/div>\n\t\t\t<!-- END MasterSlider Main -->\n\n\t\t\t \n\t\t<\/div>\n\t\t<!-- END MasterSlider -->\n\n\t\t<script>\n\t\t( window.MSReady = window.MSReady || [] ).push( function( $ ) {\n\n\t\t\t\"use strict\";\n\t\t\tvar masterslider_d16b = new MasterSlider();\n\n\t\t\t\/\/ slider controls\n\t\t\tmasterslider_d16b.control('arrows'     ,{ autohide:true, overVideo:true  });\n\t\t\tmasterslider_d16b.control('thumblist'  ,{ autohide:false, overVideo:true, dir:'h', speed:17, inset:false, arrows:false, hover:false, customClass:'', align:'bottom',type:'thumbs', margin:2, width:140, height:80, space:2, fillMode:'fill'  });\n\t\t\tmasterslider_d16b.control('slideinfo'  ,{ autohide:true, overVideo:true, dir:'h', align:'bottom',inset:true , margin:80  , size:30 });\n\t\t\t\/\/ slider setup\n\t\t\tmasterslider_d16b.setup(\"MS69f234f20d16b\", {\n\t\t\t\twidth           : 960,\n\t\t\t\theight          : 540,\n\t\t\t\tminHeight       : 0,\n\t\t\t\tspace           : 0,\n\t\t\t\tstart           : 1,\n\t\t\t\tgrabCursor      : true,\n\t\t\t\tswipe           : true,\n\t\t\t\tmouse           : true,\n\t\t\t\tkeyboard        : false,\n\t\t\t\tlayout          : \"fillwidth\",\n\t\t\t\twheel           : false,\n\t\t\t\tautoplay        : false,\n                instantStartLayers:false,\n\t\t\t\tmobileBGVideo:false,\n\t\t\t\tloop            : false,\n\t\t\t\tshuffle         : false,\n\t\t\t\tpreload         : 3,\n\t\t\t\theightLimit     : false,\n\t\t\t\tautoHeight      : false,\n\t\t\t\tsmoothHeight    : true,\n\t\t\t\tendPause        : false,\n\t\t\t\toverPause       : false,\n\t\t\t\tfillMode        : \"fill\",\n\t\t\t\tcenterControls  : true,\n\t\t\t\tstartOnAppear   : false,\n\t\t\t\tlayersMode      : \"center\",\n\t\t\t\tautofillTarget  : \"\",\n\t\t\t\thideLayers      : false,\n\t\t\t\tfullscreenMargin: 0,\n\t\t\t\tspeed           : 17,\n\t\t\t\tdir             : \"h\",\n\t\t\t\tparallaxMode    : 'swipe',\n\t\t\t\tview            : \"basic\"\n\t\t\t});\n\n\t\t\t\n\t\t\twindow.masterslider_instances = window.masterslider_instances || [];\n\t\t\twindow.masterslider_instances.push( masterslider_d16b );\n\t\t});\n\t\t<\/script>\n\n\n<p>&nbsp;<\/p>\n<p>Los ni\u00f1os y ni\u00f1as han podido ver c\u00f3mo se organiza internamente el Ayuntamiento de Mont-roig del Camp y cu\u00e1les son las tareas que se realizan en los diversos departamentos. As\u00ed pues, los alumnos han visitado la OMAC, la oficina de comunicaci\u00f3n y Pla de Barris, promoci\u00f3n econ\u00f3mica, entre otros, y los mismos trabajadores municipales les han explicado cu\u00e1l es su trabajo. La visita ha finalizado en el despacho de alcald\u00eda y en la sala de juntas donde los alumnos han podido hacer preguntas al Alcalde y repasar todo lo aprendido durante el recorrido. Fran Morancho les ha hecho entrega de un pin con el escudo del municipio y un diploma de recuerdo de la visita.<\/p>\n<p>&nbsp;<\/p>\n","protected":false},"excerpt":{"rendered":"<p>Los ha recibido el alcalde del municipio, Fran Morancho, y el concejal de Educaci\u00f3n, Enrique L\u00f3pez. Un grupo de 35 alumnos de cuarto curso de la Escuela Joan Mir\u00f3 de Miami Platja han visitado esta ma\u00f1ana las oficinas municipales del Ayuntamiento de Mont-roig del Camp. El alcalde, Fran Morancho, y el concejal de Educaci\u00f3n, Enrique [&hellip;]<\/p>\n","protected":false},"author":4,"featured_media":14002,"comment_status":"closed","ping_status":"closed","sticky":false,"template":"","format":"standard","meta":{"inline_featured_image":false,"_monsterinsights_skip_tracking":false,"_monsterinsights_sitenote_active":false,"_monsterinsights_sitenote_note":"","_monsterinsights_sitenote_category":0,"footnotes":""},"categories":[98,103],"tags":[],"class_list":["post-14011","post","type-post","status-publish","format-standard","has-post-thumbnail","hentry","category-ayuntamiento","category-educacion"],"yoast_head":"<!-- This site is optimized with the Yoast SEO plugin v27.4 - https:\/\/yoast.com\/product\/yoast-seo-wordpress\/ -->\n<title>Alumnos de primaria de la Escuela Joan Mir\u00f3 visitan las oficinas municipales del Ayuntamiento de Mont-roig del Camp - Ajuntament de Mont-roig del Camp<\/title>\n<meta name=\"robots\" content=\"index, follow, max-snippet:-1, max-image-preview:large, max-video-preview:-1\" \/>\n<link rel=\"canonical\" href=\"https:\/\/mont-roig.cat\/es\/actualitat\/noticies\/alumnes-de-primaria-de-lescola-joan-miro-visiten-les-oficines-municipals-de-lajuntament-de-mont-roig-del-camp\/\" \/>\n<meta property=\"og:locale\" content=\"es_ES\" \/>\n<meta property=\"og:type\" content=\"article\" \/>\n<meta property=\"og:title\" content=\"Alumnos de primaria de la Escuela Joan Mir\u00f3 visitan las oficinas municipales del Ayuntamiento de Mont-roig del Camp - Ajuntament de Mont-roig del Camp\" \/>\n<meta property=\"og:description\" content=\"Los ha recibido el alcalde del municipio, Fran Morancho, y el concejal de Educaci\u00f3n, Enrique L\u00f3pez. Un grupo de 35 alumnos de cuarto curso de la Escuela Joan Mir\u00f3 de Miami Platja han visitado esta ma\u00f1ana las oficinas municipales del Ayuntamiento de Mont-roig del Camp. El alcalde, Fran Morancho, y el concejal de Educaci\u00f3n, Enrique [&hellip;]\" \/>\n<meta property=\"og:url\" content=\"https:\/\/mont-roig.cat\/es\/actualitat\/noticies\/alumnes-de-primaria-de-lescola-joan-miro-visiten-les-oficines-municipals-de-lajuntament-de-mont-roig-del-camp\/\" \/>\n<meta property=\"og:site_name\" content=\"Ajuntament de Mont-roig del Camp\" \/>\n<meta property=\"article:published_time\" content=\"2016-12-13T12:27:15+00:00\" \/>\n<meta property=\"article:modified_time\" content=\"2016-12-13T12:41:06+00:00\" \/>\n<meta property=\"og:image\" content=\"https:\/\/mont-roig.cat\/wp-content\/uploads\/DSCN9550.jpg\" \/>\n\t<meta property=\"og:image:width\" content=\"1920\" \/>\n\t<meta property=\"og:image:height\" content=\"1440\" \/>\n\t<meta property=\"og:image:type\" content=\"image\/jpeg\" \/>\n<meta name=\"author\" content=\"administrador\" \/>\n<meta name=\"twitter:card\" content=\"summary_large_image\" \/>\n<meta name=\"twitter:label1\" content=\"Escrito por\" \/>\n\t<meta name=\"twitter:data1\" content=\"administrador\" \/>\n\t<meta name=\"twitter:label2\" content=\"Tiempo de lectura\" \/>\n\t<meta name=\"twitter:data2\" content=\"1 minuto\" \/>\n<script type=\"application\/ld+json\" class=\"yoast-schema-graph\">{\"@context\":\"https:\\\/\\\/schema.org\",\"@graph\":[{\"@type\":\"Article\",\"@id\":\"https:\\\/\\\/mont-roig.cat\\\/es\\\/actualitat\\\/noticies\\\/alumnes-de-primaria-de-lescola-joan-miro-visiten-les-oficines-municipals-de-lajuntament-de-mont-roig-del-camp\\\/#article\",\"isPartOf\":{\"@id\":\"https:\\\/\\\/mont-roig.cat\\\/es\\\/actualitat\\\/noticies\\\/alumnes-de-primaria-de-lescola-joan-miro-visiten-les-oficines-municipals-de-lajuntament-de-mont-roig-del-camp\\\/\"},\"author\":{\"name\":\"administrador\",\"@id\":\"https:\\\/\\\/mont-roig.cat\\\/es\\\/#\\\/schema\\\/person\\\/f2b111789f22b7d0c3bd6786c9128cba\"},\"headline\":\"Alumnos de primaria de la Escuela Joan Mir\u00f3 visitan las oficinas municipales del Ayuntamiento de Mont-roig del Camp\",\"datePublished\":\"2016-12-13T12:27:15+00:00\",\"dateModified\":\"2016-12-13T12:41:06+00:00\",\"mainEntityOfPage\":{\"@id\":\"https:\\\/\\\/mont-roig.cat\\\/es\\\/actualitat\\\/noticies\\\/alumnes-de-primaria-de-lescola-joan-miro-visiten-les-oficines-municipals-de-lajuntament-de-mont-roig-del-camp\\\/\"},\"wordCount\":279,\"image\":{\"@id\":\"https:\\\/\\\/mont-roig.cat\\\/es\\\/actualitat\\\/noticies\\\/alumnes-de-primaria-de-lescola-joan-miro-visiten-les-oficines-municipals-de-lajuntament-de-mont-roig-del-camp\\\/#primaryimage\"},\"thumbnailUrl\":\"https:\\\/\\\/mont-roig.cat\\\/wp-content\\\/uploads\\\/DSCN9550.jpg\",\"articleSection\":[\"Ayuntamiento\",\"Educaci\u00f3n\"],\"inLanguage\":\"es\"},{\"@type\":\"WebPage\",\"@id\":\"https:\\\/\\\/mont-roig.cat\\\/es\\\/actualitat\\\/noticies\\\/alumnes-de-primaria-de-lescola-joan-miro-visiten-les-oficines-municipals-de-lajuntament-de-mont-roig-del-camp\\\/\",\"url\":\"https:\\\/\\\/mont-roig.cat\\\/es\\\/actualitat\\\/noticies\\\/alumnes-de-primaria-de-lescola-joan-miro-visiten-les-oficines-municipals-de-lajuntament-de-mont-roig-del-camp\\\/\",\"name\":\"Alumnos de primaria de la Escuela Joan Mir\u00f3 visitan las oficinas municipales del Ayuntamiento de Mont-roig del Camp - Ajuntament de Mont-roig del Camp\",\"isPartOf\":{\"@id\":\"https:\\\/\\\/mont-roig.cat\\\/es\\\/#website\"},\"primaryImageOfPage\":{\"@id\":\"https:\\\/\\\/mont-roig.cat\\\/es\\\/actualitat\\\/noticies\\\/alumnes-de-primaria-de-lescola-joan-miro-visiten-les-oficines-municipals-de-lajuntament-de-mont-roig-del-camp\\\/#primaryimage\"},\"image\":{\"@id\":\"https:\\\/\\\/mont-roig.cat\\\/es\\\/actualitat\\\/noticies\\\/alumnes-de-primaria-de-lescola-joan-miro-visiten-les-oficines-municipals-de-lajuntament-de-mont-roig-del-camp\\\/#primaryimage\"},\"thumbnailUrl\":\"https:\\\/\\\/mont-roig.cat\\\/wp-content\\\/uploads\\\/DSCN9550.jpg\",\"datePublished\":\"2016-12-13T12:27:15+00:00\",\"dateModified\":\"2016-12-13T12:41:06+00:00\",\"author\":{\"@id\":\"https:\\\/\\\/mont-roig.cat\\\/es\\\/#\\\/schema\\\/person\\\/f2b111789f22b7d0c3bd6786c9128cba\"},\"breadcrumb\":{\"@id\":\"https:\\\/\\\/mont-roig.cat\\\/es\\\/actualitat\\\/noticies\\\/alumnes-de-primaria-de-lescola-joan-miro-visiten-les-oficines-municipals-de-lajuntament-de-mont-roig-del-camp\\\/#breadcrumb\"},\"inLanguage\":\"es\",\"potentialAction\":[{\"@type\":\"ReadAction\",\"target\":[\"https:\\\/\\\/mont-roig.cat\\\/es\\\/actualitat\\\/noticies\\\/alumnes-de-primaria-de-lescola-joan-miro-visiten-les-oficines-municipals-de-lajuntament-de-mont-roig-del-camp\\\/\"]}]},{\"@type\":\"ImageObject\",\"inLanguage\":\"es\",\"@id\":\"https:\\\/\\\/mont-roig.cat\\\/es\\\/actualitat\\\/noticies\\\/alumnes-de-primaria-de-lescola-joan-miro-visiten-les-oficines-municipals-de-lajuntament-de-mont-roig-del-camp\\\/#primaryimage\",\"url\":\"https:\\\/\\\/mont-roig.cat\\\/wp-content\\\/uploads\\\/DSCN9550.jpg\",\"contentUrl\":\"https:\\\/\\\/mont-roig.cat\\\/wp-content\\\/uploads\\\/DSCN9550.jpg\",\"width\":1920,\"height\":1440},{\"@type\":\"BreadcrumbList\",\"@id\":\"https:\\\/\\\/mont-roig.cat\\\/es\\\/actualitat\\\/noticies\\\/alumnes-de-primaria-de-lescola-joan-miro-visiten-les-oficines-municipals-de-lajuntament-de-mont-roig-del-camp\\\/#breadcrumb\",\"itemListElement\":[{\"@type\":\"ListItem\",\"position\":1,\"name\":\"Inici\",\"item\":\"https:\\\/\\\/mont-roig.cat\\\/es\\\/pagina-de-inicio\\\/\"},{\"@type\":\"ListItem\",\"position\":2,\"name\":\"Alumnos de primaria de la Escuela Joan Mir\u00f3 visitan las oficinas municipales del Ayuntamiento de Mont-roig del Camp\"}]},{\"@type\":\"WebSite\",\"@id\":\"https:\\\/\\\/mont-roig.cat\\\/es\\\/#website\",\"url\":\"https:\\\/\\\/mont-roig.cat\\\/es\\\/\",\"name\":\"Ajuntament de Mont-roig del Camp\",\"description\":\"Tota la informaci\u00f3 sobre la instituci\u00f3, els seus \u00f2rgans de govern, actualitat, serveis i molt m\u00e9s.\",\"potentialAction\":[{\"@type\":\"SearchAction\",\"target\":{\"@type\":\"EntryPoint\",\"urlTemplate\":\"https:\\\/\\\/mont-roig.cat\\\/es\\\/?s={search_term_string}\"},\"query-input\":{\"@type\":\"PropertyValueSpecification\",\"valueRequired\":true,\"valueName\":\"search_term_string\"}}],\"inLanguage\":\"es\"},{\"@type\":\"Person\",\"@id\":\"https:\\\/\\\/mont-roig.cat\\\/es\\\/#\\\/schema\\\/person\\\/f2b111789f22b7d0c3bd6786c9128cba\",\"name\":\"administrador\",\"image\":{\"@type\":\"ImageObject\",\"inLanguage\":\"es\",\"@id\":\"https:\\\/\\\/secure.gravatar.com\\\/avatar\\\/9137aac6891e2595c9d3036fd83bcb653b4db3c946db4c7d9b9be193c3c944bb?s=96&d=mm&r=g\",\"url\":\"https:\\\/\\\/secure.gravatar.com\\\/avatar\\\/9137aac6891e2595c9d3036fd83bcb653b4db3c946db4c7d9b9be193c3c944bb?s=96&d=mm&r=g\",\"contentUrl\":\"https:\\\/\\\/secure.gravatar.com\\\/avatar\\\/9137aac6891e2595c9d3036fd83bcb653b4db3c946db4c7d9b9be193c3c944bb?s=96&d=mm&r=g\",\"caption\":\"administrador\"},\"url\":\"https:\\\/\\\/mont-roig.cat\\\/es\\\/actualitat\\\/noticies\\\/author\\\/administrador\\\/\"}]}<\/script>\n<!-- \/ Yoast SEO plugin. -->","yoast_head_json":{"title":"Alumnos de primaria de la Escuela Joan Mir\u00f3 visitan las oficinas municipales del Ayuntamiento de Mont-roig del Camp - Ajuntament de Mont-roig del Camp","robots":{"index":"index","follow":"follow","max-snippet":"max-snippet:-1","max-image-preview":"max-image-preview:large","max-video-preview":"max-video-preview:-1"},"canonical":"https:\/\/mont-roig.cat\/es\/actualitat\/noticies\/alumnes-de-primaria-de-lescola-joan-miro-visiten-les-oficines-municipals-de-lajuntament-de-mont-roig-del-camp\/","og_locale":"es_ES","og_type":"article","og_title":"Alumnos de primaria de la Escuela Joan Mir\u00f3 visitan las oficinas municipales del Ayuntamiento de Mont-roig del Camp - Ajuntament de Mont-roig del Camp","og_description":"Los ha recibido el alcalde del municipio, Fran Morancho, y el concejal de Educaci\u00f3n, Enrique L\u00f3pez. Un grupo de 35 alumnos de cuarto curso de la Escuela Joan Mir\u00f3 de Miami Platja han visitado esta ma\u00f1ana las oficinas municipales del Ayuntamiento de Mont-roig del Camp. El alcalde, Fran Morancho, y el concejal de Educaci\u00f3n, Enrique [&hellip;]","og_url":"https:\/\/mont-roig.cat\/es\/actualitat\/noticies\/alumnes-de-primaria-de-lescola-joan-miro-visiten-les-oficines-municipals-de-lajuntament-de-mont-roig-del-camp\/","og_site_name":"Ajuntament de Mont-roig del Camp","article_published_time":"2016-12-13T12:27:15+00:00","article_modified_time":"2016-12-13T12:41:06+00:00","og_image":[{"width":1920,"height":1440,"url":"https:\/\/mont-roig.cat\/wp-content\/uploads\/DSCN9550.jpg","type":"image\/jpeg"}],"author":"administrador","twitter_card":"summary_large_image","twitter_misc":{"Escrito por":"administrador","Tiempo de lectura":"1 minuto"},"schema":{"@context":"https:\/\/schema.org","@graph":[{"@type":"Article","@id":"https:\/\/mont-roig.cat\/es\/actualitat\/noticies\/alumnes-de-primaria-de-lescola-joan-miro-visiten-les-oficines-municipals-de-lajuntament-de-mont-roig-del-camp\/#article","isPartOf":{"@id":"https:\/\/mont-roig.cat\/es\/actualitat\/noticies\/alumnes-de-primaria-de-lescola-joan-miro-visiten-les-oficines-municipals-de-lajuntament-de-mont-roig-del-camp\/"},"author":{"name":"administrador","@id":"https:\/\/mont-roig.cat\/es\/#\/schema\/person\/f2b111789f22b7d0c3bd6786c9128cba"},"headline":"Alumnos de primaria de la Escuela Joan Mir\u00f3 visitan las oficinas municipales del Ayuntamiento de Mont-roig del Camp","datePublished":"2016-12-13T12:27:15+00:00","dateModified":"2016-12-13T12:41:06+00:00","mainEntityOfPage":{"@id":"https:\/\/mont-roig.cat\/es\/actualitat\/noticies\/alumnes-de-primaria-de-lescola-joan-miro-visiten-les-oficines-municipals-de-lajuntament-de-mont-roig-del-camp\/"},"wordCount":279,"image":{"@id":"https:\/\/mont-roig.cat\/es\/actualitat\/noticies\/alumnes-de-primaria-de-lescola-joan-miro-visiten-les-oficines-municipals-de-lajuntament-de-mont-roig-del-camp\/#primaryimage"},"thumbnailUrl":"https:\/\/mont-roig.cat\/wp-content\/uploads\/DSCN9550.jpg","articleSection":["Ayuntamiento","Educaci\u00f3n"],"inLanguage":"es"},{"@type":"WebPage","@id":"https:\/\/mont-roig.cat\/es\/actualitat\/noticies\/alumnes-de-primaria-de-lescola-joan-miro-visiten-les-oficines-municipals-de-lajuntament-de-mont-roig-del-camp\/","url":"https:\/\/mont-roig.cat\/es\/actualitat\/noticies\/alumnes-de-primaria-de-lescola-joan-miro-visiten-les-oficines-municipals-de-lajuntament-de-mont-roig-del-camp\/","name":"Alumnos de primaria de la Escuela Joan Mir\u00f3 visitan las oficinas municipales del Ayuntamiento de Mont-roig del Camp - Ajuntament de Mont-roig del Camp","isPartOf":{"@id":"https:\/\/mont-roig.cat\/es\/#website"},"primaryImageOfPage":{"@id":"https:\/\/mont-roig.cat\/es\/actualitat\/noticies\/alumnes-de-primaria-de-lescola-joan-miro-visiten-les-oficines-municipals-de-lajuntament-de-mont-roig-del-camp\/#primaryimage"},"image":{"@id":"https:\/\/mont-roig.cat\/es\/actualitat\/noticies\/alumnes-de-primaria-de-lescola-joan-miro-visiten-les-oficines-municipals-de-lajuntament-de-mont-roig-del-camp\/#primaryimage"},"thumbnailUrl":"https:\/\/mont-roig.cat\/wp-content\/uploads\/DSCN9550.jpg","datePublished":"2016-12-13T12:27:15+00:00","dateModified":"2016-12-13T12:41:06+00:00","author":{"@id":"https:\/\/mont-roig.cat\/es\/#\/schema\/person\/f2b111789f22b7d0c3bd6786c9128cba"},"breadcrumb":{"@id":"https:\/\/mont-roig.cat\/es\/actualitat\/noticies\/alumnes-de-primaria-de-lescola-joan-miro-visiten-les-oficines-municipals-de-lajuntament-de-mont-roig-del-camp\/#breadcrumb"},"inLanguage":"es","potentialAction":[{"@type":"ReadAction","target":["https:\/\/mont-roig.cat\/es\/actualitat\/noticies\/alumnes-de-primaria-de-lescola-joan-miro-visiten-les-oficines-municipals-de-lajuntament-de-mont-roig-del-camp\/"]}]},{"@type":"ImageObject","inLanguage":"es","@id":"https:\/\/mont-roig.cat\/es\/actualitat\/noticies\/alumnes-de-primaria-de-lescola-joan-miro-visiten-les-oficines-municipals-de-lajuntament-de-mont-roig-del-camp\/#primaryimage","url":"https:\/\/mont-roig.cat\/wp-content\/uploads\/DSCN9550.jpg","contentUrl":"https:\/\/mont-roig.cat\/wp-content\/uploads\/DSCN9550.jpg","width":1920,"height":1440},{"@type":"BreadcrumbList","@id":"https:\/\/mont-roig.cat\/es\/actualitat\/noticies\/alumnes-de-primaria-de-lescola-joan-miro-visiten-les-oficines-municipals-de-lajuntament-de-mont-roig-del-camp\/#breadcrumb","itemListElement":[{"@type":"ListItem","position":1,"name":"Inici","item":"https:\/\/mont-roig.cat\/es\/pagina-de-inicio\/"},{"@type":"ListItem","position":2,"name":"Alumnos de primaria de la Escuela Joan Mir\u00f3 visitan las oficinas municipales del Ayuntamiento de Mont-roig del Camp"}]},{"@type":"WebSite","@id":"https:\/\/mont-roig.cat\/es\/#website","url":"https:\/\/mont-roig.cat\/es\/","name":"Ajuntament de Mont-roig del Camp","description":"Tota la informaci\u00f3 sobre la instituci\u00f3, els seus \u00f2rgans de govern, actualitat, serveis i molt m\u00e9s.","potentialAction":[{"@type":"SearchAction","target":{"@type":"EntryPoint","urlTemplate":"https:\/\/mont-roig.cat\/es\/?s={search_term_string}"},"query-input":{"@type":"PropertyValueSpecification","valueRequired":true,"valueName":"search_term_string"}}],"inLanguage":"es"},{"@type":"Person","@id":"https:\/\/mont-roig.cat\/es\/#\/schema\/person\/f2b111789f22b7d0c3bd6786c9128cba","name":"administrador","image":{"@type":"ImageObject","inLanguage":"es","@id":"https:\/\/secure.gravatar.com\/avatar\/9137aac6891e2595c9d3036fd83bcb653b4db3c946db4c7d9b9be193c3c944bb?s=96&d=mm&r=g","url":"https:\/\/secure.gravatar.com\/avatar\/9137aac6891e2595c9d3036fd83bcb653b4db3c946db4c7d9b9be193c3c944bb?s=96&d=mm&r=g","contentUrl":"https:\/\/secure.gravatar.com\/avatar\/9137aac6891e2595c9d3036fd83bcb653b4db3c946db4c7d9b9be193c3c944bb?s=96&d=mm&r=g","caption":"administrador"},"url":"https:\/\/mont-roig.cat\/es\/actualitat\/noticies\/author\/administrador\/"}]}},"_links":{"self":[{"href":"https:\/\/mont-roig.cat\/es\/wp-json\/wp\/v2\/posts\/14011","targetHints":{"allow":["GET"]}}],"collection":[{"href":"https:\/\/mont-roig.cat\/es\/wp-json\/wp\/v2\/posts"}],"about":[{"href":"https:\/\/mont-roig.cat\/es\/wp-json\/wp\/v2\/types\/post"}],"author":[{"embeddable":true,"href":"https:\/\/mont-roig.cat\/es\/wp-json\/wp\/v2\/users\/4"}],"replies":[{"embeddable":true,"href":"https:\/\/mont-roig.cat\/es\/wp-json\/wp\/v2\/comments?post=14011"}],"version-history":[{"count":0,"href":"https:\/\/mont-roig.cat\/es\/wp-json\/wp\/v2\/posts\/14011\/revisions"}],"wp:featuredmedia":[{"embeddable":true,"href":"https:\/\/mont-roig.cat\/es\/wp-json\/wp\/v2\/media\/14002"}],"wp:attachment":[{"href":"https:\/\/mont-roig.cat\/es\/wp-json\/wp\/v2\/media?parent=14011"}],"wp:term":[{"taxonomy":"category","embeddable":true,"href":"https:\/\/mont-roig.cat\/es\/wp-json\/wp\/v2\/categories?post=14011"},{"taxonomy":"post_tag","embeddable":true,"href":"https:\/\/mont-roig.cat\/es\/wp-json\/wp\/v2\/tags?post=14011"}],"curies":[{"name":"wp","href":"https:\/\/api.w.org\/{rel}","templated":true}]}}