{"id":14027,"date":"2016-12-16T12:58:39","date_gmt":"2016-12-16T11:58:39","guid":{"rendered":"http:\/\/mont-roig.cat\/actualitat\/noticies\/miami-platja-collabora-un-any-mes-amb-la-marato-de-tv3\/"},"modified":"2016-12-16T13:32:03","modified_gmt":"2016-12-16T12:32:03","slug":"miami-platja-collabora-un-any-mes-amb-la-marato-de-tv3","status":"publish","type":"post","link":"https:\/\/mont-roig.cat\/es\/actualitat\/noticies\/miami-platja-collabora-un-any-mes-amb-la-marato-de-tv3\/","title":{"rendered":"Miami Platja colabora un a\u00f1o m\u00e1s con la Marat\u00f3 de TV3"},"content":{"rendered":"<p><a href=\"http:\/\/mont-roig.cat\/wp-content\/uploads\/Marato-2016-002.jpg\"><img loading=\"lazy\" decoding=\"async\" class=\" wp-image-14025 alignright\" src=\"http:\/\/mont-roig.cat\/wp-content\/uploads\/Marato-2016-002-176x500.jpg\" alt=\"\" width=\"249\" height=\"707\" srcset=\"https:\/\/mont-roig.cat\/wp-content\/uploads\/Marato-2016-002-176x500.jpg 176w, https:\/\/mont-roig.cat\/wp-content\/uploads\/Marato-2016-002-768x2179.jpg 768w, https:\/\/mont-roig.cat\/wp-content\/uploads\/Marato-2016-002-361x1024.jpg 361w, https:\/\/mont-roig.cat\/wp-content\/uploads\/Marato-2016-002.jpg 1166w\" sizes=\"auto, (max-width: 249px) 100vw, 249px\" \/><\/a><\/p>\n<ul>\n<li><strong>Miami Platja colabora un a\u00f1o m\u00e1s con\u00a0la Marat\u00f3 de TV3 que tendr\u00e1 lugar este domingo 18 de diciembre\u00a0con un conjunto de actos para recoger fondos a favor de la investigaci\u00f3n sobre el\u00a0<\/strong><strong>ictus y las lesiones medulares cerebrales y traum\u00e1ticas.<\/strong><\/li>\n<\/ul>\n<p>Habr\u00e1 un mercado de segunda mano durante todo el d\u00eda en el polideportivo de Miami Platja a cargo de &#8216;Ayudamos en Mitjanit Miami Platja\u00a0y alrededores&#8217; y &#8216;Yo ayudo\u00a0Reus, Tarragona y alrededores&#8217;.<\/p>\n<p>Durante toda la jornada varios profesionales de la peluquer\u00eda del municipio (Styl2, El taller, Fabi Perruquers y Peluquer\u00eda Ana) cortar\u00e1n el cabello a todo el que quiera en una actividad llamada\u00a0&#8216;M&#8217;han pres el p\u00e8l per una bona causa&#8217;.<\/p>\n<p>&nbsp;<\/p>\n<p><strong>El resto de actos previstos son:<\/strong><\/p>\n<p><strong>10.00h<\/strong>. Bicicletada Popular. Inscripci\u00f3n: 2 \u20ac<\/p>\n<p>En el polideportivo municipal. Concentraci\u00f3n y entrega de dorsales a los participantes de la carrera. Organiza: \u00c0rea d\u2019Esports.<\/p>\n<p><strong>10.30h<\/strong>. Salida\u00a0de la bicicletada. Col\u00b7labora: Megabici.com.<\/p>\n<p>En la llegada de los\u00a0participantes, chocolatada. Organiza: Club Atl\u00e8tic Miami Platja.<\/p>\n<p><strong>11.30h<\/strong>. Charla\u00a0sobre el ICTUS. A cargo de Susana Garc\u00eda D\u00edaz.<\/p>\n<p><strong>12.00h<\/strong>. Exhibici\u00f3n de HIP HOP. A cargo\u00a0de Ra\u00fal Sol\u00e0.<\/p>\n<p><strong>12.30 h<\/strong>. Clase de ZUMBA. A cargo de Zona Fitness con Cristian.<\/p>\n<p><strong>13.00 h<\/strong>. Taller de SALSA. A cargo de Naomi &amp; V\u00edctor.<\/p>\n<p><strong>14.00 h.<\/strong>\u00a0Comida popular. Cocinar\u00e1 para todos nosotros, el Coro Rociero Arena del Mar con\u00a0la colaboraci\u00f3n del Chef Luciano S\u00e1nchez Morcillo, que\u00a0nos ofrecer\u00e1 una excelente Paella de Carne. Precio ticket: 5 \u20ac.<\/p>\n<p>Incluye\u00a0pan, bebida y\u00a0postres. Al acabar, caf\u00e9 y bingo.<\/p>\n<p><strong>16.00 h.<\/strong>\u00a0Actuaci\u00f3n de la solista Carolina Ferrera.<\/p>\n<p><strong>17.00 h.<\/strong>\u00a0Actuaci\u00f3n de la Associaci\u00f3 Balls Line &amp; Dance Country Mont-roig Miami.<\/p>\n<p><strong>17.30 h.<\/strong> Actuaci\u00f3n de la Associaci\u00f3n Nuevos Aires de Miami.<\/p>\n<p><strong>18.00 h.<\/strong> Actuaci\u00f3n del Club de R\u00edtmica de Miami Platja.<\/p>\n<p style=\"text-align: left;\"><strong>19.00 h.<\/strong> Acto de clausura i sorteos.<\/p>\n<p>&nbsp;<\/p>\n<p>Organiza: Entidades locales, colectivos, asociaciones y vecinos.<\/p>\n<p>Colabora: Comercios\u00a0y empresas locales, IB Events, Creu Roja, Costa Magazine<\/p>\n","protected":false},"excerpt":{"rendered":"<p>Miami Platja colabora un a\u00f1o m\u00e1s con\u00a0la Marat\u00f3 de TV3 que tendr\u00e1 lugar este domingo 18 de diciembre\u00a0con un conjunto de actos para recoger fondos a favor de la investigaci\u00f3n sobre el\u00a0ictus y las lesiones medulares cerebrales y traum\u00e1ticas. Habr\u00e1 un mercado de segunda mano durante todo el d\u00eda en el polideportivo de Miami Platja [&hellip;]<\/p>\n","protected":false},"author":4,"featured_media":14025,"comment_status":"closed","ping_status":"closed","sticky":false,"template":"","format":"standard","meta":{"inline_featured_image":false,"_monsterinsights_skip_tracking":false,"_monsterinsights_sitenote_active":false,"_monsterinsights_sitenote_note":"","_monsterinsights_sitenote_category":0,"footnotes":""},"categories":[98,71],"tags":[],"class_list":["post-14027","post","type-post","status-publish","format-standard","has-post-thumbnail","hentry","category-ayuntamiento","category-general-es"],"yoast_head":"<!-- This site is optimized with the Yoast SEO plugin v27.4 - https:\/\/yoast.com\/product\/yoast-seo-wordpress\/ -->\n<title>Miami Platja colabora un a\u00f1o m\u00e1s con la Marat\u00f3 de TV3 - Ajuntament de Mont-roig del Camp<\/title>\n<meta name=\"robots\" content=\"index, follow, max-snippet:-1, max-image-preview:large, max-video-preview:-1\" \/>\n<link rel=\"canonical\" href=\"https:\/\/mont-roig.cat\/es\/actualitat\/noticies\/miami-platja-collabora-un-any-mes-amb-la-marato-de-tv3\/\" \/>\n<meta property=\"og:locale\" content=\"es_ES\" \/>\n<meta property=\"og:type\" content=\"article\" \/>\n<meta property=\"og:title\" content=\"Miami Platja colabora un a\u00f1o m\u00e1s con la Marat\u00f3 de TV3 - Ajuntament de Mont-roig del Camp\" \/>\n<meta property=\"og:description\" content=\"Miami Platja colabora un a\u00f1o m\u00e1s con\u00a0la Marat\u00f3 de TV3 que tendr\u00e1 lugar este domingo 18 de diciembre\u00a0con un conjunto de actos para recoger fondos a favor de la investigaci\u00f3n sobre el\u00a0ictus y las lesiones medulares cerebrales y traum\u00e1ticas. Habr\u00e1 un mercado de segunda mano durante todo el d\u00eda en el polideportivo de Miami Platja [&hellip;]\" \/>\n<meta property=\"og:url\" content=\"https:\/\/mont-roig.cat\/es\/actualitat\/noticies\/miami-platja-collabora-un-any-mes-amb-la-marato-de-tv3\/\" \/>\n<meta property=\"og:site_name\" content=\"Ajuntament de Mont-roig del Camp\" \/>\n<meta property=\"article:published_time\" content=\"2016-12-16T11:58:39+00:00\" \/>\n<meta property=\"article:modified_time\" content=\"2016-12-16T12:32:03+00:00\" \/>\n<meta property=\"og:image\" content=\"https:\/\/mont-roig.cat\/wp-content\/uploads\/Marato-2016-002.jpg\" \/>\n\t<meta property=\"og:image:width\" content=\"1166\" \/>\n\t<meta property=\"og:image:height\" content=\"3308\" \/>\n\t<meta property=\"og:image:type\" content=\"image\/jpeg\" \/>\n<meta name=\"author\" content=\"administrador\" \/>\n<meta name=\"twitter:card\" content=\"summary_large_image\" \/>\n<meta name=\"twitter:label1\" content=\"Escrito por\" \/>\n\t<meta name=\"twitter:data1\" content=\"administrador\" \/>\n\t<meta name=\"twitter:label2\" content=\"Tiempo de lectura\" \/>\n\t<meta name=\"twitter:data2\" content=\"2 minutos\" \/>\n<script type=\"application\/ld+json\" class=\"yoast-schema-graph\">{\"@context\":\"https:\\\/\\\/schema.org\",\"@graph\":[{\"@type\":\"Article\",\"@id\":\"https:\\\/\\\/mont-roig.cat\\\/es\\\/actualitat\\\/noticies\\\/miami-platja-collabora-un-any-mes-amb-la-marato-de-tv3\\\/#article\",\"isPartOf\":{\"@id\":\"https:\\\/\\\/mont-roig.cat\\\/es\\\/actualitat\\\/noticies\\\/miami-platja-collabora-un-any-mes-amb-la-marato-de-tv3\\\/\"},\"author\":{\"name\":\"administrador\",\"@id\":\"https:\\\/\\\/mont-roig.cat\\\/es\\\/#\\\/schema\\\/person\\\/f2b111789f22b7d0c3bd6786c9128cba\"},\"headline\":\"Miami Platja colabora un a\u00f1o m\u00e1s con la Marat\u00f3 de TV3\",\"datePublished\":\"2016-12-16T11:58:39+00:00\",\"dateModified\":\"2016-12-16T12:32:03+00:00\",\"mainEntityOfPage\":{\"@id\":\"https:\\\/\\\/mont-roig.cat\\\/es\\\/actualitat\\\/noticies\\\/miami-platja-collabora-un-any-mes-amb-la-marato-de-tv3\\\/\"},\"wordCount\":347,\"image\":{\"@id\":\"https:\\\/\\\/mont-roig.cat\\\/es\\\/actualitat\\\/noticies\\\/miami-platja-collabora-un-any-mes-amb-la-marato-de-tv3\\\/#primaryimage\"},\"thumbnailUrl\":\"https:\\\/\\\/mont-roig.cat\\\/wp-content\\\/uploads\\\/Marato-2016-002.jpg\",\"articleSection\":[\"Ayuntamiento\",\"General\"],\"inLanguage\":\"es\"},{\"@type\":\"WebPage\",\"@id\":\"https:\\\/\\\/mont-roig.cat\\\/es\\\/actualitat\\\/noticies\\\/miami-platja-collabora-un-any-mes-amb-la-marato-de-tv3\\\/\",\"url\":\"https:\\\/\\\/mont-roig.cat\\\/es\\\/actualitat\\\/noticies\\\/miami-platja-collabora-un-any-mes-amb-la-marato-de-tv3\\\/\",\"name\":\"Miami Platja colabora un a\u00f1o m\u00e1s con la Marat\u00f3 de TV3 - Ajuntament de Mont-roig del Camp\",\"isPartOf\":{\"@id\":\"https:\\\/\\\/mont-roig.cat\\\/es\\\/#website\"},\"primaryImageOfPage\":{\"@id\":\"https:\\\/\\\/mont-roig.cat\\\/es\\\/actualitat\\\/noticies\\\/miami-platja-collabora-un-any-mes-amb-la-marato-de-tv3\\\/#primaryimage\"},\"image\":{\"@id\":\"https:\\\/\\\/mont-roig.cat\\\/es\\\/actualitat\\\/noticies\\\/miami-platja-collabora-un-any-mes-amb-la-marato-de-tv3\\\/#primaryimage\"},\"thumbnailUrl\":\"https:\\\/\\\/mont-roig.cat\\\/wp-content\\\/uploads\\\/Marato-2016-002.jpg\",\"datePublished\":\"2016-12-16T11:58:39+00:00\",\"dateModified\":\"2016-12-16T12:32:03+00:00\",\"author\":{\"@id\":\"https:\\\/\\\/mont-roig.cat\\\/es\\\/#\\\/schema\\\/person\\\/f2b111789f22b7d0c3bd6786c9128cba\"},\"breadcrumb\":{\"@id\":\"https:\\\/\\\/mont-roig.cat\\\/es\\\/actualitat\\\/noticies\\\/miami-platja-collabora-un-any-mes-amb-la-marato-de-tv3\\\/#breadcrumb\"},\"inLanguage\":\"es\",\"potentialAction\":[{\"@type\":\"ReadAction\",\"target\":[\"https:\\\/\\\/mont-roig.cat\\\/es\\\/actualitat\\\/noticies\\\/miami-platja-collabora-un-any-mes-amb-la-marato-de-tv3\\\/\"]}]},{\"@type\":\"ImageObject\",\"inLanguage\":\"es\",\"@id\":\"https:\\\/\\\/mont-roig.cat\\\/es\\\/actualitat\\\/noticies\\\/miami-platja-collabora-un-any-mes-amb-la-marato-de-tv3\\\/#primaryimage\",\"url\":\"https:\\\/\\\/mont-roig.cat\\\/wp-content\\\/uploads\\\/Marato-2016-002.jpg\",\"contentUrl\":\"https:\\\/\\\/mont-roig.cat\\\/wp-content\\\/uploads\\\/Marato-2016-002.jpg\",\"width\":1166,\"height\":3308},{\"@type\":\"BreadcrumbList\",\"@id\":\"https:\\\/\\\/mont-roig.cat\\\/es\\\/actualitat\\\/noticies\\\/miami-platja-collabora-un-any-mes-amb-la-marato-de-tv3\\\/#breadcrumb\",\"itemListElement\":[{\"@type\":\"ListItem\",\"position\":1,\"name\":\"Inici\",\"item\":\"https:\\\/\\\/mont-roig.cat\\\/es\\\/pagina-de-inicio\\\/\"},{\"@type\":\"ListItem\",\"position\":2,\"name\":\"Miami Platja colabora un a\u00f1o m\u00e1s con la Marat\u00f3 de TV3\"}]},{\"@type\":\"WebSite\",\"@id\":\"https:\\\/\\\/mont-roig.cat\\\/es\\\/#website\",\"url\":\"https:\\\/\\\/mont-roig.cat\\\/es\\\/\",\"name\":\"Ajuntament de Mont-roig del Camp\",\"description\":\"Tota la informaci\u00f3 sobre la instituci\u00f3, els seus \u00f2rgans de govern, actualitat, serveis i molt m\u00e9s.\",\"potentialAction\":[{\"@type\":\"SearchAction\",\"target\":{\"@type\":\"EntryPoint\",\"urlTemplate\":\"https:\\\/\\\/mont-roig.cat\\\/es\\\/?s={search_term_string}\"},\"query-input\":{\"@type\":\"PropertyValueSpecification\",\"valueRequired\":true,\"valueName\":\"search_term_string\"}}],\"inLanguage\":\"es\"},{\"@type\":\"Person\",\"@id\":\"https:\\\/\\\/mont-roig.cat\\\/es\\\/#\\\/schema\\\/person\\\/f2b111789f22b7d0c3bd6786c9128cba\",\"name\":\"administrador\",\"image\":{\"@type\":\"ImageObject\",\"inLanguage\":\"es\",\"@id\":\"https:\\\/\\\/secure.gravatar.com\\\/avatar\\\/9137aac6891e2595c9d3036fd83bcb653b4db3c946db4c7d9b9be193c3c944bb?s=96&d=mm&r=g\",\"url\":\"https:\\\/\\\/secure.gravatar.com\\\/avatar\\\/9137aac6891e2595c9d3036fd83bcb653b4db3c946db4c7d9b9be193c3c944bb?s=96&d=mm&r=g\",\"contentUrl\":\"https:\\\/\\\/secure.gravatar.com\\\/avatar\\\/9137aac6891e2595c9d3036fd83bcb653b4db3c946db4c7d9b9be193c3c944bb?s=96&d=mm&r=g\",\"caption\":\"administrador\"},\"url\":\"https:\\\/\\\/mont-roig.cat\\\/es\\\/actualitat\\\/noticies\\\/author\\\/administrador\\\/\"}]}<\/script>\n<!-- \/ Yoast SEO plugin. -->","yoast_head_json":{"title":"Miami Platja colabora un a\u00f1o m\u00e1s con la Marat\u00f3 de TV3 - Ajuntament de Mont-roig del Camp","robots":{"index":"index","follow":"follow","max-snippet":"max-snippet:-1","max-image-preview":"max-image-preview:large","max-video-preview":"max-video-preview:-1"},"canonical":"https:\/\/mont-roig.cat\/es\/actualitat\/noticies\/miami-platja-collabora-un-any-mes-amb-la-marato-de-tv3\/","og_locale":"es_ES","og_type":"article","og_title":"Miami Platja colabora un a\u00f1o m\u00e1s con la Marat\u00f3 de TV3 - Ajuntament de Mont-roig del Camp","og_description":"Miami Platja colabora un a\u00f1o m\u00e1s con\u00a0la Marat\u00f3 de TV3 que tendr\u00e1 lugar este domingo 18 de diciembre\u00a0con un conjunto de actos para recoger fondos a favor de la investigaci\u00f3n sobre el\u00a0ictus y las lesiones medulares cerebrales y traum\u00e1ticas. Habr\u00e1 un mercado de segunda mano durante todo el d\u00eda en el polideportivo de Miami Platja [&hellip;]","og_url":"https:\/\/mont-roig.cat\/es\/actualitat\/noticies\/miami-platja-collabora-un-any-mes-amb-la-marato-de-tv3\/","og_site_name":"Ajuntament de Mont-roig del Camp","article_published_time":"2016-12-16T11:58:39+00:00","article_modified_time":"2016-12-16T12:32:03+00:00","og_image":[{"width":1166,"height":3308,"url":"https:\/\/mont-roig.cat\/wp-content\/uploads\/Marato-2016-002.jpg","type":"image\/jpeg"}],"author":"administrador","twitter_card":"summary_large_image","twitter_misc":{"Escrito por":"administrador","Tiempo de lectura":"2 minutos"},"schema":{"@context":"https:\/\/schema.org","@graph":[{"@type":"Article","@id":"https:\/\/mont-roig.cat\/es\/actualitat\/noticies\/miami-platja-collabora-un-any-mes-amb-la-marato-de-tv3\/#article","isPartOf":{"@id":"https:\/\/mont-roig.cat\/es\/actualitat\/noticies\/miami-platja-collabora-un-any-mes-amb-la-marato-de-tv3\/"},"author":{"name":"administrador","@id":"https:\/\/mont-roig.cat\/es\/#\/schema\/person\/f2b111789f22b7d0c3bd6786c9128cba"},"headline":"Miami Platja colabora un a\u00f1o m\u00e1s con la Marat\u00f3 de TV3","datePublished":"2016-12-16T11:58:39+00:00","dateModified":"2016-12-16T12:32:03+00:00","mainEntityOfPage":{"@id":"https:\/\/mont-roig.cat\/es\/actualitat\/noticies\/miami-platja-collabora-un-any-mes-amb-la-marato-de-tv3\/"},"wordCount":347,"image":{"@id":"https:\/\/mont-roig.cat\/es\/actualitat\/noticies\/miami-platja-collabora-un-any-mes-amb-la-marato-de-tv3\/#primaryimage"},"thumbnailUrl":"https:\/\/mont-roig.cat\/wp-content\/uploads\/Marato-2016-002.jpg","articleSection":["Ayuntamiento","General"],"inLanguage":"es"},{"@type":"WebPage","@id":"https:\/\/mont-roig.cat\/es\/actualitat\/noticies\/miami-platja-collabora-un-any-mes-amb-la-marato-de-tv3\/","url":"https:\/\/mont-roig.cat\/es\/actualitat\/noticies\/miami-platja-collabora-un-any-mes-amb-la-marato-de-tv3\/","name":"Miami Platja colabora un a\u00f1o m\u00e1s con la Marat\u00f3 de TV3 - Ajuntament de Mont-roig del Camp","isPartOf":{"@id":"https:\/\/mont-roig.cat\/es\/#website"},"primaryImageOfPage":{"@id":"https:\/\/mont-roig.cat\/es\/actualitat\/noticies\/miami-platja-collabora-un-any-mes-amb-la-marato-de-tv3\/#primaryimage"},"image":{"@id":"https:\/\/mont-roig.cat\/es\/actualitat\/noticies\/miami-platja-collabora-un-any-mes-amb-la-marato-de-tv3\/#primaryimage"},"thumbnailUrl":"https:\/\/mont-roig.cat\/wp-content\/uploads\/Marato-2016-002.jpg","datePublished":"2016-12-16T11:58:39+00:00","dateModified":"2016-12-16T12:32:03+00:00","author":{"@id":"https:\/\/mont-roig.cat\/es\/#\/schema\/person\/f2b111789f22b7d0c3bd6786c9128cba"},"breadcrumb":{"@id":"https:\/\/mont-roig.cat\/es\/actualitat\/noticies\/miami-platja-collabora-un-any-mes-amb-la-marato-de-tv3\/#breadcrumb"},"inLanguage":"es","potentialAction":[{"@type":"ReadAction","target":["https:\/\/mont-roig.cat\/es\/actualitat\/noticies\/miami-platja-collabora-un-any-mes-amb-la-marato-de-tv3\/"]}]},{"@type":"ImageObject","inLanguage":"es","@id":"https:\/\/mont-roig.cat\/es\/actualitat\/noticies\/miami-platja-collabora-un-any-mes-amb-la-marato-de-tv3\/#primaryimage","url":"https:\/\/mont-roig.cat\/wp-content\/uploads\/Marato-2016-002.jpg","contentUrl":"https:\/\/mont-roig.cat\/wp-content\/uploads\/Marato-2016-002.jpg","width":1166,"height":3308},{"@type":"BreadcrumbList","@id":"https:\/\/mont-roig.cat\/es\/actualitat\/noticies\/miami-platja-collabora-un-any-mes-amb-la-marato-de-tv3\/#breadcrumb","itemListElement":[{"@type":"ListItem","position":1,"name":"Inici","item":"https:\/\/mont-roig.cat\/es\/pagina-de-inicio\/"},{"@type":"ListItem","position":2,"name":"Miami Platja colabora un a\u00f1o m\u00e1s con la Marat\u00f3 de TV3"}]},{"@type":"WebSite","@id":"https:\/\/mont-roig.cat\/es\/#website","url":"https:\/\/mont-roig.cat\/es\/","name":"Ajuntament de Mont-roig del Camp","description":"Tota la informaci\u00f3 sobre la instituci\u00f3, els seus \u00f2rgans de govern, actualitat, serveis i molt m\u00e9s.","potentialAction":[{"@type":"SearchAction","target":{"@type":"EntryPoint","urlTemplate":"https:\/\/mont-roig.cat\/es\/?s={search_term_string}"},"query-input":{"@type":"PropertyValueSpecification","valueRequired":true,"valueName":"search_term_string"}}],"inLanguage":"es"},{"@type":"Person","@id":"https:\/\/mont-roig.cat\/es\/#\/schema\/person\/f2b111789f22b7d0c3bd6786c9128cba","name":"administrador","image":{"@type":"ImageObject","inLanguage":"es","@id":"https:\/\/secure.gravatar.com\/avatar\/9137aac6891e2595c9d3036fd83bcb653b4db3c946db4c7d9b9be193c3c944bb?s=96&d=mm&r=g","url":"https:\/\/secure.gravatar.com\/avatar\/9137aac6891e2595c9d3036fd83bcb653b4db3c946db4c7d9b9be193c3c944bb?s=96&d=mm&r=g","contentUrl":"https:\/\/secure.gravatar.com\/avatar\/9137aac6891e2595c9d3036fd83bcb653b4db3c946db4c7d9b9be193c3c944bb?s=96&d=mm&r=g","caption":"administrador"},"url":"https:\/\/mont-roig.cat\/es\/actualitat\/noticies\/author\/administrador\/"}]}},"_links":{"self":[{"href":"https:\/\/mont-roig.cat\/es\/wp-json\/wp\/v2\/posts\/14027","targetHints":{"allow":["GET"]}}],"collection":[{"href":"https:\/\/mont-roig.cat\/es\/wp-json\/wp\/v2\/posts"}],"about":[{"href":"https:\/\/mont-roig.cat\/es\/wp-json\/wp\/v2\/types\/post"}],"author":[{"embeddable":true,"href":"https:\/\/mont-roig.cat\/es\/wp-json\/wp\/v2\/users\/4"}],"replies":[{"embeddable":true,"href":"https:\/\/mont-roig.cat\/es\/wp-json\/wp\/v2\/comments?post=14027"}],"version-history":[{"count":0,"href":"https:\/\/mont-roig.cat\/es\/wp-json\/wp\/v2\/posts\/14027\/revisions"}],"wp:featuredmedia":[{"embeddable":true,"href":"https:\/\/mont-roig.cat\/es\/wp-json\/wp\/v2\/media\/14025"}],"wp:attachment":[{"href":"https:\/\/mont-roig.cat\/es\/wp-json\/wp\/v2\/media?parent=14027"}],"wp:term":[{"taxonomy":"category","embeddable":true,"href":"https:\/\/mont-roig.cat\/es\/wp-json\/wp\/v2\/categories?post=14027"},{"taxonomy":"post_tag","embeddable":true,"href":"https:\/\/mont-roig.cat\/es\/wp-json\/wp\/v2\/tags?post=14027"}],"curies":[{"name":"wp","href":"https:\/\/api.w.org\/{rel}","templated":true}]}}