{"id":14498,"date":"2017-01-18T10:33:08","date_gmt":"2017-01-18T09:33:08","guid":{"rendered":"http:\/\/mont-roig.cat\/actualitat\/noticies\/quieres-tomar-cafe-con-el-alcalde\/"},"modified":"2017-01-18T10:40:23","modified_gmt":"2017-01-18T09:40:23","slug":"quieres-tomar-cafe-con-el-alcalde","status":"publish","type":"post","link":"https:\/\/mont-roig.cat\/es\/actualitat\/noticies\/quieres-tomar-cafe-con-el-alcalde\/","title":{"rendered":"\u00bfQuieres tomar caf\u00e9 con el alcalde?"},"content":{"rendered":"<ul>\n<li><a href=\"http:\/\/mont-roig.cat\/wp-content\/uploads\/Caf\u00e8-amb-lalcalde_v2-1.jpg\"><img loading=\"lazy\" decoding=\"async\" class=\" wp-image-14491 alignright\" src=\"http:\/\/mont-roig.cat\/wp-content\/uploads\/Caf\u00e8-amb-lalcalde_v2-1-500x236.jpg\" alt=\"\" width=\"301\" height=\"142\" \/><\/a><strong>La pr\u00f3xima reuni\u00f3n ser\u00e1 el lunes 30 de enero a las 19.00h en la helader\u00eda Osopolo. Todav\u00eda hay plazas libres. \u00a0<\/strong><\/li>\n<\/ul>\n<p>El alcalde de Mont-roig del Camp Fran Morancho se reunir\u00e1 el pr\u00f3ximo lunes 30 de enero con las personas que han solicitado participar en el programa &#8220;Caf\u00e9s con el alcalde&#8221;, el primero de los encuentros peri\u00f3dicos que el alcalde realiza este 2017 con los vecinos. Si quieres conversar un rato con \u00e9l y otros vecinos de forma distendida y cercana sobre los temas de actualidad todav\u00eda puedes inscribirte en este caf\u00e9 con el alcalde. El encuentro se realizar\u00e1 el lunes a las 19 horas en la helader\u00eda Osopolo (Av. De Barcelona esquina Av. Maria Cristina) de Miami Platja. Recuerda apuntarte enviando un correo a comunicacio@mont-roig.cat o bien llamando al 977 83 70 05.<\/p>\n","protected":false},"excerpt":{"rendered":"<p>La pr\u00f3xima reuni\u00f3n ser\u00e1 el lunes 30 de enero a las 19.00h en la helader\u00eda Osopolo. Todav\u00eda hay plazas libres. \u00a0 El alcalde de Mont-roig del Camp Fran Morancho se reunir\u00e1 el pr\u00f3ximo lunes 30 de enero con las personas que han solicitado participar en el programa &#8220;Caf\u00e9s con el alcalde&#8221;, el primero de los [&hellip;]<\/p>\n","protected":false},"author":4,"featured_media":14491,"comment_status":"closed","ping_status":"closed","sticky":false,"template":"","format":"standard","meta":{"inline_featured_image":false,"_monsterinsights_skip_tracking":false,"_monsterinsights_sitenote_active":false,"_monsterinsights_sitenote_note":"","_monsterinsights_sitenote_category":0,"footnotes":""},"categories":[98,71],"tags":[],"class_list":["post-14498","post","type-post","status-publish","format-standard","has-post-thumbnail","hentry","category-ayuntamiento","category-general-es"],"yoast_head":"<!-- This site is optimized with the Yoast SEO plugin v27.4 - https:\/\/yoast.com\/product\/yoast-seo-wordpress\/ -->\n<title>\u00bfQuieres tomar caf\u00e9 con el alcalde? - Ajuntament de Mont-roig del Camp<\/title>\n<meta name=\"robots\" content=\"index, follow, max-snippet:-1, max-image-preview:large, max-video-preview:-1\" \/>\n<link rel=\"canonical\" href=\"https:\/\/mont-roig.cat\/es\/actualitat\/noticies\/quieres-tomar-cafe-con-el-alcalde\/\" \/>\n<meta property=\"og:locale\" content=\"es_ES\" \/>\n<meta property=\"og:type\" content=\"article\" \/>\n<meta property=\"og:title\" content=\"\u00bfQuieres tomar caf\u00e9 con el alcalde? - Ajuntament de Mont-roig del Camp\" \/>\n<meta property=\"og:description\" content=\"La pr\u00f3xima reuni\u00f3n ser\u00e1 el lunes 30 de enero a las 19.00h en la helader\u00eda Osopolo. Todav\u00eda hay plazas libres. \u00a0 El alcalde de Mont-roig del Camp Fran Morancho se reunir\u00e1 el pr\u00f3ximo lunes 30 de enero con las personas que han solicitado participar en el programa &#8220;Caf\u00e9s con el alcalde&#8221;, el primero de los [&hellip;]\" \/>\n<meta property=\"og:url\" content=\"https:\/\/mont-roig.cat\/es\/actualitat\/noticies\/quieres-tomar-cafe-con-el-alcalde\/\" \/>\n<meta property=\"og:site_name\" content=\"Ajuntament de Mont-roig del Camp\" \/>\n<meta property=\"article:published_time\" content=\"2017-01-18T09:33:08+00:00\" \/>\n<meta property=\"article:modified_time\" content=\"2017-01-18T09:40:23+00:00\" \/>\n<meta property=\"og:image\" content=\"https:\/\/mont-roig.cat\/wp-content\/uploads\/Caf\u00e8-amb-lalcalde_v2-1-e1484738310940.jpg\" \/>\n\t<meta property=\"og:image:width\" content=\"300\" \/>\n\t<meta property=\"og:image:height\" content=\"141\" \/>\n\t<meta property=\"og:image:type\" content=\"image\/jpeg\" \/>\n<meta name=\"author\" content=\"administrador\" \/>\n<meta name=\"twitter:card\" content=\"summary_large_image\" \/>\n<meta name=\"twitter:label1\" content=\"Escrito por\" \/>\n\t<meta name=\"twitter:data1\" content=\"administrador\" \/>\n\t<meta name=\"twitter:label2\" content=\"Tiempo de lectura\" \/>\n\t<meta name=\"twitter:data2\" content=\"1 minuto\" \/>\n<script type=\"application\/ld+json\" class=\"yoast-schema-graph\">{\"@context\":\"https:\\\/\\\/schema.org\",\"@graph\":[{\"@type\":\"Article\",\"@id\":\"https:\\\/\\\/mont-roig.cat\\\/es\\\/actualitat\\\/noticies\\\/quieres-tomar-cafe-con-el-alcalde\\\/#article\",\"isPartOf\":{\"@id\":\"https:\\\/\\\/mont-roig.cat\\\/es\\\/actualitat\\\/noticies\\\/quieres-tomar-cafe-con-el-alcalde\\\/\"},\"author\":{\"name\":\"administrador\",\"@id\":\"https:\\\/\\\/mont-roig.cat\\\/es\\\/#\\\/schema\\\/person\\\/f2b111789f22b7d0c3bd6786c9128cba\"},\"headline\":\"\u00bfQuieres tomar caf\u00e9 con el alcalde?\",\"datePublished\":\"2017-01-18T09:33:08+00:00\",\"dateModified\":\"2017-01-18T09:40:23+00:00\",\"mainEntityOfPage\":{\"@id\":\"https:\\\/\\\/mont-roig.cat\\\/es\\\/actualitat\\\/noticies\\\/quieres-tomar-cafe-con-el-alcalde\\\/\"},\"wordCount\":142,\"image\":{\"@id\":\"https:\\\/\\\/mont-roig.cat\\\/es\\\/actualitat\\\/noticies\\\/quieres-tomar-cafe-con-el-alcalde\\\/#primaryimage\"},\"thumbnailUrl\":\"https:\\\/\\\/mont-roig.cat\\\/wp-content\\\/uploads\\\/Caf\u00e8-amb-lalcalde_v2-1-e1484738310940.jpg\",\"articleSection\":[\"Ayuntamiento\",\"General\"],\"inLanguage\":\"es\"},{\"@type\":\"WebPage\",\"@id\":\"https:\\\/\\\/mont-roig.cat\\\/es\\\/actualitat\\\/noticies\\\/quieres-tomar-cafe-con-el-alcalde\\\/\",\"url\":\"https:\\\/\\\/mont-roig.cat\\\/es\\\/actualitat\\\/noticies\\\/quieres-tomar-cafe-con-el-alcalde\\\/\",\"name\":\"\u00bfQuieres tomar caf\u00e9 con el alcalde? - Ajuntament de Mont-roig del Camp\",\"isPartOf\":{\"@id\":\"https:\\\/\\\/mont-roig.cat\\\/es\\\/#website\"},\"primaryImageOfPage\":{\"@id\":\"https:\\\/\\\/mont-roig.cat\\\/es\\\/actualitat\\\/noticies\\\/quieres-tomar-cafe-con-el-alcalde\\\/#primaryimage\"},\"image\":{\"@id\":\"https:\\\/\\\/mont-roig.cat\\\/es\\\/actualitat\\\/noticies\\\/quieres-tomar-cafe-con-el-alcalde\\\/#primaryimage\"},\"thumbnailUrl\":\"https:\\\/\\\/mont-roig.cat\\\/wp-content\\\/uploads\\\/Caf\u00e8-amb-lalcalde_v2-1-e1484738310940.jpg\",\"datePublished\":\"2017-01-18T09:33:08+00:00\",\"dateModified\":\"2017-01-18T09:40:23+00:00\",\"author\":{\"@id\":\"https:\\\/\\\/mont-roig.cat\\\/es\\\/#\\\/schema\\\/person\\\/f2b111789f22b7d0c3bd6786c9128cba\"},\"breadcrumb\":{\"@id\":\"https:\\\/\\\/mont-roig.cat\\\/es\\\/actualitat\\\/noticies\\\/quieres-tomar-cafe-con-el-alcalde\\\/#breadcrumb\"},\"inLanguage\":\"es\",\"potentialAction\":[{\"@type\":\"ReadAction\",\"target\":[\"https:\\\/\\\/mont-roig.cat\\\/es\\\/actualitat\\\/noticies\\\/quieres-tomar-cafe-con-el-alcalde\\\/\"]}]},{\"@type\":\"ImageObject\",\"inLanguage\":\"es\",\"@id\":\"https:\\\/\\\/mont-roig.cat\\\/es\\\/actualitat\\\/noticies\\\/quieres-tomar-cafe-con-el-alcalde\\\/#primaryimage\",\"url\":\"https:\\\/\\\/mont-roig.cat\\\/wp-content\\\/uploads\\\/Caf\u00e8-amb-lalcalde_v2-1-e1484738310940.jpg\",\"contentUrl\":\"https:\\\/\\\/mont-roig.cat\\\/wp-content\\\/uploads\\\/Caf\u00e8-amb-lalcalde_v2-1-e1484738310940.jpg\",\"width\":300,\"height\":141},{\"@type\":\"BreadcrumbList\",\"@id\":\"https:\\\/\\\/mont-roig.cat\\\/es\\\/actualitat\\\/noticies\\\/quieres-tomar-cafe-con-el-alcalde\\\/#breadcrumb\",\"itemListElement\":[{\"@type\":\"ListItem\",\"position\":1,\"name\":\"Inici\",\"item\":\"https:\\\/\\\/mont-roig.cat\\\/es\\\/pagina-de-inicio\\\/\"},{\"@type\":\"ListItem\",\"position\":2,\"name\":\"\u00bfQuieres tomar caf\u00e9 con el alcalde?\"}]},{\"@type\":\"WebSite\",\"@id\":\"https:\\\/\\\/mont-roig.cat\\\/es\\\/#website\",\"url\":\"https:\\\/\\\/mont-roig.cat\\\/es\\\/\",\"name\":\"Ajuntament de Mont-roig del Camp\",\"description\":\"Tota la informaci\u00f3 sobre la instituci\u00f3, els seus \u00f2rgans de govern, actualitat, serveis i molt m\u00e9s.\",\"potentialAction\":[{\"@type\":\"SearchAction\",\"target\":{\"@type\":\"EntryPoint\",\"urlTemplate\":\"https:\\\/\\\/mont-roig.cat\\\/es\\\/?s={search_term_string}\"},\"query-input\":{\"@type\":\"PropertyValueSpecification\",\"valueRequired\":true,\"valueName\":\"search_term_string\"}}],\"inLanguage\":\"es\"},{\"@type\":\"Person\",\"@id\":\"https:\\\/\\\/mont-roig.cat\\\/es\\\/#\\\/schema\\\/person\\\/f2b111789f22b7d0c3bd6786c9128cba\",\"name\":\"administrador\",\"image\":{\"@type\":\"ImageObject\",\"inLanguage\":\"es\",\"@id\":\"https:\\\/\\\/secure.gravatar.com\\\/avatar\\\/9137aac6891e2595c9d3036fd83bcb653b4db3c946db4c7d9b9be193c3c944bb?s=96&d=mm&r=g\",\"url\":\"https:\\\/\\\/secure.gravatar.com\\\/avatar\\\/9137aac6891e2595c9d3036fd83bcb653b4db3c946db4c7d9b9be193c3c944bb?s=96&d=mm&r=g\",\"contentUrl\":\"https:\\\/\\\/secure.gravatar.com\\\/avatar\\\/9137aac6891e2595c9d3036fd83bcb653b4db3c946db4c7d9b9be193c3c944bb?s=96&d=mm&r=g\",\"caption\":\"administrador\"},\"url\":\"https:\\\/\\\/mont-roig.cat\\\/es\\\/actualitat\\\/noticies\\\/author\\\/administrador\\\/\"}]}<\/script>\n<!-- \/ Yoast SEO plugin. -->","yoast_head_json":{"title":"\u00bfQuieres tomar caf\u00e9 con el alcalde? - Ajuntament de Mont-roig del Camp","robots":{"index":"index","follow":"follow","max-snippet":"max-snippet:-1","max-image-preview":"max-image-preview:large","max-video-preview":"max-video-preview:-1"},"canonical":"https:\/\/mont-roig.cat\/es\/actualitat\/noticies\/quieres-tomar-cafe-con-el-alcalde\/","og_locale":"es_ES","og_type":"article","og_title":"\u00bfQuieres tomar caf\u00e9 con el alcalde? - Ajuntament de Mont-roig del Camp","og_description":"La pr\u00f3xima reuni\u00f3n ser\u00e1 el lunes 30 de enero a las 19.00h en la helader\u00eda Osopolo. Todav\u00eda hay plazas libres. \u00a0 El alcalde de Mont-roig del Camp Fran Morancho se reunir\u00e1 el pr\u00f3ximo lunes 30 de enero con las personas que han solicitado participar en el programa &#8220;Caf\u00e9s con el alcalde&#8221;, el primero de los [&hellip;]","og_url":"https:\/\/mont-roig.cat\/es\/actualitat\/noticies\/quieres-tomar-cafe-con-el-alcalde\/","og_site_name":"Ajuntament de Mont-roig del Camp","article_published_time":"2017-01-18T09:33:08+00:00","article_modified_time":"2017-01-18T09:40:23+00:00","og_image":[{"width":300,"height":141,"url":"https:\/\/mont-roig.cat\/wp-content\/uploads\/Caf\u00e8-amb-lalcalde_v2-1-e1484738310940.jpg","type":"image\/jpeg"}],"author":"administrador","twitter_card":"summary_large_image","twitter_misc":{"Escrito por":"administrador","Tiempo de lectura":"1 minuto"},"schema":{"@context":"https:\/\/schema.org","@graph":[{"@type":"Article","@id":"https:\/\/mont-roig.cat\/es\/actualitat\/noticies\/quieres-tomar-cafe-con-el-alcalde\/#article","isPartOf":{"@id":"https:\/\/mont-roig.cat\/es\/actualitat\/noticies\/quieres-tomar-cafe-con-el-alcalde\/"},"author":{"name":"administrador","@id":"https:\/\/mont-roig.cat\/es\/#\/schema\/person\/f2b111789f22b7d0c3bd6786c9128cba"},"headline":"\u00bfQuieres tomar caf\u00e9 con el alcalde?","datePublished":"2017-01-18T09:33:08+00:00","dateModified":"2017-01-18T09:40:23+00:00","mainEntityOfPage":{"@id":"https:\/\/mont-roig.cat\/es\/actualitat\/noticies\/quieres-tomar-cafe-con-el-alcalde\/"},"wordCount":142,"image":{"@id":"https:\/\/mont-roig.cat\/es\/actualitat\/noticies\/quieres-tomar-cafe-con-el-alcalde\/#primaryimage"},"thumbnailUrl":"https:\/\/mont-roig.cat\/wp-content\/uploads\/Caf\u00e8-amb-lalcalde_v2-1-e1484738310940.jpg","articleSection":["Ayuntamiento","General"],"inLanguage":"es"},{"@type":"WebPage","@id":"https:\/\/mont-roig.cat\/es\/actualitat\/noticies\/quieres-tomar-cafe-con-el-alcalde\/","url":"https:\/\/mont-roig.cat\/es\/actualitat\/noticies\/quieres-tomar-cafe-con-el-alcalde\/","name":"\u00bfQuieres tomar caf\u00e9 con el alcalde? - Ajuntament de Mont-roig del Camp","isPartOf":{"@id":"https:\/\/mont-roig.cat\/es\/#website"},"primaryImageOfPage":{"@id":"https:\/\/mont-roig.cat\/es\/actualitat\/noticies\/quieres-tomar-cafe-con-el-alcalde\/#primaryimage"},"image":{"@id":"https:\/\/mont-roig.cat\/es\/actualitat\/noticies\/quieres-tomar-cafe-con-el-alcalde\/#primaryimage"},"thumbnailUrl":"https:\/\/mont-roig.cat\/wp-content\/uploads\/Caf\u00e8-amb-lalcalde_v2-1-e1484738310940.jpg","datePublished":"2017-01-18T09:33:08+00:00","dateModified":"2017-01-18T09:40:23+00:00","author":{"@id":"https:\/\/mont-roig.cat\/es\/#\/schema\/person\/f2b111789f22b7d0c3bd6786c9128cba"},"breadcrumb":{"@id":"https:\/\/mont-roig.cat\/es\/actualitat\/noticies\/quieres-tomar-cafe-con-el-alcalde\/#breadcrumb"},"inLanguage":"es","potentialAction":[{"@type":"ReadAction","target":["https:\/\/mont-roig.cat\/es\/actualitat\/noticies\/quieres-tomar-cafe-con-el-alcalde\/"]}]},{"@type":"ImageObject","inLanguage":"es","@id":"https:\/\/mont-roig.cat\/es\/actualitat\/noticies\/quieres-tomar-cafe-con-el-alcalde\/#primaryimage","url":"https:\/\/mont-roig.cat\/wp-content\/uploads\/Caf\u00e8-amb-lalcalde_v2-1-e1484738310940.jpg","contentUrl":"https:\/\/mont-roig.cat\/wp-content\/uploads\/Caf\u00e8-amb-lalcalde_v2-1-e1484738310940.jpg","width":300,"height":141},{"@type":"BreadcrumbList","@id":"https:\/\/mont-roig.cat\/es\/actualitat\/noticies\/quieres-tomar-cafe-con-el-alcalde\/#breadcrumb","itemListElement":[{"@type":"ListItem","position":1,"name":"Inici","item":"https:\/\/mont-roig.cat\/es\/pagina-de-inicio\/"},{"@type":"ListItem","position":2,"name":"\u00bfQuieres tomar caf\u00e9 con el alcalde?"}]},{"@type":"WebSite","@id":"https:\/\/mont-roig.cat\/es\/#website","url":"https:\/\/mont-roig.cat\/es\/","name":"Ajuntament de Mont-roig del Camp","description":"Tota la informaci\u00f3 sobre la instituci\u00f3, els seus \u00f2rgans de govern, actualitat, serveis i molt m\u00e9s.","potentialAction":[{"@type":"SearchAction","target":{"@type":"EntryPoint","urlTemplate":"https:\/\/mont-roig.cat\/es\/?s={search_term_string}"},"query-input":{"@type":"PropertyValueSpecification","valueRequired":true,"valueName":"search_term_string"}}],"inLanguage":"es"},{"@type":"Person","@id":"https:\/\/mont-roig.cat\/es\/#\/schema\/person\/f2b111789f22b7d0c3bd6786c9128cba","name":"administrador","image":{"@type":"ImageObject","inLanguage":"es","@id":"https:\/\/secure.gravatar.com\/avatar\/9137aac6891e2595c9d3036fd83bcb653b4db3c946db4c7d9b9be193c3c944bb?s=96&d=mm&r=g","url":"https:\/\/secure.gravatar.com\/avatar\/9137aac6891e2595c9d3036fd83bcb653b4db3c946db4c7d9b9be193c3c944bb?s=96&d=mm&r=g","contentUrl":"https:\/\/secure.gravatar.com\/avatar\/9137aac6891e2595c9d3036fd83bcb653b4db3c946db4c7d9b9be193c3c944bb?s=96&d=mm&r=g","caption":"administrador"},"url":"https:\/\/mont-roig.cat\/es\/actualitat\/noticies\/author\/administrador\/"}]}},"_links":{"self":[{"href":"https:\/\/mont-roig.cat\/es\/wp-json\/wp\/v2\/posts\/14498","targetHints":{"allow":["GET"]}}],"collection":[{"href":"https:\/\/mont-roig.cat\/es\/wp-json\/wp\/v2\/posts"}],"about":[{"href":"https:\/\/mont-roig.cat\/es\/wp-json\/wp\/v2\/types\/post"}],"author":[{"embeddable":true,"href":"https:\/\/mont-roig.cat\/es\/wp-json\/wp\/v2\/users\/4"}],"replies":[{"embeddable":true,"href":"https:\/\/mont-roig.cat\/es\/wp-json\/wp\/v2\/comments?post=14498"}],"version-history":[{"count":0,"href":"https:\/\/mont-roig.cat\/es\/wp-json\/wp\/v2\/posts\/14498\/revisions"}],"wp:featuredmedia":[{"embeddable":true,"href":"https:\/\/mont-roig.cat\/es\/wp-json\/wp\/v2\/media\/14491"}],"wp:attachment":[{"href":"https:\/\/mont-roig.cat\/es\/wp-json\/wp\/v2\/media?parent=14498"}],"wp:term":[{"taxonomy":"category","embeddable":true,"href":"https:\/\/mont-roig.cat\/es\/wp-json\/wp\/v2\/categories?post=14498"},{"taxonomy":"post_tag","embeddable":true,"href":"https:\/\/mont-roig.cat\/es\/wp-json\/wp\/v2\/tags?post=14498"}],"curies":[{"name":"wp","href":"https:\/\/api.w.org\/{rel}","templated":true}]}}