{"id":14992,"date":"2017-02-03T13:50:16","date_gmt":"2017-02-03T12:50:16","guid":{"rendered":"http:\/\/mont-roig.cat\/actualitat\/noticies\/els-voluntaris-del-menjador-social-de-miami-platja-reben-el-reconeixement-de-lajuntament-de-mont-roig-del-camp\/"},"modified":"2017-02-03T14:04:04","modified_gmt":"2017-02-03T13:04:04","slug":"els-voluntaris-del-menjador-social-de-miami-platja-reben-el-reconeixement-de-lajuntament-de-mont-roig-del-camp","status":"publish","type":"post","link":"https:\/\/mont-roig.cat\/es\/actualitat\/noticies\/els-voluntaris-del-menjador-social-de-miami-platja-reben-el-reconeixement-de-lajuntament-de-mont-roig-del-camp\/","title":{"rendered":"Los voluntarios del comedor social de Miami Platja reciben el reconocimiento del Ayuntamiento de Mont-roig del Camp"},"content":{"rendered":"<ul>\n<li style=\"text-align: justify;\"><strong><a href=\"http:\/\/mont-roig.cat\/wp-content\/uploads\/Menjador-social.jpg\"><img loading=\"lazy\" decoding=\"async\" class=\" wp-image-14988 alignright\" src=\"http:\/\/mont-roig.cat\/wp-content\/uploads\/Menjador-social-500x294.jpg\" alt=\"\" width=\"303\" height=\"178\" srcset=\"https:\/\/mont-roig.cat\/wp-content\/uploads\/Menjador-social-500x294.jpg 500w, https:\/\/mont-roig.cat\/wp-content\/uploads\/Menjador-social-768x451.jpg 768w, https:\/\/mont-roig.cat\/wp-content\/uploads\/Menjador-social-1024x601.jpg 1024w, https:\/\/mont-roig.cat\/wp-content\/uploads\/Menjador-social.jpg 1202w\" sizes=\"auto, (max-width: 303px) 100vw, 303px\" \/><\/a>Actualmente el comedor social cuenta con una decena de voluntarios que, de forma desinteresada, prestan su ayuda con tal que este servicio pueda llegar a personas con necesidades sociales y de subsistencia.<\/strong><\/li>\n<\/ul>\n<p>El Ayuntamiento de Mont-roig del Camp ha agradecido la tarea que llevan a cabo los voluntarios del comedor social, ubicado en el Casal d&#8217;Avis del Centre Polivalent de Miami Platja. El consistorio ha querido valorar su faena con un encuentro con el alcalde de Mont-roig del Camp, Fran Morancho, y el concejal de Acci\u00f3n Social, Enrique L\u00f3pez, que han reconocido su esfuerzo, tiempo y dedicaci\u00f3n.<\/p>\n<p>El acto ha servido para debatir algunos temas y problem\u00e1ticas que se encuentran desde el voluntariado y que se deber\u00edan mejorar. As\u00ed, uno de los objetivos principales del departamento es facilitar y acercar este servicio a todas las zonas del municipio.<\/p>\n<p>El comedor social trabaja con un grupo formado por una decena de voluntarios que, de forma desinteresada, prestan su ayuda en las tareas del d\u00eda a d\u00eda con el objetivo de que la gente sin recursos puedan beneficiarse de un plato diario. En situaciones puntuales, el servicio tambi\u00e9n cuenta con el apoyo de la Cruz Roja que facilita voluntarios.<\/p>\n<p>Las personas que solicitan y acceden a la ayuda pueden obtener\u00a0durante seis meses un plato diario a precio simb\u00f3lico o de manera gratuita. Actualmente, alrededor de una decena de personas se benefician de este servicio que es posible gracias a la tarea llevada a cabo por el voluntariado.<\/p>\n<p>&nbsp;<\/p>\n","protected":false},"excerpt":{"rendered":"<p>Actualmente el comedor social cuenta con una decena de voluntarios que, de forma desinteresada, prestan su ayuda con tal que este servicio pueda llegar a personas con necesidades sociales y de subsistencia. El Ayuntamiento de Mont-roig del Camp ha agradecido la tarea que llevan a cabo los voluntarios del comedor social, ubicado en el Casal [&hellip;]<\/p>\n","protected":false},"author":4,"featured_media":14988,"comment_status":"closed","ping_status":"closed","sticky":false,"template":"","format":"standard","meta":{"inline_featured_image":false,"_monsterinsights_skip_tracking":false,"_monsterinsights_sitenote_active":false,"_monsterinsights_sitenote_note":"","_monsterinsights_sitenote_category":0,"footnotes":""},"categories":[98,71,114],"tags":[],"class_list":["post-14992","post","type-post","status-publish","format-standard","has-post-thumbnail","hentry","category-ayuntamiento","category-general-es","category-servicios-sociales"],"yoast_head":"<!-- This site is optimized with the Yoast SEO plugin v27.4 - https:\/\/yoast.com\/product\/yoast-seo-wordpress\/ -->\n<title>Los voluntarios del comedor social de Miami Platja reciben el reconocimiento del Ayuntamiento de Mont-roig del Camp - Ajuntament de Mont-roig del Camp<\/title>\n<meta name=\"robots\" content=\"index, follow, max-snippet:-1, max-image-preview:large, max-video-preview:-1\" \/>\n<link rel=\"canonical\" href=\"https:\/\/mont-roig.cat\/es\/actualitat\/noticies\/els-voluntaris-del-menjador-social-de-miami-platja-reben-el-reconeixement-de-lajuntament-de-mont-roig-del-camp\/\" \/>\n<meta property=\"og:locale\" content=\"es_ES\" \/>\n<meta property=\"og:type\" content=\"article\" \/>\n<meta property=\"og:title\" content=\"Los voluntarios del comedor social de Miami Platja reciben el reconocimiento del Ayuntamiento de Mont-roig del Camp - Ajuntament de Mont-roig del Camp\" \/>\n<meta property=\"og:description\" content=\"Actualmente el comedor social cuenta con una decena de voluntarios que, de forma desinteresada, prestan su ayuda con tal que este servicio pueda llegar a personas con necesidades sociales y de subsistencia. El Ayuntamiento de Mont-roig del Camp ha agradecido la tarea que llevan a cabo los voluntarios del comedor social, ubicado en el Casal [&hellip;]\" \/>\n<meta property=\"og:url\" content=\"https:\/\/mont-roig.cat\/es\/actualitat\/noticies\/els-voluntaris-del-menjador-social-de-miami-platja-reben-el-reconeixement-de-lajuntament-de-mont-roig-del-camp\/\" \/>\n<meta property=\"og:site_name\" content=\"Ajuntament de Mont-roig del Camp\" \/>\n<meta property=\"article:published_time\" content=\"2017-02-03T12:50:16+00:00\" \/>\n<meta property=\"article:modified_time\" content=\"2017-02-03T13:04:04+00:00\" \/>\n<meta property=\"og:image\" content=\"https:\/\/mont-roig.cat\/wp-content\/uploads\/Menjador-social.jpg\" \/>\n\t<meta property=\"og:image:width\" content=\"1202\" \/>\n\t<meta property=\"og:image:height\" content=\"706\" \/>\n\t<meta property=\"og:image:type\" content=\"image\/jpeg\" \/>\n<meta name=\"author\" content=\"administrador\" \/>\n<meta name=\"twitter:card\" content=\"summary_large_image\" \/>\n<meta name=\"twitter:label1\" content=\"Escrito por\" \/>\n\t<meta name=\"twitter:data1\" content=\"administrador\" \/>\n\t<meta name=\"twitter:label2\" content=\"Tiempo de lectura\" \/>\n\t<meta name=\"twitter:data2\" content=\"1 minuto\" \/>\n<script type=\"application\/ld+json\" class=\"yoast-schema-graph\">{\"@context\":\"https:\\\/\\\/schema.org\",\"@graph\":[{\"@type\":\"Article\",\"@id\":\"https:\\\/\\\/mont-roig.cat\\\/es\\\/actualitat\\\/noticies\\\/els-voluntaris-del-menjador-social-de-miami-platja-reben-el-reconeixement-de-lajuntament-de-mont-roig-del-camp\\\/#article\",\"isPartOf\":{\"@id\":\"https:\\\/\\\/mont-roig.cat\\\/es\\\/actualitat\\\/noticies\\\/els-voluntaris-del-menjador-social-de-miami-platja-reben-el-reconeixement-de-lajuntament-de-mont-roig-del-camp\\\/\"},\"author\":{\"name\":\"administrador\",\"@id\":\"https:\\\/\\\/mont-roig.cat\\\/es\\\/#\\\/schema\\\/person\\\/f2b111789f22b7d0c3bd6786c9128cba\"},\"headline\":\"Los voluntarios del comedor social de Miami Platja reciben el reconocimiento del Ayuntamiento de Mont-roig del Camp\",\"datePublished\":\"2017-02-03T12:50:16+00:00\",\"dateModified\":\"2017-02-03T13:04:04+00:00\",\"mainEntityOfPage\":{\"@id\":\"https:\\\/\\\/mont-roig.cat\\\/es\\\/actualitat\\\/noticies\\\/els-voluntaris-del-menjador-social-de-miami-platja-reben-el-reconeixement-de-lajuntament-de-mont-roig-del-camp\\\/\"},\"wordCount\":273,\"image\":{\"@id\":\"https:\\\/\\\/mont-roig.cat\\\/es\\\/actualitat\\\/noticies\\\/els-voluntaris-del-menjador-social-de-miami-platja-reben-el-reconeixement-de-lajuntament-de-mont-roig-del-camp\\\/#primaryimage\"},\"thumbnailUrl\":\"https:\\\/\\\/mont-roig.cat\\\/wp-content\\\/uploads\\\/Menjador-social.jpg\",\"articleSection\":[\"Ayuntamiento\",\"General\",\"Servicios sociales\"],\"inLanguage\":\"es\"},{\"@type\":\"WebPage\",\"@id\":\"https:\\\/\\\/mont-roig.cat\\\/es\\\/actualitat\\\/noticies\\\/els-voluntaris-del-menjador-social-de-miami-platja-reben-el-reconeixement-de-lajuntament-de-mont-roig-del-camp\\\/\",\"url\":\"https:\\\/\\\/mont-roig.cat\\\/es\\\/actualitat\\\/noticies\\\/els-voluntaris-del-menjador-social-de-miami-platja-reben-el-reconeixement-de-lajuntament-de-mont-roig-del-camp\\\/\",\"name\":\"Los voluntarios del comedor social de Miami Platja reciben el reconocimiento del Ayuntamiento de Mont-roig del Camp - Ajuntament de Mont-roig del Camp\",\"isPartOf\":{\"@id\":\"https:\\\/\\\/mont-roig.cat\\\/es\\\/#website\"},\"primaryImageOfPage\":{\"@id\":\"https:\\\/\\\/mont-roig.cat\\\/es\\\/actualitat\\\/noticies\\\/els-voluntaris-del-menjador-social-de-miami-platja-reben-el-reconeixement-de-lajuntament-de-mont-roig-del-camp\\\/#primaryimage\"},\"image\":{\"@id\":\"https:\\\/\\\/mont-roig.cat\\\/es\\\/actualitat\\\/noticies\\\/els-voluntaris-del-menjador-social-de-miami-platja-reben-el-reconeixement-de-lajuntament-de-mont-roig-del-camp\\\/#primaryimage\"},\"thumbnailUrl\":\"https:\\\/\\\/mont-roig.cat\\\/wp-content\\\/uploads\\\/Menjador-social.jpg\",\"datePublished\":\"2017-02-03T12:50:16+00:00\",\"dateModified\":\"2017-02-03T13:04:04+00:00\",\"author\":{\"@id\":\"https:\\\/\\\/mont-roig.cat\\\/es\\\/#\\\/schema\\\/person\\\/f2b111789f22b7d0c3bd6786c9128cba\"},\"breadcrumb\":{\"@id\":\"https:\\\/\\\/mont-roig.cat\\\/es\\\/actualitat\\\/noticies\\\/els-voluntaris-del-menjador-social-de-miami-platja-reben-el-reconeixement-de-lajuntament-de-mont-roig-del-camp\\\/#breadcrumb\"},\"inLanguage\":\"es\",\"potentialAction\":[{\"@type\":\"ReadAction\",\"target\":[\"https:\\\/\\\/mont-roig.cat\\\/es\\\/actualitat\\\/noticies\\\/els-voluntaris-del-menjador-social-de-miami-platja-reben-el-reconeixement-de-lajuntament-de-mont-roig-del-camp\\\/\"]}]},{\"@type\":\"ImageObject\",\"inLanguage\":\"es\",\"@id\":\"https:\\\/\\\/mont-roig.cat\\\/es\\\/actualitat\\\/noticies\\\/els-voluntaris-del-menjador-social-de-miami-platja-reben-el-reconeixement-de-lajuntament-de-mont-roig-del-camp\\\/#primaryimage\",\"url\":\"https:\\\/\\\/mont-roig.cat\\\/wp-content\\\/uploads\\\/Menjador-social.jpg\",\"contentUrl\":\"https:\\\/\\\/mont-roig.cat\\\/wp-content\\\/uploads\\\/Menjador-social.jpg\",\"width\":1202,\"height\":706},{\"@type\":\"BreadcrumbList\",\"@id\":\"https:\\\/\\\/mont-roig.cat\\\/es\\\/actualitat\\\/noticies\\\/els-voluntaris-del-menjador-social-de-miami-platja-reben-el-reconeixement-de-lajuntament-de-mont-roig-del-camp\\\/#breadcrumb\",\"itemListElement\":[{\"@type\":\"ListItem\",\"position\":1,\"name\":\"Inici\",\"item\":\"https:\\\/\\\/mont-roig.cat\\\/es\\\/pagina-de-inicio\\\/\"},{\"@type\":\"ListItem\",\"position\":2,\"name\":\"Los voluntarios del comedor social de Miami Platja reciben el reconocimiento del Ayuntamiento de Mont-roig del Camp\"}]},{\"@type\":\"WebSite\",\"@id\":\"https:\\\/\\\/mont-roig.cat\\\/es\\\/#website\",\"url\":\"https:\\\/\\\/mont-roig.cat\\\/es\\\/\",\"name\":\"Ajuntament de Mont-roig del Camp\",\"description\":\"Tota la informaci\u00f3 sobre la instituci\u00f3, els seus \u00f2rgans de govern, actualitat, serveis i molt m\u00e9s.\",\"potentialAction\":[{\"@type\":\"SearchAction\",\"target\":{\"@type\":\"EntryPoint\",\"urlTemplate\":\"https:\\\/\\\/mont-roig.cat\\\/es\\\/?s={search_term_string}\"},\"query-input\":{\"@type\":\"PropertyValueSpecification\",\"valueRequired\":true,\"valueName\":\"search_term_string\"}}],\"inLanguage\":\"es\"},{\"@type\":\"Person\",\"@id\":\"https:\\\/\\\/mont-roig.cat\\\/es\\\/#\\\/schema\\\/person\\\/f2b111789f22b7d0c3bd6786c9128cba\",\"name\":\"administrador\",\"image\":{\"@type\":\"ImageObject\",\"inLanguage\":\"es\",\"@id\":\"https:\\\/\\\/secure.gravatar.com\\\/avatar\\\/9137aac6891e2595c9d3036fd83bcb653b4db3c946db4c7d9b9be193c3c944bb?s=96&d=mm&r=g\",\"url\":\"https:\\\/\\\/secure.gravatar.com\\\/avatar\\\/9137aac6891e2595c9d3036fd83bcb653b4db3c946db4c7d9b9be193c3c944bb?s=96&d=mm&r=g\",\"contentUrl\":\"https:\\\/\\\/secure.gravatar.com\\\/avatar\\\/9137aac6891e2595c9d3036fd83bcb653b4db3c946db4c7d9b9be193c3c944bb?s=96&d=mm&r=g\",\"caption\":\"administrador\"},\"url\":\"https:\\\/\\\/mont-roig.cat\\\/es\\\/actualitat\\\/noticies\\\/author\\\/administrador\\\/\"}]}<\/script>\n<!-- \/ Yoast SEO plugin. -->","yoast_head_json":{"title":"Los voluntarios del comedor social de Miami Platja reciben el reconocimiento del Ayuntamiento de Mont-roig del Camp - Ajuntament de Mont-roig del Camp","robots":{"index":"index","follow":"follow","max-snippet":"max-snippet:-1","max-image-preview":"max-image-preview:large","max-video-preview":"max-video-preview:-1"},"canonical":"https:\/\/mont-roig.cat\/es\/actualitat\/noticies\/els-voluntaris-del-menjador-social-de-miami-platja-reben-el-reconeixement-de-lajuntament-de-mont-roig-del-camp\/","og_locale":"es_ES","og_type":"article","og_title":"Los voluntarios del comedor social de Miami Platja reciben el reconocimiento del Ayuntamiento de Mont-roig del Camp - Ajuntament de Mont-roig del Camp","og_description":"Actualmente el comedor social cuenta con una decena de voluntarios que, de forma desinteresada, prestan su ayuda con tal que este servicio pueda llegar a personas con necesidades sociales y de subsistencia. El Ayuntamiento de Mont-roig del Camp ha agradecido la tarea que llevan a cabo los voluntarios del comedor social, ubicado en el Casal [&hellip;]","og_url":"https:\/\/mont-roig.cat\/es\/actualitat\/noticies\/els-voluntaris-del-menjador-social-de-miami-platja-reben-el-reconeixement-de-lajuntament-de-mont-roig-del-camp\/","og_site_name":"Ajuntament de Mont-roig del Camp","article_published_time":"2017-02-03T12:50:16+00:00","article_modified_time":"2017-02-03T13:04:04+00:00","og_image":[{"width":1202,"height":706,"url":"https:\/\/mont-roig.cat\/wp-content\/uploads\/Menjador-social.jpg","type":"image\/jpeg"}],"author":"administrador","twitter_card":"summary_large_image","twitter_misc":{"Escrito por":"administrador","Tiempo de lectura":"1 minuto"},"schema":{"@context":"https:\/\/schema.org","@graph":[{"@type":"Article","@id":"https:\/\/mont-roig.cat\/es\/actualitat\/noticies\/els-voluntaris-del-menjador-social-de-miami-platja-reben-el-reconeixement-de-lajuntament-de-mont-roig-del-camp\/#article","isPartOf":{"@id":"https:\/\/mont-roig.cat\/es\/actualitat\/noticies\/els-voluntaris-del-menjador-social-de-miami-platja-reben-el-reconeixement-de-lajuntament-de-mont-roig-del-camp\/"},"author":{"name":"administrador","@id":"https:\/\/mont-roig.cat\/es\/#\/schema\/person\/f2b111789f22b7d0c3bd6786c9128cba"},"headline":"Los voluntarios del comedor social de Miami Platja reciben el reconocimiento del Ayuntamiento de Mont-roig del Camp","datePublished":"2017-02-03T12:50:16+00:00","dateModified":"2017-02-03T13:04:04+00:00","mainEntityOfPage":{"@id":"https:\/\/mont-roig.cat\/es\/actualitat\/noticies\/els-voluntaris-del-menjador-social-de-miami-platja-reben-el-reconeixement-de-lajuntament-de-mont-roig-del-camp\/"},"wordCount":273,"image":{"@id":"https:\/\/mont-roig.cat\/es\/actualitat\/noticies\/els-voluntaris-del-menjador-social-de-miami-platja-reben-el-reconeixement-de-lajuntament-de-mont-roig-del-camp\/#primaryimage"},"thumbnailUrl":"https:\/\/mont-roig.cat\/wp-content\/uploads\/Menjador-social.jpg","articleSection":["Ayuntamiento","General","Servicios sociales"],"inLanguage":"es"},{"@type":"WebPage","@id":"https:\/\/mont-roig.cat\/es\/actualitat\/noticies\/els-voluntaris-del-menjador-social-de-miami-platja-reben-el-reconeixement-de-lajuntament-de-mont-roig-del-camp\/","url":"https:\/\/mont-roig.cat\/es\/actualitat\/noticies\/els-voluntaris-del-menjador-social-de-miami-platja-reben-el-reconeixement-de-lajuntament-de-mont-roig-del-camp\/","name":"Los voluntarios del comedor social de Miami Platja reciben el reconocimiento del Ayuntamiento de Mont-roig del Camp - Ajuntament de Mont-roig del Camp","isPartOf":{"@id":"https:\/\/mont-roig.cat\/es\/#website"},"primaryImageOfPage":{"@id":"https:\/\/mont-roig.cat\/es\/actualitat\/noticies\/els-voluntaris-del-menjador-social-de-miami-platja-reben-el-reconeixement-de-lajuntament-de-mont-roig-del-camp\/#primaryimage"},"image":{"@id":"https:\/\/mont-roig.cat\/es\/actualitat\/noticies\/els-voluntaris-del-menjador-social-de-miami-platja-reben-el-reconeixement-de-lajuntament-de-mont-roig-del-camp\/#primaryimage"},"thumbnailUrl":"https:\/\/mont-roig.cat\/wp-content\/uploads\/Menjador-social.jpg","datePublished":"2017-02-03T12:50:16+00:00","dateModified":"2017-02-03T13:04:04+00:00","author":{"@id":"https:\/\/mont-roig.cat\/es\/#\/schema\/person\/f2b111789f22b7d0c3bd6786c9128cba"},"breadcrumb":{"@id":"https:\/\/mont-roig.cat\/es\/actualitat\/noticies\/els-voluntaris-del-menjador-social-de-miami-platja-reben-el-reconeixement-de-lajuntament-de-mont-roig-del-camp\/#breadcrumb"},"inLanguage":"es","potentialAction":[{"@type":"ReadAction","target":["https:\/\/mont-roig.cat\/es\/actualitat\/noticies\/els-voluntaris-del-menjador-social-de-miami-platja-reben-el-reconeixement-de-lajuntament-de-mont-roig-del-camp\/"]}]},{"@type":"ImageObject","inLanguage":"es","@id":"https:\/\/mont-roig.cat\/es\/actualitat\/noticies\/els-voluntaris-del-menjador-social-de-miami-platja-reben-el-reconeixement-de-lajuntament-de-mont-roig-del-camp\/#primaryimage","url":"https:\/\/mont-roig.cat\/wp-content\/uploads\/Menjador-social.jpg","contentUrl":"https:\/\/mont-roig.cat\/wp-content\/uploads\/Menjador-social.jpg","width":1202,"height":706},{"@type":"BreadcrumbList","@id":"https:\/\/mont-roig.cat\/es\/actualitat\/noticies\/els-voluntaris-del-menjador-social-de-miami-platja-reben-el-reconeixement-de-lajuntament-de-mont-roig-del-camp\/#breadcrumb","itemListElement":[{"@type":"ListItem","position":1,"name":"Inici","item":"https:\/\/mont-roig.cat\/es\/pagina-de-inicio\/"},{"@type":"ListItem","position":2,"name":"Los voluntarios del comedor social de Miami Platja reciben el reconocimiento del Ayuntamiento de Mont-roig del Camp"}]},{"@type":"WebSite","@id":"https:\/\/mont-roig.cat\/es\/#website","url":"https:\/\/mont-roig.cat\/es\/","name":"Ajuntament de Mont-roig del Camp","description":"Tota la informaci\u00f3 sobre la instituci\u00f3, els seus \u00f2rgans de govern, actualitat, serveis i molt m\u00e9s.","potentialAction":[{"@type":"SearchAction","target":{"@type":"EntryPoint","urlTemplate":"https:\/\/mont-roig.cat\/es\/?s={search_term_string}"},"query-input":{"@type":"PropertyValueSpecification","valueRequired":true,"valueName":"search_term_string"}}],"inLanguage":"es"},{"@type":"Person","@id":"https:\/\/mont-roig.cat\/es\/#\/schema\/person\/f2b111789f22b7d0c3bd6786c9128cba","name":"administrador","image":{"@type":"ImageObject","inLanguage":"es","@id":"https:\/\/secure.gravatar.com\/avatar\/9137aac6891e2595c9d3036fd83bcb653b4db3c946db4c7d9b9be193c3c944bb?s=96&d=mm&r=g","url":"https:\/\/secure.gravatar.com\/avatar\/9137aac6891e2595c9d3036fd83bcb653b4db3c946db4c7d9b9be193c3c944bb?s=96&d=mm&r=g","contentUrl":"https:\/\/secure.gravatar.com\/avatar\/9137aac6891e2595c9d3036fd83bcb653b4db3c946db4c7d9b9be193c3c944bb?s=96&d=mm&r=g","caption":"administrador"},"url":"https:\/\/mont-roig.cat\/es\/actualitat\/noticies\/author\/administrador\/"}]}},"_links":{"self":[{"href":"https:\/\/mont-roig.cat\/es\/wp-json\/wp\/v2\/posts\/14992","targetHints":{"allow":["GET"]}}],"collection":[{"href":"https:\/\/mont-roig.cat\/es\/wp-json\/wp\/v2\/posts"}],"about":[{"href":"https:\/\/mont-roig.cat\/es\/wp-json\/wp\/v2\/types\/post"}],"author":[{"embeddable":true,"href":"https:\/\/mont-roig.cat\/es\/wp-json\/wp\/v2\/users\/4"}],"replies":[{"embeddable":true,"href":"https:\/\/mont-roig.cat\/es\/wp-json\/wp\/v2\/comments?post=14992"}],"version-history":[{"count":0,"href":"https:\/\/mont-roig.cat\/es\/wp-json\/wp\/v2\/posts\/14992\/revisions"}],"wp:featuredmedia":[{"embeddable":true,"href":"https:\/\/mont-roig.cat\/es\/wp-json\/wp\/v2\/media\/14988"}],"wp:attachment":[{"href":"https:\/\/mont-roig.cat\/es\/wp-json\/wp\/v2\/media?parent=14992"}],"wp:term":[{"taxonomy":"category","embeddable":true,"href":"https:\/\/mont-roig.cat\/es\/wp-json\/wp\/v2\/categories?post=14992"},{"taxonomy":"post_tag","embeddable":true,"href":"https:\/\/mont-roig.cat\/es\/wp-json\/wp\/v2\/tags?post=14992"}],"curies":[{"name":"wp","href":"https:\/\/api.w.org\/{rel}","templated":true}]}}