{"id":15015,"date":"2017-02-06T12:11:21","date_gmt":"2017-02-06T11:11:21","guid":{"rendered":"http:\/\/mont-roig.cat\/actualitat\/noticies\/la-policia-local-de-mont-roig-del-camp-dete-un-ciutada-amb-quatre-ordres-de-preso\/"},"modified":"2017-02-06T12:22:38","modified_gmt":"2017-02-06T11:22:38","slug":"la-policia-local-de-mont-roig-del-camp-dete-un-ciutada-amb-quatre-ordres-de-preso","status":"publish","type":"post","link":"https:\/\/mont-roig.cat\/es\/actualitat\/noticies\/la-policia-local-de-mont-roig-del-camp-dete-un-ciutada-amb-quatre-ordres-de-preso\/","title":{"rendered":"La Polic\u00eda Local de Mont-roig del Camp detiene a un ciudadano con cuatro \u00f3rdenes de prisi\u00f3n"},"content":{"rendered":"<p><strong><em><a href=\"http:\/\/mont-roig.cat\/wp-content\/uploads\/Caserna-policia-local-1.jpg\"><img loading=\"lazy\" decoding=\"async\" class=\" wp-image-14204 alignright\" src=\"http:\/\/mont-roig.cat\/wp-content\/uploads\/Caserna-policia-local-1-500x375.jpg\" alt=\"\" width=\"302\" height=\"227\" srcset=\"https:\/\/mont-roig.cat\/wp-content\/uploads\/Caserna-policia-local-1-500x375.jpg 500w, https:\/\/mont-roig.cat\/wp-content\/uploads\/Caserna-policia-local-1-768x576.jpg 768w, https:\/\/mont-roig.cat\/wp-content\/uploads\/Caserna-policia-local-1-1024x768.jpg 1024w, https:\/\/mont-roig.cat\/wp-content\/uploads\/Caserna-policia-local-1-463x348.jpg 463w, https:\/\/mont-roig.cat\/wp-content\/uploads\/Caserna-policia-local-1.jpg 1920w\" sizes=\"auto, (max-width: 302px) 100vw, 302px\" \/><\/a><\/em><\/strong><\/p>\n<ul>\n<li style=\"text-align: justify;\"><strong><em>El individuo, de 49 a\u00f1os, vecino de Sant Vicen\u00e7 dels Horts, fue detenido en la Avenida de Barcelona, despu\u00e9s de que el coche en el que viajaba se salt\u00f3 un sem\u00e1foro en rojo.<\/em><\/strong><\/li>\n<\/ul>\n<p>La patrulla de la Polic\u00eda Local de Mont-roig del Camp ha detenido este s\u00e1bado, 4 de febrero, a un ciudadano de 49 a\u00f1os, vecino de Sant Vicen\u00e7 dels Horts. Los hechos tuvieron lugar a las 8 de la ma\u00f1ana, cuando un veh\u00edculo se salt\u00f3 un sem\u00e1foro en rojo en la Avenida de Barcelona de Miami Platja. En observarlo, la patrulla que circulaba por esa zona, detuvo el veh\u00edculo y procedi\u00f3 a la identificaci\u00f3n de los ocupantes. Cuando fue el turno del detenido, M.M.M., que en aquel momento se encontraba en el interior del veh\u00edculo, los agentes, a trav\u00e9s del sistema policial, comprobaron que ten\u00eda cuatro requerimientos de b\u00fasqueda, detenci\u00f3n e ingreso a prisi\u00f3n por cuatro juzgados diferentes de Barcelona. Por este motivo, la Polic\u00eda Local inmediatamente detuvo al individuo y lo puso a disposici\u00f3n de los Mossos de Esquadra.<\/p>\n","protected":false},"excerpt":{"rendered":"<p>El individuo, de 49 a\u00f1os, vecino de Sant Vicen\u00e7 dels Horts, fue detenido en la Avenida de Barcelona, despu\u00e9s de que el coche en el que viajaba se salt\u00f3 un sem\u00e1foro en rojo. La patrulla de la Polic\u00eda Local de Mont-roig del Camp ha detenido este s\u00e1bado, 4 de febrero, a un ciudadano de 49 [&hellip;]<\/p>\n","protected":false},"author":4,"featured_media":14199,"comment_status":"closed","ping_status":"closed","sticky":false,"template":"","format":"standard","meta":{"inline_featured_image":false,"_monsterinsights_skip_tracking":false,"_monsterinsights_sitenote_active":false,"_monsterinsights_sitenote_note":"","_monsterinsights_sitenote_category":0,"footnotes":""},"categories":[71,113],"tags":[],"class_list":["post-15015","post","type-post","status-publish","format-standard","has-post-thumbnail","hentry","category-general-es","category-seguridad"],"yoast_head":"<!-- This site is optimized with the Yoast SEO plugin v27.4 - https:\/\/yoast.com\/product\/yoast-seo-wordpress\/ -->\n<title>La Polic\u00eda Local de Mont-roig del Camp detiene a un ciudadano con cuatro \u00f3rdenes de prisi\u00f3n - Ajuntament de Mont-roig del Camp<\/title>\n<meta name=\"robots\" content=\"index, follow, max-snippet:-1, max-image-preview:large, max-video-preview:-1\" \/>\n<link rel=\"canonical\" href=\"https:\/\/mont-roig.cat\/es\/actualitat\/noticies\/la-policia-local-de-mont-roig-del-camp-dete-un-ciutada-amb-quatre-ordres-de-preso\/\" \/>\n<meta property=\"og:locale\" content=\"es_ES\" \/>\n<meta property=\"og:type\" content=\"article\" \/>\n<meta property=\"og:title\" content=\"La Polic\u00eda Local de Mont-roig del Camp detiene a un ciudadano con cuatro \u00f3rdenes de prisi\u00f3n - Ajuntament de Mont-roig del Camp\" \/>\n<meta property=\"og:description\" content=\"El individuo, de 49 a\u00f1os, vecino de Sant Vicen\u00e7 dels Horts, fue detenido en la Avenida de Barcelona, despu\u00e9s de que el coche en el que viajaba se salt\u00f3 un sem\u00e1foro en rojo. La patrulla de la Polic\u00eda Local de Mont-roig del Camp ha detenido este s\u00e1bado, 4 de febrero, a un ciudadano de 49 [&hellip;]\" \/>\n<meta property=\"og:url\" content=\"https:\/\/mont-roig.cat\/es\/actualitat\/noticies\/la-policia-local-de-mont-roig-del-camp-dete-un-ciutada-amb-quatre-ordres-de-preso\/\" \/>\n<meta property=\"og:site_name\" content=\"Ajuntament de Mont-roig del Camp\" \/>\n<meta property=\"article:published_time\" content=\"2017-02-06T11:11:21+00:00\" \/>\n<meta property=\"article:modified_time\" content=\"2017-02-06T11:22:38+00:00\" \/>\n<meta property=\"og:image\" content=\"https:\/\/mont-roig.cat\/wp-content\/uploads\/Caserna-policia-local.jpg\" \/>\n\t<meta property=\"og:image:width\" content=\"1920\" \/>\n\t<meta property=\"og:image:height\" content=\"1440\" \/>\n\t<meta property=\"og:image:type\" content=\"image\/jpeg\" \/>\n<meta name=\"author\" content=\"administrador\" \/>\n<meta name=\"twitter:card\" content=\"summary_large_image\" \/>\n<meta name=\"twitter:label1\" content=\"Escrito por\" \/>\n\t<meta name=\"twitter:data1\" content=\"administrador\" \/>\n\t<meta name=\"twitter:label2\" content=\"Tiempo de lectura\" \/>\n\t<meta name=\"twitter:data2\" content=\"1 minuto\" \/>\n<script type=\"application\/ld+json\" class=\"yoast-schema-graph\">{\"@context\":\"https:\\\/\\\/schema.org\",\"@graph\":[{\"@type\":\"Article\",\"@id\":\"https:\\\/\\\/mont-roig.cat\\\/es\\\/actualitat\\\/noticies\\\/la-policia-local-de-mont-roig-del-camp-dete-un-ciutada-amb-quatre-ordres-de-preso\\\/#article\",\"isPartOf\":{\"@id\":\"https:\\\/\\\/mont-roig.cat\\\/es\\\/actualitat\\\/noticies\\\/la-policia-local-de-mont-roig-del-camp-dete-un-ciutada-amb-quatre-ordres-de-preso\\\/\"},\"author\":{\"name\":\"administrador\",\"@id\":\"https:\\\/\\\/mont-roig.cat\\\/es\\\/#\\\/schema\\\/person\\\/f2b111789f22b7d0c3bd6786c9128cba\"},\"headline\":\"La Polic\u00eda Local de Mont-roig del Camp detiene a un ciudadano con cuatro \u00f3rdenes de prisi\u00f3n\",\"datePublished\":\"2017-02-06T11:11:21+00:00\",\"dateModified\":\"2017-02-06T11:22:38+00:00\",\"mainEntityOfPage\":{\"@id\":\"https:\\\/\\\/mont-roig.cat\\\/es\\\/actualitat\\\/noticies\\\/la-policia-local-de-mont-roig-del-camp-dete-un-ciutada-amb-quatre-ordres-de-preso\\\/\"},\"wordCount\":207,\"image\":{\"@id\":\"https:\\\/\\\/mont-roig.cat\\\/es\\\/actualitat\\\/noticies\\\/la-policia-local-de-mont-roig-del-camp-dete-un-ciutada-amb-quatre-ordres-de-preso\\\/#primaryimage\"},\"thumbnailUrl\":\"https:\\\/\\\/mont-roig.cat\\\/wp-content\\\/uploads\\\/Caserna-policia-local.jpg\",\"articleSection\":[\"General\",\"Seguridad\"],\"inLanguage\":\"es\"},{\"@type\":\"WebPage\",\"@id\":\"https:\\\/\\\/mont-roig.cat\\\/es\\\/actualitat\\\/noticies\\\/la-policia-local-de-mont-roig-del-camp-dete-un-ciutada-amb-quatre-ordres-de-preso\\\/\",\"url\":\"https:\\\/\\\/mont-roig.cat\\\/es\\\/actualitat\\\/noticies\\\/la-policia-local-de-mont-roig-del-camp-dete-un-ciutada-amb-quatre-ordres-de-preso\\\/\",\"name\":\"La Polic\u00eda Local de Mont-roig del Camp detiene a un ciudadano con cuatro \u00f3rdenes de prisi\u00f3n - Ajuntament de Mont-roig del Camp\",\"isPartOf\":{\"@id\":\"https:\\\/\\\/mont-roig.cat\\\/es\\\/#website\"},\"primaryImageOfPage\":{\"@id\":\"https:\\\/\\\/mont-roig.cat\\\/es\\\/actualitat\\\/noticies\\\/la-policia-local-de-mont-roig-del-camp-dete-un-ciutada-amb-quatre-ordres-de-preso\\\/#primaryimage\"},\"image\":{\"@id\":\"https:\\\/\\\/mont-roig.cat\\\/es\\\/actualitat\\\/noticies\\\/la-policia-local-de-mont-roig-del-camp-dete-un-ciutada-amb-quatre-ordres-de-preso\\\/#primaryimage\"},\"thumbnailUrl\":\"https:\\\/\\\/mont-roig.cat\\\/wp-content\\\/uploads\\\/Caserna-policia-local.jpg\",\"datePublished\":\"2017-02-06T11:11:21+00:00\",\"dateModified\":\"2017-02-06T11:22:38+00:00\",\"author\":{\"@id\":\"https:\\\/\\\/mont-roig.cat\\\/es\\\/#\\\/schema\\\/person\\\/f2b111789f22b7d0c3bd6786c9128cba\"},\"breadcrumb\":{\"@id\":\"https:\\\/\\\/mont-roig.cat\\\/es\\\/actualitat\\\/noticies\\\/la-policia-local-de-mont-roig-del-camp-dete-un-ciutada-amb-quatre-ordres-de-preso\\\/#breadcrumb\"},\"inLanguage\":\"es\",\"potentialAction\":[{\"@type\":\"ReadAction\",\"target\":[\"https:\\\/\\\/mont-roig.cat\\\/es\\\/actualitat\\\/noticies\\\/la-policia-local-de-mont-roig-del-camp-dete-un-ciutada-amb-quatre-ordres-de-preso\\\/\"]}]},{\"@type\":\"ImageObject\",\"inLanguage\":\"es\",\"@id\":\"https:\\\/\\\/mont-roig.cat\\\/es\\\/actualitat\\\/noticies\\\/la-policia-local-de-mont-roig-del-camp-dete-un-ciutada-amb-quatre-ordres-de-preso\\\/#primaryimage\",\"url\":\"https:\\\/\\\/mont-roig.cat\\\/wp-content\\\/uploads\\\/Caserna-policia-local.jpg\",\"contentUrl\":\"https:\\\/\\\/mont-roig.cat\\\/wp-content\\\/uploads\\\/Caserna-policia-local.jpg\",\"width\":1920,\"height\":1440},{\"@type\":\"BreadcrumbList\",\"@id\":\"https:\\\/\\\/mont-roig.cat\\\/es\\\/actualitat\\\/noticies\\\/la-policia-local-de-mont-roig-del-camp-dete-un-ciutada-amb-quatre-ordres-de-preso\\\/#breadcrumb\",\"itemListElement\":[{\"@type\":\"ListItem\",\"position\":1,\"name\":\"Inici\",\"item\":\"https:\\\/\\\/mont-roig.cat\\\/es\\\/pagina-de-inicio\\\/\"},{\"@type\":\"ListItem\",\"position\":2,\"name\":\"La Polic\u00eda Local de Mont-roig del Camp detiene a un ciudadano con cuatro \u00f3rdenes de prisi\u00f3n\"}]},{\"@type\":\"WebSite\",\"@id\":\"https:\\\/\\\/mont-roig.cat\\\/es\\\/#website\",\"url\":\"https:\\\/\\\/mont-roig.cat\\\/es\\\/\",\"name\":\"Ajuntament de Mont-roig del Camp\",\"description\":\"Tota la informaci\u00f3 sobre la instituci\u00f3, els seus \u00f2rgans de govern, actualitat, serveis i molt m\u00e9s.\",\"potentialAction\":[{\"@type\":\"SearchAction\",\"target\":{\"@type\":\"EntryPoint\",\"urlTemplate\":\"https:\\\/\\\/mont-roig.cat\\\/es\\\/?s={search_term_string}\"},\"query-input\":{\"@type\":\"PropertyValueSpecification\",\"valueRequired\":true,\"valueName\":\"search_term_string\"}}],\"inLanguage\":\"es\"},{\"@type\":\"Person\",\"@id\":\"https:\\\/\\\/mont-roig.cat\\\/es\\\/#\\\/schema\\\/person\\\/f2b111789f22b7d0c3bd6786c9128cba\",\"name\":\"administrador\",\"image\":{\"@type\":\"ImageObject\",\"inLanguage\":\"es\",\"@id\":\"https:\\\/\\\/secure.gravatar.com\\\/avatar\\\/9137aac6891e2595c9d3036fd83bcb653b4db3c946db4c7d9b9be193c3c944bb?s=96&d=mm&r=g\",\"url\":\"https:\\\/\\\/secure.gravatar.com\\\/avatar\\\/9137aac6891e2595c9d3036fd83bcb653b4db3c946db4c7d9b9be193c3c944bb?s=96&d=mm&r=g\",\"contentUrl\":\"https:\\\/\\\/secure.gravatar.com\\\/avatar\\\/9137aac6891e2595c9d3036fd83bcb653b4db3c946db4c7d9b9be193c3c944bb?s=96&d=mm&r=g\",\"caption\":\"administrador\"},\"url\":\"https:\\\/\\\/mont-roig.cat\\\/es\\\/actualitat\\\/noticies\\\/author\\\/administrador\\\/\"}]}<\/script>\n<!-- \/ Yoast SEO plugin. -->","yoast_head_json":{"title":"La Polic\u00eda Local de Mont-roig del Camp detiene a un ciudadano con cuatro \u00f3rdenes de prisi\u00f3n - Ajuntament de Mont-roig del Camp","robots":{"index":"index","follow":"follow","max-snippet":"max-snippet:-1","max-image-preview":"max-image-preview:large","max-video-preview":"max-video-preview:-1"},"canonical":"https:\/\/mont-roig.cat\/es\/actualitat\/noticies\/la-policia-local-de-mont-roig-del-camp-dete-un-ciutada-amb-quatre-ordres-de-preso\/","og_locale":"es_ES","og_type":"article","og_title":"La Polic\u00eda Local de Mont-roig del Camp detiene a un ciudadano con cuatro \u00f3rdenes de prisi\u00f3n - Ajuntament de Mont-roig del Camp","og_description":"El individuo, de 49 a\u00f1os, vecino de Sant Vicen\u00e7 dels Horts, fue detenido en la Avenida de Barcelona, despu\u00e9s de que el coche en el que viajaba se salt\u00f3 un sem\u00e1foro en rojo. La patrulla de la Polic\u00eda Local de Mont-roig del Camp ha detenido este s\u00e1bado, 4 de febrero, a un ciudadano de 49 [&hellip;]","og_url":"https:\/\/mont-roig.cat\/es\/actualitat\/noticies\/la-policia-local-de-mont-roig-del-camp-dete-un-ciutada-amb-quatre-ordres-de-preso\/","og_site_name":"Ajuntament de Mont-roig del Camp","article_published_time":"2017-02-06T11:11:21+00:00","article_modified_time":"2017-02-06T11:22:38+00:00","og_image":[{"width":1920,"height":1440,"url":"https:\/\/mont-roig.cat\/wp-content\/uploads\/Caserna-policia-local.jpg","type":"image\/jpeg"}],"author":"administrador","twitter_card":"summary_large_image","twitter_misc":{"Escrito por":"administrador","Tiempo de lectura":"1 minuto"},"schema":{"@context":"https:\/\/schema.org","@graph":[{"@type":"Article","@id":"https:\/\/mont-roig.cat\/es\/actualitat\/noticies\/la-policia-local-de-mont-roig-del-camp-dete-un-ciutada-amb-quatre-ordres-de-preso\/#article","isPartOf":{"@id":"https:\/\/mont-roig.cat\/es\/actualitat\/noticies\/la-policia-local-de-mont-roig-del-camp-dete-un-ciutada-amb-quatre-ordres-de-preso\/"},"author":{"name":"administrador","@id":"https:\/\/mont-roig.cat\/es\/#\/schema\/person\/f2b111789f22b7d0c3bd6786c9128cba"},"headline":"La Polic\u00eda Local de Mont-roig del Camp detiene a un ciudadano con cuatro \u00f3rdenes de prisi\u00f3n","datePublished":"2017-02-06T11:11:21+00:00","dateModified":"2017-02-06T11:22:38+00:00","mainEntityOfPage":{"@id":"https:\/\/mont-roig.cat\/es\/actualitat\/noticies\/la-policia-local-de-mont-roig-del-camp-dete-un-ciutada-amb-quatre-ordres-de-preso\/"},"wordCount":207,"image":{"@id":"https:\/\/mont-roig.cat\/es\/actualitat\/noticies\/la-policia-local-de-mont-roig-del-camp-dete-un-ciutada-amb-quatre-ordres-de-preso\/#primaryimage"},"thumbnailUrl":"https:\/\/mont-roig.cat\/wp-content\/uploads\/Caserna-policia-local.jpg","articleSection":["General","Seguridad"],"inLanguage":"es"},{"@type":"WebPage","@id":"https:\/\/mont-roig.cat\/es\/actualitat\/noticies\/la-policia-local-de-mont-roig-del-camp-dete-un-ciutada-amb-quatre-ordres-de-preso\/","url":"https:\/\/mont-roig.cat\/es\/actualitat\/noticies\/la-policia-local-de-mont-roig-del-camp-dete-un-ciutada-amb-quatre-ordres-de-preso\/","name":"La Polic\u00eda Local de Mont-roig del Camp detiene a un ciudadano con cuatro \u00f3rdenes de prisi\u00f3n - Ajuntament de Mont-roig del Camp","isPartOf":{"@id":"https:\/\/mont-roig.cat\/es\/#website"},"primaryImageOfPage":{"@id":"https:\/\/mont-roig.cat\/es\/actualitat\/noticies\/la-policia-local-de-mont-roig-del-camp-dete-un-ciutada-amb-quatre-ordres-de-preso\/#primaryimage"},"image":{"@id":"https:\/\/mont-roig.cat\/es\/actualitat\/noticies\/la-policia-local-de-mont-roig-del-camp-dete-un-ciutada-amb-quatre-ordres-de-preso\/#primaryimage"},"thumbnailUrl":"https:\/\/mont-roig.cat\/wp-content\/uploads\/Caserna-policia-local.jpg","datePublished":"2017-02-06T11:11:21+00:00","dateModified":"2017-02-06T11:22:38+00:00","author":{"@id":"https:\/\/mont-roig.cat\/es\/#\/schema\/person\/f2b111789f22b7d0c3bd6786c9128cba"},"breadcrumb":{"@id":"https:\/\/mont-roig.cat\/es\/actualitat\/noticies\/la-policia-local-de-mont-roig-del-camp-dete-un-ciutada-amb-quatre-ordres-de-preso\/#breadcrumb"},"inLanguage":"es","potentialAction":[{"@type":"ReadAction","target":["https:\/\/mont-roig.cat\/es\/actualitat\/noticies\/la-policia-local-de-mont-roig-del-camp-dete-un-ciutada-amb-quatre-ordres-de-preso\/"]}]},{"@type":"ImageObject","inLanguage":"es","@id":"https:\/\/mont-roig.cat\/es\/actualitat\/noticies\/la-policia-local-de-mont-roig-del-camp-dete-un-ciutada-amb-quatre-ordres-de-preso\/#primaryimage","url":"https:\/\/mont-roig.cat\/wp-content\/uploads\/Caserna-policia-local.jpg","contentUrl":"https:\/\/mont-roig.cat\/wp-content\/uploads\/Caserna-policia-local.jpg","width":1920,"height":1440},{"@type":"BreadcrumbList","@id":"https:\/\/mont-roig.cat\/es\/actualitat\/noticies\/la-policia-local-de-mont-roig-del-camp-dete-un-ciutada-amb-quatre-ordres-de-preso\/#breadcrumb","itemListElement":[{"@type":"ListItem","position":1,"name":"Inici","item":"https:\/\/mont-roig.cat\/es\/pagina-de-inicio\/"},{"@type":"ListItem","position":2,"name":"La Polic\u00eda Local de Mont-roig del Camp detiene a un ciudadano con cuatro \u00f3rdenes de prisi\u00f3n"}]},{"@type":"WebSite","@id":"https:\/\/mont-roig.cat\/es\/#website","url":"https:\/\/mont-roig.cat\/es\/","name":"Ajuntament de Mont-roig del Camp","description":"Tota la informaci\u00f3 sobre la instituci\u00f3, els seus \u00f2rgans de govern, actualitat, serveis i molt m\u00e9s.","potentialAction":[{"@type":"SearchAction","target":{"@type":"EntryPoint","urlTemplate":"https:\/\/mont-roig.cat\/es\/?s={search_term_string}"},"query-input":{"@type":"PropertyValueSpecification","valueRequired":true,"valueName":"search_term_string"}}],"inLanguage":"es"},{"@type":"Person","@id":"https:\/\/mont-roig.cat\/es\/#\/schema\/person\/f2b111789f22b7d0c3bd6786c9128cba","name":"administrador","image":{"@type":"ImageObject","inLanguage":"es","@id":"https:\/\/secure.gravatar.com\/avatar\/9137aac6891e2595c9d3036fd83bcb653b4db3c946db4c7d9b9be193c3c944bb?s=96&d=mm&r=g","url":"https:\/\/secure.gravatar.com\/avatar\/9137aac6891e2595c9d3036fd83bcb653b4db3c946db4c7d9b9be193c3c944bb?s=96&d=mm&r=g","contentUrl":"https:\/\/secure.gravatar.com\/avatar\/9137aac6891e2595c9d3036fd83bcb653b4db3c946db4c7d9b9be193c3c944bb?s=96&d=mm&r=g","caption":"administrador"},"url":"https:\/\/mont-roig.cat\/es\/actualitat\/noticies\/author\/administrador\/"}]}},"_links":{"self":[{"href":"https:\/\/mont-roig.cat\/es\/wp-json\/wp\/v2\/posts\/15015","targetHints":{"allow":["GET"]}}],"collection":[{"href":"https:\/\/mont-roig.cat\/es\/wp-json\/wp\/v2\/posts"}],"about":[{"href":"https:\/\/mont-roig.cat\/es\/wp-json\/wp\/v2\/types\/post"}],"author":[{"embeddable":true,"href":"https:\/\/mont-roig.cat\/es\/wp-json\/wp\/v2\/users\/4"}],"replies":[{"embeddable":true,"href":"https:\/\/mont-roig.cat\/es\/wp-json\/wp\/v2\/comments?post=15015"}],"version-history":[{"count":0,"href":"https:\/\/mont-roig.cat\/es\/wp-json\/wp\/v2\/posts\/15015\/revisions"}],"wp:featuredmedia":[{"embeddable":true,"href":"https:\/\/mont-roig.cat\/es\/wp-json\/wp\/v2\/media\/14199"}],"wp:attachment":[{"href":"https:\/\/mont-roig.cat\/es\/wp-json\/wp\/v2\/media?parent=15015"}],"wp:term":[{"taxonomy":"category","embeddable":true,"href":"https:\/\/mont-roig.cat\/es\/wp-json\/wp\/v2\/categories?post=15015"},{"taxonomy":"post_tag","embeddable":true,"href":"https:\/\/mont-roig.cat\/es\/wp-json\/wp\/v2\/tags?post=15015"}],"curies":[{"name":"wp","href":"https:\/\/api.w.org\/{rel}","templated":true}]}}