{"id":15056,"date":"2017-02-08T12:37:25","date_gmt":"2017-02-08T11:37:25","guid":{"rendered":"http:\/\/mont-roig.cat\/actualitat\/noticies\/ja-estan-disponibles-les-bases-per-participar-en-el-concurs-de-la-rua-de-carnaval-2017\/"},"modified":"2017-02-08T13:14:21","modified_gmt":"2017-02-08T12:14:21","slug":"ja-estan-disponibles-les-bases-per-participar-en-el-concurs-de-la-rua-de-carnaval-2017","status":"publish","type":"post","link":"https:\/\/mont-roig.cat\/es\/actualitat\/noticies\/ja-estan-disponibles-les-bases-per-participar-en-el-concurs-de-la-rua-de-carnaval-2017\/","title":{"rendered":"Ya est\u00e1n disponibles las bases para participar en el concurso de la r\u00faa de Carnaval 2017"},"content":{"rendered":"<ul>\n<li>\n<div id=\"attachment_8441\" style=\"width: 311px\" class=\"wp-caption alignright\"><a href=\"http:\/\/mont-roig.cat\/wp-content\/uploads\/IMG-20160207-WA0000.jpg\"><img loading=\"lazy\" decoding=\"async\" aria-describedby=\"caption-attachment-8441\" class=\"wp-image-8441\" src=\"http:\/\/mont-roig.cat\/wp-content\/uploads\/IMG-20160207-WA0000-500x281.jpg\" width=\"301\" height=\"169\" srcset=\"https:\/\/mont-roig.cat\/wp-content\/uploads\/IMG-20160207-WA0000-500x281.jpg 500w, https:\/\/mont-roig.cat\/wp-content\/uploads\/IMG-20160207-WA0000-768x432.jpg 768w, https:\/\/mont-roig.cat\/wp-content\/uploads\/IMG-20160207-WA0000-1024x576.jpg 1024w, https:\/\/mont-roig.cat\/wp-content\/uploads\/IMG-20160207-WA0000.jpg 1328w\" sizes=\"auto, (max-width: 301px) 100vw, 301px\" title=\"\" alt=\"\" \/><\/a><p id=\"caption-attachment-8441\" class=\"wp-caption-text\">R\u00faa de Carnaval de Mont-roig del Camp 2016.<\/p><\/div>\n<p style=\"text-align: justify;\"><strong>Las inscripciones se pueden formalizar hasta el 23 de febrero en las Oficinas Municipales de Atenci\u00f3n al Ciudadano de Mont-roig del Camp y de Miami Platja de lunes a viernes de 9 a 14 horas.<\/strong><\/p>\n<\/li>\n<\/ul>\n<p style=\"text-align: justify;\">Ya se acerca la fiesta m\u00e1s divertida del a\u00f1o. Es por eso que, una vez m\u00e1s, el Ayuntamiento de Mont-roig del Camp organiza el concurso de la r\u00faa de Carnaval en la que los participantes deber\u00e1n decidir si se presentan como comparsa o bien como carroza. Los interesados en participar en este desfile y optar a premio, pueden descargar las bases del concurso\u00a0<a href=\"http:\/\/mont-roig.cat\/wp-content\/uploads\/Bases-rua-de-Carnaval-2017-1.pdf\" target=\"_blank\">aqu\u00ed<\/a>.<\/p>\n<p style=\"text-align: justify;\">La r\u00faa de Carnaval tendr\u00e1 lugar el s\u00e1bado 25 de febrero. En Mont-roig del Camp a partir de las 16 horas habr\u00e1 la concentraci\u00f3n de la r\u00faa infantil y a las 22 horas la de adultos. El punto de encuentro ser\u00e1 el parking situado al lado del Centro BTT. En Miami Platja, los grupos se reunir\u00e1n a las 17.30 horas en la Pista d&#8217;Estiu.<\/p>\n<p style=\"text-align: justify;\">Los participantes que quieran optar a premio deber\u00e1n inscribirse en las Oficinas Municipales de Atenci\u00f3n al Ciudadano (OMAC) de Mont-roig del Camp y de Miami Platja de lunes a viernes de 9 a 14 horas hasta el jueves 23 de febrero. Se otorgar\u00e1n tres premios para las tres primeras carrozas clasificadas y tres premios a las tres primeras comparsas clasificadas. Los premios ser\u00e1n de tipo econ\u00f3mico. El veredicto del jurado se dar\u00e1 a conocer durante el baile. \u00c9ste se basar\u00e1 en la originalidad del disfraz y maquillaje, trabajo confeccionado a mano, puesta en escena y coreograf\u00eda y tambi\u00e9n, en el caso de las carrozas, se valorar\u00e1 la conjunci\u00f3n con la comparsa y los acabados del veh\u00edculo.<\/p>\n<p style=\"text-align: justify;\">En el caso del Carnaval de Miami Platja, durante el recorrido de la r\u00faa, se realizar\u00e1 una parada en la plaza de la Illa, donde los componentes de las carrozas y de las comparsas podr\u00e1n hacer una exhibici\u00f3n de baile delante de todo el mundo. Realizar esta exhibici\u00f3n ser\u00e1 tambi\u00e9n valorado por el jurado. La m\u00fasica que cada grupo decida poner en esta coreograf\u00eda, se deber\u00e1 de facilitar en el momento de la inscripci\u00f3n en formato mp3 en la oficina del departamento de fiestas situada en la sala 1 del Centro Polivalente de Miami Platja.<\/p>\n<p>&nbsp;<\/p>\n","protected":false},"excerpt":{"rendered":"<p>Las inscripciones se pueden formalizar hasta el 23 de febrero en las Oficinas Municipales de Atenci\u00f3n al Ciudadano de Mont-roig del Camp y de Miami Platja de lunes a viernes de 9 a 14 horas. Ya se acerca la fiesta m\u00e1s divertida del a\u00f1o. Es por eso que, una vez m\u00e1s, el Ayuntamiento de Mont-roig [&hellip;]<\/p>\n","protected":false},"author":4,"featured_media":8441,"comment_status":"closed","ping_status":"closed","sticky":false,"template":"","format":"standard","meta":{"inline_featured_image":false,"_monsterinsights_skip_tracking":false,"_monsterinsights_sitenote_active":false,"_monsterinsights_sitenote_note":"","_monsterinsights_sitenote_category":0,"footnotes":""},"categories":[98,105,71],"tags":[],"class_list":["post-15056","post","type-post","status-publish","format-standard","has-post-thumbnail","hentry","category-ayuntamiento","category-fiestas","category-general-es"],"yoast_head":"<!-- This site is optimized with the Yoast SEO plugin v27.4 - https:\/\/yoast.com\/product\/yoast-seo-wordpress\/ -->\n<title>Ya est\u00e1n disponibles las bases para participar en el concurso de la r\u00faa de Carnaval 2017 - Ajuntament de Mont-roig del Camp<\/title>\n<meta name=\"robots\" content=\"index, follow, max-snippet:-1, max-image-preview:large, max-video-preview:-1\" \/>\n<link rel=\"canonical\" href=\"https:\/\/mont-roig.cat\/es\/actualitat\/noticies\/ja-estan-disponibles-les-bases-per-participar-en-el-concurs-de-la-rua-de-carnaval-2017\/\" \/>\n<meta property=\"og:locale\" content=\"es_ES\" \/>\n<meta property=\"og:type\" content=\"article\" \/>\n<meta property=\"og:title\" content=\"Ya est\u00e1n disponibles las bases para participar en el concurso de la r\u00faa de Carnaval 2017 - Ajuntament de Mont-roig del Camp\" \/>\n<meta property=\"og:description\" content=\"Las inscripciones se pueden formalizar hasta el 23 de febrero en las Oficinas Municipales de Atenci\u00f3n al Ciudadano de Mont-roig del Camp y de Miami Platja de lunes a viernes de 9 a 14 horas. Ya se acerca la fiesta m\u00e1s divertida del a\u00f1o. Es por eso que, una vez m\u00e1s, el Ayuntamiento de Mont-roig [&hellip;]\" \/>\n<meta property=\"og:url\" content=\"https:\/\/mont-roig.cat\/es\/actualitat\/noticies\/ja-estan-disponibles-les-bases-per-participar-en-el-concurs-de-la-rua-de-carnaval-2017\/\" \/>\n<meta property=\"og:site_name\" content=\"Ajuntament de Mont-roig del Camp\" \/>\n<meta property=\"article:published_time\" content=\"2017-02-08T11:37:25+00:00\" \/>\n<meta property=\"article:modified_time\" content=\"2017-02-08T12:14:21+00:00\" \/>\n<meta property=\"og:image\" content=\"https:\/\/mont-roig.cat\/wp-content\/uploads\/IMG-20160207-WA0000.jpg\" \/>\n\t<meta property=\"og:image:width\" content=\"1328\" \/>\n\t<meta property=\"og:image:height\" content=\"747\" \/>\n\t<meta property=\"og:image:type\" content=\"image\/jpeg\" \/>\n<meta name=\"author\" content=\"administrador\" \/>\n<meta name=\"twitter:card\" content=\"summary_large_image\" \/>\n<meta name=\"twitter:label1\" content=\"Escrito por\" \/>\n\t<meta name=\"twitter:data1\" content=\"administrador\" \/>\n\t<meta name=\"twitter:label2\" content=\"Tiempo de lectura\" \/>\n\t<meta name=\"twitter:data2\" content=\"2 minutos\" \/>\n<script type=\"application\/ld+json\" class=\"yoast-schema-graph\">{\"@context\":\"https:\\\/\\\/schema.org\",\"@graph\":[{\"@type\":\"Article\",\"@id\":\"https:\\\/\\\/mont-roig.cat\\\/es\\\/actualitat\\\/noticies\\\/ja-estan-disponibles-les-bases-per-participar-en-el-concurs-de-la-rua-de-carnaval-2017\\\/#article\",\"isPartOf\":{\"@id\":\"https:\\\/\\\/mont-roig.cat\\\/es\\\/actualitat\\\/noticies\\\/ja-estan-disponibles-les-bases-per-participar-en-el-concurs-de-la-rua-de-carnaval-2017\\\/\"},\"author\":{\"name\":\"administrador\",\"@id\":\"https:\\\/\\\/mont-roig.cat\\\/es\\\/#\\\/schema\\\/person\\\/f2b111789f22b7d0c3bd6786c9128cba\"},\"headline\":\"Ya est\u00e1n disponibles las bases para participar en el concurso de la r\u00faa de Carnaval 2017\",\"datePublished\":\"2017-02-08T11:37:25+00:00\",\"dateModified\":\"2017-02-08T12:14:21+00:00\",\"mainEntityOfPage\":{\"@id\":\"https:\\\/\\\/mont-roig.cat\\\/es\\\/actualitat\\\/noticies\\\/ja-estan-disponibles-les-bases-per-participar-en-el-concurs-de-la-rua-de-carnaval-2017\\\/\"},\"wordCount\":424,\"image\":{\"@id\":\"https:\\\/\\\/mont-roig.cat\\\/es\\\/actualitat\\\/noticies\\\/ja-estan-disponibles-les-bases-per-participar-en-el-concurs-de-la-rua-de-carnaval-2017\\\/#primaryimage\"},\"thumbnailUrl\":\"https:\\\/\\\/mont-roig.cat\\\/wp-content\\\/uploads\\\/IMG-20160207-WA0000.jpg\",\"articleSection\":[\"Ayuntamiento\",\"Festes\",\"General\"],\"inLanguage\":\"es\"},{\"@type\":\"WebPage\",\"@id\":\"https:\\\/\\\/mont-roig.cat\\\/es\\\/actualitat\\\/noticies\\\/ja-estan-disponibles-les-bases-per-participar-en-el-concurs-de-la-rua-de-carnaval-2017\\\/\",\"url\":\"https:\\\/\\\/mont-roig.cat\\\/es\\\/actualitat\\\/noticies\\\/ja-estan-disponibles-les-bases-per-participar-en-el-concurs-de-la-rua-de-carnaval-2017\\\/\",\"name\":\"Ya est\u00e1n disponibles las bases para participar en el concurso de la r\u00faa de Carnaval 2017 - Ajuntament de Mont-roig del Camp\",\"isPartOf\":{\"@id\":\"https:\\\/\\\/mont-roig.cat\\\/es\\\/#website\"},\"primaryImageOfPage\":{\"@id\":\"https:\\\/\\\/mont-roig.cat\\\/es\\\/actualitat\\\/noticies\\\/ja-estan-disponibles-les-bases-per-participar-en-el-concurs-de-la-rua-de-carnaval-2017\\\/#primaryimage\"},\"image\":{\"@id\":\"https:\\\/\\\/mont-roig.cat\\\/es\\\/actualitat\\\/noticies\\\/ja-estan-disponibles-les-bases-per-participar-en-el-concurs-de-la-rua-de-carnaval-2017\\\/#primaryimage\"},\"thumbnailUrl\":\"https:\\\/\\\/mont-roig.cat\\\/wp-content\\\/uploads\\\/IMG-20160207-WA0000.jpg\",\"datePublished\":\"2017-02-08T11:37:25+00:00\",\"dateModified\":\"2017-02-08T12:14:21+00:00\",\"author\":{\"@id\":\"https:\\\/\\\/mont-roig.cat\\\/es\\\/#\\\/schema\\\/person\\\/f2b111789f22b7d0c3bd6786c9128cba\"},\"breadcrumb\":{\"@id\":\"https:\\\/\\\/mont-roig.cat\\\/es\\\/actualitat\\\/noticies\\\/ja-estan-disponibles-les-bases-per-participar-en-el-concurs-de-la-rua-de-carnaval-2017\\\/#breadcrumb\"},\"inLanguage\":\"es\",\"potentialAction\":[{\"@type\":\"ReadAction\",\"target\":[\"https:\\\/\\\/mont-roig.cat\\\/es\\\/actualitat\\\/noticies\\\/ja-estan-disponibles-les-bases-per-participar-en-el-concurs-de-la-rua-de-carnaval-2017\\\/\"]}]},{\"@type\":\"ImageObject\",\"inLanguage\":\"es\",\"@id\":\"https:\\\/\\\/mont-roig.cat\\\/es\\\/actualitat\\\/noticies\\\/ja-estan-disponibles-les-bases-per-participar-en-el-concurs-de-la-rua-de-carnaval-2017\\\/#primaryimage\",\"url\":\"https:\\\/\\\/mont-roig.cat\\\/wp-content\\\/uploads\\\/IMG-20160207-WA0000.jpg\",\"contentUrl\":\"https:\\\/\\\/mont-roig.cat\\\/wp-content\\\/uploads\\\/IMG-20160207-WA0000.jpg\",\"width\":1328,\"height\":747},{\"@type\":\"BreadcrumbList\",\"@id\":\"https:\\\/\\\/mont-roig.cat\\\/es\\\/actualitat\\\/noticies\\\/ja-estan-disponibles-les-bases-per-participar-en-el-concurs-de-la-rua-de-carnaval-2017\\\/#breadcrumb\",\"itemListElement\":[{\"@type\":\"ListItem\",\"position\":1,\"name\":\"Inici\",\"item\":\"https:\\\/\\\/mont-roig.cat\\\/es\\\/pagina-de-inicio\\\/\"},{\"@type\":\"ListItem\",\"position\":2,\"name\":\"Ya est\u00e1n disponibles las bases para participar en el concurso de la r\u00faa de Carnaval 2017\"}]},{\"@type\":\"WebSite\",\"@id\":\"https:\\\/\\\/mont-roig.cat\\\/es\\\/#website\",\"url\":\"https:\\\/\\\/mont-roig.cat\\\/es\\\/\",\"name\":\"Ajuntament de Mont-roig del Camp\",\"description\":\"Tota la informaci\u00f3 sobre la instituci\u00f3, els seus \u00f2rgans de govern, actualitat, serveis i molt m\u00e9s.\",\"potentialAction\":[{\"@type\":\"SearchAction\",\"target\":{\"@type\":\"EntryPoint\",\"urlTemplate\":\"https:\\\/\\\/mont-roig.cat\\\/es\\\/?s={search_term_string}\"},\"query-input\":{\"@type\":\"PropertyValueSpecification\",\"valueRequired\":true,\"valueName\":\"search_term_string\"}}],\"inLanguage\":\"es\"},{\"@type\":\"Person\",\"@id\":\"https:\\\/\\\/mont-roig.cat\\\/es\\\/#\\\/schema\\\/person\\\/f2b111789f22b7d0c3bd6786c9128cba\",\"name\":\"administrador\",\"image\":{\"@type\":\"ImageObject\",\"inLanguage\":\"es\",\"@id\":\"https:\\\/\\\/secure.gravatar.com\\\/avatar\\\/9137aac6891e2595c9d3036fd83bcb653b4db3c946db4c7d9b9be193c3c944bb?s=96&d=mm&r=g\",\"url\":\"https:\\\/\\\/secure.gravatar.com\\\/avatar\\\/9137aac6891e2595c9d3036fd83bcb653b4db3c946db4c7d9b9be193c3c944bb?s=96&d=mm&r=g\",\"contentUrl\":\"https:\\\/\\\/secure.gravatar.com\\\/avatar\\\/9137aac6891e2595c9d3036fd83bcb653b4db3c946db4c7d9b9be193c3c944bb?s=96&d=mm&r=g\",\"caption\":\"administrador\"},\"url\":\"https:\\\/\\\/mont-roig.cat\\\/es\\\/actualitat\\\/noticies\\\/author\\\/administrador\\\/\"}]}<\/script>\n<!-- \/ Yoast SEO plugin. -->","yoast_head_json":{"title":"Ya est\u00e1n disponibles las bases para participar en el concurso de la r\u00faa de Carnaval 2017 - Ajuntament de Mont-roig del Camp","robots":{"index":"index","follow":"follow","max-snippet":"max-snippet:-1","max-image-preview":"max-image-preview:large","max-video-preview":"max-video-preview:-1"},"canonical":"https:\/\/mont-roig.cat\/es\/actualitat\/noticies\/ja-estan-disponibles-les-bases-per-participar-en-el-concurs-de-la-rua-de-carnaval-2017\/","og_locale":"es_ES","og_type":"article","og_title":"Ya est\u00e1n disponibles las bases para participar en el concurso de la r\u00faa de Carnaval 2017 - Ajuntament de Mont-roig del Camp","og_description":"Las inscripciones se pueden formalizar hasta el 23 de febrero en las Oficinas Municipales de Atenci\u00f3n al Ciudadano de Mont-roig del Camp y de Miami Platja de lunes a viernes de 9 a 14 horas. Ya se acerca la fiesta m\u00e1s divertida del a\u00f1o. Es por eso que, una vez m\u00e1s, el Ayuntamiento de Mont-roig [&hellip;]","og_url":"https:\/\/mont-roig.cat\/es\/actualitat\/noticies\/ja-estan-disponibles-les-bases-per-participar-en-el-concurs-de-la-rua-de-carnaval-2017\/","og_site_name":"Ajuntament de Mont-roig del Camp","article_published_time":"2017-02-08T11:37:25+00:00","article_modified_time":"2017-02-08T12:14:21+00:00","og_image":[{"width":1328,"height":747,"url":"https:\/\/mont-roig.cat\/wp-content\/uploads\/IMG-20160207-WA0000.jpg","type":"image\/jpeg"}],"author":"administrador","twitter_card":"summary_large_image","twitter_misc":{"Escrito por":"administrador","Tiempo de lectura":"2 minutos"},"schema":{"@context":"https:\/\/schema.org","@graph":[{"@type":"Article","@id":"https:\/\/mont-roig.cat\/es\/actualitat\/noticies\/ja-estan-disponibles-les-bases-per-participar-en-el-concurs-de-la-rua-de-carnaval-2017\/#article","isPartOf":{"@id":"https:\/\/mont-roig.cat\/es\/actualitat\/noticies\/ja-estan-disponibles-les-bases-per-participar-en-el-concurs-de-la-rua-de-carnaval-2017\/"},"author":{"name":"administrador","@id":"https:\/\/mont-roig.cat\/es\/#\/schema\/person\/f2b111789f22b7d0c3bd6786c9128cba"},"headline":"Ya est\u00e1n disponibles las bases para participar en el concurso de la r\u00faa de Carnaval 2017","datePublished":"2017-02-08T11:37:25+00:00","dateModified":"2017-02-08T12:14:21+00:00","mainEntityOfPage":{"@id":"https:\/\/mont-roig.cat\/es\/actualitat\/noticies\/ja-estan-disponibles-les-bases-per-participar-en-el-concurs-de-la-rua-de-carnaval-2017\/"},"wordCount":424,"image":{"@id":"https:\/\/mont-roig.cat\/es\/actualitat\/noticies\/ja-estan-disponibles-les-bases-per-participar-en-el-concurs-de-la-rua-de-carnaval-2017\/#primaryimage"},"thumbnailUrl":"https:\/\/mont-roig.cat\/wp-content\/uploads\/IMG-20160207-WA0000.jpg","articleSection":["Ayuntamiento","Festes","General"],"inLanguage":"es"},{"@type":"WebPage","@id":"https:\/\/mont-roig.cat\/es\/actualitat\/noticies\/ja-estan-disponibles-les-bases-per-participar-en-el-concurs-de-la-rua-de-carnaval-2017\/","url":"https:\/\/mont-roig.cat\/es\/actualitat\/noticies\/ja-estan-disponibles-les-bases-per-participar-en-el-concurs-de-la-rua-de-carnaval-2017\/","name":"Ya est\u00e1n disponibles las bases para participar en el concurso de la r\u00faa de Carnaval 2017 - Ajuntament de Mont-roig del Camp","isPartOf":{"@id":"https:\/\/mont-roig.cat\/es\/#website"},"primaryImageOfPage":{"@id":"https:\/\/mont-roig.cat\/es\/actualitat\/noticies\/ja-estan-disponibles-les-bases-per-participar-en-el-concurs-de-la-rua-de-carnaval-2017\/#primaryimage"},"image":{"@id":"https:\/\/mont-roig.cat\/es\/actualitat\/noticies\/ja-estan-disponibles-les-bases-per-participar-en-el-concurs-de-la-rua-de-carnaval-2017\/#primaryimage"},"thumbnailUrl":"https:\/\/mont-roig.cat\/wp-content\/uploads\/IMG-20160207-WA0000.jpg","datePublished":"2017-02-08T11:37:25+00:00","dateModified":"2017-02-08T12:14:21+00:00","author":{"@id":"https:\/\/mont-roig.cat\/es\/#\/schema\/person\/f2b111789f22b7d0c3bd6786c9128cba"},"breadcrumb":{"@id":"https:\/\/mont-roig.cat\/es\/actualitat\/noticies\/ja-estan-disponibles-les-bases-per-participar-en-el-concurs-de-la-rua-de-carnaval-2017\/#breadcrumb"},"inLanguage":"es","potentialAction":[{"@type":"ReadAction","target":["https:\/\/mont-roig.cat\/es\/actualitat\/noticies\/ja-estan-disponibles-les-bases-per-participar-en-el-concurs-de-la-rua-de-carnaval-2017\/"]}]},{"@type":"ImageObject","inLanguage":"es","@id":"https:\/\/mont-roig.cat\/es\/actualitat\/noticies\/ja-estan-disponibles-les-bases-per-participar-en-el-concurs-de-la-rua-de-carnaval-2017\/#primaryimage","url":"https:\/\/mont-roig.cat\/wp-content\/uploads\/IMG-20160207-WA0000.jpg","contentUrl":"https:\/\/mont-roig.cat\/wp-content\/uploads\/IMG-20160207-WA0000.jpg","width":1328,"height":747},{"@type":"BreadcrumbList","@id":"https:\/\/mont-roig.cat\/es\/actualitat\/noticies\/ja-estan-disponibles-les-bases-per-participar-en-el-concurs-de-la-rua-de-carnaval-2017\/#breadcrumb","itemListElement":[{"@type":"ListItem","position":1,"name":"Inici","item":"https:\/\/mont-roig.cat\/es\/pagina-de-inicio\/"},{"@type":"ListItem","position":2,"name":"Ya est\u00e1n disponibles las bases para participar en el concurso de la r\u00faa de Carnaval 2017"}]},{"@type":"WebSite","@id":"https:\/\/mont-roig.cat\/es\/#website","url":"https:\/\/mont-roig.cat\/es\/","name":"Ajuntament de Mont-roig del Camp","description":"Tota la informaci\u00f3 sobre la instituci\u00f3, els seus \u00f2rgans de govern, actualitat, serveis i molt m\u00e9s.","potentialAction":[{"@type":"SearchAction","target":{"@type":"EntryPoint","urlTemplate":"https:\/\/mont-roig.cat\/es\/?s={search_term_string}"},"query-input":{"@type":"PropertyValueSpecification","valueRequired":true,"valueName":"search_term_string"}}],"inLanguage":"es"},{"@type":"Person","@id":"https:\/\/mont-roig.cat\/es\/#\/schema\/person\/f2b111789f22b7d0c3bd6786c9128cba","name":"administrador","image":{"@type":"ImageObject","inLanguage":"es","@id":"https:\/\/secure.gravatar.com\/avatar\/9137aac6891e2595c9d3036fd83bcb653b4db3c946db4c7d9b9be193c3c944bb?s=96&d=mm&r=g","url":"https:\/\/secure.gravatar.com\/avatar\/9137aac6891e2595c9d3036fd83bcb653b4db3c946db4c7d9b9be193c3c944bb?s=96&d=mm&r=g","contentUrl":"https:\/\/secure.gravatar.com\/avatar\/9137aac6891e2595c9d3036fd83bcb653b4db3c946db4c7d9b9be193c3c944bb?s=96&d=mm&r=g","caption":"administrador"},"url":"https:\/\/mont-roig.cat\/es\/actualitat\/noticies\/author\/administrador\/"}]}},"_links":{"self":[{"href":"https:\/\/mont-roig.cat\/es\/wp-json\/wp\/v2\/posts\/15056","targetHints":{"allow":["GET"]}}],"collection":[{"href":"https:\/\/mont-roig.cat\/es\/wp-json\/wp\/v2\/posts"}],"about":[{"href":"https:\/\/mont-roig.cat\/es\/wp-json\/wp\/v2\/types\/post"}],"author":[{"embeddable":true,"href":"https:\/\/mont-roig.cat\/es\/wp-json\/wp\/v2\/users\/4"}],"replies":[{"embeddable":true,"href":"https:\/\/mont-roig.cat\/es\/wp-json\/wp\/v2\/comments?post=15056"}],"version-history":[{"count":0,"href":"https:\/\/mont-roig.cat\/es\/wp-json\/wp\/v2\/posts\/15056\/revisions"}],"wp:featuredmedia":[{"embeddable":true,"href":"https:\/\/mont-roig.cat\/es\/wp-json\/wp\/v2\/media\/8441"}],"wp:attachment":[{"href":"https:\/\/mont-roig.cat\/es\/wp-json\/wp\/v2\/media?parent=15056"}],"wp:term":[{"taxonomy":"category","embeddable":true,"href":"https:\/\/mont-roig.cat\/es\/wp-json\/wp\/v2\/categories?post=15056"},{"taxonomy":"post_tag","embeddable":true,"href":"https:\/\/mont-roig.cat\/es\/wp-json\/wp\/v2\/tags?post=15056"}],"curies":[{"name":"wp","href":"https:\/\/api.w.org\/{rel}","templated":true}]}}