{"id":15084,"date":"2017-02-08T14:41:19","date_gmt":"2017-02-08T13:41:19","guid":{"rendered":"http:\/\/mont-roig.cat\/actualitat\/noticies\/el-ayuntamiento-de-mont-roig-del-camp-modificara-las-alturas-de-las-vallas-de-las-parcelas-en-pino-alto-cap-de-terme-y-masos-den-blader\/"},"modified":"2017-02-09T09:17:25","modified_gmt":"2017-02-09T08:17:25","slug":"el-ayuntamiento-de-mont-roig-del-camp-modificara-las-alturas-de-las-vallas-de-las-parcelas-en-pino-alto-cap-de-terme-y-masos-den-blader","status":"publish","type":"post","link":"https:\/\/mont-roig.cat\/es\/actualitat\/noticies\/el-ayuntamiento-de-mont-roig-del-camp-modificara-las-alturas-de-las-vallas-de-las-parcelas-en-pino-alto-cap-de-terme-y-masos-den-blader\/","title":{"rendered":"El Ayuntamiento de Mont-roig del Camp modificar\u00e1 las alturas de las vallas de las parcelas en Pino Alto, Cap de Terme y Masos d&#8217;en Blader"},"content":{"rendered":"<ul>\n<li style=\"text-align: justify;\"><strong><em><a href=\"http:\/\/mont-roig.cat\/wp-content\/uploads\/foto-ple-febrer.jpg\"><img loading=\"lazy\" decoding=\"async\" class=\" wp-image-15082 alignright\" src=\"http:\/\/mont-roig.cat\/wp-content\/uploads\/foto-ple-febrer-500x375.jpg\" alt=\"\" width=\"305\" height=\"229\" srcset=\"https:\/\/mont-roig.cat\/wp-content\/uploads\/foto-ple-febrer-500x375.jpg 500w, https:\/\/mont-roig.cat\/wp-content\/uploads\/foto-ple-febrer-768x576.jpg 768w, https:\/\/mont-roig.cat\/wp-content\/uploads\/foto-ple-febrer-1024x768.jpg 1024w, https:\/\/mont-roig.cat\/wp-content\/uploads\/foto-ple-febrer-463x348.jpg 463w, https:\/\/mont-roig.cat\/wp-content\/uploads\/foto-ple-febrer.jpg 1920w\" sizes=\"auto, (max-width: 305px) 100vw, 305px\" \/><\/a><\/em><\/strong><strong><em>Con esta decisi\u00f3n del pleno aprobada inicialmente, se equiparar\u00e1n las alturas de las vallas en todo el municipio excepto en el caso de Bonmont que tiene una normativa particular<\/em><\/strong><\/li>\n<\/ul>\n<p style=\"text-align: justify;\">El pleno del Ayuntamiento de Mont-roig del Camp, celebrado esta ma\u00f1ana en sesi\u00f3n ordinaria, ha aprobado por unanimidad la modificaci\u00f3n de las alturas de las vallas\u00a0de las viviendas en diferentes urbanizaciones (Masos d&#8217;en Blader, Pino Alto y Cap de Terme) con el fin de &#8216;igualarlas a la normativa existente en todo el municipio, salvo el caso de Bonmont que tiene una normativa particular. Esta aprobaci\u00f3n es el primer tr\u00e1mite necesario antes de su aprobaci\u00f3n definitiva.<\/p>\n<p style=\"text-align: justify;\">En el caso de la urbanizaci\u00f3n Masos d&#8217;en Blader, se ampl\u00eda la franja de material opaco a 1,20 m de altura, y encima rejas, telas met\u00e1licas o vegetaci\u00f3n arbustiva hasta una altura m\u00e1xima de 2 m. En el caso de la urbanizaci\u00f3n Pino Alto, se ampl\u00eda la franja de material opaco a 1,60 m. de altura, y encima rejas, telas met\u00e1licas o vegetaci\u00f3n arbustiva hasta una altura m\u00e1xima de 2 m. En el caso de la urbanizaci\u00f3n Cap de Terme, se ampl\u00eda la franja de material opaco a 1,60 m de altura, y encima rejas, telas met\u00e1licas o vegetaci\u00f3n arbustiva hasta una altura m\u00e1xima de 2 m.<\/p>\n<p style=\"text-align: justify;\"><strong>Informaci\u00f3n contra la plaga de la procesionaria<\/strong><\/p>\n<p style=\"text-align: justify;\">En este plenario el alcalde de Mont-roig del Camp, Fran Morancho, a instancia de una pregunta del grupo municipal de ERC, tambi\u00e9n se ha comprometido a intensificar la campa\u00f1a informativa iniciada meses atr\u00e1s donde se dan consejos para luchar contra la plaga de la procesionaria, presente en algunos lugares del municipio, con el reparto de los tr\u00edpticos informativos editados por el Ayuntamiento y el refuerzo de la comunicaci\u00f3n 2.0 a trav\u00e9s de las redes sociales del consistorio. Tambi\u00e9n el concejal de Educaci\u00f3n, Enrique L\u00f3pez, ha explicado las medidas especiales que se toman en las escuelas para evitar problemas entre los peque\u00f1os en los patios. Asimismo, el concejal de Medio Ambiente y Salud P\u00fablica, Josep Maria Gairal, ha afirmado\u00a0que desde el Ayuntamiento de Mont-roig del Camp se hace todo lo posible para luchar contra esta plaga y ha confirmado que de cara a la pr\u00f3xima campa\u00f1a el presupuesto del 2017 contempla un incremento de la partida para luchar contra ella.<\/p>\n","protected":false},"excerpt":{"rendered":"<p>Con esta decisi\u00f3n del pleno aprobada inicialmente, se equiparar\u00e1n las alturas de las vallas en todo el municipio excepto en el caso de Bonmont que tiene una normativa particular El pleno del Ayuntamiento de Mont-roig del Camp, celebrado esta ma\u00f1ana en sesi\u00f3n ordinaria, ha aprobado por unanimidad la modificaci\u00f3n de las alturas de las vallas\u00a0de [&hellip;]<\/p>\n","protected":false},"author":4,"featured_media":15082,"comment_status":"closed","ping_status":"closed","sticky":false,"template":"","format":"standard","meta":{"inline_featured_image":false,"_monsterinsights_skip_tracking":false,"_monsterinsights_sitenote_active":false,"_monsterinsights_sitenote_note":"","_monsterinsights_sitenote_category":0,"footnotes":""},"categories":[98,71],"tags":[],"class_list":["post-15084","post","type-post","status-publish","format-standard","has-post-thumbnail","hentry","category-ayuntamiento","category-general-es"],"yoast_head":"<!-- This site is optimized with the Yoast SEO plugin v27.4 - https:\/\/yoast.com\/product\/yoast-seo-wordpress\/ -->\n<title>El Ayuntamiento de Mont-roig del Camp modificar\u00e1 las alturas de las vallas de las parcelas en Pino Alto, Cap de Terme y Masos d&#039;en Blader - Ajuntament de Mont-roig del Camp<\/title>\n<meta name=\"robots\" content=\"index, follow, max-snippet:-1, max-image-preview:large, max-video-preview:-1\" \/>\n<link rel=\"canonical\" href=\"https:\/\/mont-roig.cat\/es\/actualitat\/noticies\/el-ayuntamiento-de-mont-roig-del-camp-modificara-las-alturas-de-las-vallas-de-las-parcelas-en-pino-alto-cap-de-terme-y-masos-den-blader\/\" \/>\n<meta property=\"og:locale\" content=\"es_ES\" \/>\n<meta property=\"og:type\" content=\"article\" \/>\n<meta property=\"og:title\" content=\"El Ayuntamiento de Mont-roig del Camp modificar\u00e1 las alturas de las vallas de las parcelas en Pino Alto, Cap de Terme y Masos d&#039;en Blader - Ajuntament de Mont-roig del Camp\" \/>\n<meta property=\"og:description\" content=\"Con esta decisi\u00f3n del pleno aprobada inicialmente, se equiparar\u00e1n las alturas de las vallas en todo el municipio excepto en el caso de Bonmont que tiene una normativa particular El pleno del Ayuntamiento de Mont-roig del Camp, celebrado esta ma\u00f1ana en sesi\u00f3n ordinaria, ha aprobado por unanimidad la modificaci\u00f3n de las alturas de las vallas\u00a0de [&hellip;]\" \/>\n<meta property=\"og:url\" content=\"https:\/\/mont-roig.cat\/es\/actualitat\/noticies\/el-ayuntamiento-de-mont-roig-del-camp-modificara-las-alturas-de-las-vallas-de-las-parcelas-en-pino-alto-cap-de-terme-y-masos-den-blader\/\" \/>\n<meta property=\"og:site_name\" content=\"Ajuntament de Mont-roig del Camp\" \/>\n<meta property=\"article:published_time\" content=\"2017-02-08T13:41:19+00:00\" \/>\n<meta property=\"article:modified_time\" content=\"2017-02-09T08:17:25+00:00\" \/>\n<meta property=\"og:image\" content=\"https:\/\/mont-roig.cat\/wp-content\/uploads\/foto-ple-febrer.jpg\" \/>\n\t<meta property=\"og:image:width\" content=\"1920\" \/>\n\t<meta property=\"og:image:height\" content=\"1440\" \/>\n\t<meta property=\"og:image:type\" content=\"image\/jpeg\" \/>\n<meta name=\"author\" content=\"administrador\" \/>\n<meta name=\"twitter:card\" content=\"summary_large_image\" \/>\n<meta name=\"twitter:label1\" content=\"Escrito por\" \/>\n\t<meta name=\"twitter:data1\" content=\"administrador\" \/>\n\t<meta name=\"twitter:label2\" content=\"Tiempo de lectura\" \/>\n\t<meta name=\"twitter:data2\" content=\"2 minutos\" \/>\n<script type=\"application\/ld+json\" class=\"yoast-schema-graph\">{\"@context\":\"https:\\\/\\\/schema.org\",\"@graph\":[{\"@type\":\"Article\",\"@id\":\"https:\\\/\\\/mont-roig.cat\\\/es\\\/actualitat\\\/noticies\\\/el-ayuntamiento-de-mont-roig-del-camp-modificara-las-alturas-de-las-vallas-de-las-parcelas-en-pino-alto-cap-de-terme-y-masos-den-blader\\\/#article\",\"isPartOf\":{\"@id\":\"https:\\\/\\\/mont-roig.cat\\\/es\\\/actualitat\\\/noticies\\\/el-ayuntamiento-de-mont-roig-del-camp-modificara-las-alturas-de-las-vallas-de-las-parcelas-en-pino-alto-cap-de-terme-y-masos-den-blader\\\/\"},\"author\":{\"name\":\"administrador\",\"@id\":\"https:\\\/\\\/mont-roig.cat\\\/es\\\/#\\\/schema\\\/person\\\/f2b111789f22b7d0c3bd6786c9128cba\"},\"headline\":\"El Ayuntamiento de Mont-roig del Camp modificar\u00e1 las alturas de las vallas de las parcelas en Pino Alto, Cap de Terme y Masos d&#8217;en Blader\",\"datePublished\":\"2017-02-08T13:41:19+00:00\",\"dateModified\":\"2017-02-09T08:17:25+00:00\",\"mainEntityOfPage\":{\"@id\":\"https:\\\/\\\/mont-roig.cat\\\/es\\\/actualitat\\\/noticies\\\/el-ayuntamiento-de-mont-roig-del-camp-modificara-las-alturas-de-las-vallas-de-las-parcelas-en-pino-alto-cap-de-terme-y-masos-den-blader\\\/\"},\"wordCount\":433,\"image\":{\"@id\":\"https:\\\/\\\/mont-roig.cat\\\/es\\\/actualitat\\\/noticies\\\/el-ayuntamiento-de-mont-roig-del-camp-modificara-las-alturas-de-las-vallas-de-las-parcelas-en-pino-alto-cap-de-terme-y-masos-den-blader\\\/#primaryimage\"},\"thumbnailUrl\":\"https:\\\/\\\/mont-roig.cat\\\/wp-content\\\/uploads\\\/foto-ple-febrer.jpg\",\"articleSection\":[\"Ayuntamiento\",\"General\"],\"inLanguage\":\"es\"},{\"@type\":\"WebPage\",\"@id\":\"https:\\\/\\\/mont-roig.cat\\\/es\\\/actualitat\\\/noticies\\\/el-ayuntamiento-de-mont-roig-del-camp-modificara-las-alturas-de-las-vallas-de-las-parcelas-en-pino-alto-cap-de-terme-y-masos-den-blader\\\/\",\"url\":\"https:\\\/\\\/mont-roig.cat\\\/es\\\/actualitat\\\/noticies\\\/el-ayuntamiento-de-mont-roig-del-camp-modificara-las-alturas-de-las-vallas-de-las-parcelas-en-pino-alto-cap-de-terme-y-masos-den-blader\\\/\",\"name\":\"El Ayuntamiento de Mont-roig del Camp modificar\u00e1 las alturas de las vallas de las parcelas en Pino Alto, Cap de Terme y Masos d'en Blader - Ajuntament de Mont-roig del Camp\",\"isPartOf\":{\"@id\":\"https:\\\/\\\/mont-roig.cat\\\/es\\\/#website\"},\"primaryImageOfPage\":{\"@id\":\"https:\\\/\\\/mont-roig.cat\\\/es\\\/actualitat\\\/noticies\\\/el-ayuntamiento-de-mont-roig-del-camp-modificara-las-alturas-de-las-vallas-de-las-parcelas-en-pino-alto-cap-de-terme-y-masos-den-blader\\\/#primaryimage\"},\"image\":{\"@id\":\"https:\\\/\\\/mont-roig.cat\\\/es\\\/actualitat\\\/noticies\\\/el-ayuntamiento-de-mont-roig-del-camp-modificara-las-alturas-de-las-vallas-de-las-parcelas-en-pino-alto-cap-de-terme-y-masos-den-blader\\\/#primaryimage\"},\"thumbnailUrl\":\"https:\\\/\\\/mont-roig.cat\\\/wp-content\\\/uploads\\\/foto-ple-febrer.jpg\",\"datePublished\":\"2017-02-08T13:41:19+00:00\",\"dateModified\":\"2017-02-09T08:17:25+00:00\",\"author\":{\"@id\":\"https:\\\/\\\/mont-roig.cat\\\/es\\\/#\\\/schema\\\/person\\\/f2b111789f22b7d0c3bd6786c9128cba\"},\"breadcrumb\":{\"@id\":\"https:\\\/\\\/mont-roig.cat\\\/es\\\/actualitat\\\/noticies\\\/el-ayuntamiento-de-mont-roig-del-camp-modificara-las-alturas-de-las-vallas-de-las-parcelas-en-pino-alto-cap-de-terme-y-masos-den-blader\\\/#breadcrumb\"},\"inLanguage\":\"es\",\"potentialAction\":[{\"@type\":\"ReadAction\",\"target\":[\"https:\\\/\\\/mont-roig.cat\\\/es\\\/actualitat\\\/noticies\\\/el-ayuntamiento-de-mont-roig-del-camp-modificara-las-alturas-de-las-vallas-de-las-parcelas-en-pino-alto-cap-de-terme-y-masos-den-blader\\\/\"]}]},{\"@type\":\"ImageObject\",\"inLanguage\":\"es\",\"@id\":\"https:\\\/\\\/mont-roig.cat\\\/es\\\/actualitat\\\/noticies\\\/el-ayuntamiento-de-mont-roig-del-camp-modificara-las-alturas-de-las-vallas-de-las-parcelas-en-pino-alto-cap-de-terme-y-masos-den-blader\\\/#primaryimage\",\"url\":\"https:\\\/\\\/mont-roig.cat\\\/wp-content\\\/uploads\\\/foto-ple-febrer.jpg\",\"contentUrl\":\"https:\\\/\\\/mont-roig.cat\\\/wp-content\\\/uploads\\\/foto-ple-febrer.jpg\",\"width\":1920,\"height\":1440},{\"@type\":\"BreadcrumbList\",\"@id\":\"https:\\\/\\\/mont-roig.cat\\\/es\\\/actualitat\\\/noticies\\\/el-ayuntamiento-de-mont-roig-del-camp-modificara-las-alturas-de-las-vallas-de-las-parcelas-en-pino-alto-cap-de-terme-y-masos-den-blader\\\/#breadcrumb\",\"itemListElement\":[{\"@type\":\"ListItem\",\"position\":1,\"name\":\"Inici\",\"item\":\"https:\\\/\\\/mont-roig.cat\\\/es\\\/pagina-de-inicio\\\/\"},{\"@type\":\"ListItem\",\"position\":2,\"name\":\"El Ayuntamiento de Mont-roig del Camp modificar\u00e1 las alturas de las vallas de las parcelas en Pino Alto, Cap de Terme y Masos d&#8217;en Blader\"}]},{\"@type\":\"WebSite\",\"@id\":\"https:\\\/\\\/mont-roig.cat\\\/es\\\/#website\",\"url\":\"https:\\\/\\\/mont-roig.cat\\\/es\\\/\",\"name\":\"Ajuntament de Mont-roig del Camp\",\"description\":\"Tota la informaci\u00f3 sobre la instituci\u00f3, els seus \u00f2rgans de govern, actualitat, serveis i molt m\u00e9s.\",\"potentialAction\":[{\"@type\":\"SearchAction\",\"target\":{\"@type\":\"EntryPoint\",\"urlTemplate\":\"https:\\\/\\\/mont-roig.cat\\\/es\\\/?s={search_term_string}\"},\"query-input\":{\"@type\":\"PropertyValueSpecification\",\"valueRequired\":true,\"valueName\":\"search_term_string\"}}],\"inLanguage\":\"es\"},{\"@type\":\"Person\",\"@id\":\"https:\\\/\\\/mont-roig.cat\\\/es\\\/#\\\/schema\\\/person\\\/f2b111789f22b7d0c3bd6786c9128cba\",\"name\":\"administrador\",\"image\":{\"@type\":\"ImageObject\",\"inLanguage\":\"es\",\"@id\":\"https:\\\/\\\/secure.gravatar.com\\\/avatar\\\/9137aac6891e2595c9d3036fd83bcb653b4db3c946db4c7d9b9be193c3c944bb?s=96&d=mm&r=g\",\"url\":\"https:\\\/\\\/secure.gravatar.com\\\/avatar\\\/9137aac6891e2595c9d3036fd83bcb653b4db3c946db4c7d9b9be193c3c944bb?s=96&d=mm&r=g\",\"contentUrl\":\"https:\\\/\\\/secure.gravatar.com\\\/avatar\\\/9137aac6891e2595c9d3036fd83bcb653b4db3c946db4c7d9b9be193c3c944bb?s=96&d=mm&r=g\",\"caption\":\"administrador\"},\"url\":\"https:\\\/\\\/mont-roig.cat\\\/es\\\/actualitat\\\/noticies\\\/author\\\/administrador\\\/\"}]}<\/script>\n<!-- \/ Yoast SEO plugin. -->","yoast_head_json":{"title":"El Ayuntamiento de Mont-roig del Camp modificar\u00e1 las alturas de las vallas de las parcelas en Pino Alto, Cap de Terme y Masos d'en Blader - Ajuntament de Mont-roig del Camp","robots":{"index":"index","follow":"follow","max-snippet":"max-snippet:-1","max-image-preview":"max-image-preview:large","max-video-preview":"max-video-preview:-1"},"canonical":"https:\/\/mont-roig.cat\/es\/actualitat\/noticies\/el-ayuntamiento-de-mont-roig-del-camp-modificara-las-alturas-de-las-vallas-de-las-parcelas-en-pino-alto-cap-de-terme-y-masos-den-blader\/","og_locale":"es_ES","og_type":"article","og_title":"El Ayuntamiento de Mont-roig del Camp modificar\u00e1 las alturas de las vallas de las parcelas en Pino Alto, Cap de Terme y Masos d'en Blader - Ajuntament de Mont-roig del Camp","og_description":"Con esta decisi\u00f3n del pleno aprobada inicialmente, se equiparar\u00e1n las alturas de las vallas en todo el municipio excepto en el caso de Bonmont que tiene una normativa particular El pleno del Ayuntamiento de Mont-roig del Camp, celebrado esta ma\u00f1ana en sesi\u00f3n ordinaria, ha aprobado por unanimidad la modificaci\u00f3n de las alturas de las vallas\u00a0de [&hellip;]","og_url":"https:\/\/mont-roig.cat\/es\/actualitat\/noticies\/el-ayuntamiento-de-mont-roig-del-camp-modificara-las-alturas-de-las-vallas-de-las-parcelas-en-pino-alto-cap-de-terme-y-masos-den-blader\/","og_site_name":"Ajuntament de Mont-roig del Camp","article_published_time":"2017-02-08T13:41:19+00:00","article_modified_time":"2017-02-09T08:17:25+00:00","og_image":[{"width":1920,"height":1440,"url":"https:\/\/mont-roig.cat\/wp-content\/uploads\/foto-ple-febrer.jpg","type":"image\/jpeg"}],"author":"administrador","twitter_card":"summary_large_image","twitter_misc":{"Escrito por":"administrador","Tiempo de lectura":"2 minutos"},"schema":{"@context":"https:\/\/schema.org","@graph":[{"@type":"Article","@id":"https:\/\/mont-roig.cat\/es\/actualitat\/noticies\/el-ayuntamiento-de-mont-roig-del-camp-modificara-las-alturas-de-las-vallas-de-las-parcelas-en-pino-alto-cap-de-terme-y-masos-den-blader\/#article","isPartOf":{"@id":"https:\/\/mont-roig.cat\/es\/actualitat\/noticies\/el-ayuntamiento-de-mont-roig-del-camp-modificara-las-alturas-de-las-vallas-de-las-parcelas-en-pino-alto-cap-de-terme-y-masos-den-blader\/"},"author":{"name":"administrador","@id":"https:\/\/mont-roig.cat\/es\/#\/schema\/person\/f2b111789f22b7d0c3bd6786c9128cba"},"headline":"El Ayuntamiento de Mont-roig del Camp modificar\u00e1 las alturas de las vallas de las parcelas en Pino Alto, Cap de Terme y Masos d&#8217;en Blader","datePublished":"2017-02-08T13:41:19+00:00","dateModified":"2017-02-09T08:17:25+00:00","mainEntityOfPage":{"@id":"https:\/\/mont-roig.cat\/es\/actualitat\/noticies\/el-ayuntamiento-de-mont-roig-del-camp-modificara-las-alturas-de-las-vallas-de-las-parcelas-en-pino-alto-cap-de-terme-y-masos-den-blader\/"},"wordCount":433,"image":{"@id":"https:\/\/mont-roig.cat\/es\/actualitat\/noticies\/el-ayuntamiento-de-mont-roig-del-camp-modificara-las-alturas-de-las-vallas-de-las-parcelas-en-pino-alto-cap-de-terme-y-masos-den-blader\/#primaryimage"},"thumbnailUrl":"https:\/\/mont-roig.cat\/wp-content\/uploads\/foto-ple-febrer.jpg","articleSection":["Ayuntamiento","General"],"inLanguage":"es"},{"@type":"WebPage","@id":"https:\/\/mont-roig.cat\/es\/actualitat\/noticies\/el-ayuntamiento-de-mont-roig-del-camp-modificara-las-alturas-de-las-vallas-de-las-parcelas-en-pino-alto-cap-de-terme-y-masos-den-blader\/","url":"https:\/\/mont-roig.cat\/es\/actualitat\/noticies\/el-ayuntamiento-de-mont-roig-del-camp-modificara-las-alturas-de-las-vallas-de-las-parcelas-en-pino-alto-cap-de-terme-y-masos-den-blader\/","name":"El Ayuntamiento de Mont-roig del Camp modificar\u00e1 las alturas de las vallas de las parcelas en Pino Alto, Cap de Terme y Masos d'en Blader - Ajuntament de Mont-roig del Camp","isPartOf":{"@id":"https:\/\/mont-roig.cat\/es\/#website"},"primaryImageOfPage":{"@id":"https:\/\/mont-roig.cat\/es\/actualitat\/noticies\/el-ayuntamiento-de-mont-roig-del-camp-modificara-las-alturas-de-las-vallas-de-las-parcelas-en-pino-alto-cap-de-terme-y-masos-den-blader\/#primaryimage"},"image":{"@id":"https:\/\/mont-roig.cat\/es\/actualitat\/noticies\/el-ayuntamiento-de-mont-roig-del-camp-modificara-las-alturas-de-las-vallas-de-las-parcelas-en-pino-alto-cap-de-terme-y-masos-den-blader\/#primaryimage"},"thumbnailUrl":"https:\/\/mont-roig.cat\/wp-content\/uploads\/foto-ple-febrer.jpg","datePublished":"2017-02-08T13:41:19+00:00","dateModified":"2017-02-09T08:17:25+00:00","author":{"@id":"https:\/\/mont-roig.cat\/es\/#\/schema\/person\/f2b111789f22b7d0c3bd6786c9128cba"},"breadcrumb":{"@id":"https:\/\/mont-roig.cat\/es\/actualitat\/noticies\/el-ayuntamiento-de-mont-roig-del-camp-modificara-las-alturas-de-las-vallas-de-las-parcelas-en-pino-alto-cap-de-terme-y-masos-den-blader\/#breadcrumb"},"inLanguage":"es","potentialAction":[{"@type":"ReadAction","target":["https:\/\/mont-roig.cat\/es\/actualitat\/noticies\/el-ayuntamiento-de-mont-roig-del-camp-modificara-las-alturas-de-las-vallas-de-las-parcelas-en-pino-alto-cap-de-terme-y-masos-den-blader\/"]}]},{"@type":"ImageObject","inLanguage":"es","@id":"https:\/\/mont-roig.cat\/es\/actualitat\/noticies\/el-ayuntamiento-de-mont-roig-del-camp-modificara-las-alturas-de-las-vallas-de-las-parcelas-en-pino-alto-cap-de-terme-y-masos-den-blader\/#primaryimage","url":"https:\/\/mont-roig.cat\/wp-content\/uploads\/foto-ple-febrer.jpg","contentUrl":"https:\/\/mont-roig.cat\/wp-content\/uploads\/foto-ple-febrer.jpg","width":1920,"height":1440},{"@type":"BreadcrumbList","@id":"https:\/\/mont-roig.cat\/es\/actualitat\/noticies\/el-ayuntamiento-de-mont-roig-del-camp-modificara-las-alturas-de-las-vallas-de-las-parcelas-en-pino-alto-cap-de-terme-y-masos-den-blader\/#breadcrumb","itemListElement":[{"@type":"ListItem","position":1,"name":"Inici","item":"https:\/\/mont-roig.cat\/es\/pagina-de-inicio\/"},{"@type":"ListItem","position":2,"name":"El Ayuntamiento de Mont-roig del Camp modificar\u00e1 las alturas de las vallas de las parcelas en Pino Alto, Cap de Terme y Masos d&#8217;en Blader"}]},{"@type":"WebSite","@id":"https:\/\/mont-roig.cat\/es\/#website","url":"https:\/\/mont-roig.cat\/es\/","name":"Ajuntament de Mont-roig del Camp","description":"Tota la informaci\u00f3 sobre la instituci\u00f3, els seus \u00f2rgans de govern, actualitat, serveis i molt m\u00e9s.","potentialAction":[{"@type":"SearchAction","target":{"@type":"EntryPoint","urlTemplate":"https:\/\/mont-roig.cat\/es\/?s={search_term_string}"},"query-input":{"@type":"PropertyValueSpecification","valueRequired":true,"valueName":"search_term_string"}}],"inLanguage":"es"},{"@type":"Person","@id":"https:\/\/mont-roig.cat\/es\/#\/schema\/person\/f2b111789f22b7d0c3bd6786c9128cba","name":"administrador","image":{"@type":"ImageObject","inLanguage":"es","@id":"https:\/\/secure.gravatar.com\/avatar\/9137aac6891e2595c9d3036fd83bcb653b4db3c946db4c7d9b9be193c3c944bb?s=96&d=mm&r=g","url":"https:\/\/secure.gravatar.com\/avatar\/9137aac6891e2595c9d3036fd83bcb653b4db3c946db4c7d9b9be193c3c944bb?s=96&d=mm&r=g","contentUrl":"https:\/\/secure.gravatar.com\/avatar\/9137aac6891e2595c9d3036fd83bcb653b4db3c946db4c7d9b9be193c3c944bb?s=96&d=mm&r=g","caption":"administrador"},"url":"https:\/\/mont-roig.cat\/es\/actualitat\/noticies\/author\/administrador\/"}]}},"_links":{"self":[{"href":"https:\/\/mont-roig.cat\/es\/wp-json\/wp\/v2\/posts\/15084","targetHints":{"allow":["GET"]}}],"collection":[{"href":"https:\/\/mont-roig.cat\/es\/wp-json\/wp\/v2\/posts"}],"about":[{"href":"https:\/\/mont-roig.cat\/es\/wp-json\/wp\/v2\/types\/post"}],"author":[{"embeddable":true,"href":"https:\/\/mont-roig.cat\/es\/wp-json\/wp\/v2\/users\/4"}],"replies":[{"embeddable":true,"href":"https:\/\/mont-roig.cat\/es\/wp-json\/wp\/v2\/comments?post=15084"}],"version-history":[{"count":0,"href":"https:\/\/mont-roig.cat\/es\/wp-json\/wp\/v2\/posts\/15084\/revisions"}],"wp:featuredmedia":[{"embeddable":true,"href":"https:\/\/mont-roig.cat\/es\/wp-json\/wp\/v2\/media\/15082"}],"wp:attachment":[{"href":"https:\/\/mont-roig.cat\/es\/wp-json\/wp\/v2\/media?parent=15084"}],"wp:term":[{"taxonomy":"category","embeddable":true,"href":"https:\/\/mont-roig.cat\/es\/wp-json\/wp\/v2\/categories?post=15084"},{"taxonomy":"post_tag","embeddable":true,"href":"https:\/\/mont-roig.cat\/es\/wp-json\/wp\/v2\/tags?post=15084"}],"curies":[{"name":"wp","href":"https:\/\/api.w.org\/{rel}","templated":true}]}}