{"id":15116,"date":"2017-02-09T13:23:10","date_gmt":"2017-02-09T12:23:10","guid":{"rendered":"http:\/\/mont-roig.cat\/actualitat\/noticies\/mont-roig-miami-turisme-promociona-els-seus-atractius-al-salon-du-tourisme-mahana-de-lyon\/"},"modified":"2017-02-10T13:55:32","modified_gmt":"2017-02-10T12:55:32","slug":"mont-roig-miami-turisme-promociona-els-seus-atractius-al-salon-du-tourisme-mahana-de-lyon","status":"publish","type":"post","link":"https:\/\/mont-roig.cat\/es\/actualitat\/noticies\/mont-roig-miami-turisme-promociona-els-seus-atractius-al-salon-du-tourisme-mahana-de-lyon\/","title":{"rendered":"Mont-roig Miami Turismo promociona sus atractivos en el Salon du Tourisme Mahana de Lyon"},"content":{"rendered":"<ul>\n<li style=\"text-align: justify;\"><strong><a href=\"http:\/\/mont-roig.cat\/wp-content\/uploads\/POSTER_TURISME_LYON_baixa-001.jpg\"><img loading=\"lazy\" decoding=\"async\" class=\"wp-image-15111 alignright\" src=\"http:\/\/mont-roig.cat\/wp-content\/uploads\/POSTER_TURISME_LYON_baixa-001-317x500.jpg\" alt=\"\" width=\"300\" height=\"473\" srcset=\"https:\/\/mont-roig.cat\/wp-content\/uploads\/POSTER_TURISME_LYON_baixa-001-317x500.jpg 317w, https:\/\/mont-roig.cat\/wp-content\/uploads\/POSTER_TURISME_LYON_baixa-001-768x1213.jpg 768w, https:\/\/mont-roig.cat\/wp-content\/uploads\/POSTER_TURISME_LYON_baixa-001-649x1024.jpg 649w, https:\/\/mont-roig.cat\/wp-content\/uploads\/POSTER_TURISME_LYON_baixa-001.jpg 1920w\" sizes=\"auto, (max-width: 300px) 100vw, 300px\" \/><\/a>El Salon du Tourisme Mahana supone una referencia para el turista franc\u00e9s que busca un destino para pasar sus vacaciones. Desde ma\u00f1ana hasta el 12 de febrero, Mont-roig Miami Turismo dar\u00e1 a conocer su oferta tur\u00edstica en Lyon. Adem\u00e1s, ya se pueden consultar los productos tur\u00edsticos del municipio en la web oficial de la feria.\u00a0<\/strong><\/li>\n<\/ul>\n<p style=\"text-align: justify;\">Mont-roig Miami Turismo promociona un a\u00f1o m\u00e1s sus atractivos en Francia. A partir de ma\u00f1ana y hasta el domingo 12 de febrero estar\u00e1 presente en la feria Salon du Tourisme Mahana de la ciudad de Lyon. Bajo el paraguas de Turespa\u00f1a, el municipio tendr\u00e1 su stand en el recinto ferial Tony Garnier. El objetivo es transmitir los recursos tur\u00edsticos y reforzar y fidelizar el mercado franc\u00e9s. As\u00ed, los 12 km de litoral, con sus 10 playas y 11 calas, caracterizadas por las aguas c\u00e1lidas y cristalinas, son uno de los elementos potenciales que atraen el turismo familiar y que, por tanto, se dar\u00e1n a conocer en la feria.<\/p>\n<p style=\"text-align: justify;\">Una de las acciones que se han previsto para invitar a los asistentes a visitar el municipio es la organizaci\u00f3n de diferentes sorteos. As\u00ed, podr\u00e1n optar a una estancia de una semana en una caravana vintage o bien dos fines de semana, uno en el camping Els Prats y el otro en el camping La Torre Del Sol.<\/p>\n<p style=\"text-align: justify;\">El perfil de los visitantes de la feria tiene una media de 57 a\u00f1os, del cual\u00a0el 100% realiza vacaciones, el 50% de p\u00fablico invierte entre 1.000 y 3.000 euros en sus estancias y el 35% del p\u00fablico gasta m\u00e1s de 3.000 euros. El Salon du Tourisme Mahana est\u00e1 especializado en destinos, gastronom\u00eda, alojamiento, ocio, nuevas tecnolog\u00edas, entre otros. En la edici\u00f3n de 2016 cont\u00f3 con 309 expositores y recibi\u00f3 la asistencia de m\u00e1s de 26.000 visitantes. Estos datos muestran la relevancia de esta feria que supone una referencia para el turista franc\u00e9s, uno de los principales visitantes del municipio.<\/p>\n<p style=\"text-align: justify;\">Hasta ahora, Mont-roig Miami Turismo ha realizado diversas campa\u00f1as de promoci\u00f3n a trav\u00e9s de las redes sociales. Tambi\u00e9n cuenta con su espacio propio en la <a href=\"https:\/\/www.salons-du-tourisme.com\/Lyon\/Catalogue\/Liste-des-marques\/Mont-roig-Miami-Turisme\">web del Salon du Tourisme Mahana<\/a> desde donde se pueden consultar los diferentes productos que se ofrecen, como el senderismo, el cicloturismo, las actividades en familia, el turismo cultural, el centro BTT y las playas.<\/p>\n","protected":false},"excerpt":{"rendered":"<p>El Salon du Tourisme Mahana supone una referencia para el turista franc\u00e9s que busca un destino para pasar sus vacaciones. Desde ma\u00f1ana hasta el 12 de febrero, Mont-roig Miami Turismo dar\u00e1 a conocer su oferta tur\u00edstica en Lyon. Adem\u00e1s, ya se pueden consultar los productos tur\u00edsticos del municipio en la web oficial de la feria.\u00a0 [&hellip;]<\/p>\n","protected":false},"author":4,"featured_media":15111,"comment_status":"closed","ping_status":"closed","sticky":false,"template":"","format":"standard","meta":{"inline_featured_image":false,"_monsterinsights_skip_tracking":false,"_monsterinsights_sitenote_active":false,"_monsterinsights_sitenote_note":"","_monsterinsights_sitenote_category":0,"footnotes":""},"categories":[98,71,115],"tags":[],"class_list":["post-15116","post","type-post","status-publish","format-standard","has-post-thumbnail","hentry","category-ayuntamiento","category-general-es","category-turismo"],"yoast_head":"<!-- This site is optimized with the Yoast SEO plugin v27.4 - https:\/\/yoast.com\/product\/yoast-seo-wordpress\/ -->\n<title>Mont-roig Miami Turismo promociona sus atractivos en el Salon du Tourisme Mahana de Lyon - Ajuntament de Mont-roig del Camp<\/title>\n<meta name=\"robots\" content=\"index, follow, max-snippet:-1, max-image-preview:large, max-video-preview:-1\" \/>\n<link rel=\"canonical\" href=\"https:\/\/mont-roig.cat\/es\/actualitat\/noticies\/mont-roig-miami-turisme-promociona-els-seus-atractius-al-salon-du-tourisme-mahana-de-lyon\/\" \/>\n<meta property=\"og:locale\" content=\"es_ES\" \/>\n<meta property=\"og:type\" content=\"article\" \/>\n<meta property=\"og:title\" content=\"Mont-roig Miami Turismo promociona sus atractivos en el Salon du Tourisme Mahana de Lyon - Ajuntament de Mont-roig del Camp\" \/>\n<meta property=\"og:description\" content=\"El Salon du Tourisme Mahana supone una referencia para el turista franc\u00e9s que busca un destino para pasar sus vacaciones. Desde ma\u00f1ana hasta el 12 de febrero, Mont-roig Miami Turismo dar\u00e1 a conocer su oferta tur\u00edstica en Lyon. Adem\u00e1s, ya se pueden consultar los productos tur\u00edsticos del municipio en la web oficial de la feria.\u00a0 [&hellip;]\" \/>\n<meta property=\"og:url\" content=\"https:\/\/mont-roig.cat\/es\/actualitat\/noticies\/mont-roig-miami-turisme-promociona-els-seus-atractius-al-salon-du-tourisme-mahana-de-lyon\/\" \/>\n<meta property=\"og:site_name\" content=\"Ajuntament de Mont-roig del Camp\" \/>\n<meta property=\"article:published_time\" content=\"2017-02-09T12:23:10+00:00\" \/>\n<meta property=\"article:modified_time\" content=\"2017-02-10T12:55:32+00:00\" \/>\n<meta property=\"og:image\" content=\"https:\/\/mont-roig.cat\/wp-content\/uploads\/POSTER_TURISME_LYON_baixa-001.jpg\" \/>\n\t<meta property=\"og:image:width\" content=\"1920\" \/>\n\t<meta property=\"og:image:height\" content=\"3032\" \/>\n\t<meta property=\"og:image:type\" content=\"image\/jpeg\" \/>\n<meta name=\"author\" content=\"administrador\" \/>\n<meta name=\"twitter:card\" content=\"summary_large_image\" \/>\n<meta name=\"twitter:label1\" content=\"Escrito por\" \/>\n\t<meta name=\"twitter:data1\" content=\"administrador\" \/>\n\t<meta name=\"twitter:label2\" content=\"Tiempo de lectura\" \/>\n\t<meta name=\"twitter:data2\" content=\"2 minutos\" \/>\n<script type=\"application\/ld+json\" class=\"yoast-schema-graph\">{\"@context\":\"https:\\\/\\\/schema.org\",\"@graph\":[{\"@type\":\"Article\",\"@id\":\"https:\\\/\\\/mont-roig.cat\\\/es\\\/actualitat\\\/noticies\\\/mont-roig-miami-turisme-promociona-els-seus-atractius-al-salon-du-tourisme-mahana-de-lyon\\\/#article\",\"isPartOf\":{\"@id\":\"https:\\\/\\\/mont-roig.cat\\\/es\\\/actualitat\\\/noticies\\\/mont-roig-miami-turisme-promociona-els-seus-atractius-al-salon-du-tourisme-mahana-de-lyon\\\/\"},\"author\":{\"name\":\"administrador\",\"@id\":\"https:\\\/\\\/mont-roig.cat\\\/es\\\/#\\\/schema\\\/person\\\/f2b111789f22b7d0c3bd6786c9128cba\"},\"headline\":\"Mont-roig Miami Turismo promociona sus atractivos en el Salon du Tourisme Mahana de Lyon\",\"datePublished\":\"2017-02-09T12:23:10+00:00\",\"dateModified\":\"2017-02-10T12:55:32+00:00\",\"mainEntityOfPage\":{\"@id\":\"https:\\\/\\\/mont-roig.cat\\\/es\\\/actualitat\\\/noticies\\\/mont-roig-miami-turisme-promociona-els-seus-atractius-al-salon-du-tourisme-mahana-de-lyon\\\/\"},\"wordCount\":408,\"image\":{\"@id\":\"https:\\\/\\\/mont-roig.cat\\\/es\\\/actualitat\\\/noticies\\\/mont-roig-miami-turisme-promociona-els-seus-atractius-al-salon-du-tourisme-mahana-de-lyon\\\/#primaryimage\"},\"thumbnailUrl\":\"https:\\\/\\\/mont-roig.cat\\\/wp-content\\\/uploads\\\/POSTER_TURISME_LYON_baixa-001.jpg\",\"articleSection\":[\"Ayuntamiento\",\"General\",\"Turismo\"],\"inLanguage\":\"es\"},{\"@type\":\"WebPage\",\"@id\":\"https:\\\/\\\/mont-roig.cat\\\/es\\\/actualitat\\\/noticies\\\/mont-roig-miami-turisme-promociona-els-seus-atractius-al-salon-du-tourisme-mahana-de-lyon\\\/\",\"url\":\"https:\\\/\\\/mont-roig.cat\\\/es\\\/actualitat\\\/noticies\\\/mont-roig-miami-turisme-promociona-els-seus-atractius-al-salon-du-tourisme-mahana-de-lyon\\\/\",\"name\":\"Mont-roig Miami Turismo promociona sus atractivos en el Salon du Tourisme Mahana de Lyon - Ajuntament de Mont-roig del Camp\",\"isPartOf\":{\"@id\":\"https:\\\/\\\/mont-roig.cat\\\/es\\\/#website\"},\"primaryImageOfPage\":{\"@id\":\"https:\\\/\\\/mont-roig.cat\\\/es\\\/actualitat\\\/noticies\\\/mont-roig-miami-turisme-promociona-els-seus-atractius-al-salon-du-tourisme-mahana-de-lyon\\\/#primaryimage\"},\"image\":{\"@id\":\"https:\\\/\\\/mont-roig.cat\\\/es\\\/actualitat\\\/noticies\\\/mont-roig-miami-turisme-promociona-els-seus-atractius-al-salon-du-tourisme-mahana-de-lyon\\\/#primaryimage\"},\"thumbnailUrl\":\"https:\\\/\\\/mont-roig.cat\\\/wp-content\\\/uploads\\\/POSTER_TURISME_LYON_baixa-001.jpg\",\"datePublished\":\"2017-02-09T12:23:10+00:00\",\"dateModified\":\"2017-02-10T12:55:32+00:00\",\"author\":{\"@id\":\"https:\\\/\\\/mont-roig.cat\\\/es\\\/#\\\/schema\\\/person\\\/f2b111789f22b7d0c3bd6786c9128cba\"},\"breadcrumb\":{\"@id\":\"https:\\\/\\\/mont-roig.cat\\\/es\\\/actualitat\\\/noticies\\\/mont-roig-miami-turisme-promociona-els-seus-atractius-al-salon-du-tourisme-mahana-de-lyon\\\/#breadcrumb\"},\"inLanguage\":\"es\",\"potentialAction\":[{\"@type\":\"ReadAction\",\"target\":[\"https:\\\/\\\/mont-roig.cat\\\/es\\\/actualitat\\\/noticies\\\/mont-roig-miami-turisme-promociona-els-seus-atractius-al-salon-du-tourisme-mahana-de-lyon\\\/\"]}]},{\"@type\":\"ImageObject\",\"inLanguage\":\"es\",\"@id\":\"https:\\\/\\\/mont-roig.cat\\\/es\\\/actualitat\\\/noticies\\\/mont-roig-miami-turisme-promociona-els-seus-atractius-al-salon-du-tourisme-mahana-de-lyon\\\/#primaryimage\",\"url\":\"https:\\\/\\\/mont-roig.cat\\\/wp-content\\\/uploads\\\/POSTER_TURISME_LYON_baixa-001.jpg\",\"contentUrl\":\"https:\\\/\\\/mont-roig.cat\\\/wp-content\\\/uploads\\\/POSTER_TURISME_LYON_baixa-001.jpg\",\"width\":1920,\"height\":3032},{\"@type\":\"BreadcrumbList\",\"@id\":\"https:\\\/\\\/mont-roig.cat\\\/es\\\/actualitat\\\/noticies\\\/mont-roig-miami-turisme-promociona-els-seus-atractius-al-salon-du-tourisme-mahana-de-lyon\\\/#breadcrumb\",\"itemListElement\":[{\"@type\":\"ListItem\",\"position\":1,\"name\":\"Inici\",\"item\":\"https:\\\/\\\/mont-roig.cat\\\/es\\\/pagina-de-inicio\\\/\"},{\"@type\":\"ListItem\",\"position\":2,\"name\":\"Mont-roig Miami Turismo promociona sus atractivos en el Salon du Tourisme Mahana de Lyon\"}]},{\"@type\":\"WebSite\",\"@id\":\"https:\\\/\\\/mont-roig.cat\\\/es\\\/#website\",\"url\":\"https:\\\/\\\/mont-roig.cat\\\/es\\\/\",\"name\":\"Ajuntament de Mont-roig del Camp\",\"description\":\"Tota la informaci\u00f3 sobre la instituci\u00f3, els seus \u00f2rgans de govern, actualitat, serveis i molt m\u00e9s.\",\"potentialAction\":[{\"@type\":\"SearchAction\",\"target\":{\"@type\":\"EntryPoint\",\"urlTemplate\":\"https:\\\/\\\/mont-roig.cat\\\/es\\\/?s={search_term_string}\"},\"query-input\":{\"@type\":\"PropertyValueSpecification\",\"valueRequired\":true,\"valueName\":\"search_term_string\"}}],\"inLanguage\":\"es\"},{\"@type\":\"Person\",\"@id\":\"https:\\\/\\\/mont-roig.cat\\\/es\\\/#\\\/schema\\\/person\\\/f2b111789f22b7d0c3bd6786c9128cba\",\"name\":\"administrador\",\"image\":{\"@type\":\"ImageObject\",\"inLanguage\":\"es\",\"@id\":\"https:\\\/\\\/secure.gravatar.com\\\/avatar\\\/9137aac6891e2595c9d3036fd83bcb653b4db3c946db4c7d9b9be193c3c944bb?s=96&d=mm&r=g\",\"url\":\"https:\\\/\\\/secure.gravatar.com\\\/avatar\\\/9137aac6891e2595c9d3036fd83bcb653b4db3c946db4c7d9b9be193c3c944bb?s=96&d=mm&r=g\",\"contentUrl\":\"https:\\\/\\\/secure.gravatar.com\\\/avatar\\\/9137aac6891e2595c9d3036fd83bcb653b4db3c946db4c7d9b9be193c3c944bb?s=96&d=mm&r=g\",\"caption\":\"administrador\"},\"url\":\"https:\\\/\\\/mont-roig.cat\\\/es\\\/actualitat\\\/noticies\\\/author\\\/administrador\\\/\"}]}<\/script>\n<!-- \/ Yoast SEO plugin. -->","yoast_head_json":{"title":"Mont-roig Miami Turismo promociona sus atractivos en el Salon du Tourisme Mahana de Lyon - Ajuntament de Mont-roig del Camp","robots":{"index":"index","follow":"follow","max-snippet":"max-snippet:-1","max-image-preview":"max-image-preview:large","max-video-preview":"max-video-preview:-1"},"canonical":"https:\/\/mont-roig.cat\/es\/actualitat\/noticies\/mont-roig-miami-turisme-promociona-els-seus-atractius-al-salon-du-tourisme-mahana-de-lyon\/","og_locale":"es_ES","og_type":"article","og_title":"Mont-roig Miami Turismo promociona sus atractivos en el Salon du Tourisme Mahana de Lyon - Ajuntament de Mont-roig del Camp","og_description":"El Salon du Tourisme Mahana supone una referencia para el turista franc\u00e9s que busca un destino para pasar sus vacaciones. Desde ma\u00f1ana hasta el 12 de febrero, Mont-roig Miami Turismo dar\u00e1 a conocer su oferta tur\u00edstica en Lyon. Adem\u00e1s, ya se pueden consultar los productos tur\u00edsticos del municipio en la web oficial de la feria.\u00a0 [&hellip;]","og_url":"https:\/\/mont-roig.cat\/es\/actualitat\/noticies\/mont-roig-miami-turisme-promociona-els-seus-atractius-al-salon-du-tourisme-mahana-de-lyon\/","og_site_name":"Ajuntament de Mont-roig del Camp","article_published_time":"2017-02-09T12:23:10+00:00","article_modified_time":"2017-02-10T12:55:32+00:00","og_image":[{"width":1920,"height":3032,"url":"https:\/\/mont-roig.cat\/wp-content\/uploads\/POSTER_TURISME_LYON_baixa-001.jpg","type":"image\/jpeg"}],"author":"administrador","twitter_card":"summary_large_image","twitter_misc":{"Escrito por":"administrador","Tiempo de lectura":"2 minutos"},"schema":{"@context":"https:\/\/schema.org","@graph":[{"@type":"Article","@id":"https:\/\/mont-roig.cat\/es\/actualitat\/noticies\/mont-roig-miami-turisme-promociona-els-seus-atractius-al-salon-du-tourisme-mahana-de-lyon\/#article","isPartOf":{"@id":"https:\/\/mont-roig.cat\/es\/actualitat\/noticies\/mont-roig-miami-turisme-promociona-els-seus-atractius-al-salon-du-tourisme-mahana-de-lyon\/"},"author":{"name":"administrador","@id":"https:\/\/mont-roig.cat\/es\/#\/schema\/person\/f2b111789f22b7d0c3bd6786c9128cba"},"headline":"Mont-roig Miami Turismo promociona sus atractivos en el Salon du Tourisme Mahana de Lyon","datePublished":"2017-02-09T12:23:10+00:00","dateModified":"2017-02-10T12:55:32+00:00","mainEntityOfPage":{"@id":"https:\/\/mont-roig.cat\/es\/actualitat\/noticies\/mont-roig-miami-turisme-promociona-els-seus-atractius-al-salon-du-tourisme-mahana-de-lyon\/"},"wordCount":408,"image":{"@id":"https:\/\/mont-roig.cat\/es\/actualitat\/noticies\/mont-roig-miami-turisme-promociona-els-seus-atractius-al-salon-du-tourisme-mahana-de-lyon\/#primaryimage"},"thumbnailUrl":"https:\/\/mont-roig.cat\/wp-content\/uploads\/POSTER_TURISME_LYON_baixa-001.jpg","articleSection":["Ayuntamiento","General","Turismo"],"inLanguage":"es"},{"@type":"WebPage","@id":"https:\/\/mont-roig.cat\/es\/actualitat\/noticies\/mont-roig-miami-turisme-promociona-els-seus-atractius-al-salon-du-tourisme-mahana-de-lyon\/","url":"https:\/\/mont-roig.cat\/es\/actualitat\/noticies\/mont-roig-miami-turisme-promociona-els-seus-atractius-al-salon-du-tourisme-mahana-de-lyon\/","name":"Mont-roig Miami Turismo promociona sus atractivos en el Salon du Tourisme Mahana de Lyon - Ajuntament de Mont-roig del Camp","isPartOf":{"@id":"https:\/\/mont-roig.cat\/es\/#website"},"primaryImageOfPage":{"@id":"https:\/\/mont-roig.cat\/es\/actualitat\/noticies\/mont-roig-miami-turisme-promociona-els-seus-atractius-al-salon-du-tourisme-mahana-de-lyon\/#primaryimage"},"image":{"@id":"https:\/\/mont-roig.cat\/es\/actualitat\/noticies\/mont-roig-miami-turisme-promociona-els-seus-atractius-al-salon-du-tourisme-mahana-de-lyon\/#primaryimage"},"thumbnailUrl":"https:\/\/mont-roig.cat\/wp-content\/uploads\/POSTER_TURISME_LYON_baixa-001.jpg","datePublished":"2017-02-09T12:23:10+00:00","dateModified":"2017-02-10T12:55:32+00:00","author":{"@id":"https:\/\/mont-roig.cat\/es\/#\/schema\/person\/f2b111789f22b7d0c3bd6786c9128cba"},"breadcrumb":{"@id":"https:\/\/mont-roig.cat\/es\/actualitat\/noticies\/mont-roig-miami-turisme-promociona-els-seus-atractius-al-salon-du-tourisme-mahana-de-lyon\/#breadcrumb"},"inLanguage":"es","potentialAction":[{"@type":"ReadAction","target":["https:\/\/mont-roig.cat\/es\/actualitat\/noticies\/mont-roig-miami-turisme-promociona-els-seus-atractius-al-salon-du-tourisme-mahana-de-lyon\/"]}]},{"@type":"ImageObject","inLanguage":"es","@id":"https:\/\/mont-roig.cat\/es\/actualitat\/noticies\/mont-roig-miami-turisme-promociona-els-seus-atractius-al-salon-du-tourisme-mahana-de-lyon\/#primaryimage","url":"https:\/\/mont-roig.cat\/wp-content\/uploads\/POSTER_TURISME_LYON_baixa-001.jpg","contentUrl":"https:\/\/mont-roig.cat\/wp-content\/uploads\/POSTER_TURISME_LYON_baixa-001.jpg","width":1920,"height":3032},{"@type":"BreadcrumbList","@id":"https:\/\/mont-roig.cat\/es\/actualitat\/noticies\/mont-roig-miami-turisme-promociona-els-seus-atractius-al-salon-du-tourisme-mahana-de-lyon\/#breadcrumb","itemListElement":[{"@type":"ListItem","position":1,"name":"Inici","item":"https:\/\/mont-roig.cat\/es\/pagina-de-inicio\/"},{"@type":"ListItem","position":2,"name":"Mont-roig Miami Turismo promociona sus atractivos en el Salon du Tourisme Mahana de Lyon"}]},{"@type":"WebSite","@id":"https:\/\/mont-roig.cat\/es\/#website","url":"https:\/\/mont-roig.cat\/es\/","name":"Ajuntament de Mont-roig del Camp","description":"Tota la informaci\u00f3 sobre la instituci\u00f3, els seus \u00f2rgans de govern, actualitat, serveis i molt m\u00e9s.","potentialAction":[{"@type":"SearchAction","target":{"@type":"EntryPoint","urlTemplate":"https:\/\/mont-roig.cat\/es\/?s={search_term_string}"},"query-input":{"@type":"PropertyValueSpecification","valueRequired":true,"valueName":"search_term_string"}}],"inLanguage":"es"},{"@type":"Person","@id":"https:\/\/mont-roig.cat\/es\/#\/schema\/person\/f2b111789f22b7d0c3bd6786c9128cba","name":"administrador","image":{"@type":"ImageObject","inLanguage":"es","@id":"https:\/\/secure.gravatar.com\/avatar\/9137aac6891e2595c9d3036fd83bcb653b4db3c946db4c7d9b9be193c3c944bb?s=96&d=mm&r=g","url":"https:\/\/secure.gravatar.com\/avatar\/9137aac6891e2595c9d3036fd83bcb653b4db3c946db4c7d9b9be193c3c944bb?s=96&d=mm&r=g","contentUrl":"https:\/\/secure.gravatar.com\/avatar\/9137aac6891e2595c9d3036fd83bcb653b4db3c946db4c7d9b9be193c3c944bb?s=96&d=mm&r=g","caption":"administrador"},"url":"https:\/\/mont-roig.cat\/es\/actualitat\/noticies\/author\/administrador\/"}]}},"_links":{"self":[{"href":"https:\/\/mont-roig.cat\/es\/wp-json\/wp\/v2\/posts\/15116","targetHints":{"allow":["GET"]}}],"collection":[{"href":"https:\/\/mont-roig.cat\/es\/wp-json\/wp\/v2\/posts"}],"about":[{"href":"https:\/\/mont-roig.cat\/es\/wp-json\/wp\/v2\/types\/post"}],"author":[{"embeddable":true,"href":"https:\/\/mont-roig.cat\/es\/wp-json\/wp\/v2\/users\/4"}],"replies":[{"embeddable":true,"href":"https:\/\/mont-roig.cat\/es\/wp-json\/wp\/v2\/comments?post=15116"}],"version-history":[{"count":0,"href":"https:\/\/mont-roig.cat\/es\/wp-json\/wp\/v2\/posts\/15116\/revisions"}],"wp:featuredmedia":[{"embeddable":true,"href":"https:\/\/mont-roig.cat\/es\/wp-json\/wp\/v2\/media\/15111"}],"wp:attachment":[{"href":"https:\/\/mont-roig.cat\/es\/wp-json\/wp\/v2\/media?parent=15116"}],"wp:term":[{"taxonomy":"category","embeddable":true,"href":"https:\/\/mont-roig.cat\/es\/wp-json\/wp\/v2\/categories?post=15116"},{"taxonomy":"post_tag","embeddable":true,"href":"https:\/\/mont-roig.cat\/es\/wp-json\/wp\/v2\/tags?post=15116"}],"curies":[{"name":"wp","href":"https:\/\/api.w.org\/{rel}","templated":true}]}}