{"id":15335,"date":"2017-02-16T13:15:52","date_gmt":"2017-02-16T12:15:52","guid":{"rendered":"http:\/\/mont-roig.cat\/actualitat\/noticies\/lajuntament-de-mont-roig-del-camp-lliura-a-la-fundacio-josep-carreras-la-recaptacio-de-la-jornada-solidaria-del-15-de-gener\/"},"modified":"2017-02-16T13:37:14","modified_gmt":"2017-02-16T12:37:14","slug":"lajuntament-de-mont-roig-del-camp-lliura-a-la-fundacio-josep-carreras-la-recaptacio-de-la-jornada-solidaria-del-15-de-gener","status":"publish","type":"post","link":"https:\/\/mont-roig.cat\/es\/actualitat\/noticies\/lajuntament-de-mont-roig-del-camp-lliura-a-la-fundacio-josep-carreras-la-recaptacio-de-la-jornada-solidaria-del-15-de-gener\/","title":{"rendered":"El Ayuntamiento de Mont-roig del Camp entrega a la Fundaci\u00f3n Josep Carreras la recaudaci\u00f3n de la jornada solidaria del 15 de enero"},"content":{"rendered":"<p><a href=\"http:\/\/mont-roig.cat\/wp-content\/uploads\/Jornada-solid\u00e0ria.png\"><img loading=\"lazy\" decoding=\"async\" class=\" wp-image-15331 alignright\" src=\"http:\/\/mont-roig.cat\/wp-content\/uploads\/Jornada-solid\u00e0ria-500x346.png\" alt=\"\" width=\"312\" height=\"216\" srcset=\"https:\/\/mont-roig.cat\/wp-content\/uploads\/Jornada-solid\u00e0ria-500x346.png 500w, https:\/\/mont-roig.cat\/wp-content\/uploads\/Jornada-solid\u00e0ria-768x531.png 768w, https:\/\/mont-roig.cat\/wp-content\/uploads\/Jornada-solid\u00e0ria-1024x708.png 1024w, https:\/\/mont-roig.cat\/wp-content\/uploads\/Jornada-solid\u00e0ria.png 1074w\" sizes=\"auto, (max-width: 312px) 100vw, 312px\" \/><\/a><\/p>\n<ul>\n<li style=\"text-align: justify;\"><strong>Las actividades que se organizaron para la Jornada Solidaria, celebrada el pasado 15 de enero, sirvieron para recaudar 2.859 euros que se han entregado a la Fundaci\u00f3n Josep Carreras, a trav\u00e9s de la Asociaci\u00f3n de Donantes de Sangre del Baix Camp.<\/strong><\/li>\n<\/ul>\n<p style=\"text-align: justify;\">El Ayuntamiento de Mont-roig del Camp, a trav\u00e9s de la Asociaci\u00f3n de Donantes de Sangre del Baix Camp, ha entregado a la Fundaci\u00f3n Josep Carreras un total de 2.859 euros que se recaudaron durante la jornada solidaria celebrada el pasado 15 de enero a favor de la donaci\u00f3n de m\u00e9dula \u00f3sea. El alcalde de Mont-roig del Camp, Fran Morancho, ha sido el encargado de entregar el cheque a la delegada del Banco de Sangre y Tejidos en Miami Platja, Gloria Vargas, en un acto en el cual tambi\u00e9n ha asistido el concejal de Deportes, \u00c1ngel Redondo.<\/p>\n<p style=\"text-align: justify;\">La Jornada Solidaria, que se celebr\u00f3 en la p\u00e9rgola de la playa Cristal de Miami Platja y que se hizo coincidir con la segunda edici\u00f3n de la carrera atl\u00e9tica Crematorrons, fue un \u00e9xito por las cifras conseguidas. El fondo recaudado proviene de una parte de las inscripciones de las carreras y tambi\u00e9n de las actividades que se desarrollaron durante la jornada, que se inici\u00f3 a las 9 horas y finaliz\u00f3 a las 17 horas. As\u00ed, un mercado de objetos de segunda mano, a cargo de la asociaci\u00f3n Mitjanit de Miami Platja, un conjunto de hinchables para los m\u00e1s peque\u00f1os y el servicio de bar disponible para todos los asistentes, fueron algunas de las acciones que se llevaron a cabo y que permitieron la recaudaci\u00f3n de dinero para la Fundaci\u00f3n Josep Carreras.<\/p>\n<p style=\"text-align: justify;\">Tambi\u00e9n, cabe destacar la buena acogida de la jornada por parte de todos los participantes y la cantidad de donaciones que se realizaron en las dos unidades m\u00f3viles del Banco de Sangre y Tejidos que se desplazaron. En total, 93 personas donaron sangre, 28 de las cuales lo hicieron por primera vez, y 29 se inscribieron como donantes de m\u00e9dula \u00f3sea.<\/p>\n<p style=\"text-align: justify;\">El evento cont\u00f3 con un centenar de voluntarios que ayudaron en el montaje y correcto funcionamiento de las actividades, y tambi\u00e9n con la colaboraci\u00f3n de la asociaci\u00f3n Mitjanit de Miami Platja, el grupo de payasos Pallapupes y varias empresas del municipio y de otras localidades de la Costa Dorada.<\/p>\n","protected":false},"excerpt":{"rendered":"<p>Las actividades que se organizaron para la Jornada Solidaria, celebrada el pasado 15 de enero, sirvieron para recaudar 2.859 euros que se han entregado a la Fundaci\u00f3n Josep Carreras, a trav\u00e9s de la Asociaci\u00f3n de Donantes de Sangre del Baix Camp. El Ayuntamiento de Mont-roig del Camp, a trav\u00e9s de la Asociaci\u00f3n de Donantes de [&hellip;]<\/p>\n","protected":false},"author":4,"featured_media":15331,"comment_status":"closed","ping_status":"closed","sticky":false,"template":"","format":"standard","meta":{"inline_featured_image":false,"_monsterinsights_skip_tracking":false,"_monsterinsights_sitenote_active":false,"_monsterinsights_sitenote_note":"","_monsterinsights_sitenote_category":0,"footnotes":""},"categories":[98,71],"tags":[],"class_list":["post-15335","post","type-post","status-publish","format-standard","has-post-thumbnail","hentry","category-ayuntamiento","category-general-es"],"yoast_head":"<!-- This site is optimized with the Yoast SEO plugin v27.4 - https:\/\/yoast.com\/product\/yoast-seo-wordpress\/ -->\n<title>El Ayuntamiento de Mont-roig del Camp entrega a la Fundaci\u00f3n Josep Carreras la recaudaci\u00f3n de la jornada solidaria del 15 de enero - Ajuntament de Mont-roig del Camp<\/title>\n<meta name=\"robots\" content=\"index, follow, max-snippet:-1, max-image-preview:large, max-video-preview:-1\" \/>\n<link rel=\"canonical\" href=\"https:\/\/mont-roig.cat\/es\/actualitat\/noticies\/lajuntament-de-mont-roig-del-camp-lliura-a-la-fundacio-josep-carreras-la-recaptacio-de-la-jornada-solidaria-del-15-de-gener\/\" \/>\n<meta property=\"og:locale\" content=\"es_ES\" \/>\n<meta property=\"og:type\" content=\"article\" \/>\n<meta property=\"og:title\" content=\"El Ayuntamiento de Mont-roig del Camp entrega a la Fundaci\u00f3n Josep Carreras la recaudaci\u00f3n de la jornada solidaria del 15 de enero - Ajuntament de Mont-roig del Camp\" \/>\n<meta property=\"og:description\" content=\"Las actividades que se organizaron para la Jornada Solidaria, celebrada el pasado 15 de enero, sirvieron para recaudar 2.859 euros que se han entregado a la Fundaci\u00f3n Josep Carreras, a trav\u00e9s de la Asociaci\u00f3n de Donantes de Sangre del Baix Camp. El Ayuntamiento de Mont-roig del Camp, a trav\u00e9s de la Asociaci\u00f3n de Donantes de [&hellip;]\" \/>\n<meta property=\"og:url\" content=\"https:\/\/mont-roig.cat\/es\/actualitat\/noticies\/lajuntament-de-mont-roig-del-camp-lliura-a-la-fundacio-josep-carreras-la-recaptacio-de-la-jornada-solidaria-del-15-de-gener\/\" \/>\n<meta property=\"og:site_name\" content=\"Ajuntament de Mont-roig del Camp\" \/>\n<meta property=\"article:published_time\" content=\"2017-02-16T12:15:52+00:00\" \/>\n<meta property=\"article:modified_time\" content=\"2017-02-16T12:37:14+00:00\" \/>\n<meta property=\"og:image\" content=\"https:\/\/mont-roig.cat\/wp-content\/uploads\/Jornada-solid\u00e0ria.png\" \/>\n\t<meta property=\"og:image:width\" content=\"1074\" \/>\n\t<meta property=\"og:image:height\" content=\"743\" \/>\n\t<meta property=\"og:image:type\" content=\"image\/png\" \/>\n<meta name=\"author\" content=\"administrador\" \/>\n<meta name=\"twitter:card\" content=\"summary_large_image\" \/>\n<meta name=\"twitter:label1\" content=\"Escrito por\" \/>\n\t<meta name=\"twitter:data1\" content=\"administrador\" \/>\n\t<meta name=\"twitter:label2\" content=\"Tiempo de lectura\" \/>\n\t<meta name=\"twitter:data2\" content=\"2 minutos\" \/>\n<script type=\"application\/ld+json\" class=\"yoast-schema-graph\">{\"@context\":\"https:\\\/\\\/schema.org\",\"@graph\":[{\"@type\":\"Article\",\"@id\":\"https:\\\/\\\/mont-roig.cat\\\/es\\\/actualitat\\\/noticies\\\/lajuntament-de-mont-roig-del-camp-lliura-a-la-fundacio-josep-carreras-la-recaptacio-de-la-jornada-solidaria-del-15-de-gener\\\/#article\",\"isPartOf\":{\"@id\":\"https:\\\/\\\/mont-roig.cat\\\/es\\\/actualitat\\\/noticies\\\/lajuntament-de-mont-roig-del-camp-lliura-a-la-fundacio-josep-carreras-la-recaptacio-de-la-jornada-solidaria-del-15-de-gener\\\/\"},\"author\":{\"name\":\"administrador\",\"@id\":\"https:\\\/\\\/mont-roig.cat\\\/es\\\/#\\\/schema\\\/person\\\/f2b111789f22b7d0c3bd6786c9128cba\"},\"headline\":\"El Ayuntamiento de Mont-roig del Camp entrega a la Fundaci\u00f3n Josep Carreras la recaudaci\u00f3n de la jornada solidaria del 15 de enero\",\"datePublished\":\"2017-02-16T12:15:52+00:00\",\"dateModified\":\"2017-02-16T12:37:14+00:00\",\"mainEntityOfPage\":{\"@id\":\"https:\\\/\\\/mont-roig.cat\\\/es\\\/actualitat\\\/noticies\\\/lajuntament-de-mont-roig-del-camp-lliura-a-la-fundacio-josep-carreras-la-recaptacio-de-la-jornada-solidaria-del-15-de-gener\\\/\"},\"wordCount\":416,\"image\":{\"@id\":\"https:\\\/\\\/mont-roig.cat\\\/es\\\/actualitat\\\/noticies\\\/lajuntament-de-mont-roig-del-camp-lliura-a-la-fundacio-josep-carreras-la-recaptacio-de-la-jornada-solidaria-del-15-de-gener\\\/#primaryimage\"},\"thumbnailUrl\":\"https:\\\/\\\/mont-roig.cat\\\/wp-content\\\/uploads\\\/Jornada-solid\u00e0ria.png\",\"articleSection\":[\"Ayuntamiento\",\"General\"],\"inLanguage\":\"es\"},{\"@type\":\"WebPage\",\"@id\":\"https:\\\/\\\/mont-roig.cat\\\/es\\\/actualitat\\\/noticies\\\/lajuntament-de-mont-roig-del-camp-lliura-a-la-fundacio-josep-carreras-la-recaptacio-de-la-jornada-solidaria-del-15-de-gener\\\/\",\"url\":\"https:\\\/\\\/mont-roig.cat\\\/es\\\/actualitat\\\/noticies\\\/lajuntament-de-mont-roig-del-camp-lliura-a-la-fundacio-josep-carreras-la-recaptacio-de-la-jornada-solidaria-del-15-de-gener\\\/\",\"name\":\"El Ayuntamiento de Mont-roig del Camp entrega a la Fundaci\u00f3n Josep Carreras la recaudaci\u00f3n de la jornada solidaria del 15 de enero - Ajuntament de Mont-roig del Camp\",\"isPartOf\":{\"@id\":\"https:\\\/\\\/mont-roig.cat\\\/es\\\/#website\"},\"primaryImageOfPage\":{\"@id\":\"https:\\\/\\\/mont-roig.cat\\\/es\\\/actualitat\\\/noticies\\\/lajuntament-de-mont-roig-del-camp-lliura-a-la-fundacio-josep-carreras-la-recaptacio-de-la-jornada-solidaria-del-15-de-gener\\\/#primaryimage\"},\"image\":{\"@id\":\"https:\\\/\\\/mont-roig.cat\\\/es\\\/actualitat\\\/noticies\\\/lajuntament-de-mont-roig-del-camp-lliura-a-la-fundacio-josep-carreras-la-recaptacio-de-la-jornada-solidaria-del-15-de-gener\\\/#primaryimage\"},\"thumbnailUrl\":\"https:\\\/\\\/mont-roig.cat\\\/wp-content\\\/uploads\\\/Jornada-solid\u00e0ria.png\",\"datePublished\":\"2017-02-16T12:15:52+00:00\",\"dateModified\":\"2017-02-16T12:37:14+00:00\",\"author\":{\"@id\":\"https:\\\/\\\/mont-roig.cat\\\/es\\\/#\\\/schema\\\/person\\\/f2b111789f22b7d0c3bd6786c9128cba\"},\"breadcrumb\":{\"@id\":\"https:\\\/\\\/mont-roig.cat\\\/es\\\/actualitat\\\/noticies\\\/lajuntament-de-mont-roig-del-camp-lliura-a-la-fundacio-josep-carreras-la-recaptacio-de-la-jornada-solidaria-del-15-de-gener\\\/#breadcrumb\"},\"inLanguage\":\"es\",\"potentialAction\":[{\"@type\":\"ReadAction\",\"target\":[\"https:\\\/\\\/mont-roig.cat\\\/es\\\/actualitat\\\/noticies\\\/lajuntament-de-mont-roig-del-camp-lliura-a-la-fundacio-josep-carreras-la-recaptacio-de-la-jornada-solidaria-del-15-de-gener\\\/\"]}]},{\"@type\":\"ImageObject\",\"inLanguage\":\"es\",\"@id\":\"https:\\\/\\\/mont-roig.cat\\\/es\\\/actualitat\\\/noticies\\\/lajuntament-de-mont-roig-del-camp-lliura-a-la-fundacio-josep-carreras-la-recaptacio-de-la-jornada-solidaria-del-15-de-gener\\\/#primaryimage\",\"url\":\"https:\\\/\\\/mont-roig.cat\\\/wp-content\\\/uploads\\\/Jornada-solid\u00e0ria.png\",\"contentUrl\":\"https:\\\/\\\/mont-roig.cat\\\/wp-content\\\/uploads\\\/Jornada-solid\u00e0ria.png\",\"width\":1074,\"height\":743},{\"@type\":\"BreadcrumbList\",\"@id\":\"https:\\\/\\\/mont-roig.cat\\\/es\\\/actualitat\\\/noticies\\\/lajuntament-de-mont-roig-del-camp-lliura-a-la-fundacio-josep-carreras-la-recaptacio-de-la-jornada-solidaria-del-15-de-gener\\\/#breadcrumb\",\"itemListElement\":[{\"@type\":\"ListItem\",\"position\":1,\"name\":\"Inici\",\"item\":\"https:\\\/\\\/mont-roig.cat\\\/es\\\/pagina-de-inicio\\\/\"},{\"@type\":\"ListItem\",\"position\":2,\"name\":\"El Ayuntamiento de Mont-roig del Camp entrega a la Fundaci\u00f3n Josep Carreras la recaudaci\u00f3n de la jornada solidaria del 15 de enero\"}]},{\"@type\":\"WebSite\",\"@id\":\"https:\\\/\\\/mont-roig.cat\\\/es\\\/#website\",\"url\":\"https:\\\/\\\/mont-roig.cat\\\/es\\\/\",\"name\":\"Ajuntament de Mont-roig del Camp\",\"description\":\"Tota la informaci\u00f3 sobre la instituci\u00f3, els seus \u00f2rgans de govern, actualitat, serveis i molt m\u00e9s.\",\"potentialAction\":[{\"@type\":\"SearchAction\",\"target\":{\"@type\":\"EntryPoint\",\"urlTemplate\":\"https:\\\/\\\/mont-roig.cat\\\/es\\\/?s={search_term_string}\"},\"query-input\":{\"@type\":\"PropertyValueSpecification\",\"valueRequired\":true,\"valueName\":\"search_term_string\"}}],\"inLanguage\":\"es\"},{\"@type\":\"Person\",\"@id\":\"https:\\\/\\\/mont-roig.cat\\\/es\\\/#\\\/schema\\\/person\\\/f2b111789f22b7d0c3bd6786c9128cba\",\"name\":\"administrador\",\"image\":{\"@type\":\"ImageObject\",\"inLanguage\":\"es\",\"@id\":\"https:\\\/\\\/secure.gravatar.com\\\/avatar\\\/9137aac6891e2595c9d3036fd83bcb653b4db3c946db4c7d9b9be193c3c944bb?s=96&d=mm&r=g\",\"url\":\"https:\\\/\\\/secure.gravatar.com\\\/avatar\\\/9137aac6891e2595c9d3036fd83bcb653b4db3c946db4c7d9b9be193c3c944bb?s=96&d=mm&r=g\",\"contentUrl\":\"https:\\\/\\\/secure.gravatar.com\\\/avatar\\\/9137aac6891e2595c9d3036fd83bcb653b4db3c946db4c7d9b9be193c3c944bb?s=96&d=mm&r=g\",\"caption\":\"administrador\"},\"url\":\"https:\\\/\\\/mont-roig.cat\\\/es\\\/actualitat\\\/noticies\\\/author\\\/administrador\\\/\"}]}<\/script>\n<!-- \/ Yoast SEO plugin. -->","yoast_head_json":{"title":"El Ayuntamiento de Mont-roig del Camp entrega a la Fundaci\u00f3n Josep Carreras la recaudaci\u00f3n de la jornada solidaria del 15 de enero - Ajuntament de Mont-roig del Camp","robots":{"index":"index","follow":"follow","max-snippet":"max-snippet:-1","max-image-preview":"max-image-preview:large","max-video-preview":"max-video-preview:-1"},"canonical":"https:\/\/mont-roig.cat\/es\/actualitat\/noticies\/lajuntament-de-mont-roig-del-camp-lliura-a-la-fundacio-josep-carreras-la-recaptacio-de-la-jornada-solidaria-del-15-de-gener\/","og_locale":"es_ES","og_type":"article","og_title":"El Ayuntamiento de Mont-roig del Camp entrega a la Fundaci\u00f3n Josep Carreras la recaudaci\u00f3n de la jornada solidaria del 15 de enero - Ajuntament de Mont-roig del Camp","og_description":"Las actividades que se organizaron para la Jornada Solidaria, celebrada el pasado 15 de enero, sirvieron para recaudar 2.859 euros que se han entregado a la Fundaci\u00f3n Josep Carreras, a trav\u00e9s de la Asociaci\u00f3n de Donantes de Sangre del Baix Camp. El Ayuntamiento de Mont-roig del Camp, a trav\u00e9s de la Asociaci\u00f3n de Donantes de [&hellip;]","og_url":"https:\/\/mont-roig.cat\/es\/actualitat\/noticies\/lajuntament-de-mont-roig-del-camp-lliura-a-la-fundacio-josep-carreras-la-recaptacio-de-la-jornada-solidaria-del-15-de-gener\/","og_site_name":"Ajuntament de Mont-roig del Camp","article_published_time":"2017-02-16T12:15:52+00:00","article_modified_time":"2017-02-16T12:37:14+00:00","og_image":[{"width":1074,"height":743,"url":"https:\/\/mont-roig.cat\/wp-content\/uploads\/Jornada-solid\u00e0ria.png","type":"image\/png"}],"author":"administrador","twitter_card":"summary_large_image","twitter_misc":{"Escrito por":"administrador","Tiempo de lectura":"2 minutos"},"schema":{"@context":"https:\/\/schema.org","@graph":[{"@type":"Article","@id":"https:\/\/mont-roig.cat\/es\/actualitat\/noticies\/lajuntament-de-mont-roig-del-camp-lliura-a-la-fundacio-josep-carreras-la-recaptacio-de-la-jornada-solidaria-del-15-de-gener\/#article","isPartOf":{"@id":"https:\/\/mont-roig.cat\/es\/actualitat\/noticies\/lajuntament-de-mont-roig-del-camp-lliura-a-la-fundacio-josep-carreras-la-recaptacio-de-la-jornada-solidaria-del-15-de-gener\/"},"author":{"name":"administrador","@id":"https:\/\/mont-roig.cat\/es\/#\/schema\/person\/f2b111789f22b7d0c3bd6786c9128cba"},"headline":"El Ayuntamiento de Mont-roig del Camp entrega a la Fundaci\u00f3n Josep Carreras la recaudaci\u00f3n de la jornada solidaria del 15 de enero","datePublished":"2017-02-16T12:15:52+00:00","dateModified":"2017-02-16T12:37:14+00:00","mainEntityOfPage":{"@id":"https:\/\/mont-roig.cat\/es\/actualitat\/noticies\/lajuntament-de-mont-roig-del-camp-lliura-a-la-fundacio-josep-carreras-la-recaptacio-de-la-jornada-solidaria-del-15-de-gener\/"},"wordCount":416,"image":{"@id":"https:\/\/mont-roig.cat\/es\/actualitat\/noticies\/lajuntament-de-mont-roig-del-camp-lliura-a-la-fundacio-josep-carreras-la-recaptacio-de-la-jornada-solidaria-del-15-de-gener\/#primaryimage"},"thumbnailUrl":"https:\/\/mont-roig.cat\/wp-content\/uploads\/Jornada-solid\u00e0ria.png","articleSection":["Ayuntamiento","General"],"inLanguage":"es"},{"@type":"WebPage","@id":"https:\/\/mont-roig.cat\/es\/actualitat\/noticies\/lajuntament-de-mont-roig-del-camp-lliura-a-la-fundacio-josep-carreras-la-recaptacio-de-la-jornada-solidaria-del-15-de-gener\/","url":"https:\/\/mont-roig.cat\/es\/actualitat\/noticies\/lajuntament-de-mont-roig-del-camp-lliura-a-la-fundacio-josep-carreras-la-recaptacio-de-la-jornada-solidaria-del-15-de-gener\/","name":"El Ayuntamiento de Mont-roig del Camp entrega a la Fundaci\u00f3n Josep Carreras la recaudaci\u00f3n de la jornada solidaria del 15 de enero - Ajuntament de Mont-roig del Camp","isPartOf":{"@id":"https:\/\/mont-roig.cat\/es\/#website"},"primaryImageOfPage":{"@id":"https:\/\/mont-roig.cat\/es\/actualitat\/noticies\/lajuntament-de-mont-roig-del-camp-lliura-a-la-fundacio-josep-carreras-la-recaptacio-de-la-jornada-solidaria-del-15-de-gener\/#primaryimage"},"image":{"@id":"https:\/\/mont-roig.cat\/es\/actualitat\/noticies\/lajuntament-de-mont-roig-del-camp-lliura-a-la-fundacio-josep-carreras-la-recaptacio-de-la-jornada-solidaria-del-15-de-gener\/#primaryimage"},"thumbnailUrl":"https:\/\/mont-roig.cat\/wp-content\/uploads\/Jornada-solid\u00e0ria.png","datePublished":"2017-02-16T12:15:52+00:00","dateModified":"2017-02-16T12:37:14+00:00","author":{"@id":"https:\/\/mont-roig.cat\/es\/#\/schema\/person\/f2b111789f22b7d0c3bd6786c9128cba"},"breadcrumb":{"@id":"https:\/\/mont-roig.cat\/es\/actualitat\/noticies\/lajuntament-de-mont-roig-del-camp-lliura-a-la-fundacio-josep-carreras-la-recaptacio-de-la-jornada-solidaria-del-15-de-gener\/#breadcrumb"},"inLanguage":"es","potentialAction":[{"@type":"ReadAction","target":["https:\/\/mont-roig.cat\/es\/actualitat\/noticies\/lajuntament-de-mont-roig-del-camp-lliura-a-la-fundacio-josep-carreras-la-recaptacio-de-la-jornada-solidaria-del-15-de-gener\/"]}]},{"@type":"ImageObject","inLanguage":"es","@id":"https:\/\/mont-roig.cat\/es\/actualitat\/noticies\/lajuntament-de-mont-roig-del-camp-lliura-a-la-fundacio-josep-carreras-la-recaptacio-de-la-jornada-solidaria-del-15-de-gener\/#primaryimage","url":"https:\/\/mont-roig.cat\/wp-content\/uploads\/Jornada-solid\u00e0ria.png","contentUrl":"https:\/\/mont-roig.cat\/wp-content\/uploads\/Jornada-solid\u00e0ria.png","width":1074,"height":743},{"@type":"BreadcrumbList","@id":"https:\/\/mont-roig.cat\/es\/actualitat\/noticies\/lajuntament-de-mont-roig-del-camp-lliura-a-la-fundacio-josep-carreras-la-recaptacio-de-la-jornada-solidaria-del-15-de-gener\/#breadcrumb","itemListElement":[{"@type":"ListItem","position":1,"name":"Inici","item":"https:\/\/mont-roig.cat\/es\/pagina-de-inicio\/"},{"@type":"ListItem","position":2,"name":"El Ayuntamiento de Mont-roig del Camp entrega a la Fundaci\u00f3n Josep Carreras la recaudaci\u00f3n de la jornada solidaria del 15 de enero"}]},{"@type":"WebSite","@id":"https:\/\/mont-roig.cat\/es\/#website","url":"https:\/\/mont-roig.cat\/es\/","name":"Ajuntament de Mont-roig del Camp","description":"Tota la informaci\u00f3 sobre la instituci\u00f3, els seus \u00f2rgans de govern, actualitat, serveis i molt m\u00e9s.","potentialAction":[{"@type":"SearchAction","target":{"@type":"EntryPoint","urlTemplate":"https:\/\/mont-roig.cat\/es\/?s={search_term_string}"},"query-input":{"@type":"PropertyValueSpecification","valueRequired":true,"valueName":"search_term_string"}}],"inLanguage":"es"},{"@type":"Person","@id":"https:\/\/mont-roig.cat\/es\/#\/schema\/person\/f2b111789f22b7d0c3bd6786c9128cba","name":"administrador","image":{"@type":"ImageObject","inLanguage":"es","@id":"https:\/\/secure.gravatar.com\/avatar\/9137aac6891e2595c9d3036fd83bcb653b4db3c946db4c7d9b9be193c3c944bb?s=96&d=mm&r=g","url":"https:\/\/secure.gravatar.com\/avatar\/9137aac6891e2595c9d3036fd83bcb653b4db3c946db4c7d9b9be193c3c944bb?s=96&d=mm&r=g","contentUrl":"https:\/\/secure.gravatar.com\/avatar\/9137aac6891e2595c9d3036fd83bcb653b4db3c946db4c7d9b9be193c3c944bb?s=96&d=mm&r=g","caption":"administrador"},"url":"https:\/\/mont-roig.cat\/es\/actualitat\/noticies\/author\/administrador\/"}]}},"_links":{"self":[{"href":"https:\/\/mont-roig.cat\/es\/wp-json\/wp\/v2\/posts\/15335","targetHints":{"allow":["GET"]}}],"collection":[{"href":"https:\/\/mont-roig.cat\/es\/wp-json\/wp\/v2\/posts"}],"about":[{"href":"https:\/\/mont-roig.cat\/es\/wp-json\/wp\/v2\/types\/post"}],"author":[{"embeddable":true,"href":"https:\/\/mont-roig.cat\/es\/wp-json\/wp\/v2\/users\/4"}],"replies":[{"embeddable":true,"href":"https:\/\/mont-roig.cat\/es\/wp-json\/wp\/v2\/comments?post=15335"}],"version-history":[{"count":0,"href":"https:\/\/mont-roig.cat\/es\/wp-json\/wp\/v2\/posts\/15335\/revisions"}],"wp:featuredmedia":[{"embeddable":true,"href":"https:\/\/mont-roig.cat\/es\/wp-json\/wp\/v2\/media\/15331"}],"wp:attachment":[{"href":"https:\/\/mont-roig.cat\/es\/wp-json\/wp\/v2\/media?parent=15335"}],"wp:term":[{"taxonomy":"category","embeddable":true,"href":"https:\/\/mont-roig.cat\/es\/wp-json\/wp\/v2\/categories?post=15335"},{"taxonomy":"post_tag","embeddable":true,"href":"https:\/\/mont-roig.cat\/es\/wp-json\/wp\/v2\/tags?post=15335"}],"curies":[{"name":"wp","href":"https:\/\/api.w.org\/{rel}","templated":true}]}}