{"id":16009,"date":"2017-03-23T12:43:06","date_gmt":"2017-03-23T11:43:06","guid":{"rendered":"http:\/\/mont-roig.cat\/actualitat\/noticies\/minuto-de-silencio-en-el-ayuntamiento-de-mont-roig-del-camp-para-rechazar-el-atentado-terrorista-de-londres\/"},"modified":"2017-03-23T14:27:45","modified_gmt":"2017-03-23T13:27:45","slug":"minuto-de-silencio-en-el-ayuntamiento-de-mont-roig-del-camp-para-rechazar-el-atentado-terrorista-de-londres","status":"publish","type":"post","link":"https:\/\/mont-roig.cat\/es\/actualitat\/noticies\/minuto-de-silencio-en-el-ayuntamiento-de-mont-roig-del-camp-para-rechazar-el-atentado-terrorista-de-londres\/","title":{"rendered":"Minuto de silencio en el Ayuntamiento de Mont-roig del Camp para rechazar el atentado terrorista de Londres"},"content":{"rendered":"<p><a href=\"http:\/\/mont-roig.cat\/wp-content\/uploads\/minut-de-silenci.jpg\"><img loading=\"lazy\" decoding=\"async\" class=\"wp-image-16007 alignright\" src=\"http:\/\/mont-roig.cat\/wp-content\/uploads\/minut-de-silenci-500x375.jpg\" alt=\"\" width=\"306\" height=\"229\" srcset=\"https:\/\/mont-roig.cat\/wp-content\/uploads\/minut-de-silenci-500x375.jpg 500w, https:\/\/mont-roig.cat\/wp-content\/uploads\/minut-de-silenci-768x576.jpg 768w, https:\/\/mont-roig.cat\/wp-content\/uploads\/minut-de-silenci-1024x768.jpg 1024w, https:\/\/mont-roig.cat\/wp-content\/uploads\/minut-de-silenci-463x348.jpg 463w, https:\/\/mont-roig.cat\/wp-content\/uploads\/minut-de-silenci.jpg 1920w\" sizes=\"auto, (max-width: 306px) 100vw, 306px\" \/><\/a><\/p>\n<div id=\"tw-target-text-container\" class=\"tw-ta-container tw-nfl\">\n<p class=\"tw-data-text tw-ta tw-text-small\" dir=\"ltr\" style=\"text-align: justify;\" data-placeholder=\"Traducci\u00f3\"><a href=\"http:\/\/mont-roig.cat\/wp-content\/uploads\/foto-ajuntament.jpg\"><img loading=\"lazy\" decoding=\"async\" class=\"alignnone  wp-image-16020\" src=\"http:\/\/mont-roig.cat\/wp-content\/uploads\/foto-ajuntament-500x300.jpg\" alt=\"\" width=\"380\" height=\"228\" srcset=\"https:\/\/mont-roig.cat\/wp-content\/uploads\/foto-ajuntament-500x300.jpg 500w, https:\/\/mont-roig.cat\/wp-content\/uploads\/foto-ajuntament-768x461.jpg 768w, https:\/\/mont-roig.cat\/wp-content\/uploads\/foto-ajuntament-1024x614.jpg 1024w, https:\/\/mont-roig.cat\/wp-content\/uploads\/foto-ajuntament.jpg 1600w\" sizes=\"auto, (max-width: 380px) 100vw, 380px\" \/><\/a><\/p>\n<p id=\"tw-target-text\" class=\"tw-data-text tw-ta tw-text-small\" dir=\"ltr\" data-placeholder=\"Traducci\u00f3\"><span lang=\"es\">Trabajadores\/as y concejales\/as del Ayuntamiento de Mont-roig del Camp se han congregado este mediod\u00eda en las puertas del consistorio de Mont-roig del Camp y en las oficinas municipales de Miami Platja para hacer un minuto de silencio en se\u00f1al de condena, rechazo y de solidaridad con las v\u00edctimas y familiares del atentado terrorista de este mi\u00e9rcoles en Londres que ha causado varios muertos y heridos.<\/span><\/p>\n<pre class=\"tw-data-text tw-ta tw-text-small\" lang=\"es\"><\/pre>\n<\/div>\n","protected":false},"excerpt":{"rendered":"<p>Trabajadores\/as y concejales\/as del Ayuntamiento de Mont-roig del Camp se han congregado este mediod\u00eda en las puertas del consistorio de Mont-roig del Camp y en las oficinas municipales de Miami Platja para hacer un minuto de silencio en se\u00f1al de condena, rechazo y de solidaridad con las v\u00edctimas y familiares del atentado terrorista de este [&hellip;]<\/p>\n","protected":false},"author":4,"featured_media":16007,"comment_status":"closed","ping_status":"closed","sticky":false,"template":"","format":"standard","meta":{"inline_featured_image":false,"_monsterinsights_skip_tracking":false,"_monsterinsights_sitenote_active":false,"_monsterinsights_sitenote_note":"","_monsterinsights_sitenote_category":0,"footnotes":""},"categories":[98],"tags":[],"class_list":["post-16009","post","type-post","status-publish","format-standard","has-post-thumbnail","hentry","category-ayuntamiento"],"yoast_head":"<!-- This site is optimized with the Yoast SEO plugin v27.4 - https:\/\/yoast.com\/product\/yoast-seo-wordpress\/ -->\n<title>Minuto de silencio en el Ayuntamiento de Mont-roig del Camp para rechazar el atentado terrorista de Londres - Ajuntament de Mont-roig del Camp<\/title>\n<meta name=\"robots\" content=\"index, follow, max-snippet:-1, max-image-preview:large, max-video-preview:-1\" \/>\n<link rel=\"canonical\" href=\"https:\/\/mont-roig.cat\/es\/actualitat\/noticies\/minuto-de-silencio-en-el-ayuntamiento-de-mont-roig-del-camp-para-rechazar-el-atentado-terrorista-de-londres\/\" \/>\n<meta property=\"og:locale\" content=\"es_ES\" \/>\n<meta property=\"og:type\" content=\"article\" \/>\n<meta property=\"og:title\" content=\"Minuto de silencio en el Ayuntamiento de Mont-roig del Camp para rechazar el atentado terrorista de Londres - Ajuntament de Mont-roig del Camp\" \/>\n<meta property=\"og:description\" content=\"Trabajadores\/as y concejales\/as del Ayuntamiento de Mont-roig del Camp se han congregado este mediod\u00eda en las puertas del consistorio de Mont-roig del Camp y en las oficinas municipales de Miami Platja para hacer un minuto de silencio en se\u00f1al de condena, rechazo y de solidaridad con las v\u00edctimas y familiares del atentado terrorista de este [&hellip;]\" \/>\n<meta property=\"og:url\" content=\"https:\/\/mont-roig.cat\/es\/actualitat\/noticies\/minuto-de-silencio-en-el-ayuntamiento-de-mont-roig-del-camp-para-rechazar-el-atentado-terrorista-de-londres\/\" \/>\n<meta property=\"og:site_name\" content=\"Ajuntament de Mont-roig del Camp\" \/>\n<meta property=\"article:published_time\" content=\"2017-03-23T11:43:06+00:00\" \/>\n<meta property=\"article:modified_time\" content=\"2017-03-23T13:27:45+00:00\" \/>\n<meta property=\"og:image\" content=\"https:\/\/mont-roig.cat\/wp-content\/uploads\/minut-de-silenci.jpg\" \/>\n\t<meta property=\"og:image:width\" content=\"1920\" \/>\n\t<meta property=\"og:image:height\" content=\"1440\" \/>\n\t<meta property=\"og:image:type\" content=\"image\/jpeg\" \/>\n<meta name=\"author\" content=\"administrador\" \/>\n<meta name=\"twitter:card\" content=\"summary_large_image\" \/>\n<meta name=\"twitter:label1\" content=\"Escrito por\" \/>\n\t<meta name=\"twitter:data1\" content=\"administrador\" \/>\n<script type=\"application\/ld+json\" class=\"yoast-schema-graph\">{\"@context\":\"https:\\\/\\\/schema.org\",\"@graph\":[{\"@type\":\"Article\",\"@id\":\"https:\\\/\\\/mont-roig.cat\\\/es\\\/actualitat\\\/noticies\\\/minuto-de-silencio-en-el-ayuntamiento-de-mont-roig-del-camp-para-rechazar-el-atentado-terrorista-de-londres\\\/#article\",\"isPartOf\":{\"@id\":\"https:\\\/\\\/mont-roig.cat\\\/es\\\/actualitat\\\/noticies\\\/minuto-de-silencio-en-el-ayuntamiento-de-mont-roig-del-camp-para-rechazar-el-atentado-terrorista-de-londres\\\/\"},\"author\":{\"name\":\"administrador\",\"@id\":\"https:\\\/\\\/mont-roig.cat\\\/es\\\/#\\\/schema\\\/person\\\/f2b111789f22b7d0c3bd6786c9128cba\"},\"headline\":\"Minuto de silencio en el Ayuntamiento de Mont-roig del Camp para rechazar el atentado terrorista de Londres\",\"datePublished\":\"2017-03-23T11:43:06+00:00\",\"dateModified\":\"2017-03-23T13:27:45+00:00\",\"mainEntityOfPage\":{\"@id\":\"https:\\\/\\\/mont-roig.cat\\\/es\\\/actualitat\\\/noticies\\\/minuto-de-silencio-en-el-ayuntamiento-de-mont-roig-del-camp-para-rechazar-el-atentado-terrorista-de-londres\\\/\"},\"wordCount\":88,\"image\":{\"@id\":\"https:\\\/\\\/mont-roig.cat\\\/es\\\/actualitat\\\/noticies\\\/minuto-de-silencio-en-el-ayuntamiento-de-mont-roig-del-camp-para-rechazar-el-atentado-terrorista-de-londres\\\/#primaryimage\"},\"thumbnailUrl\":\"https:\\\/\\\/mont-roig.cat\\\/wp-content\\\/uploads\\\/minut-de-silenci.jpg\",\"articleSection\":[\"Ayuntamiento\"],\"inLanguage\":\"es\"},{\"@type\":\"WebPage\",\"@id\":\"https:\\\/\\\/mont-roig.cat\\\/es\\\/actualitat\\\/noticies\\\/minuto-de-silencio-en-el-ayuntamiento-de-mont-roig-del-camp-para-rechazar-el-atentado-terrorista-de-londres\\\/\",\"url\":\"https:\\\/\\\/mont-roig.cat\\\/es\\\/actualitat\\\/noticies\\\/minuto-de-silencio-en-el-ayuntamiento-de-mont-roig-del-camp-para-rechazar-el-atentado-terrorista-de-londres\\\/\",\"name\":\"Minuto de silencio en el Ayuntamiento de Mont-roig del Camp para rechazar el atentado terrorista de Londres - Ajuntament de Mont-roig del Camp\",\"isPartOf\":{\"@id\":\"https:\\\/\\\/mont-roig.cat\\\/es\\\/#website\"},\"primaryImageOfPage\":{\"@id\":\"https:\\\/\\\/mont-roig.cat\\\/es\\\/actualitat\\\/noticies\\\/minuto-de-silencio-en-el-ayuntamiento-de-mont-roig-del-camp-para-rechazar-el-atentado-terrorista-de-londres\\\/#primaryimage\"},\"image\":{\"@id\":\"https:\\\/\\\/mont-roig.cat\\\/es\\\/actualitat\\\/noticies\\\/minuto-de-silencio-en-el-ayuntamiento-de-mont-roig-del-camp-para-rechazar-el-atentado-terrorista-de-londres\\\/#primaryimage\"},\"thumbnailUrl\":\"https:\\\/\\\/mont-roig.cat\\\/wp-content\\\/uploads\\\/minut-de-silenci.jpg\",\"datePublished\":\"2017-03-23T11:43:06+00:00\",\"dateModified\":\"2017-03-23T13:27:45+00:00\",\"author\":{\"@id\":\"https:\\\/\\\/mont-roig.cat\\\/es\\\/#\\\/schema\\\/person\\\/f2b111789f22b7d0c3bd6786c9128cba\"},\"breadcrumb\":{\"@id\":\"https:\\\/\\\/mont-roig.cat\\\/es\\\/actualitat\\\/noticies\\\/minuto-de-silencio-en-el-ayuntamiento-de-mont-roig-del-camp-para-rechazar-el-atentado-terrorista-de-londres\\\/#breadcrumb\"},\"inLanguage\":\"es\",\"potentialAction\":[{\"@type\":\"ReadAction\",\"target\":[\"https:\\\/\\\/mont-roig.cat\\\/es\\\/actualitat\\\/noticies\\\/minuto-de-silencio-en-el-ayuntamiento-de-mont-roig-del-camp-para-rechazar-el-atentado-terrorista-de-londres\\\/\"]}]},{\"@type\":\"ImageObject\",\"inLanguage\":\"es\",\"@id\":\"https:\\\/\\\/mont-roig.cat\\\/es\\\/actualitat\\\/noticies\\\/minuto-de-silencio-en-el-ayuntamiento-de-mont-roig-del-camp-para-rechazar-el-atentado-terrorista-de-londres\\\/#primaryimage\",\"url\":\"https:\\\/\\\/mont-roig.cat\\\/wp-content\\\/uploads\\\/minut-de-silenci.jpg\",\"contentUrl\":\"https:\\\/\\\/mont-roig.cat\\\/wp-content\\\/uploads\\\/minut-de-silenci.jpg\",\"width\":1920,\"height\":1440,\"caption\":\"hdr\"},{\"@type\":\"BreadcrumbList\",\"@id\":\"https:\\\/\\\/mont-roig.cat\\\/es\\\/actualitat\\\/noticies\\\/minuto-de-silencio-en-el-ayuntamiento-de-mont-roig-del-camp-para-rechazar-el-atentado-terrorista-de-londres\\\/#breadcrumb\",\"itemListElement\":[{\"@type\":\"ListItem\",\"position\":1,\"name\":\"Inici\",\"item\":\"https:\\\/\\\/mont-roig.cat\\\/es\\\/pagina-de-inicio\\\/\"},{\"@type\":\"ListItem\",\"position\":2,\"name\":\"Minuto de silencio en el Ayuntamiento de Mont-roig del Camp para rechazar el atentado terrorista de Londres\"}]},{\"@type\":\"WebSite\",\"@id\":\"https:\\\/\\\/mont-roig.cat\\\/es\\\/#website\",\"url\":\"https:\\\/\\\/mont-roig.cat\\\/es\\\/\",\"name\":\"Ajuntament de Mont-roig del Camp\",\"description\":\"Tota la informaci\u00f3 sobre la instituci\u00f3, els seus \u00f2rgans de govern, actualitat, serveis i molt m\u00e9s.\",\"potentialAction\":[{\"@type\":\"SearchAction\",\"target\":{\"@type\":\"EntryPoint\",\"urlTemplate\":\"https:\\\/\\\/mont-roig.cat\\\/es\\\/?s={search_term_string}\"},\"query-input\":{\"@type\":\"PropertyValueSpecification\",\"valueRequired\":true,\"valueName\":\"search_term_string\"}}],\"inLanguage\":\"es\"},{\"@type\":\"Person\",\"@id\":\"https:\\\/\\\/mont-roig.cat\\\/es\\\/#\\\/schema\\\/person\\\/f2b111789f22b7d0c3bd6786c9128cba\",\"name\":\"administrador\",\"image\":{\"@type\":\"ImageObject\",\"inLanguage\":\"es\",\"@id\":\"https:\\\/\\\/secure.gravatar.com\\\/avatar\\\/9137aac6891e2595c9d3036fd83bcb653b4db3c946db4c7d9b9be193c3c944bb?s=96&d=mm&r=g\",\"url\":\"https:\\\/\\\/secure.gravatar.com\\\/avatar\\\/9137aac6891e2595c9d3036fd83bcb653b4db3c946db4c7d9b9be193c3c944bb?s=96&d=mm&r=g\",\"contentUrl\":\"https:\\\/\\\/secure.gravatar.com\\\/avatar\\\/9137aac6891e2595c9d3036fd83bcb653b4db3c946db4c7d9b9be193c3c944bb?s=96&d=mm&r=g\",\"caption\":\"administrador\"},\"url\":\"https:\\\/\\\/mont-roig.cat\\\/es\\\/actualitat\\\/noticies\\\/author\\\/administrador\\\/\"}]}<\/script>\n<!-- \/ Yoast SEO plugin. -->","yoast_head_json":{"title":"Minuto de silencio en el Ayuntamiento de Mont-roig del Camp para rechazar el atentado terrorista de Londres - Ajuntament de Mont-roig del Camp","robots":{"index":"index","follow":"follow","max-snippet":"max-snippet:-1","max-image-preview":"max-image-preview:large","max-video-preview":"max-video-preview:-1"},"canonical":"https:\/\/mont-roig.cat\/es\/actualitat\/noticies\/minuto-de-silencio-en-el-ayuntamiento-de-mont-roig-del-camp-para-rechazar-el-atentado-terrorista-de-londres\/","og_locale":"es_ES","og_type":"article","og_title":"Minuto de silencio en el Ayuntamiento de Mont-roig del Camp para rechazar el atentado terrorista de Londres - Ajuntament de Mont-roig del Camp","og_description":"Trabajadores\/as y concejales\/as del Ayuntamiento de Mont-roig del Camp se han congregado este mediod\u00eda en las puertas del consistorio de Mont-roig del Camp y en las oficinas municipales de Miami Platja para hacer un minuto de silencio en se\u00f1al de condena, rechazo y de solidaridad con las v\u00edctimas y familiares del atentado terrorista de este [&hellip;]","og_url":"https:\/\/mont-roig.cat\/es\/actualitat\/noticies\/minuto-de-silencio-en-el-ayuntamiento-de-mont-roig-del-camp-para-rechazar-el-atentado-terrorista-de-londres\/","og_site_name":"Ajuntament de Mont-roig del Camp","article_published_time":"2017-03-23T11:43:06+00:00","article_modified_time":"2017-03-23T13:27:45+00:00","og_image":[{"width":1920,"height":1440,"url":"https:\/\/mont-roig.cat\/wp-content\/uploads\/minut-de-silenci.jpg","type":"image\/jpeg"}],"author":"administrador","twitter_card":"summary_large_image","twitter_misc":{"Escrito por":"administrador"},"schema":{"@context":"https:\/\/schema.org","@graph":[{"@type":"Article","@id":"https:\/\/mont-roig.cat\/es\/actualitat\/noticies\/minuto-de-silencio-en-el-ayuntamiento-de-mont-roig-del-camp-para-rechazar-el-atentado-terrorista-de-londres\/#article","isPartOf":{"@id":"https:\/\/mont-roig.cat\/es\/actualitat\/noticies\/minuto-de-silencio-en-el-ayuntamiento-de-mont-roig-del-camp-para-rechazar-el-atentado-terrorista-de-londres\/"},"author":{"name":"administrador","@id":"https:\/\/mont-roig.cat\/es\/#\/schema\/person\/f2b111789f22b7d0c3bd6786c9128cba"},"headline":"Minuto de silencio en el Ayuntamiento de Mont-roig del Camp para rechazar el atentado terrorista de Londres","datePublished":"2017-03-23T11:43:06+00:00","dateModified":"2017-03-23T13:27:45+00:00","mainEntityOfPage":{"@id":"https:\/\/mont-roig.cat\/es\/actualitat\/noticies\/minuto-de-silencio-en-el-ayuntamiento-de-mont-roig-del-camp-para-rechazar-el-atentado-terrorista-de-londres\/"},"wordCount":88,"image":{"@id":"https:\/\/mont-roig.cat\/es\/actualitat\/noticies\/minuto-de-silencio-en-el-ayuntamiento-de-mont-roig-del-camp-para-rechazar-el-atentado-terrorista-de-londres\/#primaryimage"},"thumbnailUrl":"https:\/\/mont-roig.cat\/wp-content\/uploads\/minut-de-silenci.jpg","articleSection":["Ayuntamiento"],"inLanguage":"es"},{"@type":"WebPage","@id":"https:\/\/mont-roig.cat\/es\/actualitat\/noticies\/minuto-de-silencio-en-el-ayuntamiento-de-mont-roig-del-camp-para-rechazar-el-atentado-terrorista-de-londres\/","url":"https:\/\/mont-roig.cat\/es\/actualitat\/noticies\/minuto-de-silencio-en-el-ayuntamiento-de-mont-roig-del-camp-para-rechazar-el-atentado-terrorista-de-londres\/","name":"Minuto de silencio en el Ayuntamiento de Mont-roig del Camp para rechazar el atentado terrorista de Londres - Ajuntament de Mont-roig del Camp","isPartOf":{"@id":"https:\/\/mont-roig.cat\/es\/#website"},"primaryImageOfPage":{"@id":"https:\/\/mont-roig.cat\/es\/actualitat\/noticies\/minuto-de-silencio-en-el-ayuntamiento-de-mont-roig-del-camp-para-rechazar-el-atentado-terrorista-de-londres\/#primaryimage"},"image":{"@id":"https:\/\/mont-roig.cat\/es\/actualitat\/noticies\/minuto-de-silencio-en-el-ayuntamiento-de-mont-roig-del-camp-para-rechazar-el-atentado-terrorista-de-londres\/#primaryimage"},"thumbnailUrl":"https:\/\/mont-roig.cat\/wp-content\/uploads\/minut-de-silenci.jpg","datePublished":"2017-03-23T11:43:06+00:00","dateModified":"2017-03-23T13:27:45+00:00","author":{"@id":"https:\/\/mont-roig.cat\/es\/#\/schema\/person\/f2b111789f22b7d0c3bd6786c9128cba"},"breadcrumb":{"@id":"https:\/\/mont-roig.cat\/es\/actualitat\/noticies\/minuto-de-silencio-en-el-ayuntamiento-de-mont-roig-del-camp-para-rechazar-el-atentado-terrorista-de-londres\/#breadcrumb"},"inLanguage":"es","potentialAction":[{"@type":"ReadAction","target":["https:\/\/mont-roig.cat\/es\/actualitat\/noticies\/minuto-de-silencio-en-el-ayuntamiento-de-mont-roig-del-camp-para-rechazar-el-atentado-terrorista-de-londres\/"]}]},{"@type":"ImageObject","inLanguage":"es","@id":"https:\/\/mont-roig.cat\/es\/actualitat\/noticies\/minuto-de-silencio-en-el-ayuntamiento-de-mont-roig-del-camp-para-rechazar-el-atentado-terrorista-de-londres\/#primaryimage","url":"https:\/\/mont-roig.cat\/wp-content\/uploads\/minut-de-silenci.jpg","contentUrl":"https:\/\/mont-roig.cat\/wp-content\/uploads\/minut-de-silenci.jpg","width":1920,"height":1440,"caption":"hdr"},{"@type":"BreadcrumbList","@id":"https:\/\/mont-roig.cat\/es\/actualitat\/noticies\/minuto-de-silencio-en-el-ayuntamiento-de-mont-roig-del-camp-para-rechazar-el-atentado-terrorista-de-londres\/#breadcrumb","itemListElement":[{"@type":"ListItem","position":1,"name":"Inici","item":"https:\/\/mont-roig.cat\/es\/pagina-de-inicio\/"},{"@type":"ListItem","position":2,"name":"Minuto de silencio en el Ayuntamiento de Mont-roig del Camp para rechazar el atentado terrorista de Londres"}]},{"@type":"WebSite","@id":"https:\/\/mont-roig.cat\/es\/#website","url":"https:\/\/mont-roig.cat\/es\/","name":"Ajuntament de Mont-roig del Camp","description":"Tota la informaci\u00f3 sobre la instituci\u00f3, els seus \u00f2rgans de govern, actualitat, serveis i molt m\u00e9s.","potentialAction":[{"@type":"SearchAction","target":{"@type":"EntryPoint","urlTemplate":"https:\/\/mont-roig.cat\/es\/?s={search_term_string}"},"query-input":{"@type":"PropertyValueSpecification","valueRequired":true,"valueName":"search_term_string"}}],"inLanguage":"es"},{"@type":"Person","@id":"https:\/\/mont-roig.cat\/es\/#\/schema\/person\/f2b111789f22b7d0c3bd6786c9128cba","name":"administrador","image":{"@type":"ImageObject","inLanguage":"es","@id":"https:\/\/secure.gravatar.com\/avatar\/9137aac6891e2595c9d3036fd83bcb653b4db3c946db4c7d9b9be193c3c944bb?s=96&d=mm&r=g","url":"https:\/\/secure.gravatar.com\/avatar\/9137aac6891e2595c9d3036fd83bcb653b4db3c946db4c7d9b9be193c3c944bb?s=96&d=mm&r=g","contentUrl":"https:\/\/secure.gravatar.com\/avatar\/9137aac6891e2595c9d3036fd83bcb653b4db3c946db4c7d9b9be193c3c944bb?s=96&d=mm&r=g","caption":"administrador"},"url":"https:\/\/mont-roig.cat\/es\/actualitat\/noticies\/author\/administrador\/"}]}},"_links":{"self":[{"href":"https:\/\/mont-roig.cat\/es\/wp-json\/wp\/v2\/posts\/16009","targetHints":{"allow":["GET"]}}],"collection":[{"href":"https:\/\/mont-roig.cat\/es\/wp-json\/wp\/v2\/posts"}],"about":[{"href":"https:\/\/mont-roig.cat\/es\/wp-json\/wp\/v2\/types\/post"}],"author":[{"embeddable":true,"href":"https:\/\/mont-roig.cat\/es\/wp-json\/wp\/v2\/users\/4"}],"replies":[{"embeddable":true,"href":"https:\/\/mont-roig.cat\/es\/wp-json\/wp\/v2\/comments?post=16009"}],"version-history":[{"count":0,"href":"https:\/\/mont-roig.cat\/es\/wp-json\/wp\/v2\/posts\/16009\/revisions"}],"wp:featuredmedia":[{"embeddable":true,"href":"https:\/\/mont-roig.cat\/es\/wp-json\/wp\/v2\/media\/16007"}],"wp:attachment":[{"href":"https:\/\/mont-roig.cat\/es\/wp-json\/wp\/v2\/media?parent=16009"}],"wp:term":[{"taxonomy":"category","embeddable":true,"href":"https:\/\/mont-roig.cat\/es\/wp-json\/wp\/v2\/categories?post=16009"},{"taxonomy":"post_tag","embeddable":true,"href":"https:\/\/mont-roig.cat\/es\/wp-json\/wp\/v2\/tags?post=16009"}],"curies":[{"name":"wp","href":"https:\/\/api.w.org\/{rel}","templated":true}]}}