{"id":16236,"date":"2017-04-06T11:34:52","date_gmt":"2017-04-06T09:34:52","guid":{"rendered":"http:\/\/mont-roig.cat\/actualitat\/noticies\/inscripciones-abiertas-para-la-m3-la-media-maraton-de-miami-platja\/"},"modified":"2017-04-06T11:53:51","modified_gmt":"2017-04-06T09:53:51","slug":"inscripciones-abiertas-para-la-m3-la-media-maraton-de-miami-platja","status":"publish","type":"post","link":"https:\/\/mont-roig.cat\/es\/actualitat\/noticies\/inscripciones-abiertas-para-la-m3-la-media-maraton-de-miami-platja\/","title":{"rendered":"Inscripcipones abiertas para la M3, la Media Marat\u00f3n de Miami Platja"},"content":{"rendered":"<ul>\n<li><strong><strong><a href=\"http:\/\/mont-roig.cat\/wp-content\/uploads\/POSTER-A3-mitja-marat\u00f3.jpg\"><img loading=\"lazy\" decoding=\"async\" class=\" wp-image-16234 alignright\" src=\"http:\/\/mont-roig.cat\/wp-content\/uploads\/POSTER-A3-mitja-marat\u00f3-355x500.jpg\" alt=\"\" width=\"300\" height=\"423\" srcset=\"https:\/\/mont-roig.cat\/wp-content\/uploads\/POSTER-A3-mitja-marat\u00f3-355x500.jpg 355w, https:\/\/mont-roig.cat\/wp-content\/uploads\/POSTER-A3-mitja-marat\u00f3-768x1082.jpg 768w, https:\/\/mont-roig.cat\/wp-content\/uploads\/POSTER-A3-mitja-marat\u00f3-727x1024.jpg 727w, https:\/\/mont-roig.cat\/wp-content\/uploads\/POSTER-A3-mitja-marat\u00f3.jpg 1778w\" sizes=\"auto, (max-width: 300px) 100vw, 300px\" \/><\/a><\/strong><\/strong>\n<div id=\"tw-target-text-container\" class=\"tw-ta-container tw-nfl\">\n<p id=\"tw-target-text\" class=\"tw-data-text tw-ta tw-text-small\" dir=\"ltr\" data-placeholder=\"Traducci\u00f3\"><strong><span lang=\"es\">Se pueden hacer a trav\u00e9s de la web www.naturtime.es y tambi\u00e9n presencialmente en el Polideportivo de Miami Platja, Decathlon Vila-seca y el mismo d\u00eda de la carrera, el s\u00e1bado 15 de abril, en la l\u00ednea de salida\u00a0<\/span><\/strong><\/p>\n<\/div>\n<\/li>\n<\/ul>\n<div id=\"tw-target-text-container\" class=\"tw-ta-container tw-nfl\">\n<p id=\"tw-target-text\" class=\"tw-data-text tw-ta tw-text-small\" dir=\"ltr\" data-placeholder=\"Traducci\u00f3\"><span lang=\"es\">Ya est\u00e1n abiertas las inscripciones para la segunda edici\u00f3n de la M3, la Media Marat\u00f3n de Miami Platja que tendr\u00e1 lugar el pr\u00f3ximo s\u00e1bado 15 de abril aprovechando las vacaciones de Semana Santa. Habr\u00e1 una carrera de 21 km, una de 10 km y una de 5. Este a\u00f1o la novedad de la carrera es que habr\u00e1 una camiseta t\u00e9cnica para las primeras 500 personas que se inscriban a la competici\u00f3n. Las inscripciones se pueden hacer de forma presencial en el Polideportivo de Miami Platja, en Decatlhon de Vila-seca y el mismo d\u00eda de la carrera en la l\u00ednea de salida. Tambi\u00e9n se pueden hacer por internet en la web www.naturtime.es, que es la empresa que lleva la direcci\u00f3n t\u00e9cnica de esta carrera que organiza el Ayuntamiento de Mont-roig del Camp que espera m\u00e1s de 600 corredores. La organizaci\u00f3n recomienda hacer la inscripci\u00f3n lo antes posible porque ya quedan pocas plazas disponibles.<\/span><\/p>\n<\/div>\n<p style=\"text-align: justify;\">Info i inscripcions: <a href=\"http:\/\/www.naturtime.es\" target=\"_blank\">www.naturtime.es<\/a><\/p>\n","protected":false},"excerpt":{"rendered":"<p>Se pueden hacer a trav\u00e9s de la web www.naturtime.es y tambi\u00e9n presencialmente en el Polideportivo de Miami Platja, Decathlon Vila-seca y el mismo d\u00eda de la carrera, el s\u00e1bado 15 de abril, en la l\u00ednea de salida\u00a0 Ya est\u00e1n abiertas las inscripciones para la segunda edici\u00f3n de la M3, la Media Marat\u00f3n de Miami Platja [&hellip;]<\/p>\n","protected":false},"author":4,"featured_media":16234,"comment_status":"closed","ping_status":"closed","sticky":false,"template":"","format":"standard","meta":{"inline_featured_image":false,"_monsterinsights_skip_tracking":false,"_monsterinsights_sitenote_active":false,"_monsterinsights_sitenote_note":"","_monsterinsights_sitenote_category":0,"footnotes":""},"categories":[98,104],"tags":[],"class_list":["post-16236","post","type-post","status-publish","format-standard","has-post-thumbnail","hentry","category-ayuntamiento","category-deportes"],"yoast_head":"<!-- This site is optimized with the Yoast SEO plugin v27.4 - https:\/\/yoast.com\/product\/yoast-seo-wordpress\/ -->\n<title>Inscripcipones abiertas para la M3, la Media Marat\u00f3n de Miami Platja - Ajuntament de Mont-roig del Camp<\/title>\n<meta name=\"robots\" content=\"index, follow, max-snippet:-1, max-image-preview:large, max-video-preview:-1\" \/>\n<link rel=\"canonical\" href=\"https:\/\/mont-roig.cat\/es\/actualitat\/noticies\/inscripciones-abiertas-para-la-m3-la-media-maraton-de-miami-platja\/\" \/>\n<meta property=\"og:locale\" content=\"es_ES\" \/>\n<meta property=\"og:type\" content=\"article\" \/>\n<meta property=\"og:title\" content=\"Inscripcipones abiertas para la M3, la Media Marat\u00f3n de Miami Platja - Ajuntament de Mont-roig del Camp\" \/>\n<meta property=\"og:description\" content=\"Se pueden hacer a trav\u00e9s de la web www.naturtime.es y tambi\u00e9n presencialmente en el Polideportivo de Miami Platja, Decathlon Vila-seca y el mismo d\u00eda de la carrera, el s\u00e1bado 15 de abril, en la l\u00ednea de salida\u00a0 Ya est\u00e1n abiertas las inscripciones para la segunda edici\u00f3n de la M3, la Media Marat\u00f3n de Miami Platja [&hellip;]\" \/>\n<meta property=\"og:url\" content=\"https:\/\/mont-roig.cat\/es\/actualitat\/noticies\/inscripciones-abiertas-para-la-m3-la-media-maraton-de-miami-platja\/\" \/>\n<meta property=\"og:site_name\" content=\"Ajuntament de Mont-roig del Camp\" \/>\n<meta property=\"article:published_time\" content=\"2017-04-06T09:34:52+00:00\" \/>\n<meta property=\"article:modified_time\" content=\"2017-04-06T09:53:51+00:00\" \/>\n<meta property=\"og:image\" content=\"https:\/\/mont-roig.cat\/wp-content\/uploads\/POSTER-A3-mitja-marat\u00f3.jpg\" \/>\n\t<meta property=\"og:image:width\" content=\"1778\" \/>\n\t<meta property=\"og:image:height\" content=\"2505\" \/>\n\t<meta property=\"og:image:type\" content=\"image\/jpeg\" \/>\n<meta name=\"author\" content=\"administrador\" \/>\n<meta name=\"twitter:card\" content=\"summary_large_image\" \/>\n<meta name=\"twitter:label1\" content=\"Escrito por\" \/>\n\t<meta name=\"twitter:data1\" content=\"administrador\" \/>\n\t<meta name=\"twitter:label2\" content=\"Tiempo de lectura\" \/>\n\t<meta name=\"twitter:data2\" content=\"1 minuto\" \/>\n<script type=\"application\/ld+json\" class=\"yoast-schema-graph\">{\"@context\":\"https:\\\/\\\/schema.org\",\"@graph\":[{\"@type\":\"Article\",\"@id\":\"https:\\\/\\\/mont-roig.cat\\\/es\\\/actualitat\\\/noticies\\\/inscripciones-abiertas-para-la-m3-la-media-maraton-de-miami-platja\\\/#article\",\"isPartOf\":{\"@id\":\"https:\\\/\\\/mont-roig.cat\\\/es\\\/actualitat\\\/noticies\\\/inscripciones-abiertas-para-la-m3-la-media-maraton-de-miami-platja\\\/\"},\"author\":{\"name\":\"administrador\",\"@id\":\"https:\\\/\\\/mont-roig.cat\\\/es\\\/#\\\/schema\\\/person\\\/f2b111789f22b7d0c3bd6786c9128cba\"},\"headline\":\"Inscripcipones abiertas para la M3, la Media Marat\u00f3n de Miami Platja\",\"datePublished\":\"2017-04-06T09:34:52+00:00\",\"dateModified\":\"2017-04-06T09:53:51+00:00\",\"mainEntityOfPage\":{\"@id\":\"https:\\\/\\\/mont-roig.cat\\\/es\\\/actualitat\\\/noticies\\\/inscripciones-abiertas-para-la-m3-la-media-maraton-de-miami-platja\\\/\"},\"wordCount\":225,\"image\":{\"@id\":\"https:\\\/\\\/mont-roig.cat\\\/es\\\/actualitat\\\/noticies\\\/inscripciones-abiertas-para-la-m3-la-media-maraton-de-miami-platja\\\/#primaryimage\"},\"thumbnailUrl\":\"https:\\\/\\\/mont-roig.cat\\\/wp-content\\\/uploads\\\/POSTER-A3-mitja-marat\u00f3.jpg\",\"articleSection\":[\"Ayuntamiento\",\"Deportes\"],\"inLanguage\":\"es\"},{\"@type\":\"WebPage\",\"@id\":\"https:\\\/\\\/mont-roig.cat\\\/es\\\/actualitat\\\/noticies\\\/inscripciones-abiertas-para-la-m3-la-media-maraton-de-miami-platja\\\/\",\"url\":\"https:\\\/\\\/mont-roig.cat\\\/es\\\/actualitat\\\/noticies\\\/inscripciones-abiertas-para-la-m3-la-media-maraton-de-miami-platja\\\/\",\"name\":\"Inscripcipones abiertas para la M3, la Media Marat\u00f3n de Miami Platja - Ajuntament de Mont-roig del Camp\",\"isPartOf\":{\"@id\":\"https:\\\/\\\/mont-roig.cat\\\/es\\\/#website\"},\"primaryImageOfPage\":{\"@id\":\"https:\\\/\\\/mont-roig.cat\\\/es\\\/actualitat\\\/noticies\\\/inscripciones-abiertas-para-la-m3-la-media-maraton-de-miami-platja\\\/#primaryimage\"},\"image\":{\"@id\":\"https:\\\/\\\/mont-roig.cat\\\/es\\\/actualitat\\\/noticies\\\/inscripciones-abiertas-para-la-m3-la-media-maraton-de-miami-platja\\\/#primaryimage\"},\"thumbnailUrl\":\"https:\\\/\\\/mont-roig.cat\\\/wp-content\\\/uploads\\\/POSTER-A3-mitja-marat\u00f3.jpg\",\"datePublished\":\"2017-04-06T09:34:52+00:00\",\"dateModified\":\"2017-04-06T09:53:51+00:00\",\"author\":{\"@id\":\"https:\\\/\\\/mont-roig.cat\\\/es\\\/#\\\/schema\\\/person\\\/f2b111789f22b7d0c3bd6786c9128cba\"},\"breadcrumb\":{\"@id\":\"https:\\\/\\\/mont-roig.cat\\\/es\\\/actualitat\\\/noticies\\\/inscripciones-abiertas-para-la-m3-la-media-maraton-de-miami-platja\\\/#breadcrumb\"},\"inLanguage\":\"es\",\"potentialAction\":[{\"@type\":\"ReadAction\",\"target\":[\"https:\\\/\\\/mont-roig.cat\\\/es\\\/actualitat\\\/noticies\\\/inscripciones-abiertas-para-la-m3-la-media-maraton-de-miami-platja\\\/\"]}]},{\"@type\":\"ImageObject\",\"inLanguage\":\"es\",\"@id\":\"https:\\\/\\\/mont-roig.cat\\\/es\\\/actualitat\\\/noticies\\\/inscripciones-abiertas-para-la-m3-la-media-maraton-de-miami-platja\\\/#primaryimage\",\"url\":\"https:\\\/\\\/mont-roig.cat\\\/wp-content\\\/uploads\\\/POSTER-A3-mitja-marat\u00f3.jpg\",\"contentUrl\":\"https:\\\/\\\/mont-roig.cat\\\/wp-content\\\/uploads\\\/POSTER-A3-mitja-marat\u00f3.jpg\",\"width\":1778,\"height\":2505},{\"@type\":\"BreadcrumbList\",\"@id\":\"https:\\\/\\\/mont-roig.cat\\\/es\\\/actualitat\\\/noticies\\\/inscripciones-abiertas-para-la-m3-la-media-maraton-de-miami-platja\\\/#breadcrumb\",\"itemListElement\":[{\"@type\":\"ListItem\",\"position\":1,\"name\":\"Inici\",\"item\":\"https:\\\/\\\/mont-roig.cat\\\/es\\\/pagina-de-inicio\\\/\"},{\"@type\":\"ListItem\",\"position\":2,\"name\":\"Inscripcipones abiertas para la M3, la Media Marat\u00f3n de Miami Platja\"}]},{\"@type\":\"WebSite\",\"@id\":\"https:\\\/\\\/mont-roig.cat\\\/es\\\/#website\",\"url\":\"https:\\\/\\\/mont-roig.cat\\\/es\\\/\",\"name\":\"Ajuntament de Mont-roig del Camp\",\"description\":\"Tota la informaci\u00f3 sobre la instituci\u00f3, els seus \u00f2rgans de govern, actualitat, serveis i molt m\u00e9s.\",\"potentialAction\":[{\"@type\":\"SearchAction\",\"target\":{\"@type\":\"EntryPoint\",\"urlTemplate\":\"https:\\\/\\\/mont-roig.cat\\\/es\\\/?s={search_term_string}\"},\"query-input\":{\"@type\":\"PropertyValueSpecification\",\"valueRequired\":true,\"valueName\":\"search_term_string\"}}],\"inLanguage\":\"es\"},{\"@type\":\"Person\",\"@id\":\"https:\\\/\\\/mont-roig.cat\\\/es\\\/#\\\/schema\\\/person\\\/f2b111789f22b7d0c3bd6786c9128cba\",\"name\":\"administrador\",\"image\":{\"@type\":\"ImageObject\",\"inLanguage\":\"es\",\"@id\":\"https:\\\/\\\/secure.gravatar.com\\\/avatar\\\/9137aac6891e2595c9d3036fd83bcb653b4db3c946db4c7d9b9be193c3c944bb?s=96&d=mm&r=g\",\"url\":\"https:\\\/\\\/secure.gravatar.com\\\/avatar\\\/9137aac6891e2595c9d3036fd83bcb653b4db3c946db4c7d9b9be193c3c944bb?s=96&d=mm&r=g\",\"contentUrl\":\"https:\\\/\\\/secure.gravatar.com\\\/avatar\\\/9137aac6891e2595c9d3036fd83bcb653b4db3c946db4c7d9b9be193c3c944bb?s=96&d=mm&r=g\",\"caption\":\"administrador\"},\"url\":\"https:\\\/\\\/mont-roig.cat\\\/es\\\/actualitat\\\/noticies\\\/author\\\/administrador\\\/\"}]}<\/script>\n<!-- \/ Yoast SEO plugin. -->","yoast_head_json":{"title":"Inscripcipones abiertas para la M3, la Media Marat\u00f3n de Miami Platja - Ajuntament de Mont-roig del Camp","robots":{"index":"index","follow":"follow","max-snippet":"max-snippet:-1","max-image-preview":"max-image-preview:large","max-video-preview":"max-video-preview:-1"},"canonical":"https:\/\/mont-roig.cat\/es\/actualitat\/noticies\/inscripciones-abiertas-para-la-m3-la-media-maraton-de-miami-platja\/","og_locale":"es_ES","og_type":"article","og_title":"Inscripcipones abiertas para la M3, la Media Marat\u00f3n de Miami Platja - Ajuntament de Mont-roig del Camp","og_description":"Se pueden hacer a trav\u00e9s de la web www.naturtime.es y tambi\u00e9n presencialmente en el Polideportivo de Miami Platja, Decathlon Vila-seca y el mismo d\u00eda de la carrera, el s\u00e1bado 15 de abril, en la l\u00ednea de salida\u00a0 Ya est\u00e1n abiertas las inscripciones para la segunda edici\u00f3n de la M3, la Media Marat\u00f3n de Miami Platja [&hellip;]","og_url":"https:\/\/mont-roig.cat\/es\/actualitat\/noticies\/inscripciones-abiertas-para-la-m3-la-media-maraton-de-miami-platja\/","og_site_name":"Ajuntament de Mont-roig del Camp","article_published_time":"2017-04-06T09:34:52+00:00","article_modified_time":"2017-04-06T09:53:51+00:00","og_image":[{"width":1778,"height":2505,"url":"https:\/\/mont-roig.cat\/wp-content\/uploads\/POSTER-A3-mitja-marat\u00f3.jpg","type":"image\/jpeg"}],"author":"administrador","twitter_card":"summary_large_image","twitter_misc":{"Escrito por":"administrador","Tiempo de lectura":"1 minuto"},"schema":{"@context":"https:\/\/schema.org","@graph":[{"@type":"Article","@id":"https:\/\/mont-roig.cat\/es\/actualitat\/noticies\/inscripciones-abiertas-para-la-m3-la-media-maraton-de-miami-platja\/#article","isPartOf":{"@id":"https:\/\/mont-roig.cat\/es\/actualitat\/noticies\/inscripciones-abiertas-para-la-m3-la-media-maraton-de-miami-platja\/"},"author":{"name":"administrador","@id":"https:\/\/mont-roig.cat\/es\/#\/schema\/person\/f2b111789f22b7d0c3bd6786c9128cba"},"headline":"Inscripcipones abiertas para la M3, la Media Marat\u00f3n de Miami Platja","datePublished":"2017-04-06T09:34:52+00:00","dateModified":"2017-04-06T09:53:51+00:00","mainEntityOfPage":{"@id":"https:\/\/mont-roig.cat\/es\/actualitat\/noticies\/inscripciones-abiertas-para-la-m3-la-media-maraton-de-miami-platja\/"},"wordCount":225,"image":{"@id":"https:\/\/mont-roig.cat\/es\/actualitat\/noticies\/inscripciones-abiertas-para-la-m3-la-media-maraton-de-miami-platja\/#primaryimage"},"thumbnailUrl":"https:\/\/mont-roig.cat\/wp-content\/uploads\/POSTER-A3-mitja-marat\u00f3.jpg","articleSection":["Ayuntamiento","Deportes"],"inLanguage":"es"},{"@type":"WebPage","@id":"https:\/\/mont-roig.cat\/es\/actualitat\/noticies\/inscripciones-abiertas-para-la-m3-la-media-maraton-de-miami-platja\/","url":"https:\/\/mont-roig.cat\/es\/actualitat\/noticies\/inscripciones-abiertas-para-la-m3-la-media-maraton-de-miami-platja\/","name":"Inscripcipones abiertas para la M3, la Media Marat\u00f3n de Miami Platja - Ajuntament de Mont-roig del Camp","isPartOf":{"@id":"https:\/\/mont-roig.cat\/es\/#website"},"primaryImageOfPage":{"@id":"https:\/\/mont-roig.cat\/es\/actualitat\/noticies\/inscripciones-abiertas-para-la-m3-la-media-maraton-de-miami-platja\/#primaryimage"},"image":{"@id":"https:\/\/mont-roig.cat\/es\/actualitat\/noticies\/inscripciones-abiertas-para-la-m3-la-media-maraton-de-miami-platja\/#primaryimage"},"thumbnailUrl":"https:\/\/mont-roig.cat\/wp-content\/uploads\/POSTER-A3-mitja-marat\u00f3.jpg","datePublished":"2017-04-06T09:34:52+00:00","dateModified":"2017-04-06T09:53:51+00:00","author":{"@id":"https:\/\/mont-roig.cat\/es\/#\/schema\/person\/f2b111789f22b7d0c3bd6786c9128cba"},"breadcrumb":{"@id":"https:\/\/mont-roig.cat\/es\/actualitat\/noticies\/inscripciones-abiertas-para-la-m3-la-media-maraton-de-miami-platja\/#breadcrumb"},"inLanguage":"es","potentialAction":[{"@type":"ReadAction","target":["https:\/\/mont-roig.cat\/es\/actualitat\/noticies\/inscripciones-abiertas-para-la-m3-la-media-maraton-de-miami-platja\/"]}]},{"@type":"ImageObject","inLanguage":"es","@id":"https:\/\/mont-roig.cat\/es\/actualitat\/noticies\/inscripciones-abiertas-para-la-m3-la-media-maraton-de-miami-platja\/#primaryimage","url":"https:\/\/mont-roig.cat\/wp-content\/uploads\/POSTER-A3-mitja-marat\u00f3.jpg","contentUrl":"https:\/\/mont-roig.cat\/wp-content\/uploads\/POSTER-A3-mitja-marat\u00f3.jpg","width":1778,"height":2505},{"@type":"BreadcrumbList","@id":"https:\/\/mont-roig.cat\/es\/actualitat\/noticies\/inscripciones-abiertas-para-la-m3-la-media-maraton-de-miami-platja\/#breadcrumb","itemListElement":[{"@type":"ListItem","position":1,"name":"Inici","item":"https:\/\/mont-roig.cat\/es\/pagina-de-inicio\/"},{"@type":"ListItem","position":2,"name":"Inscripcipones abiertas para la M3, la Media Marat\u00f3n de Miami Platja"}]},{"@type":"WebSite","@id":"https:\/\/mont-roig.cat\/es\/#website","url":"https:\/\/mont-roig.cat\/es\/","name":"Ajuntament de Mont-roig del Camp","description":"Tota la informaci\u00f3 sobre la instituci\u00f3, els seus \u00f2rgans de govern, actualitat, serveis i molt m\u00e9s.","potentialAction":[{"@type":"SearchAction","target":{"@type":"EntryPoint","urlTemplate":"https:\/\/mont-roig.cat\/es\/?s={search_term_string}"},"query-input":{"@type":"PropertyValueSpecification","valueRequired":true,"valueName":"search_term_string"}}],"inLanguage":"es"},{"@type":"Person","@id":"https:\/\/mont-roig.cat\/es\/#\/schema\/person\/f2b111789f22b7d0c3bd6786c9128cba","name":"administrador","image":{"@type":"ImageObject","inLanguage":"es","@id":"https:\/\/secure.gravatar.com\/avatar\/9137aac6891e2595c9d3036fd83bcb653b4db3c946db4c7d9b9be193c3c944bb?s=96&d=mm&r=g","url":"https:\/\/secure.gravatar.com\/avatar\/9137aac6891e2595c9d3036fd83bcb653b4db3c946db4c7d9b9be193c3c944bb?s=96&d=mm&r=g","contentUrl":"https:\/\/secure.gravatar.com\/avatar\/9137aac6891e2595c9d3036fd83bcb653b4db3c946db4c7d9b9be193c3c944bb?s=96&d=mm&r=g","caption":"administrador"},"url":"https:\/\/mont-roig.cat\/es\/actualitat\/noticies\/author\/administrador\/"}]}},"_links":{"self":[{"href":"https:\/\/mont-roig.cat\/es\/wp-json\/wp\/v2\/posts\/16236","targetHints":{"allow":["GET"]}}],"collection":[{"href":"https:\/\/mont-roig.cat\/es\/wp-json\/wp\/v2\/posts"}],"about":[{"href":"https:\/\/mont-roig.cat\/es\/wp-json\/wp\/v2\/types\/post"}],"author":[{"embeddable":true,"href":"https:\/\/mont-roig.cat\/es\/wp-json\/wp\/v2\/users\/4"}],"replies":[{"embeddable":true,"href":"https:\/\/mont-roig.cat\/es\/wp-json\/wp\/v2\/comments?post=16236"}],"version-history":[{"count":0,"href":"https:\/\/mont-roig.cat\/es\/wp-json\/wp\/v2\/posts\/16236\/revisions"}],"wp:featuredmedia":[{"embeddable":true,"href":"https:\/\/mont-roig.cat\/es\/wp-json\/wp\/v2\/media\/16234"}],"wp:attachment":[{"href":"https:\/\/mont-roig.cat\/es\/wp-json\/wp\/v2\/media?parent=16236"}],"wp:term":[{"taxonomy":"category","embeddable":true,"href":"https:\/\/mont-roig.cat\/es\/wp-json\/wp\/v2\/categories?post=16236"},{"taxonomy":"post_tag","embeddable":true,"href":"https:\/\/mont-roig.cat\/es\/wp-json\/wp\/v2\/tags?post=16236"}],"curies":[{"name":"wp","href":"https:\/\/api.w.org\/{rel}","templated":true}]}}