{"id":16284,"date":"2017-04-07T13:38:25","date_gmt":"2017-04-07T11:38:25","guid":{"rendered":"http:\/\/mont-roig.cat\/actualitat\/noticies\/ya-esta-disponible-un-nuevo-numero-del-boletin-de-informacion-municipal-comunica\/"},"modified":"2017-04-10T09:54:21","modified_gmt":"2017-04-10T07:54:21","slug":"ya-esta-disponible-un-nuevo-numero-del-boletin-de-informacion-municipal-comunica","status":"publish","type":"post","link":"https:\/\/mont-roig.cat\/es\/actualitat\/noticies\/ya-esta-disponible-un-nuevo-numero-del-boletin-de-informacion-municipal-comunica\/","title":{"rendered":"Ya est\u00e1 disponible un nuevo n\u00famero del bolet\u00edn de informaci\u00f3n municipal Comunica"},"content":{"rendered":"<p>&nbsp;<\/p>\n<div id=\"attachment_16300\" style=\"width: 310px\" class=\"wp-caption alignright\"><a href=\"http:\/\/mont-roig.cat\/wp-content\/uploads\/Comunica-015-ESP-001.jpg\"><img loading=\"lazy\" decoding=\"async\" aria-describedby=\"caption-attachment-16300\" class=\"wp-image-16300\" src=\"http:\/\/mont-roig.cat\/wp-content\/uploads\/Comunica-015-ESP-001-345x500.jpg\" alt=\"\" width=\"300\" height=\"435\" srcset=\"https:\/\/mont-roig.cat\/wp-content\/uploads\/Comunica-015-ESP-001-345x500.jpg 345w, https:\/\/mont-roig.cat\/wp-content\/uploads\/Comunica-015-ESP-001-768x1112.jpg 768w, https:\/\/mont-roig.cat\/wp-content\/uploads\/Comunica-015-ESP-001-707x1024.jpg 707w, https:\/\/mont-roig.cat\/wp-content\/uploads\/Comunica-015-ESP-001.jpg 1644w\" sizes=\"auto, (max-width: 300px) 100vw, 300px\" \/><\/a><p id=\"caption-attachment-16300\" class=\"wp-caption-text\">Portada del bolet\u00edn de informaci\u00f3n Comunica<\/p><\/div>\n<ul>\n<li><strong>Ya est\u00e1 disponible el primer n\u00famero de 2017 del Comunica, el bolet\u00edn de informaci\u00f3n municipal que da a conocer las pol\u00edticas y acciones desarrolladas por el consistorio.<\/strong><\/li>\n<\/ul>\n<p style=\"text-align: justify;\">Con el objetivo de garantizar el derecho a la informaci\u00f3n, esta publicaci\u00f3n llegar\u00e1 a los hogares del municipio y tambi\u00e9n estar\u00e1 disponible en los equipamientos del Ayuntamiento y principales establecimientos. Este bolet\u00edn est\u00e1 editado en una versi\u00f3n catalana y una castellana.<\/p>\n<p style=\"text-align: justify;\">Todos los ciudadanos que deseen leer el ejemplar en castellano lo pueden encontrar en las sedes municipales, en las Oficinas Municipales de Atenci\u00f3n al Ciudadano (OMAC), en las oficinas Nostraigua, en el CAP Miami Platja, en los establecimientos de la Avenida Barcelona y en las farmacias del municipio. Tambi\u00e9n est\u00e1 disponible en formato digital en la web del Ayuntamiento. En caso de que no se pueda localizar la versi\u00f3n castellana, los interesados \u200b\u200bpueden llamar al tel\u00e9fono 977 170 440 o al 977 837 005 para solicitarlo y recibirlo en su domicilio.<\/p>\n<p style=\"text-align: justify;\">Esta es una publicaci\u00f3n trimestral y gratuita que edita el Ayuntamiento de Mont-roig del Camp. Si alg\u00fan vecino o vecina no la ha recibido en su casa, puede dirigirse a las OMAC, facilitar los datos de contacto y solicitar un ejemplar. En este caso, tambi\u00e9n se puede poner en contacto con <a href=\"mailto:comunicacio@mont-roig.cat\">comunicacio@mont-roig.cat<\/a>.<\/p>\n<p style=\"text-align: justify;\">Accede a les diferentes<a href=\"https:\/\/mont-roig.cat\/es\/actualidad\/boletin-informacion-comunica\/\" target=\"_blank\"> publicaciones del Comunica<\/a>.<\/p>\n<p style=\"text-align: justify;\">\n","protected":false},"excerpt":{"rendered":"<p>&nbsp; Ya est\u00e1 disponible el primer n\u00famero de 2017 del Comunica, el bolet\u00edn de informaci\u00f3n municipal que da a conocer las pol\u00edticas y acciones desarrolladas por el consistorio. Con el objetivo de garantizar el derecho a la informaci\u00f3n, esta publicaci\u00f3n llegar\u00e1 a los hogares del municipio y tambi\u00e9n estar\u00e1 disponible en los equipamientos del Ayuntamiento [&hellip;]<\/p>\n","protected":false},"author":4,"featured_media":16279,"comment_status":"closed","ping_status":"closed","sticky":false,"template":"","format":"standard","meta":{"inline_featured_image":false,"_monsterinsights_skip_tracking":false,"_monsterinsights_sitenote_active":false,"_monsterinsights_sitenote_note":"","_monsterinsights_sitenote_category":0,"footnotes":""},"categories":[98],"tags":[],"class_list":["post-16284","post","type-post","status-publish","format-standard","has-post-thumbnail","hentry","category-ayuntamiento"],"yoast_head":"<!-- This site is optimized with the Yoast SEO plugin v27.4 - https:\/\/yoast.com\/product\/yoast-seo-wordpress\/ -->\n<title>Ya est\u00e1 disponible un nuevo n\u00famero del bolet\u00edn de informaci\u00f3n municipal Comunica - Ajuntament de Mont-roig del Camp<\/title>\n<meta name=\"robots\" content=\"index, follow, max-snippet:-1, max-image-preview:large, max-video-preview:-1\" \/>\n<link rel=\"canonical\" href=\"https:\/\/mont-roig.cat\/es\/actualitat\/noticies\/ya-esta-disponible-un-nuevo-numero-del-boletin-de-informacion-municipal-comunica\/\" \/>\n<meta property=\"og:locale\" content=\"es_ES\" \/>\n<meta property=\"og:type\" content=\"article\" \/>\n<meta property=\"og:title\" content=\"Ya est\u00e1 disponible un nuevo n\u00famero del bolet\u00edn de informaci\u00f3n municipal Comunica - Ajuntament de Mont-roig del Camp\" \/>\n<meta property=\"og:description\" content=\"&nbsp; Ya est\u00e1 disponible el primer n\u00famero de 2017 del Comunica, el bolet\u00edn de informaci\u00f3n municipal que da a conocer las pol\u00edticas y acciones desarrolladas por el consistorio. Con el objetivo de garantizar el derecho a la informaci\u00f3n, esta publicaci\u00f3n llegar\u00e1 a los hogares del municipio y tambi\u00e9n estar\u00e1 disponible en los equipamientos del Ayuntamiento [&hellip;]\" \/>\n<meta property=\"og:url\" content=\"https:\/\/mont-roig.cat\/es\/actualitat\/noticies\/ya-esta-disponible-un-nuevo-numero-del-boletin-de-informacion-municipal-comunica\/\" \/>\n<meta property=\"og:site_name\" content=\"Ajuntament de Mont-roig del Camp\" \/>\n<meta property=\"article:published_time\" content=\"2017-04-07T11:38:25+00:00\" \/>\n<meta property=\"article:modified_time\" content=\"2017-04-10T07:54:21+00:00\" \/>\n<meta property=\"og:image\" content=\"https:\/\/mont-roig.cat\/wp-content\/uploads\/Comunica-015-CAT-001.jpg\" \/>\n\t<meta property=\"og:image:width\" content=\"1644\" \/>\n\t<meta property=\"og:image:height\" content=\"2381\" \/>\n\t<meta property=\"og:image:type\" content=\"image\/jpeg\" \/>\n<meta name=\"author\" content=\"administrador\" \/>\n<meta name=\"twitter:card\" content=\"summary_large_image\" \/>\n<meta name=\"twitter:label1\" content=\"Escrito por\" \/>\n\t<meta name=\"twitter:data1\" content=\"administrador\" \/>\n\t<meta name=\"twitter:label2\" content=\"Tiempo de lectura\" \/>\n\t<meta name=\"twitter:data2\" content=\"1 minuto\" \/>\n<script type=\"application\/ld+json\" class=\"yoast-schema-graph\">{\"@context\":\"https:\\\/\\\/schema.org\",\"@graph\":[{\"@type\":\"Article\",\"@id\":\"https:\\\/\\\/mont-roig.cat\\\/es\\\/actualitat\\\/noticies\\\/ya-esta-disponible-un-nuevo-numero-del-boletin-de-informacion-municipal-comunica\\\/#article\",\"isPartOf\":{\"@id\":\"https:\\\/\\\/mont-roig.cat\\\/es\\\/actualitat\\\/noticies\\\/ya-esta-disponible-un-nuevo-numero-del-boletin-de-informacion-municipal-comunica\\\/\"},\"author\":{\"name\":\"administrador\",\"@id\":\"https:\\\/\\\/mont-roig.cat\\\/es\\\/#\\\/schema\\\/person\\\/f2b111789f22b7d0c3bd6786c9128cba\"},\"headline\":\"Ya est\u00e1 disponible un nuevo n\u00famero del bolet\u00edn de informaci\u00f3n municipal Comunica\",\"datePublished\":\"2017-04-07T11:38:25+00:00\",\"dateModified\":\"2017-04-10T07:54:21+00:00\",\"mainEntityOfPage\":{\"@id\":\"https:\\\/\\\/mont-roig.cat\\\/es\\\/actualitat\\\/noticies\\\/ya-esta-disponible-un-nuevo-numero-del-boletin-de-informacion-municipal-comunica\\\/\"},\"wordCount\":262,\"image\":{\"@id\":\"https:\\\/\\\/mont-roig.cat\\\/es\\\/actualitat\\\/noticies\\\/ya-esta-disponible-un-nuevo-numero-del-boletin-de-informacion-municipal-comunica\\\/#primaryimage\"},\"thumbnailUrl\":\"https:\\\/\\\/mont-roig.cat\\\/wp-content\\\/uploads\\\/Comunica-015-CAT-001.jpg\",\"articleSection\":[\"Ayuntamiento\"],\"inLanguage\":\"es\"},{\"@type\":\"WebPage\",\"@id\":\"https:\\\/\\\/mont-roig.cat\\\/es\\\/actualitat\\\/noticies\\\/ya-esta-disponible-un-nuevo-numero-del-boletin-de-informacion-municipal-comunica\\\/\",\"url\":\"https:\\\/\\\/mont-roig.cat\\\/es\\\/actualitat\\\/noticies\\\/ya-esta-disponible-un-nuevo-numero-del-boletin-de-informacion-municipal-comunica\\\/\",\"name\":\"Ya est\u00e1 disponible un nuevo n\u00famero del bolet\u00edn de informaci\u00f3n municipal Comunica - Ajuntament de Mont-roig del Camp\",\"isPartOf\":{\"@id\":\"https:\\\/\\\/mont-roig.cat\\\/es\\\/#website\"},\"primaryImageOfPage\":{\"@id\":\"https:\\\/\\\/mont-roig.cat\\\/es\\\/actualitat\\\/noticies\\\/ya-esta-disponible-un-nuevo-numero-del-boletin-de-informacion-municipal-comunica\\\/#primaryimage\"},\"image\":{\"@id\":\"https:\\\/\\\/mont-roig.cat\\\/es\\\/actualitat\\\/noticies\\\/ya-esta-disponible-un-nuevo-numero-del-boletin-de-informacion-municipal-comunica\\\/#primaryimage\"},\"thumbnailUrl\":\"https:\\\/\\\/mont-roig.cat\\\/wp-content\\\/uploads\\\/Comunica-015-CAT-001.jpg\",\"datePublished\":\"2017-04-07T11:38:25+00:00\",\"dateModified\":\"2017-04-10T07:54:21+00:00\",\"author\":{\"@id\":\"https:\\\/\\\/mont-roig.cat\\\/es\\\/#\\\/schema\\\/person\\\/f2b111789f22b7d0c3bd6786c9128cba\"},\"breadcrumb\":{\"@id\":\"https:\\\/\\\/mont-roig.cat\\\/es\\\/actualitat\\\/noticies\\\/ya-esta-disponible-un-nuevo-numero-del-boletin-de-informacion-municipal-comunica\\\/#breadcrumb\"},\"inLanguage\":\"es\",\"potentialAction\":[{\"@type\":\"ReadAction\",\"target\":[\"https:\\\/\\\/mont-roig.cat\\\/es\\\/actualitat\\\/noticies\\\/ya-esta-disponible-un-nuevo-numero-del-boletin-de-informacion-municipal-comunica\\\/\"]}]},{\"@type\":\"ImageObject\",\"inLanguage\":\"es\",\"@id\":\"https:\\\/\\\/mont-roig.cat\\\/es\\\/actualitat\\\/noticies\\\/ya-esta-disponible-un-nuevo-numero-del-boletin-de-informacion-municipal-comunica\\\/#primaryimage\",\"url\":\"https:\\\/\\\/mont-roig.cat\\\/wp-content\\\/uploads\\\/Comunica-015-CAT-001.jpg\",\"contentUrl\":\"https:\\\/\\\/mont-roig.cat\\\/wp-content\\\/uploads\\\/Comunica-015-CAT-001.jpg\",\"width\":1644,\"height\":2381},{\"@type\":\"BreadcrumbList\",\"@id\":\"https:\\\/\\\/mont-roig.cat\\\/es\\\/actualitat\\\/noticies\\\/ya-esta-disponible-un-nuevo-numero-del-boletin-de-informacion-municipal-comunica\\\/#breadcrumb\",\"itemListElement\":[{\"@type\":\"ListItem\",\"position\":1,\"name\":\"Inici\",\"item\":\"https:\\\/\\\/mont-roig.cat\\\/es\\\/pagina-de-inicio\\\/\"},{\"@type\":\"ListItem\",\"position\":2,\"name\":\"Ya est\u00e1 disponible un nuevo n\u00famero del bolet\u00edn de informaci\u00f3n municipal Comunica\"}]},{\"@type\":\"WebSite\",\"@id\":\"https:\\\/\\\/mont-roig.cat\\\/es\\\/#website\",\"url\":\"https:\\\/\\\/mont-roig.cat\\\/es\\\/\",\"name\":\"Ajuntament de Mont-roig del Camp\",\"description\":\"Tota la informaci\u00f3 sobre la instituci\u00f3, els seus \u00f2rgans de govern, actualitat, serveis i molt m\u00e9s.\",\"potentialAction\":[{\"@type\":\"SearchAction\",\"target\":{\"@type\":\"EntryPoint\",\"urlTemplate\":\"https:\\\/\\\/mont-roig.cat\\\/es\\\/?s={search_term_string}\"},\"query-input\":{\"@type\":\"PropertyValueSpecification\",\"valueRequired\":true,\"valueName\":\"search_term_string\"}}],\"inLanguage\":\"es\"},{\"@type\":\"Person\",\"@id\":\"https:\\\/\\\/mont-roig.cat\\\/es\\\/#\\\/schema\\\/person\\\/f2b111789f22b7d0c3bd6786c9128cba\",\"name\":\"administrador\",\"image\":{\"@type\":\"ImageObject\",\"inLanguage\":\"es\",\"@id\":\"https:\\\/\\\/secure.gravatar.com\\\/avatar\\\/9137aac6891e2595c9d3036fd83bcb653b4db3c946db4c7d9b9be193c3c944bb?s=96&d=mm&r=g\",\"url\":\"https:\\\/\\\/secure.gravatar.com\\\/avatar\\\/9137aac6891e2595c9d3036fd83bcb653b4db3c946db4c7d9b9be193c3c944bb?s=96&d=mm&r=g\",\"contentUrl\":\"https:\\\/\\\/secure.gravatar.com\\\/avatar\\\/9137aac6891e2595c9d3036fd83bcb653b4db3c946db4c7d9b9be193c3c944bb?s=96&d=mm&r=g\",\"caption\":\"administrador\"},\"url\":\"https:\\\/\\\/mont-roig.cat\\\/es\\\/actualitat\\\/noticies\\\/author\\\/administrador\\\/\"}]}<\/script>\n<!-- \/ Yoast SEO plugin. -->","yoast_head_json":{"title":"Ya est\u00e1 disponible un nuevo n\u00famero del bolet\u00edn de informaci\u00f3n municipal Comunica - Ajuntament de Mont-roig del Camp","robots":{"index":"index","follow":"follow","max-snippet":"max-snippet:-1","max-image-preview":"max-image-preview:large","max-video-preview":"max-video-preview:-1"},"canonical":"https:\/\/mont-roig.cat\/es\/actualitat\/noticies\/ya-esta-disponible-un-nuevo-numero-del-boletin-de-informacion-municipal-comunica\/","og_locale":"es_ES","og_type":"article","og_title":"Ya est\u00e1 disponible un nuevo n\u00famero del bolet\u00edn de informaci\u00f3n municipal Comunica - Ajuntament de Mont-roig del Camp","og_description":"&nbsp; Ya est\u00e1 disponible el primer n\u00famero de 2017 del Comunica, el bolet\u00edn de informaci\u00f3n municipal que da a conocer las pol\u00edticas y acciones desarrolladas por el consistorio. Con el objetivo de garantizar el derecho a la informaci\u00f3n, esta publicaci\u00f3n llegar\u00e1 a los hogares del municipio y tambi\u00e9n estar\u00e1 disponible en los equipamientos del Ayuntamiento [&hellip;]","og_url":"https:\/\/mont-roig.cat\/es\/actualitat\/noticies\/ya-esta-disponible-un-nuevo-numero-del-boletin-de-informacion-municipal-comunica\/","og_site_name":"Ajuntament de Mont-roig del Camp","article_published_time":"2017-04-07T11:38:25+00:00","article_modified_time":"2017-04-10T07:54:21+00:00","og_image":[{"width":1644,"height":2381,"url":"https:\/\/mont-roig.cat\/wp-content\/uploads\/Comunica-015-CAT-001.jpg","type":"image\/jpeg"}],"author":"administrador","twitter_card":"summary_large_image","twitter_misc":{"Escrito por":"administrador","Tiempo de lectura":"1 minuto"},"schema":{"@context":"https:\/\/schema.org","@graph":[{"@type":"Article","@id":"https:\/\/mont-roig.cat\/es\/actualitat\/noticies\/ya-esta-disponible-un-nuevo-numero-del-boletin-de-informacion-municipal-comunica\/#article","isPartOf":{"@id":"https:\/\/mont-roig.cat\/es\/actualitat\/noticies\/ya-esta-disponible-un-nuevo-numero-del-boletin-de-informacion-municipal-comunica\/"},"author":{"name":"administrador","@id":"https:\/\/mont-roig.cat\/es\/#\/schema\/person\/f2b111789f22b7d0c3bd6786c9128cba"},"headline":"Ya est\u00e1 disponible un nuevo n\u00famero del bolet\u00edn de informaci\u00f3n municipal Comunica","datePublished":"2017-04-07T11:38:25+00:00","dateModified":"2017-04-10T07:54:21+00:00","mainEntityOfPage":{"@id":"https:\/\/mont-roig.cat\/es\/actualitat\/noticies\/ya-esta-disponible-un-nuevo-numero-del-boletin-de-informacion-municipal-comunica\/"},"wordCount":262,"image":{"@id":"https:\/\/mont-roig.cat\/es\/actualitat\/noticies\/ya-esta-disponible-un-nuevo-numero-del-boletin-de-informacion-municipal-comunica\/#primaryimage"},"thumbnailUrl":"https:\/\/mont-roig.cat\/wp-content\/uploads\/Comunica-015-CAT-001.jpg","articleSection":["Ayuntamiento"],"inLanguage":"es"},{"@type":"WebPage","@id":"https:\/\/mont-roig.cat\/es\/actualitat\/noticies\/ya-esta-disponible-un-nuevo-numero-del-boletin-de-informacion-municipal-comunica\/","url":"https:\/\/mont-roig.cat\/es\/actualitat\/noticies\/ya-esta-disponible-un-nuevo-numero-del-boletin-de-informacion-municipal-comunica\/","name":"Ya est\u00e1 disponible un nuevo n\u00famero del bolet\u00edn de informaci\u00f3n municipal Comunica - Ajuntament de Mont-roig del Camp","isPartOf":{"@id":"https:\/\/mont-roig.cat\/es\/#website"},"primaryImageOfPage":{"@id":"https:\/\/mont-roig.cat\/es\/actualitat\/noticies\/ya-esta-disponible-un-nuevo-numero-del-boletin-de-informacion-municipal-comunica\/#primaryimage"},"image":{"@id":"https:\/\/mont-roig.cat\/es\/actualitat\/noticies\/ya-esta-disponible-un-nuevo-numero-del-boletin-de-informacion-municipal-comunica\/#primaryimage"},"thumbnailUrl":"https:\/\/mont-roig.cat\/wp-content\/uploads\/Comunica-015-CAT-001.jpg","datePublished":"2017-04-07T11:38:25+00:00","dateModified":"2017-04-10T07:54:21+00:00","author":{"@id":"https:\/\/mont-roig.cat\/es\/#\/schema\/person\/f2b111789f22b7d0c3bd6786c9128cba"},"breadcrumb":{"@id":"https:\/\/mont-roig.cat\/es\/actualitat\/noticies\/ya-esta-disponible-un-nuevo-numero-del-boletin-de-informacion-municipal-comunica\/#breadcrumb"},"inLanguage":"es","potentialAction":[{"@type":"ReadAction","target":["https:\/\/mont-roig.cat\/es\/actualitat\/noticies\/ya-esta-disponible-un-nuevo-numero-del-boletin-de-informacion-municipal-comunica\/"]}]},{"@type":"ImageObject","inLanguage":"es","@id":"https:\/\/mont-roig.cat\/es\/actualitat\/noticies\/ya-esta-disponible-un-nuevo-numero-del-boletin-de-informacion-municipal-comunica\/#primaryimage","url":"https:\/\/mont-roig.cat\/wp-content\/uploads\/Comunica-015-CAT-001.jpg","contentUrl":"https:\/\/mont-roig.cat\/wp-content\/uploads\/Comunica-015-CAT-001.jpg","width":1644,"height":2381},{"@type":"BreadcrumbList","@id":"https:\/\/mont-roig.cat\/es\/actualitat\/noticies\/ya-esta-disponible-un-nuevo-numero-del-boletin-de-informacion-municipal-comunica\/#breadcrumb","itemListElement":[{"@type":"ListItem","position":1,"name":"Inici","item":"https:\/\/mont-roig.cat\/es\/pagina-de-inicio\/"},{"@type":"ListItem","position":2,"name":"Ya est\u00e1 disponible un nuevo n\u00famero del bolet\u00edn de informaci\u00f3n municipal Comunica"}]},{"@type":"WebSite","@id":"https:\/\/mont-roig.cat\/es\/#website","url":"https:\/\/mont-roig.cat\/es\/","name":"Ajuntament de Mont-roig del Camp","description":"Tota la informaci\u00f3 sobre la instituci\u00f3, els seus \u00f2rgans de govern, actualitat, serveis i molt m\u00e9s.","potentialAction":[{"@type":"SearchAction","target":{"@type":"EntryPoint","urlTemplate":"https:\/\/mont-roig.cat\/es\/?s={search_term_string}"},"query-input":{"@type":"PropertyValueSpecification","valueRequired":true,"valueName":"search_term_string"}}],"inLanguage":"es"},{"@type":"Person","@id":"https:\/\/mont-roig.cat\/es\/#\/schema\/person\/f2b111789f22b7d0c3bd6786c9128cba","name":"administrador","image":{"@type":"ImageObject","inLanguage":"es","@id":"https:\/\/secure.gravatar.com\/avatar\/9137aac6891e2595c9d3036fd83bcb653b4db3c946db4c7d9b9be193c3c944bb?s=96&d=mm&r=g","url":"https:\/\/secure.gravatar.com\/avatar\/9137aac6891e2595c9d3036fd83bcb653b4db3c946db4c7d9b9be193c3c944bb?s=96&d=mm&r=g","contentUrl":"https:\/\/secure.gravatar.com\/avatar\/9137aac6891e2595c9d3036fd83bcb653b4db3c946db4c7d9b9be193c3c944bb?s=96&d=mm&r=g","caption":"administrador"},"url":"https:\/\/mont-roig.cat\/es\/actualitat\/noticies\/author\/administrador\/"}]}},"_links":{"self":[{"href":"https:\/\/mont-roig.cat\/es\/wp-json\/wp\/v2\/posts\/16284","targetHints":{"allow":["GET"]}}],"collection":[{"href":"https:\/\/mont-roig.cat\/es\/wp-json\/wp\/v2\/posts"}],"about":[{"href":"https:\/\/mont-roig.cat\/es\/wp-json\/wp\/v2\/types\/post"}],"author":[{"embeddable":true,"href":"https:\/\/mont-roig.cat\/es\/wp-json\/wp\/v2\/users\/4"}],"replies":[{"embeddable":true,"href":"https:\/\/mont-roig.cat\/es\/wp-json\/wp\/v2\/comments?post=16284"}],"version-history":[{"count":0,"href":"https:\/\/mont-roig.cat\/es\/wp-json\/wp\/v2\/posts\/16284\/revisions"}],"wp:featuredmedia":[{"embeddable":true,"href":"https:\/\/mont-roig.cat\/es\/wp-json\/wp\/v2\/media\/16279"}],"wp:attachment":[{"href":"https:\/\/mont-roig.cat\/es\/wp-json\/wp\/v2\/media?parent=16284"}],"wp:term":[{"taxonomy":"category","embeddable":true,"href":"https:\/\/mont-roig.cat\/es\/wp-json\/wp\/v2\/categories?post=16284"},{"taxonomy":"post_tag","embeddable":true,"href":"https:\/\/mont-roig.cat\/es\/wp-json\/wp\/v2\/tags?post=16284"}],"curies":[{"name":"wp","href":"https:\/\/api.w.org\/{rel}","templated":true}]}}