{"id":16296,"date":"2017-04-07T14:15:52","date_gmt":"2017-04-07T12:15:52","guid":{"rendered":"http:\/\/mont-roig.cat\/actualitat\/noticies\/agenda-municipal-abril-2017\/"},"modified":"2017-04-07T15:06:19","modified_gmt":"2017-04-07T13:06:19","slug":"agenda-municipal-abril-2017","status":"publish","type":"post","link":"https:\/\/mont-roig.cat\/es\/actualitat\/noticies\/agenda-municipal-abril-2017\/","title":{"rendered":"Agenda municipal abril 2017"},"content":{"rendered":"<div id=\"attachment_16293\" style=\"width: 290px\" class=\"wp-caption alignright\"><a href=\"http:\/\/mont-roig.cat\/wp-content\/uploads\/AGENDA_ABRIL_2017_w-001.jpg\"><img loading=\"lazy\" decoding=\"async\" aria-describedby=\"caption-attachment-16293\" class=\"wp-image-16293\" src=\"http:\/\/mont-roig.cat\/wp-content\/uploads\/AGENDA_ABRIL_2017_w-001-352x500.jpg\" alt=\"\" width=\"280\" height=\"398\" srcset=\"https:\/\/mont-roig.cat\/wp-content\/uploads\/AGENDA_ABRIL_2017_w-001-352x500.jpg 352w, https:\/\/mont-roig.cat\/wp-content\/uploads\/AGENDA_ABRIL_2017_w-001-768x1090.jpg 768w, https:\/\/mont-roig.cat\/wp-content\/uploads\/AGENDA_ABRIL_2017_w-001-721x1024.jpg 721w, https:\/\/mont-roig.cat\/wp-content\/uploads\/AGENDA_ABRIL_2017_w-001.jpg 839w\" sizes=\"auto, (max-width: 280px) 100vw, 280px\" \/><\/a><p id=\"caption-attachment-16293\" class=\"wp-caption-text\">Agenda municipal del mes de abril 2017.<\/p><\/div>\n<p style=\"text-align: justify;\">A trav\u00e9s de este enlace puede consultar la agenda del mes de abril del Ayuntamiento de Mont-roig del Camp. Se recogen las principales actividades que organizan los diversos departamentos y concejal\u00edas del consistorio. La agenda en formato flyer la encontrar\u00e1 en los equipamientos municipales y en los establecimientos comerciales del municipio a inicios de cada mes.<\/p>\n<p style=\"text-align: justify;\">Con la llegada de la Semana Santa, la agenda cuenta con un conjunto de propuestas para disfrutar de las vacaciones como son las salidas en bicicleta, las excursiones en kayak, los talleres de mini monas, la animaci\u00f3n infantil, las visitas guiadas en el centro Mir\u00f3, entre otras actividades m\u00e1s.<\/p>\n<p style=\"text-align: justify;\">Descarga el PDF de la\u00a0<a href=\"http:\/\/mont-roig.cat\/wp-content\/uploads\/AGENDA_ABRIL_2017_w.pdf\" target=\"_blank\">agenda municipal de abril 2017<\/a>.<\/p>\n<p style=\"text-align: justify;\">\n","protected":false},"excerpt":{"rendered":"<p>A trav\u00e9s de este enlace puede consultar la agenda del mes de abril del Ayuntamiento de Mont-roig del Camp. Se recogen las principales actividades que organizan los diversos departamentos y concejal\u00edas del consistorio. La agenda en formato flyer la encontrar\u00e1 en los equipamientos municipales y en los establecimientos comerciales del municipio a inicios de cada [&hellip;]<\/p>\n","protected":false},"author":4,"featured_media":16293,"comment_status":"closed","ping_status":"closed","sticky":false,"template":"","format":"standard","meta":{"inline_featured_image":false,"_monsterinsights_skip_tracking":false,"_monsterinsights_sitenote_active":false,"_monsterinsights_sitenote_note":"","_monsterinsights_sitenote_category":0,"footnotes":""},"categories":[98],"tags":[],"class_list":["post-16296","post","type-post","status-publish","format-standard","has-post-thumbnail","hentry","category-ayuntamiento"],"yoast_head":"<!-- This site is optimized with the Yoast SEO plugin v27.4 - https:\/\/yoast.com\/product\/yoast-seo-wordpress\/ -->\n<title>Agenda municipal abril 2017 - Ajuntament de Mont-roig del Camp<\/title>\n<meta name=\"robots\" content=\"index, follow, max-snippet:-1, max-image-preview:large, max-video-preview:-1\" \/>\n<link rel=\"canonical\" href=\"https:\/\/mont-roig.cat\/es\/actualitat\/noticies\/agenda-municipal-abril-2017\/\" \/>\n<meta property=\"og:locale\" content=\"es_ES\" \/>\n<meta property=\"og:type\" content=\"article\" \/>\n<meta property=\"og:title\" content=\"Agenda municipal abril 2017 - Ajuntament de Mont-roig del Camp\" \/>\n<meta property=\"og:description\" content=\"A trav\u00e9s de este enlace puede consultar la agenda del mes de abril del Ayuntamiento de Mont-roig del Camp. Se recogen las principales actividades que organizan los diversos departamentos y concejal\u00edas del consistorio. La agenda en formato flyer la encontrar\u00e1 en los equipamientos municipales y en los establecimientos comerciales del municipio a inicios de cada [&hellip;]\" \/>\n<meta property=\"og:url\" content=\"https:\/\/mont-roig.cat\/es\/actualitat\/noticies\/agenda-municipal-abril-2017\/\" \/>\n<meta property=\"og:site_name\" content=\"Ajuntament de Mont-roig del Camp\" \/>\n<meta property=\"article:published_time\" content=\"2017-04-07T12:15:52+00:00\" \/>\n<meta property=\"article:modified_time\" content=\"2017-04-07T13:06:19+00:00\" \/>\n<meta property=\"og:image\" content=\"https:\/\/mont-roig.cat\/wp-content\/uploads\/AGENDA_ABRIL_2017_w-001.jpg\" \/>\n\t<meta property=\"og:image:width\" content=\"839\" \/>\n\t<meta property=\"og:image:height\" content=\"1191\" \/>\n\t<meta property=\"og:image:type\" content=\"image\/jpeg\" \/>\n<meta name=\"author\" content=\"administrador\" \/>\n<meta name=\"twitter:card\" content=\"summary_large_image\" \/>\n<meta name=\"twitter:label1\" content=\"Escrito por\" \/>\n\t<meta name=\"twitter:data1\" content=\"administrador\" \/>\n\t<meta name=\"twitter:label2\" content=\"Tiempo de lectura\" \/>\n\t<meta name=\"twitter:data2\" content=\"1 minuto\" \/>\n<script type=\"application\/ld+json\" class=\"yoast-schema-graph\">{\"@context\":\"https:\\\/\\\/schema.org\",\"@graph\":[{\"@type\":\"Article\",\"@id\":\"https:\\\/\\\/mont-roig.cat\\\/es\\\/actualitat\\\/noticies\\\/agenda-municipal-abril-2017\\\/#article\",\"isPartOf\":{\"@id\":\"https:\\\/\\\/mont-roig.cat\\\/es\\\/actualitat\\\/noticies\\\/agenda-municipal-abril-2017\\\/\"},\"author\":{\"name\":\"administrador\",\"@id\":\"https:\\\/\\\/mont-roig.cat\\\/es\\\/#\\\/schema\\\/person\\\/f2b111789f22b7d0c3bd6786c9128cba\"},\"headline\":\"Agenda municipal abril 2017\",\"datePublished\":\"2017-04-07T12:15:52+00:00\",\"dateModified\":\"2017-04-07T13:06:19+00:00\",\"mainEntityOfPage\":{\"@id\":\"https:\\\/\\\/mont-roig.cat\\\/es\\\/actualitat\\\/noticies\\\/agenda-municipal-abril-2017\\\/\"},\"wordCount\":134,\"image\":{\"@id\":\"https:\\\/\\\/mont-roig.cat\\\/es\\\/actualitat\\\/noticies\\\/agenda-municipal-abril-2017\\\/#primaryimage\"},\"thumbnailUrl\":\"https:\\\/\\\/mont-roig.cat\\\/wp-content\\\/uploads\\\/AGENDA_ABRIL_2017_w-001.jpg\",\"articleSection\":[\"Ayuntamiento\"],\"inLanguage\":\"es\"},{\"@type\":\"WebPage\",\"@id\":\"https:\\\/\\\/mont-roig.cat\\\/es\\\/actualitat\\\/noticies\\\/agenda-municipal-abril-2017\\\/\",\"url\":\"https:\\\/\\\/mont-roig.cat\\\/es\\\/actualitat\\\/noticies\\\/agenda-municipal-abril-2017\\\/\",\"name\":\"Agenda municipal abril 2017 - Ajuntament de Mont-roig del Camp\",\"isPartOf\":{\"@id\":\"https:\\\/\\\/mont-roig.cat\\\/es\\\/#website\"},\"primaryImageOfPage\":{\"@id\":\"https:\\\/\\\/mont-roig.cat\\\/es\\\/actualitat\\\/noticies\\\/agenda-municipal-abril-2017\\\/#primaryimage\"},\"image\":{\"@id\":\"https:\\\/\\\/mont-roig.cat\\\/es\\\/actualitat\\\/noticies\\\/agenda-municipal-abril-2017\\\/#primaryimage\"},\"thumbnailUrl\":\"https:\\\/\\\/mont-roig.cat\\\/wp-content\\\/uploads\\\/AGENDA_ABRIL_2017_w-001.jpg\",\"datePublished\":\"2017-04-07T12:15:52+00:00\",\"dateModified\":\"2017-04-07T13:06:19+00:00\",\"author\":{\"@id\":\"https:\\\/\\\/mont-roig.cat\\\/es\\\/#\\\/schema\\\/person\\\/f2b111789f22b7d0c3bd6786c9128cba\"},\"breadcrumb\":{\"@id\":\"https:\\\/\\\/mont-roig.cat\\\/es\\\/actualitat\\\/noticies\\\/agenda-municipal-abril-2017\\\/#breadcrumb\"},\"inLanguage\":\"es\",\"potentialAction\":[{\"@type\":\"ReadAction\",\"target\":[\"https:\\\/\\\/mont-roig.cat\\\/es\\\/actualitat\\\/noticies\\\/agenda-municipal-abril-2017\\\/\"]}]},{\"@type\":\"ImageObject\",\"inLanguage\":\"es\",\"@id\":\"https:\\\/\\\/mont-roig.cat\\\/es\\\/actualitat\\\/noticies\\\/agenda-municipal-abril-2017\\\/#primaryimage\",\"url\":\"https:\\\/\\\/mont-roig.cat\\\/wp-content\\\/uploads\\\/AGENDA_ABRIL_2017_w-001.jpg\",\"contentUrl\":\"https:\\\/\\\/mont-roig.cat\\\/wp-content\\\/uploads\\\/AGENDA_ABRIL_2017_w-001.jpg\",\"width\":839,\"height\":1191},{\"@type\":\"BreadcrumbList\",\"@id\":\"https:\\\/\\\/mont-roig.cat\\\/es\\\/actualitat\\\/noticies\\\/agenda-municipal-abril-2017\\\/#breadcrumb\",\"itemListElement\":[{\"@type\":\"ListItem\",\"position\":1,\"name\":\"Inici\",\"item\":\"https:\\\/\\\/mont-roig.cat\\\/es\\\/pagina-de-inicio\\\/\"},{\"@type\":\"ListItem\",\"position\":2,\"name\":\"Agenda municipal abril 2017\"}]},{\"@type\":\"WebSite\",\"@id\":\"https:\\\/\\\/mont-roig.cat\\\/es\\\/#website\",\"url\":\"https:\\\/\\\/mont-roig.cat\\\/es\\\/\",\"name\":\"Ajuntament de Mont-roig del Camp\",\"description\":\"Tota la informaci\u00f3 sobre la instituci\u00f3, els seus \u00f2rgans de govern, actualitat, serveis i molt m\u00e9s.\",\"potentialAction\":[{\"@type\":\"SearchAction\",\"target\":{\"@type\":\"EntryPoint\",\"urlTemplate\":\"https:\\\/\\\/mont-roig.cat\\\/es\\\/?s={search_term_string}\"},\"query-input\":{\"@type\":\"PropertyValueSpecification\",\"valueRequired\":true,\"valueName\":\"search_term_string\"}}],\"inLanguage\":\"es\"},{\"@type\":\"Person\",\"@id\":\"https:\\\/\\\/mont-roig.cat\\\/es\\\/#\\\/schema\\\/person\\\/f2b111789f22b7d0c3bd6786c9128cba\",\"name\":\"administrador\",\"image\":{\"@type\":\"ImageObject\",\"inLanguage\":\"es\",\"@id\":\"https:\\\/\\\/secure.gravatar.com\\\/avatar\\\/9137aac6891e2595c9d3036fd83bcb653b4db3c946db4c7d9b9be193c3c944bb?s=96&d=mm&r=g\",\"url\":\"https:\\\/\\\/secure.gravatar.com\\\/avatar\\\/9137aac6891e2595c9d3036fd83bcb653b4db3c946db4c7d9b9be193c3c944bb?s=96&d=mm&r=g\",\"contentUrl\":\"https:\\\/\\\/secure.gravatar.com\\\/avatar\\\/9137aac6891e2595c9d3036fd83bcb653b4db3c946db4c7d9b9be193c3c944bb?s=96&d=mm&r=g\",\"caption\":\"administrador\"},\"url\":\"https:\\\/\\\/mont-roig.cat\\\/es\\\/actualitat\\\/noticies\\\/author\\\/administrador\\\/\"}]}<\/script>\n<!-- \/ Yoast SEO plugin. -->","yoast_head_json":{"title":"Agenda municipal abril 2017 - Ajuntament de Mont-roig del Camp","robots":{"index":"index","follow":"follow","max-snippet":"max-snippet:-1","max-image-preview":"max-image-preview:large","max-video-preview":"max-video-preview:-1"},"canonical":"https:\/\/mont-roig.cat\/es\/actualitat\/noticies\/agenda-municipal-abril-2017\/","og_locale":"es_ES","og_type":"article","og_title":"Agenda municipal abril 2017 - Ajuntament de Mont-roig del Camp","og_description":"A trav\u00e9s de este enlace puede consultar la agenda del mes de abril del Ayuntamiento de Mont-roig del Camp. Se recogen las principales actividades que organizan los diversos departamentos y concejal\u00edas del consistorio. La agenda en formato flyer la encontrar\u00e1 en los equipamientos municipales y en los establecimientos comerciales del municipio a inicios de cada [&hellip;]","og_url":"https:\/\/mont-roig.cat\/es\/actualitat\/noticies\/agenda-municipal-abril-2017\/","og_site_name":"Ajuntament de Mont-roig del Camp","article_published_time":"2017-04-07T12:15:52+00:00","article_modified_time":"2017-04-07T13:06:19+00:00","og_image":[{"width":839,"height":1191,"url":"https:\/\/mont-roig.cat\/wp-content\/uploads\/AGENDA_ABRIL_2017_w-001.jpg","type":"image\/jpeg"}],"author":"administrador","twitter_card":"summary_large_image","twitter_misc":{"Escrito por":"administrador","Tiempo de lectura":"1 minuto"},"schema":{"@context":"https:\/\/schema.org","@graph":[{"@type":"Article","@id":"https:\/\/mont-roig.cat\/es\/actualitat\/noticies\/agenda-municipal-abril-2017\/#article","isPartOf":{"@id":"https:\/\/mont-roig.cat\/es\/actualitat\/noticies\/agenda-municipal-abril-2017\/"},"author":{"name":"administrador","@id":"https:\/\/mont-roig.cat\/es\/#\/schema\/person\/f2b111789f22b7d0c3bd6786c9128cba"},"headline":"Agenda municipal abril 2017","datePublished":"2017-04-07T12:15:52+00:00","dateModified":"2017-04-07T13:06:19+00:00","mainEntityOfPage":{"@id":"https:\/\/mont-roig.cat\/es\/actualitat\/noticies\/agenda-municipal-abril-2017\/"},"wordCount":134,"image":{"@id":"https:\/\/mont-roig.cat\/es\/actualitat\/noticies\/agenda-municipal-abril-2017\/#primaryimage"},"thumbnailUrl":"https:\/\/mont-roig.cat\/wp-content\/uploads\/AGENDA_ABRIL_2017_w-001.jpg","articleSection":["Ayuntamiento"],"inLanguage":"es"},{"@type":"WebPage","@id":"https:\/\/mont-roig.cat\/es\/actualitat\/noticies\/agenda-municipal-abril-2017\/","url":"https:\/\/mont-roig.cat\/es\/actualitat\/noticies\/agenda-municipal-abril-2017\/","name":"Agenda municipal abril 2017 - Ajuntament de Mont-roig del Camp","isPartOf":{"@id":"https:\/\/mont-roig.cat\/es\/#website"},"primaryImageOfPage":{"@id":"https:\/\/mont-roig.cat\/es\/actualitat\/noticies\/agenda-municipal-abril-2017\/#primaryimage"},"image":{"@id":"https:\/\/mont-roig.cat\/es\/actualitat\/noticies\/agenda-municipal-abril-2017\/#primaryimage"},"thumbnailUrl":"https:\/\/mont-roig.cat\/wp-content\/uploads\/AGENDA_ABRIL_2017_w-001.jpg","datePublished":"2017-04-07T12:15:52+00:00","dateModified":"2017-04-07T13:06:19+00:00","author":{"@id":"https:\/\/mont-roig.cat\/es\/#\/schema\/person\/f2b111789f22b7d0c3bd6786c9128cba"},"breadcrumb":{"@id":"https:\/\/mont-roig.cat\/es\/actualitat\/noticies\/agenda-municipal-abril-2017\/#breadcrumb"},"inLanguage":"es","potentialAction":[{"@type":"ReadAction","target":["https:\/\/mont-roig.cat\/es\/actualitat\/noticies\/agenda-municipal-abril-2017\/"]}]},{"@type":"ImageObject","inLanguage":"es","@id":"https:\/\/mont-roig.cat\/es\/actualitat\/noticies\/agenda-municipal-abril-2017\/#primaryimage","url":"https:\/\/mont-roig.cat\/wp-content\/uploads\/AGENDA_ABRIL_2017_w-001.jpg","contentUrl":"https:\/\/mont-roig.cat\/wp-content\/uploads\/AGENDA_ABRIL_2017_w-001.jpg","width":839,"height":1191},{"@type":"BreadcrumbList","@id":"https:\/\/mont-roig.cat\/es\/actualitat\/noticies\/agenda-municipal-abril-2017\/#breadcrumb","itemListElement":[{"@type":"ListItem","position":1,"name":"Inici","item":"https:\/\/mont-roig.cat\/es\/pagina-de-inicio\/"},{"@type":"ListItem","position":2,"name":"Agenda municipal abril 2017"}]},{"@type":"WebSite","@id":"https:\/\/mont-roig.cat\/es\/#website","url":"https:\/\/mont-roig.cat\/es\/","name":"Ajuntament de Mont-roig del Camp","description":"Tota la informaci\u00f3 sobre la instituci\u00f3, els seus \u00f2rgans de govern, actualitat, serveis i molt m\u00e9s.","potentialAction":[{"@type":"SearchAction","target":{"@type":"EntryPoint","urlTemplate":"https:\/\/mont-roig.cat\/es\/?s={search_term_string}"},"query-input":{"@type":"PropertyValueSpecification","valueRequired":true,"valueName":"search_term_string"}}],"inLanguage":"es"},{"@type":"Person","@id":"https:\/\/mont-roig.cat\/es\/#\/schema\/person\/f2b111789f22b7d0c3bd6786c9128cba","name":"administrador","image":{"@type":"ImageObject","inLanguage":"es","@id":"https:\/\/secure.gravatar.com\/avatar\/9137aac6891e2595c9d3036fd83bcb653b4db3c946db4c7d9b9be193c3c944bb?s=96&d=mm&r=g","url":"https:\/\/secure.gravatar.com\/avatar\/9137aac6891e2595c9d3036fd83bcb653b4db3c946db4c7d9b9be193c3c944bb?s=96&d=mm&r=g","contentUrl":"https:\/\/secure.gravatar.com\/avatar\/9137aac6891e2595c9d3036fd83bcb653b4db3c946db4c7d9b9be193c3c944bb?s=96&d=mm&r=g","caption":"administrador"},"url":"https:\/\/mont-roig.cat\/es\/actualitat\/noticies\/author\/administrador\/"}]}},"_links":{"self":[{"href":"https:\/\/mont-roig.cat\/es\/wp-json\/wp\/v2\/posts\/16296","targetHints":{"allow":["GET"]}}],"collection":[{"href":"https:\/\/mont-roig.cat\/es\/wp-json\/wp\/v2\/posts"}],"about":[{"href":"https:\/\/mont-roig.cat\/es\/wp-json\/wp\/v2\/types\/post"}],"author":[{"embeddable":true,"href":"https:\/\/mont-roig.cat\/es\/wp-json\/wp\/v2\/users\/4"}],"replies":[{"embeddable":true,"href":"https:\/\/mont-roig.cat\/es\/wp-json\/wp\/v2\/comments?post=16296"}],"version-history":[{"count":0,"href":"https:\/\/mont-roig.cat\/es\/wp-json\/wp\/v2\/posts\/16296\/revisions"}],"wp:featuredmedia":[{"embeddable":true,"href":"https:\/\/mont-roig.cat\/es\/wp-json\/wp\/v2\/media\/16293"}],"wp:attachment":[{"href":"https:\/\/mont-roig.cat\/es\/wp-json\/wp\/v2\/media?parent=16296"}],"wp:term":[{"taxonomy":"category","embeddable":true,"href":"https:\/\/mont-roig.cat\/es\/wp-json\/wp\/v2\/categories?post=16296"},{"taxonomy":"post_tag","embeddable":true,"href":"https:\/\/mont-roig.cat\/es\/wp-json\/wp\/v2\/tags?post=16296"}],"curies":[{"name":"wp","href":"https:\/\/api.w.org\/{rel}","templated":true}]}}