{"id":16350,"date":"2017-04-11T13:21:26","date_gmt":"2017-04-11T11:21:26","guid":{"rendered":"http:\/\/mont-roig.cat\/actualitat\/noticies\/se-esperan-mas-de-600-participantes-en-la-m3-media-maraton-de-miami-platja\/"},"modified":"2017-04-11T14:22:34","modified_gmt":"2017-04-11T12:22:34","slug":"se-esperan-mas-de-600-participantes-en-la-m3-media-maraton-de-miami-platja","status":"publish","type":"post","link":"https:\/\/mont-roig.cat\/es\/actualitat\/noticies\/se-esperan-mas-de-600-participantes-en-la-m3-media-maraton-de-miami-platja\/","title":{"rendered":"Se esperan m\u00e1s de 600 participantes en la M3 Media Marat\u00f3n de Miami Platja"},"content":{"rendered":"<ul>\n<li style=\"text-align: justify;\">\n<div id=\"attachment_16345\" style=\"width: 399px\" class=\"wp-caption alignright\"><a href=\"http:\/\/mont-roig.cat\/wp-content\/uploads\/Rdp-Presentaci\u00f3-Mitja-Marat\u00f3-Miami-Platja.jpg\"><img loading=\"lazy\" decoding=\"async\" aria-describedby=\"caption-attachment-16345\" class=\"wp-image-16345\" src=\"http:\/\/mont-roig.cat\/wp-content\/uploads\/Rdp-Presentaci\u00f3-Mitja-Marat\u00f3-Miami-Platja-500x375.jpg\" alt=\"\" width=\"389\" height=\"292\" srcset=\"https:\/\/mont-roig.cat\/wp-content\/uploads\/Rdp-Presentaci\u00f3-Mitja-Marat\u00f3-Miami-Platja-500x375.jpg 500w, https:\/\/mont-roig.cat\/wp-content\/uploads\/Rdp-Presentaci\u00f3-Mitja-Marat\u00f3-Miami-Platja-768x576.jpg 768w, https:\/\/mont-roig.cat\/wp-content\/uploads\/Rdp-Presentaci\u00f3-Mitja-Marat\u00f3-Miami-Platja-1024x768.jpg 1024w, https:\/\/mont-roig.cat\/wp-content\/uploads\/Rdp-Presentaci\u00f3-Mitja-Marat\u00f3-Miami-Platja-463x348.jpg 463w\" sizes=\"auto, (max-width: 389px) 100vw, 389px\" \/><\/a><p id=\"caption-attachment-16345\" class=\"wp-caption-text\">Presentaci\u00f3n de la M3 Mitja Marat\u00f3 de Miami Platja a los medios de comunicaci\u00f3n<\/p><\/div>\n<p><strong>El evento se celebrar\u00e1 el s\u00e1bado 15 de abril y contar\u00e1 con tres recorridos diferentes, 21k, 10k y 5k, dirigidos a todo tipo de deportistas. Tambi\u00e9n habr\u00e1 carreras infantiles<\/strong><\/li>\n<li style=\"text-align: justify;\"><strong>Este a\u00f1o se repartir\u00e1n camisetas t\u00e9cnicas a las primeras 500 personas que se inscriban<\/strong><\/li>\n<\/ul>\n<p style=\"text-align: justify;\">El Ayuntamiento de Mont-roig del Camp organiza, por segundo a\u00f1o consecutivo, la M3 Media Marat\u00f3n de Miami Platja, que tendr\u00e1 lugar este s\u00e1bado 15 de abril. &#8220;El objetivo es que el evento se convierta en un referente durante la Semana Santa en la Costa Daurada&#8221;, seg\u00fan ha afirmado\u00a0el Alcalde, Fran Morancho, en la presentaci\u00f3n de la carrera a\u00a0los medios de comunicaci\u00f3n que se ha celebrado este ma\u00f1ana.<\/p>\n<p style=\"text-align: justify;\">Una de las principales novedades de esta edici\u00f3n es la entrega de una camiseta t\u00e9cnica para las primeras 500 personas que se inscriban en\u00a0la competici\u00f3n. Hasta ahora hay m\u00e1s de 300 aficionados apuntados y se espera que en los \u00faltimos d\u00edas la cifra aumente con la llegada de turistas y personas que se inscriben en el \u00faltimo momento. En total, se espera que esta segunda convocatoria re\u00fana 600 deportistas. Cabe recordar que la primera M3 Media Marat\u00f3n de Miami Platja cont\u00f3 con 450 runners y con m\u00e1s de 100 ni\u00f1os y ni\u00f1as en las carreras infantiles.<\/p>\n<p style=\"text-align: justify;\"><strong>Recorridos para todos los niveles<a href=\"http:\/\/mont-roig.cat\/wp-content\/uploads\/Cartell-Mitja-Marat\u00f3.jpg\"><img loading=\"lazy\" decoding=\"async\" class=\" wp-image-16346 alignright\" src=\"http:\/\/mont-roig.cat\/wp-content\/uploads\/Cartell-Mitja-Marat\u00f3-355x500.jpg\" alt=\"\" width=\"310\" height=\"437\" srcset=\"https:\/\/mont-roig.cat\/wp-content\/uploads\/Cartell-Mitja-Marat\u00f3-355x500.jpg 355w, https:\/\/mont-roig.cat\/wp-content\/uploads\/Cartell-Mitja-Marat\u00f3-768x1082.jpg 768w, https:\/\/mont-roig.cat\/wp-content\/uploads\/Cartell-Mitja-Marat\u00f3-727x1024.jpg 727w, https:\/\/mont-roig.cat\/wp-content\/uploads\/Cartell-Mitja-Marat\u00f3.jpg 1778w\" sizes=\"auto, (max-width: 310px) 100vw, 310px\" \/><\/a><\/strong><\/p>\n<p style=\"text-align: justify;\">La actividad contar\u00e1 con distancias para todos los aficionados al running. As\u00ed, habr\u00e1 un recorrido de 21k, otro de 10k y tambi\u00e9n uno de 5k. A estas carreras se a\u00f1adir\u00e1n las pruebas infantiles en las que pueden participar ni\u00f1os hasta los 13 a\u00f1os. En este caso, la actividad no ser\u00e1 competitiva y, por tanto, todos los participantes recibir\u00e1n una medalla al terminar y avituallamiento en\u00a0la l\u00ednea de meta.<\/p>\n<p style=\"text-align: justify;\">La salida de las carreras est\u00e1 prevista sobre las 9 horas, excepto la de 5 k que se har\u00e1 a las 9.10 horas. Sin embargo, a partir de las 7.30 horas, los corredores ya podr\u00e1n pasar a recoger los dorsales en el polideportivo de Miami Platja. Paralelamente, la jornada se complementar\u00e1 con una sesi\u00f3n de animaci\u00f3n y zumba, que se iniciar\u00e1 a las 8.40 horas y que servir\u00e1 para calentar motores. Tambi\u00e9n habr\u00e1 m\u00fasica y Dj&#8217;s que amenizar\u00e1n el circuito. Adem\u00e1s, otra de las novedades de esta edici\u00f3n es que habr\u00e1 servicio de guarder\u00eda ludoteca en el polideportivo para que los padres y madres puedan participar en las carreras.<\/p>\n<p style=\"text-align: justify;\"><strong>Con vistas al mar<\/strong><\/p>\n<p style=\"text-align: justify;\">El recorrido es \u00edntegramente de asfalto y transcurre por las calas de Miami Platja y por las principales calles del n\u00facleo urbano. Con este circuito los participantes podr\u00e1n disfrutar del deporte, del ocio y del paisaje. El Alcalde ha a\u00f1adido que &#8220;se trata de un acontecimiento importante para proponer una actividad m\u00e1s a la gente que viene estos d\u00edas y para dar a conocer el nombre de Miami Platja&#8221;.<\/p>\n<p style=\"text-align: justify;\">Las inscripciones estar\u00e1n abiertas hasta el viernes 14 de abril a trav\u00e9s de la web <a href=\"http:\/\/www.miamiplatja21k.com\" target=\"_blank\">www.miamiplatja21k.com<\/a> y, hasta el jueves 13 de abril, tambi\u00e9n se podr\u00e1n hacer presencialmente en el Decathlon de Vila-seca y en el polideportivo de Miami Platja. Las inscripciones para las carreras infantiles ser\u00e1n el mismo s\u00e1bado 15 de abril a las 10.30 horas.<\/p>\n","protected":false},"excerpt":{"rendered":"<p>El evento se celebrar\u00e1 el s\u00e1bado 15 de abril y contar\u00e1 con tres recorridos diferentes, 21k, 10k y 5k, dirigidos a todo tipo de deportistas. Tambi\u00e9n habr\u00e1 carreras infantiles Este a\u00f1o se repartir\u00e1n camisetas t\u00e9cnicas a las primeras 500 personas que se inscriban El Ayuntamiento de Mont-roig del Camp organiza, por segundo a\u00f1o consecutivo, la [&hellip;]<\/p>\n","protected":false},"author":4,"featured_media":16345,"comment_status":"closed","ping_status":"closed","sticky":false,"template":"","format":"standard","meta":{"inline_featured_image":false,"_monsterinsights_skip_tracking":false,"_monsterinsights_sitenote_active":false,"_monsterinsights_sitenote_note":"","_monsterinsights_sitenote_category":0,"footnotes":""},"categories":[98,104],"tags":[],"class_list":["post-16350","post","type-post","status-publish","format-standard","has-post-thumbnail","hentry","category-ayuntamiento","category-deportes"],"yoast_head":"<!-- This site is optimized with the Yoast SEO plugin v27.4 - https:\/\/yoast.com\/product\/yoast-seo-wordpress\/ -->\n<title>Se esperan m\u00e1s de 600 participantes en la M3 Media Marat\u00f3n de Miami Platja - Ajuntament de Mont-roig del Camp<\/title>\n<meta name=\"robots\" content=\"index, follow, max-snippet:-1, max-image-preview:large, max-video-preview:-1\" \/>\n<link rel=\"canonical\" href=\"https:\/\/mont-roig.cat\/es\/actualitat\/noticies\/se-esperan-mas-de-600-participantes-en-la-m3-media-maraton-de-miami-platja\/\" \/>\n<meta property=\"og:locale\" content=\"es_ES\" \/>\n<meta property=\"og:type\" content=\"article\" \/>\n<meta property=\"og:title\" content=\"Se esperan m\u00e1s de 600 participantes en la M3 Media Marat\u00f3n de Miami Platja - Ajuntament de Mont-roig del Camp\" \/>\n<meta property=\"og:description\" content=\"El evento se celebrar\u00e1 el s\u00e1bado 15 de abril y contar\u00e1 con tres recorridos diferentes, 21k, 10k y 5k, dirigidos a todo tipo de deportistas. Tambi\u00e9n habr\u00e1 carreras infantiles Este a\u00f1o se repartir\u00e1n camisetas t\u00e9cnicas a las primeras 500 personas que se inscriban El Ayuntamiento de Mont-roig del Camp organiza, por segundo a\u00f1o consecutivo, la [&hellip;]\" \/>\n<meta property=\"og:url\" content=\"https:\/\/mont-roig.cat\/es\/actualitat\/noticies\/se-esperan-mas-de-600-participantes-en-la-m3-media-maraton-de-miami-platja\/\" \/>\n<meta property=\"og:site_name\" content=\"Ajuntament de Mont-roig del Camp\" \/>\n<meta property=\"article:published_time\" content=\"2017-04-11T11:21:26+00:00\" \/>\n<meta property=\"article:modified_time\" content=\"2017-04-11T12:22:34+00:00\" \/>\n<meta property=\"og:image\" content=\"https:\/\/mont-roig.cat\/wp-content\/uploads\/Rdp-Presentaci\u00f3-Mitja-Marat\u00f3-Miami-Platja.jpg\" \/>\n\t<meta property=\"og:image:width\" content=\"3264\" \/>\n\t<meta property=\"og:image:height\" content=\"2448\" \/>\n\t<meta property=\"og:image:type\" content=\"image\/jpeg\" \/>\n<meta name=\"author\" content=\"administrador\" \/>\n<meta name=\"twitter:card\" content=\"summary_large_image\" \/>\n<meta name=\"twitter:label1\" content=\"Escrito por\" \/>\n\t<meta name=\"twitter:data1\" content=\"administrador\" \/>\n\t<meta name=\"twitter:label2\" content=\"Tiempo de lectura\" \/>\n\t<meta name=\"twitter:data2\" content=\"3 minutos\" \/>\n<script type=\"application\/ld+json\" class=\"yoast-schema-graph\">{\"@context\":\"https:\\\/\\\/schema.org\",\"@graph\":[{\"@type\":\"Article\",\"@id\":\"https:\\\/\\\/mont-roig.cat\\\/es\\\/actualitat\\\/noticies\\\/se-esperan-mas-de-600-participantes-en-la-m3-media-maraton-de-miami-platja\\\/#article\",\"isPartOf\":{\"@id\":\"https:\\\/\\\/mont-roig.cat\\\/es\\\/actualitat\\\/noticies\\\/se-esperan-mas-de-600-participantes-en-la-m3-media-maraton-de-miami-platja\\\/\"},\"author\":{\"name\":\"administrador\",\"@id\":\"https:\\\/\\\/mont-roig.cat\\\/es\\\/#\\\/schema\\\/person\\\/f2b111789f22b7d0c3bd6786c9128cba\"},\"headline\":\"Se esperan m\u00e1s de 600 participantes en la M3 Media Marat\u00f3n de Miami Platja\",\"datePublished\":\"2017-04-11T11:21:26+00:00\",\"dateModified\":\"2017-04-11T12:22:34+00:00\",\"mainEntityOfPage\":{\"@id\":\"https:\\\/\\\/mont-roig.cat\\\/es\\\/actualitat\\\/noticies\\\/se-esperan-mas-de-600-participantes-en-la-m3-media-maraton-de-miami-platja\\\/\"},\"wordCount\":594,\"image\":{\"@id\":\"https:\\\/\\\/mont-roig.cat\\\/es\\\/actualitat\\\/noticies\\\/se-esperan-mas-de-600-participantes-en-la-m3-media-maraton-de-miami-platja\\\/#primaryimage\"},\"thumbnailUrl\":\"https:\\\/\\\/mont-roig.cat\\\/wp-content\\\/uploads\\\/Rdp-Presentaci\u00f3-Mitja-Marat\u00f3-Miami-Platja.jpg\",\"articleSection\":[\"Ayuntamiento\",\"Deportes\"],\"inLanguage\":\"es\"},{\"@type\":\"WebPage\",\"@id\":\"https:\\\/\\\/mont-roig.cat\\\/es\\\/actualitat\\\/noticies\\\/se-esperan-mas-de-600-participantes-en-la-m3-media-maraton-de-miami-platja\\\/\",\"url\":\"https:\\\/\\\/mont-roig.cat\\\/es\\\/actualitat\\\/noticies\\\/se-esperan-mas-de-600-participantes-en-la-m3-media-maraton-de-miami-platja\\\/\",\"name\":\"Se esperan m\u00e1s de 600 participantes en la M3 Media Marat\u00f3n de Miami Platja - Ajuntament de Mont-roig del Camp\",\"isPartOf\":{\"@id\":\"https:\\\/\\\/mont-roig.cat\\\/es\\\/#website\"},\"primaryImageOfPage\":{\"@id\":\"https:\\\/\\\/mont-roig.cat\\\/es\\\/actualitat\\\/noticies\\\/se-esperan-mas-de-600-participantes-en-la-m3-media-maraton-de-miami-platja\\\/#primaryimage\"},\"image\":{\"@id\":\"https:\\\/\\\/mont-roig.cat\\\/es\\\/actualitat\\\/noticies\\\/se-esperan-mas-de-600-participantes-en-la-m3-media-maraton-de-miami-platja\\\/#primaryimage\"},\"thumbnailUrl\":\"https:\\\/\\\/mont-roig.cat\\\/wp-content\\\/uploads\\\/Rdp-Presentaci\u00f3-Mitja-Marat\u00f3-Miami-Platja.jpg\",\"datePublished\":\"2017-04-11T11:21:26+00:00\",\"dateModified\":\"2017-04-11T12:22:34+00:00\",\"author\":{\"@id\":\"https:\\\/\\\/mont-roig.cat\\\/es\\\/#\\\/schema\\\/person\\\/f2b111789f22b7d0c3bd6786c9128cba\"},\"breadcrumb\":{\"@id\":\"https:\\\/\\\/mont-roig.cat\\\/es\\\/actualitat\\\/noticies\\\/se-esperan-mas-de-600-participantes-en-la-m3-media-maraton-de-miami-platja\\\/#breadcrumb\"},\"inLanguage\":\"es\",\"potentialAction\":[{\"@type\":\"ReadAction\",\"target\":[\"https:\\\/\\\/mont-roig.cat\\\/es\\\/actualitat\\\/noticies\\\/se-esperan-mas-de-600-participantes-en-la-m3-media-maraton-de-miami-platja\\\/\"]}]},{\"@type\":\"ImageObject\",\"inLanguage\":\"es\",\"@id\":\"https:\\\/\\\/mont-roig.cat\\\/es\\\/actualitat\\\/noticies\\\/se-esperan-mas-de-600-participantes-en-la-m3-media-maraton-de-miami-platja\\\/#primaryimage\",\"url\":\"https:\\\/\\\/mont-roig.cat\\\/wp-content\\\/uploads\\\/Rdp-Presentaci\u00f3-Mitja-Marat\u00f3-Miami-Platja.jpg\",\"contentUrl\":\"https:\\\/\\\/mont-roig.cat\\\/wp-content\\\/uploads\\\/Rdp-Presentaci\u00f3-Mitja-Marat\u00f3-Miami-Platja.jpg\",\"width\":3264,\"height\":2448},{\"@type\":\"BreadcrumbList\",\"@id\":\"https:\\\/\\\/mont-roig.cat\\\/es\\\/actualitat\\\/noticies\\\/se-esperan-mas-de-600-participantes-en-la-m3-media-maraton-de-miami-platja\\\/#breadcrumb\",\"itemListElement\":[{\"@type\":\"ListItem\",\"position\":1,\"name\":\"Inici\",\"item\":\"https:\\\/\\\/mont-roig.cat\\\/es\\\/pagina-de-inicio\\\/\"},{\"@type\":\"ListItem\",\"position\":2,\"name\":\"Se esperan m\u00e1s de 600 participantes en la M3 Media Marat\u00f3n de Miami Platja\"}]},{\"@type\":\"WebSite\",\"@id\":\"https:\\\/\\\/mont-roig.cat\\\/es\\\/#website\",\"url\":\"https:\\\/\\\/mont-roig.cat\\\/es\\\/\",\"name\":\"Ajuntament de Mont-roig del Camp\",\"description\":\"Tota la informaci\u00f3 sobre la instituci\u00f3, els seus \u00f2rgans de govern, actualitat, serveis i molt m\u00e9s.\",\"potentialAction\":[{\"@type\":\"SearchAction\",\"target\":{\"@type\":\"EntryPoint\",\"urlTemplate\":\"https:\\\/\\\/mont-roig.cat\\\/es\\\/?s={search_term_string}\"},\"query-input\":{\"@type\":\"PropertyValueSpecification\",\"valueRequired\":true,\"valueName\":\"search_term_string\"}}],\"inLanguage\":\"es\"},{\"@type\":\"Person\",\"@id\":\"https:\\\/\\\/mont-roig.cat\\\/es\\\/#\\\/schema\\\/person\\\/f2b111789f22b7d0c3bd6786c9128cba\",\"name\":\"administrador\",\"image\":{\"@type\":\"ImageObject\",\"inLanguage\":\"es\",\"@id\":\"https:\\\/\\\/secure.gravatar.com\\\/avatar\\\/9137aac6891e2595c9d3036fd83bcb653b4db3c946db4c7d9b9be193c3c944bb?s=96&d=mm&r=g\",\"url\":\"https:\\\/\\\/secure.gravatar.com\\\/avatar\\\/9137aac6891e2595c9d3036fd83bcb653b4db3c946db4c7d9b9be193c3c944bb?s=96&d=mm&r=g\",\"contentUrl\":\"https:\\\/\\\/secure.gravatar.com\\\/avatar\\\/9137aac6891e2595c9d3036fd83bcb653b4db3c946db4c7d9b9be193c3c944bb?s=96&d=mm&r=g\",\"caption\":\"administrador\"},\"url\":\"https:\\\/\\\/mont-roig.cat\\\/es\\\/actualitat\\\/noticies\\\/author\\\/administrador\\\/\"}]}<\/script>\n<!-- \/ Yoast SEO plugin. -->","yoast_head_json":{"title":"Se esperan m\u00e1s de 600 participantes en la M3 Media Marat\u00f3n de Miami Platja - Ajuntament de Mont-roig del Camp","robots":{"index":"index","follow":"follow","max-snippet":"max-snippet:-1","max-image-preview":"max-image-preview:large","max-video-preview":"max-video-preview:-1"},"canonical":"https:\/\/mont-roig.cat\/es\/actualitat\/noticies\/se-esperan-mas-de-600-participantes-en-la-m3-media-maraton-de-miami-platja\/","og_locale":"es_ES","og_type":"article","og_title":"Se esperan m\u00e1s de 600 participantes en la M3 Media Marat\u00f3n de Miami Platja - Ajuntament de Mont-roig del Camp","og_description":"El evento se celebrar\u00e1 el s\u00e1bado 15 de abril y contar\u00e1 con tres recorridos diferentes, 21k, 10k y 5k, dirigidos a todo tipo de deportistas. Tambi\u00e9n habr\u00e1 carreras infantiles Este a\u00f1o se repartir\u00e1n camisetas t\u00e9cnicas a las primeras 500 personas que se inscriban El Ayuntamiento de Mont-roig del Camp organiza, por segundo a\u00f1o consecutivo, la [&hellip;]","og_url":"https:\/\/mont-roig.cat\/es\/actualitat\/noticies\/se-esperan-mas-de-600-participantes-en-la-m3-media-maraton-de-miami-platja\/","og_site_name":"Ajuntament de Mont-roig del Camp","article_published_time":"2017-04-11T11:21:26+00:00","article_modified_time":"2017-04-11T12:22:34+00:00","og_image":[{"width":3264,"height":2448,"url":"https:\/\/mont-roig.cat\/wp-content\/uploads\/Rdp-Presentaci\u00f3-Mitja-Marat\u00f3-Miami-Platja.jpg","type":"image\/jpeg"}],"author":"administrador","twitter_card":"summary_large_image","twitter_misc":{"Escrito por":"administrador","Tiempo de lectura":"3 minutos"},"schema":{"@context":"https:\/\/schema.org","@graph":[{"@type":"Article","@id":"https:\/\/mont-roig.cat\/es\/actualitat\/noticies\/se-esperan-mas-de-600-participantes-en-la-m3-media-maraton-de-miami-platja\/#article","isPartOf":{"@id":"https:\/\/mont-roig.cat\/es\/actualitat\/noticies\/se-esperan-mas-de-600-participantes-en-la-m3-media-maraton-de-miami-platja\/"},"author":{"name":"administrador","@id":"https:\/\/mont-roig.cat\/es\/#\/schema\/person\/f2b111789f22b7d0c3bd6786c9128cba"},"headline":"Se esperan m\u00e1s de 600 participantes en la M3 Media Marat\u00f3n de Miami Platja","datePublished":"2017-04-11T11:21:26+00:00","dateModified":"2017-04-11T12:22:34+00:00","mainEntityOfPage":{"@id":"https:\/\/mont-roig.cat\/es\/actualitat\/noticies\/se-esperan-mas-de-600-participantes-en-la-m3-media-maraton-de-miami-platja\/"},"wordCount":594,"image":{"@id":"https:\/\/mont-roig.cat\/es\/actualitat\/noticies\/se-esperan-mas-de-600-participantes-en-la-m3-media-maraton-de-miami-platja\/#primaryimage"},"thumbnailUrl":"https:\/\/mont-roig.cat\/wp-content\/uploads\/Rdp-Presentaci\u00f3-Mitja-Marat\u00f3-Miami-Platja.jpg","articleSection":["Ayuntamiento","Deportes"],"inLanguage":"es"},{"@type":"WebPage","@id":"https:\/\/mont-roig.cat\/es\/actualitat\/noticies\/se-esperan-mas-de-600-participantes-en-la-m3-media-maraton-de-miami-platja\/","url":"https:\/\/mont-roig.cat\/es\/actualitat\/noticies\/se-esperan-mas-de-600-participantes-en-la-m3-media-maraton-de-miami-platja\/","name":"Se esperan m\u00e1s de 600 participantes en la M3 Media Marat\u00f3n de Miami Platja - Ajuntament de Mont-roig del Camp","isPartOf":{"@id":"https:\/\/mont-roig.cat\/es\/#website"},"primaryImageOfPage":{"@id":"https:\/\/mont-roig.cat\/es\/actualitat\/noticies\/se-esperan-mas-de-600-participantes-en-la-m3-media-maraton-de-miami-platja\/#primaryimage"},"image":{"@id":"https:\/\/mont-roig.cat\/es\/actualitat\/noticies\/se-esperan-mas-de-600-participantes-en-la-m3-media-maraton-de-miami-platja\/#primaryimage"},"thumbnailUrl":"https:\/\/mont-roig.cat\/wp-content\/uploads\/Rdp-Presentaci\u00f3-Mitja-Marat\u00f3-Miami-Platja.jpg","datePublished":"2017-04-11T11:21:26+00:00","dateModified":"2017-04-11T12:22:34+00:00","author":{"@id":"https:\/\/mont-roig.cat\/es\/#\/schema\/person\/f2b111789f22b7d0c3bd6786c9128cba"},"breadcrumb":{"@id":"https:\/\/mont-roig.cat\/es\/actualitat\/noticies\/se-esperan-mas-de-600-participantes-en-la-m3-media-maraton-de-miami-platja\/#breadcrumb"},"inLanguage":"es","potentialAction":[{"@type":"ReadAction","target":["https:\/\/mont-roig.cat\/es\/actualitat\/noticies\/se-esperan-mas-de-600-participantes-en-la-m3-media-maraton-de-miami-platja\/"]}]},{"@type":"ImageObject","inLanguage":"es","@id":"https:\/\/mont-roig.cat\/es\/actualitat\/noticies\/se-esperan-mas-de-600-participantes-en-la-m3-media-maraton-de-miami-platja\/#primaryimage","url":"https:\/\/mont-roig.cat\/wp-content\/uploads\/Rdp-Presentaci\u00f3-Mitja-Marat\u00f3-Miami-Platja.jpg","contentUrl":"https:\/\/mont-roig.cat\/wp-content\/uploads\/Rdp-Presentaci\u00f3-Mitja-Marat\u00f3-Miami-Platja.jpg","width":3264,"height":2448},{"@type":"BreadcrumbList","@id":"https:\/\/mont-roig.cat\/es\/actualitat\/noticies\/se-esperan-mas-de-600-participantes-en-la-m3-media-maraton-de-miami-platja\/#breadcrumb","itemListElement":[{"@type":"ListItem","position":1,"name":"Inici","item":"https:\/\/mont-roig.cat\/es\/pagina-de-inicio\/"},{"@type":"ListItem","position":2,"name":"Se esperan m\u00e1s de 600 participantes en la M3 Media Marat\u00f3n de Miami Platja"}]},{"@type":"WebSite","@id":"https:\/\/mont-roig.cat\/es\/#website","url":"https:\/\/mont-roig.cat\/es\/","name":"Ajuntament de Mont-roig del Camp","description":"Tota la informaci\u00f3 sobre la instituci\u00f3, els seus \u00f2rgans de govern, actualitat, serveis i molt m\u00e9s.","potentialAction":[{"@type":"SearchAction","target":{"@type":"EntryPoint","urlTemplate":"https:\/\/mont-roig.cat\/es\/?s={search_term_string}"},"query-input":{"@type":"PropertyValueSpecification","valueRequired":true,"valueName":"search_term_string"}}],"inLanguage":"es"},{"@type":"Person","@id":"https:\/\/mont-roig.cat\/es\/#\/schema\/person\/f2b111789f22b7d0c3bd6786c9128cba","name":"administrador","image":{"@type":"ImageObject","inLanguage":"es","@id":"https:\/\/secure.gravatar.com\/avatar\/9137aac6891e2595c9d3036fd83bcb653b4db3c946db4c7d9b9be193c3c944bb?s=96&d=mm&r=g","url":"https:\/\/secure.gravatar.com\/avatar\/9137aac6891e2595c9d3036fd83bcb653b4db3c946db4c7d9b9be193c3c944bb?s=96&d=mm&r=g","contentUrl":"https:\/\/secure.gravatar.com\/avatar\/9137aac6891e2595c9d3036fd83bcb653b4db3c946db4c7d9b9be193c3c944bb?s=96&d=mm&r=g","caption":"administrador"},"url":"https:\/\/mont-roig.cat\/es\/actualitat\/noticies\/author\/administrador\/"}]}},"_links":{"self":[{"href":"https:\/\/mont-roig.cat\/es\/wp-json\/wp\/v2\/posts\/16350","targetHints":{"allow":["GET"]}}],"collection":[{"href":"https:\/\/mont-roig.cat\/es\/wp-json\/wp\/v2\/posts"}],"about":[{"href":"https:\/\/mont-roig.cat\/es\/wp-json\/wp\/v2\/types\/post"}],"author":[{"embeddable":true,"href":"https:\/\/mont-roig.cat\/es\/wp-json\/wp\/v2\/users\/4"}],"replies":[{"embeddable":true,"href":"https:\/\/mont-roig.cat\/es\/wp-json\/wp\/v2\/comments?post=16350"}],"version-history":[{"count":0,"href":"https:\/\/mont-roig.cat\/es\/wp-json\/wp\/v2\/posts\/16350\/revisions"}],"wp:featuredmedia":[{"embeddable":true,"href":"https:\/\/mont-roig.cat\/es\/wp-json\/wp\/v2\/media\/16345"}],"wp:attachment":[{"href":"https:\/\/mont-roig.cat\/es\/wp-json\/wp\/v2\/media?parent=16350"}],"wp:term":[{"taxonomy":"category","embeddable":true,"href":"https:\/\/mont-roig.cat\/es\/wp-json\/wp\/v2\/categories?post=16350"},{"taxonomy":"post_tag","embeddable":true,"href":"https:\/\/mont-roig.cat\/es\/wp-json\/wp\/v2\/tags?post=16350"}],"curies":[{"name":"wp","href":"https:\/\/api.w.org\/{rel}","templated":true}]}}