{"id":16428,"date":"2017-04-19T09:10:54","date_gmt":"2017-04-19T07:10:54","guid":{"rendered":"http:\/\/mont-roig.cat\/actualitat\/noticies\/se-senalizan-las-principales-plazas-de-miami-platja\/"},"modified":"2017-04-19T09:13:54","modified_gmt":"2017-04-19T07:13:54","slug":"se-senalizan-las-principales-plazas-de-miami-platja","status":"publish","type":"post","link":"https:\/\/mont-roig.cat\/es\/actualitat\/noticies\/se-senalizan-las-principales-plazas-de-miami-platja\/","title":{"rendered":"Se se\u00f1alizan las principales plazas de Miami Platja"},"content":{"rendered":"<div id=\"attachment_16426\" style=\"width: 261px\" class=\"wp-caption alignright\"><a href=\"http:\/\/mont-roig.cat\/wp-content\/uploads\/Senyalitzaci\u00f3-places-Miami-Platja.jpg\"><img loading=\"lazy\" decoding=\"async\" aria-describedby=\"caption-attachment-16426\" class=\"wp-image-16426\" src=\"http:\/\/mont-roig.cat\/wp-content\/uploads\/Senyalitzaci\u00f3-places-Miami-Platja-375x500.jpg\" alt=\"\" width=\"251\" height=\"335\" srcset=\"https:\/\/mont-roig.cat\/wp-content\/uploads\/Senyalitzaci\u00f3-places-Miami-Platja-375x500.jpg 375w, https:\/\/mont-roig.cat\/wp-content\/uploads\/Senyalitzaci\u00f3-places-Miami-Platja.jpg 480w\" sizes=\"auto, (max-width: 251px) 100vw, 251px\" \/><\/a><p id=\"caption-attachment-16426\" class=\"wp-caption-text\">Tareas de se\u00f1alizaci\u00f3n de las plazas de Miami Platja<\/p><\/div>\n<p>El Ayuntamiento de Mont-roig del Camp ha continuado con las tareas de se\u00f1alizaci\u00f3n de algunas de las principales plazas del n\u00facleo de Miami Platja. Los trabajos han consistido en la instalaci\u00f3n de placas y\u00a0postes de soporte a una docena de plazas as\u00ed como alguna calle que todav\u00eda faltaba para se\u00f1alizar.<\/p>\n<p>Plazas destacadas de la zona como la plaza Tarragona, la del Cincuentenario o Ja\u00e9n ya disponen de su placa identificativa. Solucionar las deficiencias de se\u00f1alizaci\u00f3n era una de las prioridades de la concejal\u00eda de Movilidad, que, con esta actuaci\u00f3n, da por pr\u00e1cticamente finalizada la se\u00f1alizaci\u00f3n de calles y plazas de Miami Platja.<\/p>\n","protected":false},"excerpt":{"rendered":"<p>El Ayuntamiento de Mont-roig del Camp ha continuado con las tareas de se\u00f1alizaci\u00f3n de algunas de las principales plazas del n\u00facleo de Miami Platja. Los trabajos han consistido en la instalaci\u00f3n de placas y\u00a0postes de soporte a una docena de plazas as\u00ed como alguna calle que todav\u00eda faltaba para se\u00f1alizar. Plazas destacadas de la zona [&hellip;]<\/p>\n","protected":false},"author":4,"featured_media":16426,"comment_status":"closed","ping_status":"closed","sticky":false,"template":"","format":"standard","meta":{"inline_featured_image":false,"_monsterinsights_skip_tracking":false,"_monsterinsights_sitenote_active":false,"_monsterinsights_sitenote_note":"","_monsterinsights_sitenote_category":0,"footnotes":""},"categories":[108],"tags":[],"class_list":["post-16428","post","type-post","status-publish","format-standard","has-post-thumbnail","hentry","category-movilidad-y-transporte"],"yoast_head":"<!-- This site is optimized with the Yoast SEO plugin v27.4 - https:\/\/yoast.com\/product\/yoast-seo-wordpress\/ -->\n<title>Se se\u00f1alizan las principales plazas de Miami Platja - Ajuntament de Mont-roig del Camp<\/title>\n<meta name=\"robots\" content=\"index, follow, max-snippet:-1, max-image-preview:large, max-video-preview:-1\" \/>\n<link rel=\"canonical\" href=\"https:\/\/mont-roig.cat\/es\/actualitat\/noticies\/se-senalizan-las-principales-plazas-de-miami-platja\/\" \/>\n<meta property=\"og:locale\" content=\"es_ES\" \/>\n<meta property=\"og:type\" content=\"article\" \/>\n<meta property=\"og:title\" content=\"Se se\u00f1alizan las principales plazas de Miami Platja - Ajuntament de Mont-roig del Camp\" \/>\n<meta property=\"og:description\" content=\"El Ayuntamiento de Mont-roig del Camp ha continuado con las tareas de se\u00f1alizaci\u00f3n de algunas de las principales plazas del n\u00facleo de Miami Platja. Los trabajos han consistido en la instalaci\u00f3n de placas y\u00a0postes de soporte a una docena de plazas as\u00ed como alguna calle que todav\u00eda faltaba para se\u00f1alizar. Plazas destacadas de la zona [&hellip;]\" \/>\n<meta property=\"og:url\" content=\"https:\/\/mont-roig.cat\/es\/actualitat\/noticies\/se-senalizan-las-principales-plazas-de-miami-platja\/\" \/>\n<meta property=\"og:site_name\" content=\"Ajuntament de Mont-roig del Camp\" \/>\n<meta property=\"article:published_time\" content=\"2017-04-19T07:10:54+00:00\" \/>\n<meta property=\"article:modified_time\" content=\"2017-04-19T07:13:54+00:00\" \/>\n<meta property=\"og:image\" content=\"https:\/\/mont-roig.cat\/wp-content\/uploads\/Senyalitzaci\u00f3-places-Miami-Platja.jpg\" \/>\n\t<meta property=\"og:image:width\" content=\"480\" \/>\n\t<meta property=\"og:image:height\" content=\"640\" \/>\n\t<meta property=\"og:image:type\" content=\"image\/jpeg\" \/>\n<meta name=\"author\" content=\"administrador\" \/>\n<meta name=\"twitter:card\" content=\"summary_large_image\" \/>\n<meta name=\"twitter:label1\" content=\"Escrito por\" \/>\n\t<meta name=\"twitter:data1\" content=\"administrador\" \/>\n\t<meta name=\"twitter:label2\" content=\"Tiempo de lectura\" \/>\n\t<meta name=\"twitter:data2\" content=\"1 minuto\" \/>\n<script type=\"application\/ld+json\" class=\"yoast-schema-graph\">{\"@context\":\"https:\\\/\\\/schema.org\",\"@graph\":[{\"@type\":\"Article\",\"@id\":\"https:\\\/\\\/mont-roig.cat\\\/es\\\/actualitat\\\/noticies\\\/se-senalizan-las-principales-plazas-de-miami-platja\\\/#article\",\"isPartOf\":{\"@id\":\"https:\\\/\\\/mont-roig.cat\\\/es\\\/actualitat\\\/noticies\\\/se-senalizan-las-principales-plazas-de-miami-platja\\\/\"},\"author\":{\"name\":\"administrador\",\"@id\":\"https:\\\/\\\/mont-roig.cat\\\/es\\\/#\\\/schema\\\/person\\\/f2b111789f22b7d0c3bd6786c9128cba\"},\"headline\":\"Se se\u00f1alizan las principales plazas de Miami Platja\",\"datePublished\":\"2017-04-19T07:10:54+00:00\",\"dateModified\":\"2017-04-19T07:13:54+00:00\",\"mainEntityOfPage\":{\"@id\":\"https:\\\/\\\/mont-roig.cat\\\/es\\\/actualitat\\\/noticies\\\/se-senalizan-las-principales-plazas-de-miami-platja\\\/\"},\"wordCount\":144,\"image\":{\"@id\":\"https:\\\/\\\/mont-roig.cat\\\/es\\\/actualitat\\\/noticies\\\/se-senalizan-las-principales-plazas-de-miami-platja\\\/#primaryimage\"},\"thumbnailUrl\":\"https:\\\/\\\/mont-roig.cat\\\/wp-content\\\/uploads\\\/Senyalitzaci\u00f3-places-Miami-Platja.jpg\",\"articleSection\":[\"Movilidad y transporte\"],\"inLanguage\":\"es\"},{\"@type\":\"WebPage\",\"@id\":\"https:\\\/\\\/mont-roig.cat\\\/es\\\/actualitat\\\/noticies\\\/se-senalizan-las-principales-plazas-de-miami-platja\\\/\",\"url\":\"https:\\\/\\\/mont-roig.cat\\\/es\\\/actualitat\\\/noticies\\\/se-senalizan-las-principales-plazas-de-miami-platja\\\/\",\"name\":\"Se se\u00f1alizan las principales plazas de Miami Platja - Ajuntament de Mont-roig del Camp\",\"isPartOf\":{\"@id\":\"https:\\\/\\\/mont-roig.cat\\\/es\\\/#website\"},\"primaryImageOfPage\":{\"@id\":\"https:\\\/\\\/mont-roig.cat\\\/es\\\/actualitat\\\/noticies\\\/se-senalizan-las-principales-plazas-de-miami-platja\\\/#primaryimage\"},\"image\":{\"@id\":\"https:\\\/\\\/mont-roig.cat\\\/es\\\/actualitat\\\/noticies\\\/se-senalizan-las-principales-plazas-de-miami-platja\\\/#primaryimage\"},\"thumbnailUrl\":\"https:\\\/\\\/mont-roig.cat\\\/wp-content\\\/uploads\\\/Senyalitzaci\u00f3-places-Miami-Platja.jpg\",\"datePublished\":\"2017-04-19T07:10:54+00:00\",\"dateModified\":\"2017-04-19T07:13:54+00:00\",\"author\":{\"@id\":\"https:\\\/\\\/mont-roig.cat\\\/es\\\/#\\\/schema\\\/person\\\/f2b111789f22b7d0c3bd6786c9128cba\"},\"breadcrumb\":{\"@id\":\"https:\\\/\\\/mont-roig.cat\\\/es\\\/actualitat\\\/noticies\\\/se-senalizan-las-principales-plazas-de-miami-platja\\\/#breadcrumb\"},\"inLanguage\":\"es\",\"potentialAction\":[{\"@type\":\"ReadAction\",\"target\":[\"https:\\\/\\\/mont-roig.cat\\\/es\\\/actualitat\\\/noticies\\\/se-senalizan-las-principales-plazas-de-miami-platja\\\/\"]}]},{\"@type\":\"ImageObject\",\"inLanguage\":\"es\",\"@id\":\"https:\\\/\\\/mont-roig.cat\\\/es\\\/actualitat\\\/noticies\\\/se-senalizan-las-principales-plazas-de-miami-platja\\\/#primaryimage\",\"url\":\"https:\\\/\\\/mont-roig.cat\\\/wp-content\\\/uploads\\\/Senyalitzaci\u00f3-places-Miami-Platja.jpg\",\"contentUrl\":\"https:\\\/\\\/mont-roig.cat\\\/wp-content\\\/uploads\\\/Senyalitzaci\u00f3-places-Miami-Platja.jpg\",\"width\":480,\"height\":640},{\"@type\":\"BreadcrumbList\",\"@id\":\"https:\\\/\\\/mont-roig.cat\\\/es\\\/actualitat\\\/noticies\\\/se-senalizan-las-principales-plazas-de-miami-platja\\\/#breadcrumb\",\"itemListElement\":[{\"@type\":\"ListItem\",\"position\":1,\"name\":\"Inici\",\"item\":\"https:\\\/\\\/mont-roig.cat\\\/es\\\/pagina-de-inicio\\\/\"},{\"@type\":\"ListItem\",\"position\":2,\"name\":\"Se se\u00f1alizan las principales plazas de Miami Platja\"}]},{\"@type\":\"WebSite\",\"@id\":\"https:\\\/\\\/mont-roig.cat\\\/es\\\/#website\",\"url\":\"https:\\\/\\\/mont-roig.cat\\\/es\\\/\",\"name\":\"Ajuntament de Mont-roig del Camp\",\"description\":\"Tota la informaci\u00f3 sobre la instituci\u00f3, els seus \u00f2rgans de govern, actualitat, serveis i molt m\u00e9s.\",\"potentialAction\":[{\"@type\":\"SearchAction\",\"target\":{\"@type\":\"EntryPoint\",\"urlTemplate\":\"https:\\\/\\\/mont-roig.cat\\\/es\\\/?s={search_term_string}\"},\"query-input\":{\"@type\":\"PropertyValueSpecification\",\"valueRequired\":true,\"valueName\":\"search_term_string\"}}],\"inLanguage\":\"es\"},{\"@type\":\"Person\",\"@id\":\"https:\\\/\\\/mont-roig.cat\\\/es\\\/#\\\/schema\\\/person\\\/f2b111789f22b7d0c3bd6786c9128cba\",\"name\":\"administrador\",\"image\":{\"@type\":\"ImageObject\",\"inLanguage\":\"es\",\"@id\":\"https:\\\/\\\/secure.gravatar.com\\\/avatar\\\/9137aac6891e2595c9d3036fd83bcb653b4db3c946db4c7d9b9be193c3c944bb?s=96&d=mm&r=g\",\"url\":\"https:\\\/\\\/secure.gravatar.com\\\/avatar\\\/9137aac6891e2595c9d3036fd83bcb653b4db3c946db4c7d9b9be193c3c944bb?s=96&d=mm&r=g\",\"contentUrl\":\"https:\\\/\\\/secure.gravatar.com\\\/avatar\\\/9137aac6891e2595c9d3036fd83bcb653b4db3c946db4c7d9b9be193c3c944bb?s=96&d=mm&r=g\",\"caption\":\"administrador\"},\"url\":\"https:\\\/\\\/mont-roig.cat\\\/es\\\/actualitat\\\/noticies\\\/author\\\/administrador\\\/\"}]}<\/script>\n<!-- \/ Yoast SEO plugin. -->","yoast_head_json":{"title":"Se se\u00f1alizan las principales plazas de Miami Platja - Ajuntament de Mont-roig del Camp","robots":{"index":"index","follow":"follow","max-snippet":"max-snippet:-1","max-image-preview":"max-image-preview:large","max-video-preview":"max-video-preview:-1"},"canonical":"https:\/\/mont-roig.cat\/es\/actualitat\/noticies\/se-senalizan-las-principales-plazas-de-miami-platja\/","og_locale":"es_ES","og_type":"article","og_title":"Se se\u00f1alizan las principales plazas de Miami Platja - Ajuntament de Mont-roig del Camp","og_description":"El Ayuntamiento de Mont-roig del Camp ha continuado con las tareas de se\u00f1alizaci\u00f3n de algunas de las principales plazas del n\u00facleo de Miami Platja. Los trabajos han consistido en la instalaci\u00f3n de placas y\u00a0postes de soporte a una docena de plazas as\u00ed como alguna calle que todav\u00eda faltaba para se\u00f1alizar. Plazas destacadas de la zona [&hellip;]","og_url":"https:\/\/mont-roig.cat\/es\/actualitat\/noticies\/se-senalizan-las-principales-plazas-de-miami-platja\/","og_site_name":"Ajuntament de Mont-roig del Camp","article_published_time":"2017-04-19T07:10:54+00:00","article_modified_time":"2017-04-19T07:13:54+00:00","og_image":[{"width":480,"height":640,"url":"https:\/\/mont-roig.cat\/wp-content\/uploads\/Senyalitzaci\u00f3-places-Miami-Platja.jpg","type":"image\/jpeg"}],"author":"administrador","twitter_card":"summary_large_image","twitter_misc":{"Escrito por":"administrador","Tiempo de lectura":"1 minuto"},"schema":{"@context":"https:\/\/schema.org","@graph":[{"@type":"Article","@id":"https:\/\/mont-roig.cat\/es\/actualitat\/noticies\/se-senalizan-las-principales-plazas-de-miami-platja\/#article","isPartOf":{"@id":"https:\/\/mont-roig.cat\/es\/actualitat\/noticies\/se-senalizan-las-principales-plazas-de-miami-platja\/"},"author":{"name":"administrador","@id":"https:\/\/mont-roig.cat\/es\/#\/schema\/person\/f2b111789f22b7d0c3bd6786c9128cba"},"headline":"Se se\u00f1alizan las principales plazas de Miami Platja","datePublished":"2017-04-19T07:10:54+00:00","dateModified":"2017-04-19T07:13:54+00:00","mainEntityOfPage":{"@id":"https:\/\/mont-roig.cat\/es\/actualitat\/noticies\/se-senalizan-las-principales-plazas-de-miami-platja\/"},"wordCount":144,"image":{"@id":"https:\/\/mont-roig.cat\/es\/actualitat\/noticies\/se-senalizan-las-principales-plazas-de-miami-platja\/#primaryimage"},"thumbnailUrl":"https:\/\/mont-roig.cat\/wp-content\/uploads\/Senyalitzaci\u00f3-places-Miami-Platja.jpg","articleSection":["Movilidad y transporte"],"inLanguage":"es"},{"@type":"WebPage","@id":"https:\/\/mont-roig.cat\/es\/actualitat\/noticies\/se-senalizan-las-principales-plazas-de-miami-platja\/","url":"https:\/\/mont-roig.cat\/es\/actualitat\/noticies\/se-senalizan-las-principales-plazas-de-miami-platja\/","name":"Se se\u00f1alizan las principales plazas de Miami Platja - Ajuntament de Mont-roig del Camp","isPartOf":{"@id":"https:\/\/mont-roig.cat\/es\/#website"},"primaryImageOfPage":{"@id":"https:\/\/mont-roig.cat\/es\/actualitat\/noticies\/se-senalizan-las-principales-plazas-de-miami-platja\/#primaryimage"},"image":{"@id":"https:\/\/mont-roig.cat\/es\/actualitat\/noticies\/se-senalizan-las-principales-plazas-de-miami-platja\/#primaryimage"},"thumbnailUrl":"https:\/\/mont-roig.cat\/wp-content\/uploads\/Senyalitzaci\u00f3-places-Miami-Platja.jpg","datePublished":"2017-04-19T07:10:54+00:00","dateModified":"2017-04-19T07:13:54+00:00","author":{"@id":"https:\/\/mont-roig.cat\/es\/#\/schema\/person\/f2b111789f22b7d0c3bd6786c9128cba"},"breadcrumb":{"@id":"https:\/\/mont-roig.cat\/es\/actualitat\/noticies\/se-senalizan-las-principales-plazas-de-miami-platja\/#breadcrumb"},"inLanguage":"es","potentialAction":[{"@type":"ReadAction","target":["https:\/\/mont-roig.cat\/es\/actualitat\/noticies\/se-senalizan-las-principales-plazas-de-miami-platja\/"]}]},{"@type":"ImageObject","inLanguage":"es","@id":"https:\/\/mont-roig.cat\/es\/actualitat\/noticies\/se-senalizan-las-principales-plazas-de-miami-platja\/#primaryimage","url":"https:\/\/mont-roig.cat\/wp-content\/uploads\/Senyalitzaci\u00f3-places-Miami-Platja.jpg","contentUrl":"https:\/\/mont-roig.cat\/wp-content\/uploads\/Senyalitzaci\u00f3-places-Miami-Platja.jpg","width":480,"height":640},{"@type":"BreadcrumbList","@id":"https:\/\/mont-roig.cat\/es\/actualitat\/noticies\/se-senalizan-las-principales-plazas-de-miami-platja\/#breadcrumb","itemListElement":[{"@type":"ListItem","position":1,"name":"Inici","item":"https:\/\/mont-roig.cat\/es\/pagina-de-inicio\/"},{"@type":"ListItem","position":2,"name":"Se se\u00f1alizan las principales plazas de Miami Platja"}]},{"@type":"WebSite","@id":"https:\/\/mont-roig.cat\/es\/#website","url":"https:\/\/mont-roig.cat\/es\/","name":"Ajuntament de Mont-roig del Camp","description":"Tota la informaci\u00f3 sobre la instituci\u00f3, els seus \u00f2rgans de govern, actualitat, serveis i molt m\u00e9s.","potentialAction":[{"@type":"SearchAction","target":{"@type":"EntryPoint","urlTemplate":"https:\/\/mont-roig.cat\/es\/?s={search_term_string}"},"query-input":{"@type":"PropertyValueSpecification","valueRequired":true,"valueName":"search_term_string"}}],"inLanguage":"es"},{"@type":"Person","@id":"https:\/\/mont-roig.cat\/es\/#\/schema\/person\/f2b111789f22b7d0c3bd6786c9128cba","name":"administrador","image":{"@type":"ImageObject","inLanguage":"es","@id":"https:\/\/secure.gravatar.com\/avatar\/9137aac6891e2595c9d3036fd83bcb653b4db3c946db4c7d9b9be193c3c944bb?s=96&d=mm&r=g","url":"https:\/\/secure.gravatar.com\/avatar\/9137aac6891e2595c9d3036fd83bcb653b4db3c946db4c7d9b9be193c3c944bb?s=96&d=mm&r=g","contentUrl":"https:\/\/secure.gravatar.com\/avatar\/9137aac6891e2595c9d3036fd83bcb653b4db3c946db4c7d9b9be193c3c944bb?s=96&d=mm&r=g","caption":"administrador"},"url":"https:\/\/mont-roig.cat\/es\/actualitat\/noticies\/author\/administrador\/"}]}},"_links":{"self":[{"href":"https:\/\/mont-roig.cat\/es\/wp-json\/wp\/v2\/posts\/16428","targetHints":{"allow":["GET"]}}],"collection":[{"href":"https:\/\/mont-roig.cat\/es\/wp-json\/wp\/v2\/posts"}],"about":[{"href":"https:\/\/mont-roig.cat\/es\/wp-json\/wp\/v2\/types\/post"}],"author":[{"embeddable":true,"href":"https:\/\/mont-roig.cat\/es\/wp-json\/wp\/v2\/users\/4"}],"replies":[{"embeddable":true,"href":"https:\/\/mont-roig.cat\/es\/wp-json\/wp\/v2\/comments?post=16428"}],"version-history":[{"count":0,"href":"https:\/\/mont-roig.cat\/es\/wp-json\/wp\/v2\/posts\/16428\/revisions"}],"wp:featuredmedia":[{"embeddable":true,"href":"https:\/\/mont-roig.cat\/es\/wp-json\/wp\/v2\/media\/16426"}],"wp:attachment":[{"href":"https:\/\/mont-roig.cat\/es\/wp-json\/wp\/v2\/media?parent=16428"}],"wp:term":[{"taxonomy":"category","embeddable":true,"href":"https:\/\/mont-roig.cat\/es\/wp-json\/wp\/v2\/categories?post=16428"},{"taxonomy":"post_tag","embeddable":true,"href":"https:\/\/mont-roig.cat\/es\/wp-json\/wp\/v2\/tags?post=16428"}],"curies":[{"name":"wp","href":"https:\/\/api.w.org\/{rel}","templated":true}]}}