{"id":16612,"date":"2017-04-25T10:20:51","date_gmt":"2017-04-25T08:20:51","guid":{"rendered":"http:\/\/mont-roig.cat\/actualitat\/noticies\/entra-en-funcionamiento-lespai-el-nuevo-centro-de-trabajo-compartido-para-empresarios-y-emprendedores\/"},"modified":"2017-04-25T10:32:30","modified_gmt":"2017-04-25T08:32:30","slug":"entra-en-funcionamiento-lespai-el-nuevo-centro-de-trabajo-compartido-para-empresarios-y-emprendedores","status":"publish","type":"post","link":"https:\/\/mont-roig.cat\/es\/actualitat\/noticies\/entra-en-funcionamiento-lespai-el-nuevo-centro-de-trabajo-compartido-para-empresarios-y-emprendedores\/","title":{"rendered":"Entra en funcionamiento L&#8217;Espai, el nuevo centro de trabajo compartido para empresarios y emprendedores"},"content":{"rendered":"<ul>\n<li><strong>Para dar a conocer el centro, se organiza una jornada de puertas abiertas y una charla sobre Mindfullness, el pr\u00f3ximo jueves 27 de abril<\/strong><\/li>\n<li><strong>En este recinto tambi\u00e9n se ubica la Oficina de Impulso Econ\u00f3mico y Empleo con sus correspondientes servicios, como el Club de Trabajo y la Bolsa de Trabajo<\/strong><\/li>\n<\/ul>\n<div id=\"attachment_16607\" style=\"width: 310px\" class=\"wp-caption alignright\"><a href=\"http:\/\/mont-roig.cat\/wp-content\/uploads\/LEspai-centre-de-treball-compartit.jpg\"><img loading=\"lazy\" decoding=\"async\" aria-describedby=\"caption-attachment-16607\" class=\"wp-image-16607\" src=\"http:\/\/mont-roig.cat\/wp-content\/uploads\/LEspai-centre-de-treball-compartit-500x375.jpg\" alt=\"L'Espai, el nuevo centro de trabajo compartido\" width=\"300\" height=\"225\" srcset=\"https:\/\/mont-roig.cat\/wp-content\/uploads\/LEspai-centre-de-treball-compartit-500x375.jpg 500w, https:\/\/mont-roig.cat\/wp-content\/uploads\/LEspai-centre-de-treball-compartit-768x576.jpg 768w, https:\/\/mont-roig.cat\/wp-content\/uploads\/LEspai-centre-de-treball-compartit-1024x768.jpg 1024w, https:\/\/mont-roig.cat\/wp-content\/uploads\/LEspai-centre-de-treball-compartit-463x348.jpg 463w, https:\/\/mont-roig.cat\/wp-content\/uploads\/LEspai-centre-de-treball-compartit.jpg 1920w\" sizes=\"auto, (max-width: 300px) 100vw, 300px\" \/><\/a><p id=\"caption-attachment-16607\" class=\"wp-caption-text\">L&#8217;Espai, el nuevo centro de trabajo compartido<\/p><\/div>\n<p>El Ayuntamiento de Mont-roig del Camp, a trav\u00e9s de la concejal\u00eda de Impulso Econ\u00f3mico y Empleo, ha puesto en marcha L&#8217;Espai, un centro de trabajo compartido basado en el concepto del coworking. Se trata de una forma de trabajo que permite a profesionales de diferentes sectores compartir un mismo espacio f\u00edsico y virtual para llevar a cabo su trabajo.<\/p>\n<p>Para dar a conocer este nuevo servicio se ha organizado una jornada de puertas abiertas, que tendr\u00e1 lugar el pr\u00f3ximo jueves 27 de abril de 9h a 15h y de 17h a 21h. Para cerrar la jornada se ha organizado una charla gratuita sobre Mindfulness, una herramienta que permite trabajar la atenci\u00f3n y la conciencia plena mediante ejercicios que procuran el bienestar de la persona tanto en el \u00e1mbito laboral como personal. La charla se realizar\u00e1 a las 19h.<\/p>\n<p><strong>Creaci\u00f3n de sinergias empresariales<\/strong><\/p>\n<p>Esta oficina, abierta a todos, tiene el objetivo de dar las m\u00e1ximas facilidades a emprendedores y empresarios del municipio y del entorno para que puedan desarrollar sus proyectos. As\u00ed, aquellas personas que quieran trabajar en un ambiente agradable y de cooperaci\u00f3n podr\u00e1n acogerse a este servicio.<\/p>\n<p>El coworking, ubicado muy cerca de las Oficinas Municipales de Miami Platja, concretamente en la avenida de M\u00e1laga, 32, est\u00e1 pensado para facilitar la creaci\u00f3n de sinergias empresariales. Adem\u00e1s, es un espacio que favorece el acercamiento de la administraci\u00f3n al sector productivo de Mont-roig del Camp. As\u00ed, la concejala del \u00c1rea de Impulso Econ\u00f3mico, Yolanda P\u00e9rez, acompa\u00f1ada por los t\u00e9cnicos de este departamento, tendr\u00e1 su mesa de trabajo en este recinto. En este sentido, el proyecto contempla la integraci\u00f3n del Club de Trabajo y de los servicios de la Bolsa de Trabajo. Adem\u00e1s, se trata de un espacio equipado donde tendr\u00e1n lugar diferentes cursos de formaci\u00f3n, presentaciones y reuniones.<\/p>\n<p><strong>Servicios b\u00e1sicos para los usuarios<\/strong><\/p>\n<p>El centro de trabajo compartido ofrece las instalaciones y servicios como conexi\u00f3n a Internet, uso de PC&#8217;s comunitarios, cocina office, impresora, fotocopiadora, esc\u00e1ner y sala de reuniones, entre otros. Los coworkers podr\u00e1n acceder a L&#8217;Espai las 24 horas durante los 7 d\u00edas de la semana. Sin embargo, el horario de atenci\u00f3n al p\u00fablico es de lunes a viernes de 9 a 14 horas. El precio de alquiler del coworking es de 50 euros mensuales, 30 euros mensuales a media jornada y 10 euros un d\u00eda de 8 a 15 horas. Los interesados \u200b\u200bque se apunten podr\u00e1n beneficiarse de la oferta especial de un mes gratuito.<\/p>\n<p>Consulta el flyer para m\u00e1s informaci\u00f3n sobre los servicios que se ofrecen.<\/p>\n<ul>\n<li><a href=\"http:\/\/mont-roig.cat\/wp-content\/uploads\/Flyer-lESPAI.pdf\" target=\"_blank\" rel=\"noopener noreferrer\">Flyer l&#8217;ESPAI<\/a><\/li>\n<\/ul>\n<div id=\"attachment_16608\" style=\"width: 310px\" class=\"wp-caption alignleft\"><a href=\"http:\/\/mont-roig.cat\/wp-content\/uploads\/Oficina-d\u2019Impuls-Econ\u00f2mic-i-Ocupaci\u00f3.jpg\"><img loading=\"lazy\" decoding=\"async\" aria-describedby=\"caption-attachment-16608\" class=\"wp-image-16608\" src=\"http:\/\/mont-roig.cat\/wp-content\/uploads\/Oficina-d\u2019Impuls-Econ\u00f2mic-i-Ocupaci\u00f3-500x375.jpg\" alt=\"Oficinas de Impulso Econ\u00f3mico y Ocupaci\u00f3n\" width=\"300\" height=\"225\" srcset=\"https:\/\/mont-roig.cat\/wp-content\/uploads\/Oficina-d\u2019Impuls-Econ\u00f2mic-i-Ocupaci\u00f3-500x375.jpg 500w, https:\/\/mont-roig.cat\/wp-content\/uploads\/Oficina-d\u2019Impuls-Econ\u00f2mic-i-Ocupaci\u00f3-768x576.jpg 768w, https:\/\/mont-roig.cat\/wp-content\/uploads\/Oficina-d\u2019Impuls-Econ\u00f2mic-i-Ocupaci\u00f3-1024x768.jpg 1024w, https:\/\/mont-roig.cat\/wp-content\/uploads\/Oficina-d\u2019Impuls-Econ\u00f2mic-i-Ocupaci\u00f3-463x348.jpg 463w, https:\/\/mont-roig.cat\/wp-content\/uploads\/Oficina-d\u2019Impuls-Econ\u00f2mic-i-Ocupaci\u00f3.jpg 1920w\" sizes=\"auto, (max-width: 300px) 100vw, 300px\" \/><\/a><p id=\"caption-attachment-16608\" class=\"wp-caption-text\">Oficinas de Impulso Econ\u00f3mico y Ocupaci\u00f3n<\/p><\/div>\n<div id=\"attachment_16609\" style=\"width: 310px\" class=\"wp-caption alignleft\"><a href=\"http:\/\/mont-roig.cat\/wp-content\/uploads\/Sala-de-reunions.jpg\"><img loading=\"lazy\" decoding=\"async\" aria-describedby=\"caption-attachment-16609\" class=\"wp-image-16609\" src=\"http:\/\/mont-roig.cat\/wp-content\/uploads\/Sala-de-reunions-500x375.jpg\" alt=\"Sala de reuniones\" width=\"300\" height=\"225\" srcset=\"https:\/\/mont-roig.cat\/wp-content\/uploads\/Sala-de-reunions-500x375.jpg 500w, https:\/\/mont-roig.cat\/wp-content\/uploads\/Sala-de-reunions-768x576.jpg 768w, https:\/\/mont-roig.cat\/wp-content\/uploads\/Sala-de-reunions-1024x768.jpg 1024w, https:\/\/mont-roig.cat\/wp-content\/uploads\/Sala-de-reunions-463x348.jpg 463w, https:\/\/mont-roig.cat\/wp-content\/uploads\/Sala-de-reunions.jpg 1920w\" sizes=\"auto, (max-width: 300px) 100vw, 300px\" \/><\/a><p id=\"caption-attachment-16609\" class=\"wp-caption-text\">Sala de reuniones<\/p><\/div>\n","protected":false},"excerpt":{"rendered":"<p>Para dar a conocer el centro, se organiza una jornada de puertas abiertas y una charla sobre Mindfullness, el pr\u00f3ximo jueves 27 de abril En este recinto tambi\u00e9n se ubica la Oficina de Impulso Econ\u00f3mico y Empleo con sus correspondientes servicios, como el Club de Trabajo y la Bolsa de Trabajo El Ayuntamiento de Mont-roig [&hellip;]<\/p>\n","protected":false},"author":4,"featured_media":16607,"comment_status":"closed","ping_status":"closed","sticky":false,"template":"","format":"standard","meta":{"inline_featured_image":false,"_monsterinsights_skip_tracking":false,"_monsterinsights_sitenote_active":false,"_monsterinsights_sitenote_note":"","_monsterinsights_sitenote_category":0,"footnotes":""},"categories":[110],"tags":[],"class_list":["post-16612","post","type-post","status-publish","format-standard","has-post-thumbnail","hentry","category-promocion-economica"],"yoast_head":"<!-- This site is optimized with the Yoast SEO plugin v27.4 - https:\/\/yoast.com\/product\/yoast-seo-wordpress\/ -->\n<title>Entra en funcionamiento L&#039;Espai, el nuevo centro de trabajo compartido para empresarios y emprendedores - Ajuntament de Mont-roig del Camp<\/title>\n<meta name=\"robots\" content=\"index, follow, max-snippet:-1, max-image-preview:large, max-video-preview:-1\" \/>\n<link rel=\"canonical\" href=\"https:\/\/mont-roig.cat\/es\/actualitat\/noticies\/entra-en-funcionamiento-lespai-el-nuevo-centro-de-trabajo-compartido-para-empresarios-y-emprendedores\/\" \/>\n<meta property=\"og:locale\" content=\"es_ES\" \/>\n<meta property=\"og:type\" content=\"article\" \/>\n<meta property=\"og:title\" content=\"Entra en funcionamiento L&#039;Espai, el nuevo centro de trabajo compartido para empresarios y emprendedores - Ajuntament de Mont-roig del Camp\" \/>\n<meta property=\"og:description\" content=\"Para dar a conocer el centro, se organiza una jornada de puertas abiertas y una charla sobre Mindfullness, el pr\u00f3ximo jueves 27 de abril En este recinto tambi\u00e9n se ubica la Oficina de Impulso Econ\u00f3mico y Empleo con sus correspondientes servicios, como el Club de Trabajo y la Bolsa de Trabajo El Ayuntamiento de Mont-roig [&hellip;]\" \/>\n<meta property=\"og:url\" content=\"https:\/\/mont-roig.cat\/es\/actualitat\/noticies\/entra-en-funcionamiento-lespai-el-nuevo-centro-de-trabajo-compartido-para-empresarios-y-emprendedores\/\" \/>\n<meta property=\"og:site_name\" content=\"Ajuntament de Mont-roig del Camp\" \/>\n<meta property=\"article:published_time\" content=\"2017-04-25T08:20:51+00:00\" \/>\n<meta property=\"article:modified_time\" content=\"2017-04-25T08:32:30+00:00\" \/>\n<meta property=\"og:image\" content=\"https:\/\/mont-roig.cat\/wp-content\/uploads\/LEspai-centre-de-treball-compartit.jpg\" \/>\n\t<meta property=\"og:image:width\" content=\"1920\" \/>\n\t<meta property=\"og:image:height\" content=\"1440\" \/>\n\t<meta property=\"og:image:type\" content=\"image\/jpeg\" \/>\n<meta name=\"author\" content=\"administrador\" \/>\n<meta name=\"twitter:card\" content=\"summary_large_image\" \/>\n<meta name=\"twitter:label1\" content=\"Escrito por\" \/>\n\t<meta name=\"twitter:data1\" content=\"administrador\" \/>\n\t<meta name=\"twitter:label2\" content=\"Tiempo de lectura\" \/>\n\t<meta name=\"twitter:data2\" content=\"3 minutos\" \/>\n<script type=\"application\/ld+json\" class=\"yoast-schema-graph\">{\"@context\":\"https:\\\/\\\/schema.org\",\"@graph\":[{\"@type\":\"Article\",\"@id\":\"https:\\\/\\\/mont-roig.cat\\\/es\\\/actualitat\\\/noticies\\\/entra-en-funcionamiento-lespai-el-nuevo-centro-de-trabajo-compartido-para-empresarios-y-emprendedores\\\/#article\",\"isPartOf\":{\"@id\":\"https:\\\/\\\/mont-roig.cat\\\/es\\\/actualitat\\\/noticies\\\/entra-en-funcionamiento-lespai-el-nuevo-centro-de-trabajo-compartido-para-empresarios-y-emprendedores\\\/\"},\"author\":{\"name\":\"administrador\",\"@id\":\"https:\\\/\\\/mont-roig.cat\\\/es\\\/#\\\/schema\\\/person\\\/f2b111789f22b7d0c3bd6786c9128cba\"},\"headline\":\"Entra en funcionamiento L&#8217;Espai, el nuevo centro de trabajo compartido para empresarios y emprendedores\",\"datePublished\":\"2017-04-25T08:20:51+00:00\",\"dateModified\":\"2017-04-25T08:32:30+00:00\",\"mainEntityOfPage\":{\"@id\":\"https:\\\/\\\/mont-roig.cat\\\/es\\\/actualitat\\\/noticies\\\/entra-en-funcionamiento-lespai-el-nuevo-centro-de-trabajo-compartido-para-empresarios-y-emprendedores\\\/\"},\"wordCount\":551,\"image\":{\"@id\":\"https:\\\/\\\/mont-roig.cat\\\/es\\\/actualitat\\\/noticies\\\/entra-en-funcionamiento-lespai-el-nuevo-centro-de-trabajo-compartido-para-empresarios-y-emprendedores\\\/#primaryimage\"},\"thumbnailUrl\":\"https:\\\/\\\/mont-roig.cat\\\/wp-content\\\/uploads\\\/LEspai-centre-de-treball-compartit.jpg\",\"articleSection\":[\"Promoci\u00f3n econ\u00f3mica\"],\"inLanguage\":\"es\"},{\"@type\":\"WebPage\",\"@id\":\"https:\\\/\\\/mont-roig.cat\\\/es\\\/actualitat\\\/noticies\\\/entra-en-funcionamiento-lespai-el-nuevo-centro-de-trabajo-compartido-para-empresarios-y-emprendedores\\\/\",\"url\":\"https:\\\/\\\/mont-roig.cat\\\/es\\\/actualitat\\\/noticies\\\/entra-en-funcionamiento-lespai-el-nuevo-centro-de-trabajo-compartido-para-empresarios-y-emprendedores\\\/\",\"name\":\"Entra en funcionamiento L'Espai, el nuevo centro de trabajo compartido para empresarios y emprendedores - Ajuntament de Mont-roig del Camp\",\"isPartOf\":{\"@id\":\"https:\\\/\\\/mont-roig.cat\\\/es\\\/#website\"},\"primaryImageOfPage\":{\"@id\":\"https:\\\/\\\/mont-roig.cat\\\/es\\\/actualitat\\\/noticies\\\/entra-en-funcionamiento-lespai-el-nuevo-centro-de-trabajo-compartido-para-empresarios-y-emprendedores\\\/#primaryimage\"},\"image\":{\"@id\":\"https:\\\/\\\/mont-roig.cat\\\/es\\\/actualitat\\\/noticies\\\/entra-en-funcionamiento-lespai-el-nuevo-centro-de-trabajo-compartido-para-empresarios-y-emprendedores\\\/#primaryimage\"},\"thumbnailUrl\":\"https:\\\/\\\/mont-roig.cat\\\/wp-content\\\/uploads\\\/LEspai-centre-de-treball-compartit.jpg\",\"datePublished\":\"2017-04-25T08:20:51+00:00\",\"dateModified\":\"2017-04-25T08:32:30+00:00\",\"author\":{\"@id\":\"https:\\\/\\\/mont-roig.cat\\\/es\\\/#\\\/schema\\\/person\\\/f2b111789f22b7d0c3bd6786c9128cba\"},\"breadcrumb\":{\"@id\":\"https:\\\/\\\/mont-roig.cat\\\/es\\\/actualitat\\\/noticies\\\/entra-en-funcionamiento-lespai-el-nuevo-centro-de-trabajo-compartido-para-empresarios-y-emprendedores\\\/#breadcrumb\"},\"inLanguage\":\"es\",\"potentialAction\":[{\"@type\":\"ReadAction\",\"target\":[\"https:\\\/\\\/mont-roig.cat\\\/es\\\/actualitat\\\/noticies\\\/entra-en-funcionamiento-lespai-el-nuevo-centro-de-trabajo-compartido-para-empresarios-y-emprendedores\\\/\"]}]},{\"@type\":\"ImageObject\",\"inLanguage\":\"es\",\"@id\":\"https:\\\/\\\/mont-roig.cat\\\/es\\\/actualitat\\\/noticies\\\/entra-en-funcionamiento-lespai-el-nuevo-centro-de-trabajo-compartido-para-empresarios-y-emprendedores\\\/#primaryimage\",\"url\":\"https:\\\/\\\/mont-roig.cat\\\/wp-content\\\/uploads\\\/LEspai-centre-de-treball-compartit.jpg\",\"contentUrl\":\"https:\\\/\\\/mont-roig.cat\\\/wp-content\\\/uploads\\\/LEspai-centre-de-treball-compartit.jpg\",\"width\":1920,\"height\":1440},{\"@type\":\"BreadcrumbList\",\"@id\":\"https:\\\/\\\/mont-roig.cat\\\/es\\\/actualitat\\\/noticies\\\/entra-en-funcionamiento-lespai-el-nuevo-centro-de-trabajo-compartido-para-empresarios-y-emprendedores\\\/#breadcrumb\",\"itemListElement\":[{\"@type\":\"ListItem\",\"position\":1,\"name\":\"Inici\",\"item\":\"https:\\\/\\\/mont-roig.cat\\\/es\\\/pagina-de-inicio\\\/\"},{\"@type\":\"ListItem\",\"position\":2,\"name\":\"Entra en funcionamiento L&#8217;Espai, el nuevo centro de trabajo compartido para empresarios y emprendedores\"}]},{\"@type\":\"WebSite\",\"@id\":\"https:\\\/\\\/mont-roig.cat\\\/es\\\/#website\",\"url\":\"https:\\\/\\\/mont-roig.cat\\\/es\\\/\",\"name\":\"Ajuntament de Mont-roig del Camp\",\"description\":\"Tota la informaci\u00f3 sobre la instituci\u00f3, els seus \u00f2rgans de govern, actualitat, serveis i molt m\u00e9s.\",\"potentialAction\":[{\"@type\":\"SearchAction\",\"target\":{\"@type\":\"EntryPoint\",\"urlTemplate\":\"https:\\\/\\\/mont-roig.cat\\\/es\\\/?s={search_term_string}\"},\"query-input\":{\"@type\":\"PropertyValueSpecification\",\"valueRequired\":true,\"valueName\":\"search_term_string\"}}],\"inLanguage\":\"es\"},{\"@type\":\"Person\",\"@id\":\"https:\\\/\\\/mont-roig.cat\\\/es\\\/#\\\/schema\\\/person\\\/f2b111789f22b7d0c3bd6786c9128cba\",\"name\":\"administrador\",\"image\":{\"@type\":\"ImageObject\",\"inLanguage\":\"es\",\"@id\":\"https:\\\/\\\/secure.gravatar.com\\\/avatar\\\/9137aac6891e2595c9d3036fd83bcb653b4db3c946db4c7d9b9be193c3c944bb?s=96&d=mm&r=g\",\"url\":\"https:\\\/\\\/secure.gravatar.com\\\/avatar\\\/9137aac6891e2595c9d3036fd83bcb653b4db3c946db4c7d9b9be193c3c944bb?s=96&d=mm&r=g\",\"contentUrl\":\"https:\\\/\\\/secure.gravatar.com\\\/avatar\\\/9137aac6891e2595c9d3036fd83bcb653b4db3c946db4c7d9b9be193c3c944bb?s=96&d=mm&r=g\",\"caption\":\"administrador\"},\"url\":\"https:\\\/\\\/mont-roig.cat\\\/es\\\/actualitat\\\/noticies\\\/author\\\/administrador\\\/\"}]}<\/script>\n<!-- \/ Yoast SEO plugin. -->","yoast_head_json":{"title":"Entra en funcionamiento L'Espai, el nuevo centro de trabajo compartido para empresarios y emprendedores - Ajuntament de Mont-roig del Camp","robots":{"index":"index","follow":"follow","max-snippet":"max-snippet:-1","max-image-preview":"max-image-preview:large","max-video-preview":"max-video-preview:-1"},"canonical":"https:\/\/mont-roig.cat\/es\/actualitat\/noticies\/entra-en-funcionamiento-lespai-el-nuevo-centro-de-trabajo-compartido-para-empresarios-y-emprendedores\/","og_locale":"es_ES","og_type":"article","og_title":"Entra en funcionamiento L'Espai, el nuevo centro de trabajo compartido para empresarios y emprendedores - Ajuntament de Mont-roig del Camp","og_description":"Para dar a conocer el centro, se organiza una jornada de puertas abiertas y una charla sobre Mindfullness, el pr\u00f3ximo jueves 27 de abril En este recinto tambi\u00e9n se ubica la Oficina de Impulso Econ\u00f3mico y Empleo con sus correspondientes servicios, como el Club de Trabajo y la Bolsa de Trabajo El Ayuntamiento de Mont-roig [&hellip;]","og_url":"https:\/\/mont-roig.cat\/es\/actualitat\/noticies\/entra-en-funcionamiento-lespai-el-nuevo-centro-de-trabajo-compartido-para-empresarios-y-emprendedores\/","og_site_name":"Ajuntament de Mont-roig del Camp","article_published_time":"2017-04-25T08:20:51+00:00","article_modified_time":"2017-04-25T08:32:30+00:00","og_image":[{"width":1920,"height":1440,"url":"https:\/\/mont-roig.cat\/wp-content\/uploads\/LEspai-centre-de-treball-compartit.jpg","type":"image\/jpeg"}],"author":"administrador","twitter_card":"summary_large_image","twitter_misc":{"Escrito por":"administrador","Tiempo de lectura":"3 minutos"},"schema":{"@context":"https:\/\/schema.org","@graph":[{"@type":"Article","@id":"https:\/\/mont-roig.cat\/es\/actualitat\/noticies\/entra-en-funcionamiento-lespai-el-nuevo-centro-de-trabajo-compartido-para-empresarios-y-emprendedores\/#article","isPartOf":{"@id":"https:\/\/mont-roig.cat\/es\/actualitat\/noticies\/entra-en-funcionamiento-lespai-el-nuevo-centro-de-trabajo-compartido-para-empresarios-y-emprendedores\/"},"author":{"name":"administrador","@id":"https:\/\/mont-roig.cat\/es\/#\/schema\/person\/f2b111789f22b7d0c3bd6786c9128cba"},"headline":"Entra en funcionamiento L&#8217;Espai, el nuevo centro de trabajo compartido para empresarios y emprendedores","datePublished":"2017-04-25T08:20:51+00:00","dateModified":"2017-04-25T08:32:30+00:00","mainEntityOfPage":{"@id":"https:\/\/mont-roig.cat\/es\/actualitat\/noticies\/entra-en-funcionamiento-lespai-el-nuevo-centro-de-trabajo-compartido-para-empresarios-y-emprendedores\/"},"wordCount":551,"image":{"@id":"https:\/\/mont-roig.cat\/es\/actualitat\/noticies\/entra-en-funcionamiento-lespai-el-nuevo-centro-de-trabajo-compartido-para-empresarios-y-emprendedores\/#primaryimage"},"thumbnailUrl":"https:\/\/mont-roig.cat\/wp-content\/uploads\/LEspai-centre-de-treball-compartit.jpg","articleSection":["Promoci\u00f3n econ\u00f3mica"],"inLanguage":"es"},{"@type":"WebPage","@id":"https:\/\/mont-roig.cat\/es\/actualitat\/noticies\/entra-en-funcionamiento-lespai-el-nuevo-centro-de-trabajo-compartido-para-empresarios-y-emprendedores\/","url":"https:\/\/mont-roig.cat\/es\/actualitat\/noticies\/entra-en-funcionamiento-lespai-el-nuevo-centro-de-trabajo-compartido-para-empresarios-y-emprendedores\/","name":"Entra en funcionamiento L'Espai, el nuevo centro de trabajo compartido para empresarios y emprendedores - Ajuntament de Mont-roig del Camp","isPartOf":{"@id":"https:\/\/mont-roig.cat\/es\/#website"},"primaryImageOfPage":{"@id":"https:\/\/mont-roig.cat\/es\/actualitat\/noticies\/entra-en-funcionamiento-lespai-el-nuevo-centro-de-trabajo-compartido-para-empresarios-y-emprendedores\/#primaryimage"},"image":{"@id":"https:\/\/mont-roig.cat\/es\/actualitat\/noticies\/entra-en-funcionamiento-lespai-el-nuevo-centro-de-trabajo-compartido-para-empresarios-y-emprendedores\/#primaryimage"},"thumbnailUrl":"https:\/\/mont-roig.cat\/wp-content\/uploads\/LEspai-centre-de-treball-compartit.jpg","datePublished":"2017-04-25T08:20:51+00:00","dateModified":"2017-04-25T08:32:30+00:00","author":{"@id":"https:\/\/mont-roig.cat\/es\/#\/schema\/person\/f2b111789f22b7d0c3bd6786c9128cba"},"breadcrumb":{"@id":"https:\/\/mont-roig.cat\/es\/actualitat\/noticies\/entra-en-funcionamiento-lespai-el-nuevo-centro-de-trabajo-compartido-para-empresarios-y-emprendedores\/#breadcrumb"},"inLanguage":"es","potentialAction":[{"@type":"ReadAction","target":["https:\/\/mont-roig.cat\/es\/actualitat\/noticies\/entra-en-funcionamiento-lespai-el-nuevo-centro-de-trabajo-compartido-para-empresarios-y-emprendedores\/"]}]},{"@type":"ImageObject","inLanguage":"es","@id":"https:\/\/mont-roig.cat\/es\/actualitat\/noticies\/entra-en-funcionamiento-lespai-el-nuevo-centro-de-trabajo-compartido-para-empresarios-y-emprendedores\/#primaryimage","url":"https:\/\/mont-roig.cat\/wp-content\/uploads\/LEspai-centre-de-treball-compartit.jpg","contentUrl":"https:\/\/mont-roig.cat\/wp-content\/uploads\/LEspai-centre-de-treball-compartit.jpg","width":1920,"height":1440},{"@type":"BreadcrumbList","@id":"https:\/\/mont-roig.cat\/es\/actualitat\/noticies\/entra-en-funcionamiento-lespai-el-nuevo-centro-de-trabajo-compartido-para-empresarios-y-emprendedores\/#breadcrumb","itemListElement":[{"@type":"ListItem","position":1,"name":"Inici","item":"https:\/\/mont-roig.cat\/es\/pagina-de-inicio\/"},{"@type":"ListItem","position":2,"name":"Entra en funcionamiento L&#8217;Espai, el nuevo centro de trabajo compartido para empresarios y emprendedores"}]},{"@type":"WebSite","@id":"https:\/\/mont-roig.cat\/es\/#website","url":"https:\/\/mont-roig.cat\/es\/","name":"Ajuntament de Mont-roig del Camp","description":"Tota la informaci\u00f3 sobre la instituci\u00f3, els seus \u00f2rgans de govern, actualitat, serveis i molt m\u00e9s.","potentialAction":[{"@type":"SearchAction","target":{"@type":"EntryPoint","urlTemplate":"https:\/\/mont-roig.cat\/es\/?s={search_term_string}"},"query-input":{"@type":"PropertyValueSpecification","valueRequired":true,"valueName":"search_term_string"}}],"inLanguage":"es"},{"@type":"Person","@id":"https:\/\/mont-roig.cat\/es\/#\/schema\/person\/f2b111789f22b7d0c3bd6786c9128cba","name":"administrador","image":{"@type":"ImageObject","inLanguage":"es","@id":"https:\/\/secure.gravatar.com\/avatar\/9137aac6891e2595c9d3036fd83bcb653b4db3c946db4c7d9b9be193c3c944bb?s=96&d=mm&r=g","url":"https:\/\/secure.gravatar.com\/avatar\/9137aac6891e2595c9d3036fd83bcb653b4db3c946db4c7d9b9be193c3c944bb?s=96&d=mm&r=g","contentUrl":"https:\/\/secure.gravatar.com\/avatar\/9137aac6891e2595c9d3036fd83bcb653b4db3c946db4c7d9b9be193c3c944bb?s=96&d=mm&r=g","caption":"administrador"},"url":"https:\/\/mont-roig.cat\/es\/actualitat\/noticies\/author\/administrador\/"}]}},"_links":{"self":[{"href":"https:\/\/mont-roig.cat\/es\/wp-json\/wp\/v2\/posts\/16612","targetHints":{"allow":["GET"]}}],"collection":[{"href":"https:\/\/mont-roig.cat\/es\/wp-json\/wp\/v2\/posts"}],"about":[{"href":"https:\/\/mont-roig.cat\/es\/wp-json\/wp\/v2\/types\/post"}],"author":[{"embeddable":true,"href":"https:\/\/mont-roig.cat\/es\/wp-json\/wp\/v2\/users\/4"}],"replies":[{"embeddable":true,"href":"https:\/\/mont-roig.cat\/es\/wp-json\/wp\/v2\/comments?post=16612"}],"version-history":[{"count":0,"href":"https:\/\/mont-roig.cat\/es\/wp-json\/wp\/v2\/posts\/16612\/revisions"}],"wp:featuredmedia":[{"embeddable":true,"href":"https:\/\/mont-roig.cat\/es\/wp-json\/wp\/v2\/media\/16607"}],"wp:attachment":[{"href":"https:\/\/mont-roig.cat\/es\/wp-json\/wp\/v2\/media?parent=16612"}],"wp:term":[{"taxonomy":"category","embeddable":true,"href":"https:\/\/mont-roig.cat\/es\/wp-json\/wp\/v2\/categories?post=16612"},{"taxonomy":"post_tag","embeddable":true,"href":"https:\/\/mont-roig.cat\/es\/wp-json\/wp\/v2\/tags?post=16612"}],"curies":[{"name":"wp","href":"https:\/\/api.w.org\/{rel}","templated":true}]}}