{"id":16806,"date":"2017-05-04T13:18:09","date_gmt":"2017-05-04T11:18:09","guid":{"rendered":"http:\/\/mont-roig.cat\/actualitat\/noticies\/periodo-de-inscripciones-en-el-aula-de-musica-para-el-curso-20172018\/"},"modified":"2017-05-04T13:21:39","modified_gmt":"2017-05-04T11:21:39","slug":"periodo-de-inscripciones-en-el-aula-de-musica-para-el-curso-20172018","status":"publish","type":"post","link":"https:\/\/mont-roig.cat\/es\/actualitat\/noticies\/periodo-de-inscripciones-en-el-aula-de-musica-para-el-curso-20172018\/","title":{"rendered":"Periodo de inscripciones en el Aula de M\u00fasica para el curso 2017\/2018"},"content":{"rendered":"<p><strong><a href=\"http:\/\/mont-roig.cat\/wp-content\/uploads\/Inscripcions-Aula-de-M\u00fasica.jpg\"><img loading=\"lazy\" decoding=\"async\" class=\"wp-image-16801 alignright\" src=\"http:\/\/mont-roig.cat\/wp-content\/uploads\/Inscripcions-Aula-de-M\u00fasica-352x500.jpg\" alt=\"\" width=\"200\" height=\"284\" srcset=\"https:\/\/mont-roig.cat\/wp-content\/uploads\/Inscripcions-Aula-de-M\u00fasica-352x500.jpg 352w, https:\/\/mont-roig.cat\/wp-content\/uploads\/Inscripcions-Aula-de-M\u00fasica-768x1092.jpg 768w, https:\/\/mont-roig.cat\/wp-content\/uploads\/Inscripcions-Aula-de-M\u00fasica-720x1024.jpg 720w, https:\/\/mont-roig.cat\/wp-content\/uploads\/Inscripcions-Aula-de-M\u00fasica.jpg 1711w\" sizes=\"auto, (max-width: 200px) 100vw, 200px\" \/><\/a>Se realizar\u00e1 una jornada de puertas abiertas el 27 de mayo<\/strong><\/p>\n<p>El Aula de M\u00fasica Baptista Nogu\u00e9s abre, del 15 de mayo al 5 de junio, el periodo de inscripciones para el curso 2017\/2018. Para dar a conocer la oferta del centro se realizar\u00e1 una jornada de puertas abiertas el s\u00e1bado 27 de mayo, de 10.30 a 11.30h, en la Casa de Cultura de Mont-roig y de 12h a 13h en el aula de M\u00fasica de Miami Platja.<\/p>\n<p>El Aula de M\u00fasica ofrece clases de primer ciclo y segundo ciclo (con lenguaje musical, instrumento y canto coral) y el plan libre para alumnos mayores de 14 a\u00f1os. Los alumnos pueden elegir entre un amplio abanico de instrumentos como el tromb\u00f3n, el saxo, la flauta travesera, el viol\u00edn y la percusi\u00f3n, adem\u00e1s de los m\u00e1s populares como el piano y la guitarra. El objetivo del centro es que sus alumnos disfruten, conozcan y experimenten con la m\u00fasica.<\/p>\n<p>Para ello, adem\u00e1s de las clases ordinarias, se realizan audiciones trimestralmente y encuentros con otras escuelas de m\u00fasica. Tambi\u00e9n se organizan conciertos de instrumentos para potenciar la pr\u00e1ctica en grupo, como el tradicional concierto de Santa Cecilia pero tambi\u00e9n en Navidad y Sant Jordi, entre otros.<strong><br \/>\n<\/strong><\/p>\n<div id=\"attachment_16804\" style=\"width: 310px\" class=\"wp-caption alignleft\"><a href=\"http:\/\/mont-roig.cat\/wp-content\/uploads\/Concert-Aula-de-M\u00fasica_Sant-jordi-2017.jpg\"><img loading=\"lazy\" decoding=\"async\" aria-describedby=\"caption-attachment-16804\" class=\"wp-image-16804\" src=\"http:\/\/mont-roig.cat\/wp-content\/uploads\/Concert-Aula-de-M\u00fasica_Sant-jordi-2017-500x333.jpg\" alt=\"\" width=\"300\" height=\"200\" srcset=\"https:\/\/mont-roig.cat\/wp-content\/uploads\/Concert-Aula-de-M\u00fasica_Sant-jordi-2017-500x333.jpg 500w, https:\/\/mont-roig.cat\/wp-content\/uploads\/Concert-Aula-de-M\u00fasica_Sant-jordi-2017-768x512.jpg 768w, https:\/\/mont-roig.cat\/wp-content\/uploads\/Concert-Aula-de-M\u00fasica_Sant-jordi-2017-1024x683.jpg 1024w, https:\/\/mont-roig.cat\/wp-content\/uploads\/Concert-Aula-de-M\u00fasica_Sant-jordi-2017.jpg 1600w\" sizes=\"auto, (max-width: 300px) 100vw, 300px\" \/><\/a><p id=\"caption-attachment-16804\" class=\"wp-caption-text\">Concierto Sant Jordi 2017<\/p><\/div>\n","protected":false},"excerpt":{"rendered":"<p>Se realizar\u00e1 una jornada de puertas abiertas el 27 de mayo El Aula de M\u00fasica Baptista Nogu\u00e9s abre, del 15 de mayo al 5 de junio, el periodo de inscripciones para el curso 2017\/2018. Para dar a conocer la oferta del centro se realizar\u00e1 una jornada de puertas abiertas el s\u00e1bado 27 de mayo, de [&hellip;]<\/p>\n","protected":false},"author":4,"featured_media":16804,"comment_status":"closed","ping_status":"closed","sticky":false,"template":"","format":"standard","meta":{"inline_featured_image":false,"_monsterinsights_skip_tracking":false,"_monsterinsights_sitenote_active":false,"_monsterinsights_sitenote_note":"","_monsterinsights_sitenote_category":0,"footnotes":""},"categories":[101],"tags":[],"class_list":["post-16806","post","type-post","status-publish","format-standard","has-post-thumbnail","hentry","category-cultura-es"],"yoast_head":"<!-- This site is optimized with the Yoast SEO plugin v27.4 - https:\/\/yoast.com\/product\/yoast-seo-wordpress\/ -->\n<title>Periodo de inscripciones en el Aula de M\u00fasica para el curso 2017\/2018 - Ajuntament de Mont-roig del Camp<\/title>\n<meta name=\"robots\" content=\"index, follow, max-snippet:-1, max-image-preview:large, max-video-preview:-1\" \/>\n<link rel=\"canonical\" href=\"https:\/\/mont-roig.cat\/es\/actualitat\/noticies\/periodo-de-inscripciones-en-el-aula-de-musica-para-el-curso-20172018\/\" \/>\n<meta property=\"og:locale\" content=\"es_ES\" \/>\n<meta property=\"og:type\" content=\"article\" \/>\n<meta property=\"og:title\" content=\"Periodo de inscripciones en el Aula de M\u00fasica para el curso 2017\/2018 - Ajuntament de Mont-roig del Camp\" \/>\n<meta property=\"og:description\" content=\"Se realizar\u00e1 una jornada de puertas abiertas el 27 de mayo El Aula de M\u00fasica Baptista Nogu\u00e9s abre, del 15 de mayo al 5 de junio, el periodo de inscripciones para el curso 2017\/2018. Para dar a conocer la oferta del centro se realizar\u00e1 una jornada de puertas abiertas el s\u00e1bado 27 de mayo, de [&hellip;]\" \/>\n<meta property=\"og:url\" content=\"https:\/\/mont-roig.cat\/es\/actualitat\/noticies\/periodo-de-inscripciones-en-el-aula-de-musica-para-el-curso-20172018\/\" \/>\n<meta property=\"og:site_name\" content=\"Ajuntament de Mont-roig del Camp\" \/>\n<meta property=\"article:published_time\" content=\"2017-05-04T11:18:09+00:00\" \/>\n<meta property=\"article:modified_time\" content=\"2017-05-04T11:21:39+00:00\" \/>\n<meta property=\"og:image\" content=\"https:\/\/mont-roig.cat\/wp-content\/uploads\/Concert-Aula-de-M\u00fasica_Sant-jordi-2017.jpg\" \/>\n\t<meta property=\"og:image:width\" content=\"1600\" \/>\n\t<meta property=\"og:image:height\" content=\"1067\" \/>\n\t<meta property=\"og:image:type\" content=\"image\/jpeg\" \/>\n<meta name=\"author\" content=\"administrador\" \/>\n<meta name=\"twitter:card\" content=\"summary_large_image\" \/>\n<meta name=\"twitter:label1\" content=\"Escrito por\" \/>\n\t<meta name=\"twitter:data1\" content=\"administrador\" \/>\n\t<meta name=\"twitter:label2\" content=\"Tiempo de lectura\" \/>\n\t<meta name=\"twitter:data2\" content=\"1 minuto\" \/>\n<script type=\"application\/ld+json\" class=\"yoast-schema-graph\">{\"@context\":\"https:\\\/\\\/schema.org\",\"@graph\":[{\"@type\":\"Article\",\"@id\":\"https:\\\/\\\/mont-roig.cat\\\/es\\\/actualitat\\\/noticies\\\/periodo-de-inscripciones-en-el-aula-de-musica-para-el-curso-20172018\\\/#article\",\"isPartOf\":{\"@id\":\"https:\\\/\\\/mont-roig.cat\\\/es\\\/actualitat\\\/noticies\\\/periodo-de-inscripciones-en-el-aula-de-musica-para-el-curso-20172018\\\/\"},\"author\":{\"name\":\"administrador\",\"@id\":\"https:\\\/\\\/mont-roig.cat\\\/es\\\/#\\\/schema\\\/person\\\/f2b111789f22b7d0c3bd6786c9128cba\"},\"headline\":\"Periodo de inscripciones en el Aula de M\u00fasica para el curso 2017\\\/2018\",\"datePublished\":\"2017-05-04T11:18:09+00:00\",\"dateModified\":\"2017-05-04T11:21:39+00:00\",\"mainEntityOfPage\":{\"@id\":\"https:\\\/\\\/mont-roig.cat\\\/es\\\/actualitat\\\/noticies\\\/periodo-de-inscripciones-en-el-aula-de-musica-para-el-curso-20172018\\\/\"},\"wordCount\":234,\"image\":{\"@id\":\"https:\\\/\\\/mont-roig.cat\\\/es\\\/actualitat\\\/noticies\\\/periodo-de-inscripciones-en-el-aula-de-musica-para-el-curso-20172018\\\/#primaryimage\"},\"thumbnailUrl\":\"https:\\\/\\\/mont-roig.cat\\\/wp-content\\\/uploads\\\/Concert-Aula-de-M\u00fasica_Sant-jordi-2017.jpg\",\"articleSection\":[\"Cultura\"],\"inLanguage\":\"es\"},{\"@type\":\"WebPage\",\"@id\":\"https:\\\/\\\/mont-roig.cat\\\/es\\\/actualitat\\\/noticies\\\/periodo-de-inscripciones-en-el-aula-de-musica-para-el-curso-20172018\\\/\",\"url\":\"https:\\\/\\\/mont-roig.cat\\\/es\\\/actualitat\\\/noticies\\\/periodo-de-inscripciones-en-el-aula-de-musica-para-el-curso-20172018\\\/\",\"name\":\"Periodo de inscripciones en el Aula de M\u00fasica para el curso 2017\\\/2018 - Ajuntament de Mont-roig del Camp\",\"isPartOf\":{\"@id\":\"https:\\\/\\\/mont-roig.cat\\\/es\\\/#website\"},\"primaryImageOfPage\":{\"@id\":\"https:\\\/\\\/mont-roig.cat\\\/es\\\/actualitat\\\/noticies\\\/periodo-de-inscripciones-en-el-aula-de-musica-para-el-curso-20172018\\\/#primaryimage\"},\"image\":{\"@id\":\"https:\\\/\\\/mont-roig.cat\\\/es\\\/actualitat\\\/noticies\\\/periodo-de-inscripciones-en-el-aula-de-musica-para-el-curso-20172018\\\/#primaryimage\"},\"thumbnailUrl\":\"https:\\\/\\\/mont-roig.cat\\\/wp-content\\\/uploads\\\/Concert-Aula-de-M\u00fasica_Sant-jordi-2017.jpg\",\"datePublished\":\"2017-05-04T11:18:09+00:00\",\"dateModified\":\"2017-05-04T11:21:39+00:00\",\"author\":{\"@id\":\"https:\\\/\\\/mont-roig.cat\\\/es\\\/#\\\/schema\\\/person\\\/f2b111789f22b7d0c3bd6786c9128cba\"},\"breadcrumb\":{\"@id\":\"https:\\\/\\\/mont-roig.cat\\\/es\\\/actualitat\\\/noticies\\\/periodo-de-inscripciones-en-el-aula-de-musica-para-el-curso-20172018\\\/#breadcrumb\"},\"inLanguage\":\"es\",\"potentialAction\":[{\"@type\":\"ReadAction\",\"target\":[\"https:\\\/\\\/mont-roig.cat\\\/es\\\/actualitat\\\/noticies\\\/periodo-de-inscripciones-en-el-aula-de-musica-para-el-curso-20172018\\\/\"]}]},{\"@type\":\"ImageObject\",\"inLanguage\":\"es\",\"@id\":\"https:\\\/\\\/mont-roig.cat\\\/es\\\/actualitat\\\/noticies\\\/periodo-de-inscripciones-en-el-aula-de-musica-para-el-curso-20172018\\\/#primaryimage\",\"url\":\"https:\\\/\\\/mont-roig.cat\\\/wp-content\\\/uploads\\\/Concert-Aula-de-M\u00fasica_Sant-jordi-2017.jpg\",\"contentUrl\":\"https:\\\/\\\/mont-roig.cat\\\/wp-content\\\/uploads\\\/Concert-Aula-de-M\u00fasica_Sant-jordi-2017.jpg\",\"width\":1600,\"height\":1067},{\"@type\":\"BreadcrumbList\",\"@id\":\"https:\\\/\\\/mont-roig.cat\\\/es\\\/actualitat\\\/noticies\\\/periodo-de-inscripciones-en-el-aula-de-musica-para-el-curso-20172018\\\/#breadcrumb\",\"itemListElement\":[{\"@type\":\"ListItem\",\"position\":1,\"name\":\"Inici\",\"item\":\"https:\\\/\\\/mont-roig.cat\\\/es\\\/pagina-de-inicio\\\/\"},{\"@type\":\"ListItem\",\"position\":2,\"name\":\"Periodo de inscripciones en el Aula de M\u00fasica para el curso 2017\\\/2018\"}]},{\"@type\":\"WebSite\",\"@id\":\"https:\\\/\\\/mont-roig.cat\\\/es\\\/#website\",\"url\":\"https:\\\/\\\/mont-roig.cat\\\/es\\\/\",\"name\":\"Ajuntament de Mont-roig del Camp\",\"description\":\"Tota la informaci\u00f3 sobre la instituci\u00f3, els seus \u00f2rgans de govern, actualitat, serveis i molt m\u00e9s.\",\"potentialAction\":[{\"@type\":\"SearchAction\",\"target\":{\"@type\":\"EntryPoint\",\"urlTemplate\":\"https:\\\/\\\/mont-roig.cat\\\/es\\\/?s={search_term_string}\"},\"query-input\":{\"@type\":\"PropertyValueSpecification\",\"valueRequired\":true,\"valueName\":\"search_term_string\"}}],\"inLanguage\":\"es\"},{\"@type\":\"Person\",\"@id\":\"https:\\\/\\\/mont-roig.cat\\\/es\\\/#\\\/schema\\\/person\\\/f2b111789f22b7d0c3bd6786c9128cba\",\"name\":\"administrador\",\"image\":{\"@type\":\"ImageObject\",\"inLanguage\":\"es\",\"@id\":\"https:\\\/\\\/secure.gravatar.com\\\/avatar\\\/9137aac6891e2595c9d3036fd83bcb653b4db3c946db4c7d9b9be193c3c944bb?s=96&d=mm&r=g\",\"url\":\"https:\\\/\\\/secure.gravatar.com\\\/avatar\\\/9137aac6891e2595c9d3036fd83bcb653b4db3c946db4c7d9b9be193c3c944bb?s=96&d=mm&r=g\",\"contentUrl\":\"https:\\\/\\\/secure.gravatar.com\\\/avatar\\\/9137aac6891e2595c9d3036fd83bcb653b4db3c946db4c7d9b9be193c3c944bb?s=96&d=mm&r=g\",\"caption\":\"administrador\"},\"url\":\"https:\\\/\\\/mont-roig.cat\\\/es\\\/actualitat\\\/noticies\\\/author\\\/administrador\\\/\"}]}<\/script>\n<!-- \/ Yoast SEO plugin. -->","yoast_head_json":{"title":"Periodo de inscripciones en el Aula de M\u00fasica para el curso 2017\/2018 - Ajuntament de Mont-roig del Camp","robots":{"index":"index","follow":"follow","max-snippet":"max-snippet:-1","max-image-preview":"max-image-preview:large","max-video-preview":"max-video-preview:-1"},"canonical":"https:\/\/mont-roig.cat\/es\/actualitat\/noticies\/periodo-de-inscripciones-en-el-aula-de-musica-para-el-curso-20172018\/","og_locale":"es_ES","og_type":"article","og_title":"Periodo de inscripciones en el Aula de M\u00fasica para el curso 2017\/2018 - Ajuntament de Mont-roig del Camp","og_description":"Se realizar\u00e1 una jornada de puertas abiertas el 27 de mayo El Aula de M\u00fasica Baptista Nogu\u00e9s abre, del 15 de mayo al 5 de junio, el periodo de inscripciones para el curso 2017\/2018. Para dar a conocer la oferta del centro se realizar\u00e1 una jornada de puertas abiertas el s\u00e1bado 27 de mayo, de [&hellip;]","og_url":"https:\/\/mont-roig.cat\/es\/actualitat\/noticies\/periodo-de-inscripciones-en-el-aula-de-musica-para-el-curso-20172018\/","og_site_name":"Ajuntament de Mont-roig del Camp","article_published_time":"2017-05-04T11:18:09+00:00","article_modified_time":"2017-05-04T11:21:39+00:00","og_image":[{"width":1600,"height":1067,"url":"https:\/\/mont-roig.cat\/wp-content\/uploads\/Concert-Aula-de-M\u00fasica_Sant-jordi-2017.jpg","type":"image\/jpeg"}],"author":"administrador","twitter_card":"summary_large_image","twitter_misc":{"Escrito por":"administrador","Tiempo de lectura":"1 minuto"},"schema":{"@context":"https:\/\/schema.org","@graph":[{"@type":"Article","@id":"https:\/\/mont-roig.cat\/es\/actualitat\/noticies\/periodo-de-inscripciones-en-el-aula-de-musica-para-el-curso-20172018\/#article","isPartOf":{"@id":"https:\/\/mont-roig.cat\/es\/actualitat\/noticies\/periodo-de-inscripciones-en-el-aula-de-musica-para-el-curso-20172018\/"},"author":{"name":"administrador","@id":"https:\/\/mont-roig.cat\/es\/#\/schema\/person\/f2b111789f22b7d0c3bd6786c9128cba"},"headline":"Periodo de inscripciones en el Aula de M\u00fasica para el curso 2017\/2018","datePublished":"2017-05-04T11:18:09+00:00","dateModified":"2017-05-04T11:21:39+00:00","mainEntityOfPage":{"@id":"https:\/\/mont-roig.cat\/es\/actualitat\/noticies\/periodo-de-inscripciones-en-el-aula-de-musica-para-el-curso-20172018\/"},"wordCount":234,"image":{"@id":"https:\/\/mont-roig.cat\/es\/actualitat\/noticies\/periodo-de-inscripciones-en-el-aula-de-musica-para-el-curso-20172018\/#primaryimage"},"thumbnailUrl":"https:\/\/mont-roig.cat\/wp-content\/uploads\/Concert-Aula-de-M\u00fasica_Sant-jordi-2017.jpg","articleSection":["Cultura"],"inLanguage":"es"},{"@type":"WebPage","@id":"https:\/\/mont-roig.cat\/es\/actualitat\/noticies\/periodo-de-inscripciones-en-el-aula-de-musica-para-el-curso-20172018\/","url":"https:\/\/mont-roig.cat\/es\/actualitat\/noticies\/periodo-de-inscripciones-en-el-aula-de-musica-para-el-curso-20172018\/","name":"Periodo de inscripciones en el Aula de M\u00fasica para el curso 2017\/2018 - Ajuntament de Mont-roig del Camp","isPartOf":{"@id":"https:\/\/mont-roig.cat\/es\/#website"},"primaryImageOfPage":{"@id":"https:\/\/mont-roig.cat\/es\/actualitat\/noticies\/periodo-de-inscripciones-en-el-aula-de-musica-para-el-curso-20172018\/#primaryimage"},"image":{"@id":"https:\/\/mont-roig.cat\/es\/actualitat\/noticies\/periodo-de-inscripciones-en-el-aula-de-musica-para-el-curso-20172018\/#primaryimage"},"thumbnailUrl":"https:\/\/mont-roig.cat\/wp-content\/uploads\/Concert-Aula-de-M\u00fasica_Sant-jordi-2017.jpg","datePublished":"2017-05-04T11:18:09+00:00","dateModified":"2017-05-04T11:21:39+00:00","author":{"@id":"https:\/\/mont-roig.cat\/es\/#\/schema\/person\/f2b111789f22b7d0c3bd6786c9128cba"},"breadcrumb":{"@id":"https:\/\/mont-roig.cat\/es\/actualitat\/noticies\/periodo-de-inscripciones-en-el-aula-de-musica-para-el-curso-20172018\/#breadcrumb"},"inLanguage":"es","potentialAction":[{"@type":"ReadAction","target":["https:\/\/mont-roig.cat\/es\/actualitat\/noticies\/periodo-de-inscripciones-en-el-aula-de-musica-para-el-curso-20172018\/"]}]},{"@type":"ImageObject","inLanguage":"es","@id":"https:\/\/mont-roig.cat\/es\/actualitat\/noticies\/periodo-de-inscripciones-en-el-aula-de-musica-para-el-curso-20172018\/#primaryimage","url":"https:\/\/mont-roig.cat\/wp-content\/uploads\/Concert-Aula-de-M\u00fasica_Sant-jordi-2017.jpg","contentUrl":"https:\/\/mont-roig.cat\/wp-content\/uploads\/Concert-Aula-de-M\u00fasica_Sant-jordi-2017.jpg","width":1600,"height":1067},{"@type":"BreadcrumbList","@id":"https:\/\/mont-roig.cat\/es\/actualitat\/noticies\/periodo-de-inscripciones-en-el-aula-de-musica-para-el-curso-20172018\/#breadcrumb","itemListElement":[{"@type":"ListItem","position":1,"name":"Inici","item":"https:\/\/mont-roig.cat\/es\/pagina-de-inicio\/"},{"@type":"ListItem","position":2,"name":"Periodo de inscripciones en el Aula de M\u00fasica para el curso 2017\/2018"}]},{"@type":"WebSite","@id":"https:\/\/mont-roig.cat\/es\/#website","url":"https:\/\/mont-roig.cat\/es\/","name":"Ajuntament de Mont-roig del Camp","description":"Tota la informaci\u00f3 sobre la instituci\u00f3, els seus \u00f2rgans de govern, actualitat, serveis i molt m\u00e9s.","potentialAction":[{"@type":"SearchAction","target":{"@type":"EntryPoint","urlTemplate":"https:\/\/mont-roig.cat\/es\/?s={search_term_string}"},"query-input":{"@type":"PropertyValueSpecification","valueRequired":true,"valueName":"search_term_string"}}],"inLanguage":"es"},{"@type":"Person","@id":"https:\/\/mont-roig.cat\/es\/#\/schema\/person\/f2b111789f22b7d0c3bd6786c9128cba","name":"administrador","image":{"@type":"ImageObject","inLanguage":"es","@id":"https:\/\/secure.gravatar.com\/avatar\/9137aac6891e2595c9d3036fd83bcb653b4db3c946db4c7d9b9be193c3c944bb?s=96&d=mm&r=g","url":"https:\/\/secure.gravatar.com\/avatar\/9137aac6891e2595c9d3036fd83bcb653b4db3c946db4c7d9b9be193c3c944bb?s=96&d=mm&r=g","contentUrl":"https:\/\/secure.gravatar.com\/avatar\/9137aac6891e2595c9d3036fd83bcb653b4db3c946db4c7d9b9be193c3c944bb?s=96&d=mm&r=g","caption":"administrador"},"url":"https:\/\/mont-roig.cat\/es\/actualitat\/noticies\/author\/administrador\/"}]}},"_links":{"self":[{"href":"https:\/\/mont-roig.cat\/es\/wp-json\/wp\/v2\/posts\/16806","targetHints":{"allow":["GET"]}}],"collection":[{"href":"https:\/\/mont-roig.cat\/es\/wp-json\/wp\/v2\/posts"}],"about":[{"href":"https:\/\/mont-roig.cat\/es\/wp-json\/wp\/v2\/types\/post"}],"author":[{"embeddable":true,"href":"https:\/\/mont-roig.cat\/es\/wp-json\/wp\/v2\/users\/4"}],"replies":[{"embeddable":true,"href":"https:\/\/mont-roig.cat\/es\/wp-json\/wp\/v2\/comments?post=16806"}],"version-history":[{"count":0,"href":"https:\/\/mont-roig.cat\/es\/wp-json\/wp\/v2\/posts\/16806\/revisions"}],"wp:featuredmedia":[{"embeddable":true,"href":"https:\/\/mont-roig.cat\/es\/wp-json\/wp\/v2\/media\/16804"}],"wp:attachment":[{"href":"https:\/\/mont-roig.cat\/es\/wp-json\/wp\/v2\/media?parent=16806"}],"wp:term":[{"taxonomy":"category","embeddable":true,"href":"https:\/\/mont-roig.cat\/es\/wp-json\/wp\/v2\/categories?post=16806"},{"taxonomy":"post_tag","embeddable":true,"href":"https:\/\/mont-roig.cat\/es\/wp-json\/wp\/v2\/tags?post=16806"}],"curies":[{"name":"wp","href":"https:\/\/api.w.org\/{rel}","templated":true}]}}