{"id":16972,"date":"2017-05-10T14:09:08","date_gmt":"2017-05-10T12:09:08","guid":{"rendered":"http:\/\/mont-roig.cat\/actualitat\/noticies\/comienzan-los-trabajos-de-mejora-del-alumbrado-del-municipio\/"},"modified":"2017-05-10T14:29:32","modified_gmt":"2017-05-10T12:29:32","slug":"comienzan-los-trabajos-de-mejora-del-alumbrado-del-municipio","status":"publish","type":"post","link":"https:\/\/mont-roig.cat\/es\/actualitat\/noticies\/comienzan-los-trabajos-de-mejora-del-alumbrado-del-municipio\/","title":{"rendered":"Comienzan los trabajos de mejora del alumbrado del municipio"},"content":{"rendered":"<div id=\"attachment_16962\" style=\"width: 310px\" class=\"wp-caption alignright\"><a href=\"http:\/\/mont-roig.cat\/wp-content\/uploads\/Inici-treballs-de-millora-de-lenllumenat.jpg\"><img loading=\"lazy\" decoding=\"async\" aria-describedby=\"caption-attachment-16962\" class=\"wp-image-16962\" src=\"http:\/\/mont-roig.cat\/wp-content\/uploads\/Inici-treballs-de-millora-de-lenllumenat-500x375.jpg\" alt=\"\" width=\"300\" height=\"225\" srcset=\"https:\/\/mont-roig.cat\/wp-content\/uploads\/Inici-treballs-de-millora-de-lenllumenat-500x375.jpg 500w, https:\/\/mont-roig.cat\/wp-content\/uploads\/Inici-treballs-de-millora-de-lenllumenat-768x576.jpg 768w, https:\/\/mont-roig.cat\/wp-content\/uploads\/Inici-treballs-de-millora-de-lenllumenat-1024x768.jpg 1024w, https:\/\/mont-roig.cat\/wp-content\/uploads\/Inici-treballs-de-millora-de-lenllumenat-463x348.jpg 463w, https:\/\/mont-roig.cat\/wp-content\/uploads\/Inici-treballs-de-millora-de-lenllumenat.jpg 1920w\" sizes=\"auto, (max-width: 300px) 100vw, 300px\" \/><\/a><p id=\"caption-attachment-16962\" class=\"wp-caption-text\">Trabajos de mejora del alumbrado<\/p><\/div>\n<p><strong>Se han iniciado por Casalot\u00a0Zona Roma, Pino Alto y centro de Miami Platja<\/strong><\/p>\n<p>Uno de los grandes proyectos que el Ayuntamiento ha establecido como prioritario para este mandato ya es una realidad. Los trabajos previos de mejora del alumbrado de todo el municipio han empezado\u00a0esta semana. De forma simult\u00e1nea a trav\u00e9s de varios equipos han iniciado catas, cimentaci\u00f3n de farolas y excavaci\u00f3n de zanjas. La finalidad es poder instalar nuevos puntos de luz as\u00ed como realizar el cambio de bombillas por unas de menor consumo.<\/p>\n<p>Las obras han comenzado por las zonas con m\u00e1s carencias como son la urbanizaci\u00f3n Casalot Zona Roma, Pino Alto y calles del centro de Miami Platja que no disponen de iluminaci\u00f3n o \u00e9sta es deficitaria, como la avenida Verge de Montserrat o calle Sant Llu\u00eds, entre otros. Se prev\u00e9 que progresivamente se ampl\u00eden al resto del municipio.<\/p>\n<p>Los trabajos consisten en la instalaci\u00f3n de 3 tipolog\u00edas de farolas, unas m\u00e1s decorativas para calles residenciales, unos proyectores para plazas y rotondas y otras con m\u00e1s potencia para carreteras y avenidas m\u00e1s anchas.<\/p>\n<p><strong>Sin coste para el vecindario<\/strong><\/p>\n<p>Mont-roig del Camp es de los pocos municipios de toda Espa\u00f1a que ha obtenido el 100% del importe solicitado al Programa de ayudas del IDAE (Instituto para la Diversificaci\u00f3n y Ahorro de Energ\u00eda) del Ministerio de Industria, Energ\u00eda y Turismo. Un programa que ofrece un pr\u00e9stamo al 0% de inter\u00e9s, a devolver en 10 a\u00f1os, para la renovaci\u00f3n de las instalaciones de alumbrado exterior municipal.<\/p>\n<p>Este cr\u00e9dito subvencionado permitir\u00e1 actuar a todos los n\u00facleos de poblaci\u00f3n mejorando la eficiencia energ\u00e9tica, reduciendo la factura el\u00e9ctrica y supliendo las deficiencias de alumbrado p\u00fablico de algunas zonas. El presupuesto total del proyecto es de cerca de 4.000.000 euros. Se espera que con la reducci\u00f3n del consumo y de la factura de la luz se pueda devolver el pr\u00e9stamo en el plazo establecido o incluso antes. A pesar de la envergadura del proyecto, \u00e9ste no tendr\u00e1 ning\u00fan coste para el vecindario.<\/p>\n\n\t\t<style type=\"text\/css\">\n\t\t\t#gallery-1 {\n\t\t\t\tmargin: auto;\n\t\t\t}\n\t\t\t#gallery-1 .gallery-item {\n\t\t\t\tfloat: left;\n\t\t\t\tmargin-top: 10px;\n\t\t\t\ttext-align: center;\n\t\t\t\twidth: 25%;\n\t\t\t}\n\t\t\t#gallery-1 img {\n\t\t\t\tborder: 2px solid #cfcfcf;\n\t\t\t}\n\t\t\t#gallery-1 .gallery-caption {\n\t\t\t\tmargin-left: 0;\n\t\t\t}\n\t\t\t\/* see gallery_shortcode() in wp-includes\/media.php *\/\n\t\t<\/style>\n\t\t<div id='gallery-1' class='gallery galleryid-16972 gallery-columns-4 gallery-size-large'><dl class='gallery-item'>\n\t\t\t<dt class='gallery-icon landscape'>\n\t\t\t\t<a href='https:\/\/mont-roig.cat\/wp-content\/uploads\/Inici-treballs-de-millora-de-lenllumenat_2.jpg'><img loading=\"lazy\" decoding=\"async\" width=\"900\" height=\"675\" src=\"https:\/\/mont-roig.cat\/wp-content\/uploads\/Inici-treballs-de-millora-de-lenllumenat_2-1024x768.jpg\" class=\"attachment-large size-large\" alt=\"\" aria-describedby=\"gallery-1-16967\" srcset=\"https:\/\/mont-roig.cat\/wp-content\/uploads\/Inici-treballs-de-millora-de-lenllumenat_2-1024x768.jpg 1024w, https:\/\/mont-roig.cat\/wp-content\/uploads\/Inici-treballs-de-millora-de-lenllumenat_2-500x375.jpg 500w, https:\/\/mont-roig.cat\/wp-content\/uploads\/Inici-treballs-de-millora-de-lenllumenat_2-768x576.jpg 768w, https:\/\/mont-roig.cat\/wp-content\/uploads\/Inici-treballs-de-millora-de-lenllumenat_2-463x348.jpg 463w, https:\/\/mont-roig.cat\/wp-content\/uploads\/Inici-treballs-de-millora-de-lenllumenat_2.jpg 1920w\" sizes=\"auto, (max-width: 900px) 100vw, 900px\" \/><\/a>\n\t\t\t<\/dt>\n\t\t\t\t<dd class='wp-caption-text gallery-caption' id='gallery-1-16967'>\n\t\t\t\tAvenida Val\u00e8ncia\n\t\t\t\t<\/dd><\/dl><dl class='gallery-item'>\n\t\t\t<dt class='gallery-icon landscape'>\n\t\t\t\t<a href='https:\/\/mont-roig.cat\/wp-content\/uploads\/Inici-treballs-de-millora-de-lenllumenat_3.jpg'><img loading=\"lazy\" decoding=\"async\" width=\"900\" height=\"675\" src=\"https:\/\/mont-roig.cat\/wp-content\/uploads\/Inici-treballs-de-millora-de-lenllumenat_3-1024x768.jpg\" class=\"attachment-large size-large\" alt=\"\" aria-describedby=\"gallery-1-16968\" srcset=\"https:\/\/mont-roig.cat\/wp-content\/uploads\/Inici-treballs-de-millora-de-lenllumenat_3-1024x768.jpg 1024w, https:\/\/mont-roig.cat\/wp-content\/uploads\/Inici-treballs-de-millora-de-lenllumenat_3-500x375.jpg 500w, https:\/\/mont-roig.cat\/wp-content\/uploads\/Inici-treballs-de-millora-de-lenllumenat_3-768x576.jpg 768w, https:\/\/mont-roig.cat\/wp-content\/uploads\/Inici-treballs-de-millora-de-lenllumenat_3-463x348.jpg 463w, https:\/\/mont-roig.cat\/wp-content\/uploads\/Inici-treballs-de-millora-de-lenllumenat_3.jpg 1920w\" sizes=\"auto, (max-width: 900px) 100vw, 900px\" \/><\/a>\n\t\t\t<\/dt>\n\t\t\t\t<dd class='wp-caption-text gallery-caption' id='gallery-1-16968'>\n\t\t\t\tAvenida Val\u00e8ncia\n\t\t\t\t<\/dd><\/dl><dl class='gallery-item'>\n\t\t\t<dt class='gallery-icon landscape'>\n\t\t\t\t<a href='https:\/\/mont-roig.cat\/wp-content\/uploads\/Inici-treballs-de-millora-de-lenllumenat_4.jpg'><img loading=\"lazy\" decoding=\"async\" width=\"900\" height=\"675\" src=\"https:\/\/mont-roig.cat\/wp-content\/uploads\/Inici-treballs-de-millora-de-lenllumenat_4-1024x768.jpg\" class=\"attachment-large size-large\" alt=\"\" aria-describedby=\"gallery-1-16969\" srcset=\"https:\/\/mont-roig.cat\/wp-content\/uploads\/Inici-treballs-de-millora-de-lenllumenat_4-1024x768.jpg 1024w, https:\/\/mont-roig.cat\/wp-content\/uploads\/Inici-treballs-de-millora-de-lenllumenat_4-500x375.jpg 500w, https:\/\/mont-roig.cat\/wp-content\/uploads\/Inici-treballs-de-millora-de-lenllumenat_4-768x576.jpg 768w, https:\/\/mont-roig.cat\/wp-content\/uploads\/Inici-treballs-de-millora-de-lenllumenat_4-463x348.jpg 463w, https:\/\/mont-roig.cat\/wp-content\/uploads\/Inici-treballs-de-millora-de-lenllumenat_4.jpg 1920w\" sizes=\"auto, (max-width: 900px) 100vw, 900px\" \/><\/a>\n\t\t\t<\/dt>\n\t\t\t\t<dd class='wp-caption-text gallery-caption' id='gallery-1-16969'>\n\t\t\t\tUrb. Casalot Zona Roma\n\t\t\t\t<\/dd><\/dl><dl class='gallery-item'>\n\t\t\t<dt class='gallery-icon landscape'>\n\t\t\t\t<a href='https:\/\/mont-roig.cat\/wp-content\/uploads\/Inici-treballs-de-millora-de-lenllumenat_5.jpg'><img loading=\"lazy\" decoding=\"async\" width=\"900\" height=\"675\" src=\"https:\/\/mont-roig.cat\/wp-content\/uploads\/Inici-treballs-de-millora-de-lenllumenat_5-1024x768.jpg\" class=\"attachment-large size-large\" alt=\"\" aria-describedby=\"gallery-1-16970\" srcset=\"https:\/\/mont-roig.cat\/wp-content\/uploads\/Inici-treballs-de-millora-de-lenllumenat_5-1024x768.jpg 1024w, https:\/\/mont-roig.cat\/wp-content\/uploads\/Inici-treballs-de-millora-de-lenllumenat_5-500x375.jpg 500w, https:\/\/mont-roig.cat\/wp-content\/uploads\/Inici-treballs-de-millora-de-lenllumenat_5-768x576.jpg 768w, https:\/\/mont-roig.cat\/wp-content\/uploads\/Inici-treballs-de-millora-de-lenllumenat_5-463x348.jpg 463w, https:\/\/mont-roig.cat\/wp-content\/uploads\/Inici-treballs-de-millora-de-lenllumenat_5.jpg 1920w\" sizes=\"auto, (max-width: 900px) 100vw, 900px\" \/><\/a>\n\t\t\t<\/dt>\n\t\t\t\t<dd class='wp-caption-text gallery-caption' id='gallery-1-16970'>\n\t\t\t\tUrb. Pino Alto\n\t\t\t\t<\/dd><\/dl><br style=\"clear: both\" \/>\n\t\t<\/div>\n\n","protected":false},"excerpt":{"rendered":"<p>Se han iniciado por Casalot\u00a0Zona Roma, Pino Alto y centro de Miami Platja Uno de los grandes proyectos que el Ayuntamiento ha establecido como prioritario para este mandato ya es una realidad. Los trabajos previos de mejora del alumbrado de todo el municipio han empezado\u00a0esta semana. De forma simult\u00e1nea a trav\u00e9s de varios equipos han [&hellip;]<\/p>\n","protected":false},"author":4,"featured_media":16962,"comment_status":"closed","ping_status":"closed","sticky":false,"template":"","format":"standard","meta":{"inline_featured_image":false,"_monsterinsights_skip_tracking":false,"_monsterinsights_sitenote_active":false,"_monsterinsights_sitenote_note":"","_monsterinsights_sitenote_category":0,"footnotes":""},"categories":[98,116],"tags":[],"class_list":["post-16972","post","type-post","status-publish","format-standard","has-post-thumbnail","hentry","category-ayuntamiento","category-urbanismo-y-obras"],"yoast_head":"<!-- This site is optimized with the Yoast SEO plugin v27.4 - https:\/\/yoast.com\/product\/yoast-seo-wordpress\/ -->\n<title>Comienzan los trabajos de mejora del alumbrado del municipio - Ajuntament de Mont-roig del Camp<\/title>\n<meta name=\"robots\" content=\"index, follow, max-snippet:-1, max-image-preview:large, max-video-preview:-1\" \/>\n<link rel=\"canonical\" href=\"https:\/\/mont-roig.cat\/es\/actualitat\/noticies\/comienzan-los-trabajos-de-mejora-del-alumbrado-del-municipio\/\" \/>\n<meta property=\"og:locale\" content=\"es_ES\" \/>\n<meta property=\"og:type\" content=\"article\" \/>\n<meta property=\"og:title\" content=\"Comienzan los trabajos de mejora del alumbrado del municipio - Ajuntament de Mont-roig del Camp\" \/>\n<meta property=\"og:description\" content=\"Se han iniciado por Casalot\u00a0Zona Roma, Pino Alto y centro de Miami Platja Uno de los grandes proyectos que el Ayuntamiento ha establecido como prioritario para este mandato ya es una realidad. Los trabajos previos de mejora del alumbrado de todo el municipio han empezado\u00a0esta semana. De forma simult\u00e1nea a trav\u00e9s de varios equipos han [&hellip;]\" \/>\n<meta property=\"og:url\" content=\"https:\/\/mont-roig.cat\/es\/actualitat\/noticies\/comienzan-los-trabajos-de-mejora-del-alumbrado-del-municipio\/\" \/>\n<meta property=\"og:site_name\" content=\"Ajuntament de Mont-roig del Camp\" \/>\n<meta property=\"article:published_time\" content=\"2017-05-10T12:09:08+00:00\" \/>\n<meta property=\"article:modified_time\" content=\"2017-05-10T12:29:32+00:00\" \/>\n<meta property=\"og:image\" content=\"https:\/\/mont-roig.cat\/wp-content\/uploads\/Inici-treballs-de-millora-de-lenllumenat.jpg\" \/>\n\t<meta property=\"og:image:width\" content=\"1920\" \/>\n\t<meta property=\"og:image:height\" content=\"1440\" \/>\n\t<meta property=\"og:image:type\" content=\"image\/jpeg\" \/>\n<meta name=\"author\" content=\"administrador\" \/>\n<meta name=\"twitter:card\" content=\"summary_large_image\" \/>\n<meta name=\"twitter:label1\" content=\"Escrito por\" \/>\n\t<meta name=\"twitter:data1\" content=\"administrador\" \/>\n\t<meta name=\"twitter:label2\" content=\"Tiempo de lectura\" \/>\n\t<meta name=\"twitter:data2\" content=\"2 minutos\" \/>\n<script type=\"application\/ld+json\" class=\"yoast-schema-graph\">{\"@context\":\"https:\\\/\\\/schema.org\",\"@graph\":[{\"@type\":\"Article\",\"@id\":\"https:\\\/\\\/mont-roig.cat\\\/es\\\/actualitat\\\/noticies\\\/comienzan-los-trabajos-de-mejora-del-alumbrado-del-municipio\\\/#article\",\"isPartOf\":{\"@id\":\"https:\\\/\\\/mont-roig.cat\\\/es\\\/actualitat\\\/noticies\\\/comienzan-los-trabajos-de-mejora-del-alumbrado-del-municipio\\\/\"},\"author\":{\"name\":\"administrador\",\"@id\":\"https:\\\/\\\/mont-roig.cat\\\/es\\\/#\\\/schema\\\/person\\\/f2b111789f22b7d0c3bd6786c9128cba\"},\"headline\":\"Comienzan los trabajos de mejora del alumbrado del municipio\",\"datePublished\":\"2017-05-10T12:09:08+00:00\",\"dateModified\":\"2017-05-10T12:29:32+00:00\",\"mainEntityOfPage\":{\"@id\":\"https:\\\/\\\/mont-roig.cat\\\/es\\\/actualitat\\\/noticies\\\/comienzan-los-trabajos-de-mejora-del-alumbrado-del-municipio\\\/\"},\"wordCount\":384,\"image\":{\"@id\":\"https:\\\/\\\/mont-roig.cat\\\/es\\\/actualitat\\\/noticies\\\/comienzan-los-trabajos-de-mejora-del-alumbrado-del-municipio\\\/#primaryimage\"},\"thumbnailUrl\":\"https:\\\/\\\/mont-roig.cat\\\/wp-content\\\/uploads\\\/Inici-treballs-de-millora-de-lenllumenat.jpg\",\"articleSection\":[\"Ayuntamiento\",\"Urbanismo y obras\"],\"inLanguage\":\"es\"},{\"@type\":\"WebPage\",\"@id\":\"https:\\\/\\\/mont-roig.cat\\\/es\\\/actualitat\\\/noticies\\\/comienzan-los-trabajos-de-mejora-del-alumbrado-del-municipio\\\/\",\"url\":\"https:\\\/\\\/mont-roig.cat\\\/es\\\/actualitat\\\/noticies\\\/comienzan-los-trabajos-de-mejora-del-alumbrado-del-municipio\\\/\",\"name\":\"Comienzan los trabajos de mejora del alumbrado del municipio - Ajuntament de Mont-roig del Camp\",\"isPartOf\":{\"@id\":\"https:\\\/\\\/mont-roig.cat\\\/es\\\/#website\"},\"primaryImageOfPage\":{\"@id\":\"https:\\\/\\\/mont-roig.cat\\\/es\\\/actualitat\\\/noticies\\\/comienzan-los-trabajos-de-mejora-del-alumbrado-del-municipio\\\/#primaryimage\"},\"image\":{\"@id\":\"https:\\\/\\\/mont-roig.cat\\\/es\\\/actualitat\\\/noticies\\\/comienzan-los-trabajos-de-mejora-del-alumbrado-del-municipio\\\/#primaryimage\"},\"thumbnailUrl\":\"https:\\\/\\\/mont-roig.cat\\\/wp-content\\\/uploads\\\/Inici-treballs-de-millora-de-lenllumenat.jpg\",\"datePublished\":\"2017-05-10T12:09:08+00:00\",\"dateModified\":\"2017-05-10T12:29:32+00:00\",\"author\":{\"@id\":\"https:\\\/\\\/mont-roig.cat\\\/es\\\/#\\\/schema\\\/person\\\/f2b111789f22b7d0c3bd6786c9128cba\"},\"breadcrumb\":{\"@id\":\"https:\\\/\\\/mont-roig.cat\\\/es\\\/actualitat\\\/noticies\\\/comienzan-los-trabajos-de-mejora-del-alumbrado-del-municipio\\\/#breadcrumb\"},\"inLanguage\":\"es\",\"potentialAction\":[{\"@type\":\"ReadAction\",\"target\":[\"https:\\\/\\\/mont-roig.cat\\\/es\\\/actualitat\\\/noticies\\\/comienzan-los-trabajos-de-mejora-del-alumbrado-del-municipio\\\/\"]}]},{\"@type\":\"ImageObject\",\"inLanguage\":\"es\",\"@id\":\"https:\\\/\\\/mont-roig.cat\\\/es\\\/actualitat\\\/noticies\\\/comienzan-los-trabajos-de-mejora-del-alumbrado-del-municipio\\\/#primaryimage\",\"url\":\"https:\\\/\\\/mont-roig.cat\\\/wp-content\\\/uploads\\\/Inici-treballs-de-millora-de-lenllumenat.jpg\",\"contentUrl\":\"https:\\\/\\\/mont-roig.cat\\\/wp-content\\\/uploads\\\/Inici-treballs-de-millora-de-lenllumenat.jpg\",\"width\":1920,\"height\":1440},{\"@type\":\"BreadcrumbList\",\"@id\":\"https:\\\/\\\/mont-roig.cat\\\/es\\\/actualitat\\\/noticies\\\/comienzan-los-trabajos-de-mejora-del-alumbrado-del-municipio\\\/#breadcrumb\",\"itemListElement\":[{\"@type\":\"ListItem\",\"position\":1,\"name\":\"Inici\",\"item\":\"https:\\\/\\\/mont-roig.cat\\\/es\\\/pagina-de-inicio\\\/\"},{\"@type\":\"ListItem\",\"position\":2,\"name\":\"Comienzan los trabajos de mejora del alumbrado del municipio\"}]},{\"@type\":\"WebSite\",\"@id\":\"https:\\\/\\\/mont-roig.cat\\\/es\\\/#website\",\"url\":\"https:\\\/\\\/mont-roig.cat\\\/es\\\/\",\"name\":\"Ajuntament de Mont-roig del Camp\",\"description\":\"Tota la informaci\u00f3 sobre la instituci\u00f3, els seus \u00f2rgans de govern, actualitat, serveis i molt m\u00e9s.\",\"potentialAction\":[{\"@type\":\"SearchAction\",\"target\":{\"@type\":\"EntryPoint\",\"urlTemplate\":\"https:\\\/\\\/mont-roig.cat\\\/es\\\/?s={search_term_string}\"},\"query-input\":{\"@type\":\"PropertyValueSpecification\",\"valueRequired\":true,\"valueName\":\"search_term_string\"}}],\"inLanguage\":\"es\"},{\"@type\":\"Person\",\"@id\":\"https:\\\/\\\/mont-roig.cat\\\/es\\\/#\\\/schema\\\/person\\\/f2b111789f22b7d0c3bd6786c9128cba\",\"name\":\"administrador\",\"image\":{\"@type\":\"ImageObject\",\"inLanguage\":\"es\",\"@id\":\"https:\\\/\\\/secure.gravatar.com\\\/avatar\\\/9137aac6891e2595c9d3036fd83bcb653b4db3c946db4c7d9b9be193c3c944bb?s=96&d=mm&r=g\",\"url\":\"https:\\\/\\\/secure.gravatar.com\\\/avatar\\\/9137aac6891e2595c9d3036fd83bcb653b4db3c946db4c7d9b9be193c3c944bb?s=96&d=mm&r=g\",\"contentUrl\":\"https:\\\/\\\/secure.gravatar.com\\\/avatar\\\/9137aac6891e2595c9d3036fd83bcb653b4db3c946db4c7d9b9be193c3c944bb?s=96&d=mm&r=g\",\"caption\":\"administrador\"},\"url\":\"https:\\\/\\\/mont-roig.cat\\\/es\\\/actualitat\\\/noticies\\\/author\\\/administrador\\\/\"}]}<\/script>\n<!-- \/ Yoast SEO plugin. -->","yoast_head_json":{"title":"Comienzan los trabajos de mejora del alumbrado del municipio - Ajuntament de Mont-roig del Camp","robots":{"index":"index","follow":"follow","max-snippet":"max-snippet:-1","max-image-preview":"max-image-preview:large","max-video-preview":"max-video-preview:-1"},"canonical":"https:\/\/mont-roig.cat\/es\/actualitat\/noticies\/comienzan-los-trabajos-de-mejora-del-alumbrado-del-municipio\/","og_locale":"es_ES","og_type":"article","og_title":"Comienzan los trabajos de mejora del alumbrado del municipio - Ajuntament de Mont-roig del Camp","og_description":"Se han iniciado por Casalot\u00a0Zona Roma, Pino Alto y centro de Miami Platja Uno de los grandes proyectos que el Ayuntamiento ha establecido como prioritario para este mandato ya es una realidad. Los trabajos previos de mejora del alumbrado de todo el municipio han empezado\u00a0esta semana. De forma simult\u00e1nea a trav\u00e9s de varios equipos han [&hellip;]","og_url":"https:\/\/mont-roig.cat\/es\/actualitat\/noticies\/comienzan-los-trabajos-de-mejora-del-alumbrado-del-municipio\/","og_site_name":"Ajuntament de Mont-roig del Camp","article_published_time":"2017-05-10T12:09:08+00:00","article_modified_time":"2017-05-10T12:29:32+00:00","og_image":[{"width":1920,"height":1440,"url":"https:\/\/mont-roig.cat\/wp-content\/uploads\/Inici-treballs-de-millora-de-lenllumenat.jpg","type":"image\/jpeg"}],"author":"administrador","twitter_card":"summary_large_image","twitter_misc":{"Escrito por":"administrador","Tiempo de lectura":"2 minutos"},"schema":{"@context":"https:\/\/schema.org","@graph":[{"@type":"Article","@id":"https:\/\/mont-roig.cat\/es\/actualitat\/noticies\/comienzan-los-trabajos-de-mejora-del-alumbrado-del-municipio\/#article","isPartOf":{"@id":"https:\/\/mont-roig.cat\/es\/actualitat\/noticies\/comienzan-los-trabajos-de-mejora-del-alumbrado-del-municipio\/"},"author":{"name":"administrador","@id":"https:\/\/mont-roig.cat\/es\/#\/schema\/person\/f2b111789f22b7d0c3bd6786c9128cba"},"headline":"Comienzan los trabajos de mejora del alumbrado del municipio","datePublished":"2017-05-10T12:09:08+00:00","dateModified":"2017-05-10T12:29:32+00:00","mainEntityOfPage":{"@id":"https:\/\/mont-roig.cat\/es\/actualitat\/noticies\/comienzan-los-trabajos-de-mejora-del-alumbrado-del-municipio\/"},"wordCount":384,"image":{"@id":"https:\/\/mont-roig.cat\/es\/actualitat\/noticies\/comienzan-los-trabajos-de-mejora-del-alumbrado-del-municipio\/#primaryimage"},"thumbnailUrl":"https:\/\/mont-roig.cat\/wp-content\/uploads\/Inici-treballs-de-millora-de-lenllumenat.jpg","articleSection":["Ayuntamiento","Urbanismo y obras"],"inLanguage":"es"},{"@type":"WebPage","@id":"https:\/\/mont-roig.cat\/es\/actualitat\/noticies\/comienzan-los-trabajos-de-mejora-del-alumbrado-del-municipio\/","url":"https:\/\/mont-roig.cat\/es\/actualitat\/noticies\/comienzan-los-trabajos-de-mejora-del-alumbrado-del-municipio\/","name":"Comienzan los trabajos de mejora del alumbrado del municipio - Ajuntament de Mont-roig del Camp","isPartOf":{"@id":"https:\/\/mont-roig.cat\/es\/#website"},"primaryImageOfPage":{"@id":"https:\/\/mont-roig.cat\/es\/actualitat\/noticies\/comienzan-los-trabajos-de-mejora-del-alumbrado-del-municipio\/#primaryimage"},"image":{"@id":"https:\/\/mont-roig.cat\/es\/actualitat\/noticies\/comienzan-los-trabajos-de-mejora-del-alumbrado-del-municipio\/#primaryimage"},"thumbnailUrl":"https:\/\/mont-roig.cat\/wp-content\/uploads\/Inici-treballs-de-millora-de-lenllumenat.jpg","datePublished":"2017-05-10T12:09:08+00:00","dateModified":"2017-05-10T12:29:32+00:00","author":{"@id":"https:\/\/mont-roig.cat\/es\/#\/schema\/person\/f2b111789f22b7d0c3bd6786c9128cba"},"breadcrumb":{"@id":"https:\/\/mont-roig.cat\/es\/actualitat\/noticies\/comienzan-los-trabajos-de-mejora-del-alumbrado-del-municipio\/#breadcrumb"},"inLanguage":"es","potentialAction":[{"@type":"ReadAction","target":["https:\/\/mont-roig.cat\/es\/actualitat\/noticies\/comienzan-los-trabajos-de-mejora-del-alumbrado-del-municipio\/"]}]},{"@type":"ImageObject","inLanguage":"es","@id":"https:\/\/mont-roig.cat\/es\/actualitat\/noticies\/comienzan-los-trabajos-de-mejora-del-alumbrado-del-municipio\/#primaryimage","url":"https:\/\/mont-roig.cat\/wp-content\/uploads\/Inici-treballs-de-millora-de-lenllumenat.jpg","contentUrl":"https:\/\/mont-roig.cat\/wp-content\/uploads\/Inici-treballs-de-millora-de-lenllumenat.jpg","width":1920,"height":1440},{"@type":"BreadcrumbList","@id":"https:\/\/mont-roig.cat\/es\/actualitat\/noticies\/comienzan-los-trabajos-de-mejora-del-alumbrado-del-municipio\/#breadcrumb","itemListElement":[{"@type":"ListItem","position":1,"name":"Inici","item":"https:\/\/mont-roig.cat\/es\/pagina-de-inicio\/"},{"@type":"ListItem","position":2,"name":"Comienzan los trabajos de mejora del alumbrado del municipio"}]},{"@type":"WebSite","@id":"https:\/\/mont-roig.cat\/es\/#website","url":"https:\/\/mont-roig.cat\/es\/","name":"Ajuntament de Mont-roig del Camp","description":"Tota la informaci\u00f3 sobre la instituci\u00f3, els seus \u00f2rgans de govern, actualitat, serveis i molt m\u00e9s.","potentialAction":[{"@type":"SearchAction","target":{"@type":"EntryPoint","urlTemplate":"https:\/\/mont-roig.cat\/es\/?s={search_term_string}"},"query-input":{"@type":"PropertyValueSpecification","valueRequired":true,"valueName":"search_term_string"}}],"inLanguage":"es"},{"@type":"Person","@id":"https:\/\/mont-roig.cat\/es\/#\/schema\/person\/f2b111789f22b7d0c3bd6786c9128cba","name":"administrador","image":{"@type":"ImageObject","inLanguage":"es","@id":"https:\/\/secure.gravatar.com\/avatar\/9137aac6891e2595c9d3036fd83bcb653b4db3c946db4c7d9b9be193c3c944bb?s=96&d=mm&r=g","url":"https:\/\/secure.gravatar.com\/avatar\/9137aac6891e2595c9d3036fd83bcb653b4db3c946db4c7d9b9be193c3c944bb?s=96&d=mm&r=g","contentUrl":"https:\/\/secure.gravatar.com\/avatar\/9137aac6891e2595c9d3036fd83bcb653b4db3c946db4c7d9b9be193c3c944bb?s=96&d=mm&r=g","caption":"administrador"},"url":"https:\/\/mont-roig.cat\/es\/actualitat\/noticies\/author\/administrador\/"}]}},"_links":{"self":[{"href":"https:\/\/mont-roig.cat\/es\/wp-json\/wp\/v2\/posts\/16972","targetHints":{"allow":["GET"]}}],"collection":[{"href":"https:\/\/mont-roig.cat\/es\/wp-json\/wp\/v2\/posts"}],"about":[{"href":"https:\/\/mont-roig.cat\/es\/wp-json\/wp\/v2\/types\/post"}],"author":[{"embeddable":true,"href":"https:\/\/mont-roig.cat\/es\/wp-json\/wp\/v2\/users\/4"}],"replies":[{"embeddable":true,"href":"https:\/\/mont-roig.cat\/es\/wp-json\/wp\/v2\/comments?post=16972"}],"version-history":[{"count":0,"href":"https:\/\/mont-roig.cat\/es\/wp-json\/wp\/v2\/posts\/16972\/revisions"}],"wp:featuredmedia":[{"embeddable":true,"href":"https:\/\/mont-roig.cat\/es\/wp-json\/wp\/v2\/media\/16962"}],"wp:attachment":[{"href":"https:\/\/mont-roig.cat\/es\/wp-json\/wp\/v2\/media?parent=16972"}],"wp:term":[{"taxonomy":"category","embeddable":true,"href":"https:\/\/mont-roig.cat\/es\/wp-json\/wp\/v2\/categories?post=16972"},{"taxonomy":"post_tag","embeddable":true,"href":"https:\/\/mont-roig.cat\/es\/wp-json\/wp\/v2\/tags?post=16972"}],"curies":[{"name":"wp","href":"https:\/\/api.w.org\/{rel}","templated":true}]}}