{"id":17104,"date":"2017-05-22T09:42:38","date_gmt":"2017-05-22T07:42:38","guid":{"rendered":"http:\/\/mont-roig.cat\/actualitat\/noticies\/el-programa-cafes-con-el-alcalde-incluido-el-banc-de-bones-practiques-de-los-gobiernos-locales\/"},"modified":"2017-05-22T09:49:21","modified_gmt":"2017-05-22T07:49:21","slug":"el-programa-cafes-con-el-alcalde-incluido-el-banc-de-bones-practiques-de-los-gobiernos-locales","status":"publish","type":"post","link":"https:\/\/mont-roig.cat\/es\/actualitat\/noticies\/el-programa-cafes-con-el-alcalde-incluido-el-banc-de-bones-practiques-de-los-gobiernos-locales\/","title":{"rendered":"El programa Caf\u00e9s con el alcalde incluido el Banc de Bones Pr\u00e0ctiques de los Gobiernos Locales"},"content":{"rendered":"<ul>\n<li><strong>La iniciativa ha sido reconocida como una pr\u00e1ctica significativa de acercamiento a la ciudadan\u00eda<\/strong><\/li>\n<li><strong>Es la segunda vez que el BBP reconoce el esfuerzo del Ayuntamiento de Mont-roig del Camp en la puesta en marcha de acciones y experiencias innovadoras de gobierno y gesti\u00f3n municipal<\/strong><\/li>\n<\/ul>\n<div id=\"attachment_8409\" style=\"width: 360px\" class=\"wp-caption alignright\"><a href=\"http:\/\/mont-roig.cat\/wp-content\/uploads\/Caf\u00e8-amb-lalcalde_v2.jpg\"><img loading=\"lazy\" decoding=\"async\" aria-describedby=\"caption-attachment-8409\" class=\"wp-image-8409\" src=\"http:\/\/mont-roig.cat\/wp-content\/uploads\/Caf\u00e8-amb-lalcalde_v2-500x236.jpg\" alt=\"\" width=\"350\" height=\"165\" srcset=\"https:\/\/mont-roig.cat\/wp-content\/uploads\/Caf\u00e8-amb-lalcalde_v2-500x236.jpg 500w, https:\/\/mont-roig.cat\/wp-content\/uploads\/Caf\u00e8-amb-lalcalde_v2-768x362.jpg 768w, https:\/\/mont-roig.cat\/wp-content\/uploads\/Caf\u00e8-amb-lalcalde_v2-1024x482.jpg 1024w\" sizes=\"auto, (max-width: 350px) 100vw, 350px\" \/><\/a><p id=\"caption-attachment-8409\" class=\"wp-caption-text\">Anuncio del programa Caf\u00e8s con el alcalde reconocido en el BBP<\/p><\/div>\n<p>El programa Caf\u00e9s con el alcalde del Ayuntamiento de Mont-roig del Camp ha sido reconocido por el <em>Banc de Bones Pr\u00e0ctiques (BBP)<\/em> de los Gobiernos Locales de Catalu\u00f1a como pr\u00e1ctica significativa de acercamiento a la ciudadan\u00eda.<\/p>\n<p>El BBP ha valorado esta propuesta de participaci\u00f3n ciudadana y la ha incluido en su cat\u00e1logo por el hecho de tratarse de una aportaci\u00f3n innovadora y de calidad que puede servir de referencia para otros ayuntamientos o entidades locales.<\/p>\n<p><strong>Se han realizado hasta 10 encuentros con la ciudadan\u00eda<\/strong><br \/>\nDesde su puesta en marcha, en enero de 2016, el alcalde de Mont-roig del Camp, Fran Morancho ha realizado un total de 10 encuentros con los vecinos y vecinas del municipio. Estas, que se realizan en bares y cafeter\u00edas de Mont-roig y de Miami Platja permiten tratar de una forma distendida, cercana y sin formalismos cuestiones de inter\u00e9s municipal, quejas o sugerencias con los ciudadanos. Los encuentros, que son una forma de incentivar la participaci\u00f3n ciudadana y el rendimiento de cuentas, permiten a la vez sondear la opini\u00f3n p\u00fablica municipal.<\/p>\n<p><strong>La Comisi\u00f3n de Recursos Humanos tambi\u00e9n forma parte del BBP<\/strong><br \/>\nEsta es la segunda iniciativa del Ayuntamiento de Mont-roig del Camp que se incluye en el BBP. La experiencia &#8220;Comissi\u00f3 de Recursos Humans Municipals. Selecci\u00f3 de personal amb participaci\u00f3 ciutadana\u201d tambi\u00e9n fue seleccionada como una <em>Bona Pr\u00e0ctica<\/em> y entr\u00f3 a formar parte de este cat\u00e1logo. Recordemos que la Comisi\u00f3n de Recursos Humanos Municipales se cre\u00f3 en septiembre de 2015 para valorar las propuestas relativas a recursos humanos del Ayuntamiento, la empresa p\u00fablica municipal Nostreserveis y el ente p\u00fablico empresarial Nostraigua.<\/p>\n<p>El objetivo de esta iniciativa pionera es fomentar la transparencia en cuanto a los recursos humanos y canalizar la participaci\u00f3n de los ciudadanos y de los grupos municipales de la oposici\u00f3n en la toma de decisiones de esta materia, como medidas destinadas a una mejora global de la gesti\u00f3n p\u00fablica municipal. Se trata pues, de un mecanismo de prevenci\u00f3n saludable, di\u00e1fano y de fomento del gobierno abierto.<\/p>\n<p>El <em>Banc de Bones Pr\u00e0ctiques (BBP)<\/em> de los gobiernos locales es un servicio impulsado por la Federaci\u00f3 de Municipis de Catalunya, la Fundaci\u00f3 Carles Pi i Sunyer de estudios auton\u00f3micos y locales y los ayuntamientos de m\u00e1s de cinco mil habitantes de Catalu\u00f1a que identifica y difunde experiencias innovadoras de gobierno y gesti\u00f3n municipal.<\/p>\n","protected":false},"excerpt":{"rendered":"<p>La iniciativa ha sido reconocida como una pr\u00e1ctica significativa de acercamiento a la ciudadan\u00eda Es la segunda vez que el BBP reconoce el esfuerzo del Ayuntamiento de Mont-roig del Camp en la puesta en marcha de acciones y experiencias innovadoras de gobierno y gesti\u00f3n municipal El programa Caf\u00e9s con el alcalde del Ayuntamiento de Mont-roig [&hellip;]<\/p>\n","protected":false},"author":4,"featured_media":8409,"comment_status":"closed","ping_status":"closed","sticky":false,"template":"","format":"standard","meta":{"inline_featured_image":false,"_monsterinsights_skip_tracking":false,"_monsterinsights_sitenote_active":false,"_monsterinsights_sitenote_note":"","_monsterinsights_sitenote_category":0,"footnotes":""},"categories":[98],"tags":[],"class_list":["post-17104","post","type-post","status-publish","format-standard","has-post-thumbnail","hentry","category-ayuntamiento"],"yoast_head":"<!-- This site is optimized with the Yoast SEO plugin v27.4 - https:\/\/yoast.com\/product\/yoast-seo-wordpress\/ -->\n<title>El programa Caf\u00e9s con el alcalde incluido el Banc de Bones Pr\u00e0ctiques de los Gobiernos Locales - Ajuntament de Mont-roig del Camp<\/title>\n<meta name=\"robots\" content=\"index, follow, max-snippet:-1, max-image-preview:large, max-video-preview:-1\" \/>\n<link rel=\"canonical\" href=\"https:\/\/mont-roig.cat\/es\/actualitat\/noticies\/el-programa-cafes-con-el-alcalde-incluido-el-banc-de-bones-practiques-de-los-gobiernos-locales\/\" \/>\n<meta property=\"og:locale\" content=\"es_ES\" \/>\n<meta property=\"og:type\" content=\"article\" \/>\n<meta property=\"og:title\" content=\"El programa Caf\u00e9s con el alcalde incluido el Banc de Bones Pr\u00e0ctiques de los Gobiernos Locales - Ajuntament de Mont-roig del Camp\" \/>\n<meta property=\"og:description\" content=\"La iniciativa ha sido reconocida como una pr\u00e1ctica significativa de acercamiento a la ciudadan\u00eda Es la segunda vez que el BBP reconoce el esfuerzo del Ayuntamiento de Mont-roig del Camp en la puesta en marcha de acciones y experiencias innovadoras de gobierno y gesti\u00f3n municipal El programa Caf\u00e9s con el alcalde del Ayuntamiento de Mont-roig [&hellip;]\" \/>\n<meta property=\"og:url\" content=\"https:\/\/mont-roig.cat\/es\/actualitat\/noticies\/el-programa-cafes-con-el-alcalde-incluido-el-banc-de-bones-practiques-de-los-gobiernos-locales\/\" \/>\n<meta property=\"og:site_name\" content=\"Ajuntament de Mont-roig del Camp\" \/>\n<meta property=\"article:published_time\" content=\"2017-05-22T07:42:38+00:00\" \/>\n<meta property=\"article:modified_time\" content=\"2017-05-22T07:49:21+00:00\" \/>\n<meta property=\"og:image\" content=\"https:\/\/mont-roig.cat\/wp-content\/uploads\/Caf\u00e8-amb-lalcalde_v2.jpg\" \/>\n\t<meta property=\"og:image:width\" content=\"3154\" \/>\n\t<meta property=\"og:image:height\" content=\"1486\" \/>\n\t<meta property=\"og:image:type\" content=\"image\/jpeg\" \/>\n<meta name=\"author\" content=\"administrador\" \/>\n<meta name=\"twitter:card\" content=\"summary_large_image\" \/>\n<meta name=\"twitter:label1\" content=\"Escrito por\" \/>\n\t<meta name=\"twitter:data1\" content=\"administrador\" \/>\n\t<meta name=\"twitter:label2\" content=\"Tiempo de lectura\" \/>\n\t<meta name=\"twitter:data2\" content=\"2 minutos\" \/>\n<script type=\"application\/ld+json\" class=\"yoast-schema-graph\">{\"@context\":\"https:\\\/\\\/schema.org\",\"@graph\":[{\"@type\":\"Article\",\"@id\":\"https:\\\/\\\/mont-roig.cat\\\/es\\\/actualitat\\\/noticies\\\/el-programa-cafes-con-el-alcalde-incluido-el-banc-de-bones-practiques-de-los-gobiernos-locales\\\/#article\",\"isPartOf\":{\"@id\":\"https:\\\/\\\/mont-roig.cat\\\/es\\\/actualitat\\\/noticies\\\/el-programa-cafes-con-el-alcalde-incluido-el-banc-de-bones-practiques-de-los-gobiernos-locales\\\/\"},\"author\":{\"name\":\"administrador\",\"@id\":\"https:\\\/\\\/mont-roig.cat\\\/es\\\/#\\\/schema\\\/person\\\/f2b111789f22b7d0c3bd6786c9128cba\"},\"headline\":\"El programa Caf\u00e9s con el alcalde incluido el Banc de Bones Pr\u00e0ctiques de los Gobiernos Locales\",\"datePublished\":\"2017-05-22T07:42:38+00:00\",\"dateModified\":\"2017-05-22T07:49:21+00:00\",\"mainEntityOfPage\":{\"@id\":\"https:\\\/\\\/mont-roig.cat\\\/es\\\/actualitat\\\/noticies\\\/el-programa-cafes-con-el-alcalde-incluido-el-banc-de-bones-practiques-de-los-gobiernos-locales\\\/\"},\"wordCount\":499,\"image\":{\"@id\":\"https:\\\/\\\/mont-roig.cat\\\/es\\\/actualitat\\\/noticies\\\/el-programa-cafes-con-el-alcalde-incluido-el-banc-de-bones-practiques-de-los-gobiernos-locales\\\/#primaryimage\"},\"thumbnailUrl\":\"https:\\\/\\\/mont-roig.cat\\\/wp-content\\\/uploads\\\/Caf\u00e8-amb-lalcalde_v2.jpg\",\"articleSection\":[\"Ayuntamiento\"],\"inLanguage\":\"es\"},{\"@type\":\"WebPage\",\"@id\":\"https:\\\/\\\/mont-roig.cat\\\/es\\\/actualitat\\\/noticies\\\/el-programa-cafes-con-el-alcalde-incluido-el-banc-de-bones-practiques-de-los-gobiernos-locales\\\/\",\"url\":\"https:\\\/\\\/mont-roig.cat\\\/es\\\/actualitat\\\/noticies\\\/el-programa-cafes-con-el-alcalde-incluido-el-banc-de-bones-practiques-de-los-gobiernos-locales\\\/\",\"name\":\"El programa Caf\u00e9s con el alcalde incluido el Banc de Bones Pr\u00e0ctiques de los Gobiernos Locales - Ajuntament de Mont-roig del Camp\",\"isPartOf\":{\"@id\":\"https:\\\/\\\/mont-roig.cat\\\/es\\\/#website\"},\"primaryImageOfPage\":{\"@id\":\"https:\\\/\\\/mont-roig.cat\\\/es\\\/actualitat\\\/noticies\\\/el-programa-cafes-con-el-alcalde-incluido-el-banc-de-bones-practiques-de-los-gobiernos-locales\\\/#primaryimage\"},\"image\":{\"@id\":\"https:\\\/\\\/mont-roig.cat\\\/es\\\/actualitat\\\/noticies\\\/el-programa-cafes-con-el-alcalde-incluido-el-banc-de-bones-practiques-de-los-gobiernos-locales\\\/#primaryimage\"},\"thumbnailUrl\":\"https:\\\/\\\/mont-roig.cat\\\/wp-content\\\/uploads\\\/Caf\u00e8-amb-lalcalde_v2.jpg\",\"datePublished\":\"2017-05-22T07:42:38+00:00\",\"dateModified\":\"2017-05-22T07:49:21+00:00\",\"author\":{\"@id\":\"https:\\\/\\\/mont-roig.cat\\\/es\\\/#\\\/schema\\\/person\\\/f2b111789f22b7d0c3bd6786c9128cba\"},\"breadcrumb\":{\"@id\":\"https:\\\/\\\/mont-roig.cat\\\/es\\\/actualitat\\\/noticies\\\/el-programa-cafes-con-el-alcalde-incluido-el-banc-de-bones-practiques-de-los-gobiernos-locales\\\/#breadcrumb\"},\"inLanguage\":\"es\",\"potentialAction\":[{\"@type\":\"ReadAction\",\"target\":[\"https:\\\/\\\/mont-roig.cat\\\/es\\\/actualitat\\\/noticies\\\/el-programa-cafes-con-el-alcalde-incluido-el-banc-de-bones-practiques-de-los-gobiernos-locales\\\/\"]}]},{\"@type\":\"ImageObject\",\"inLanguage\":\"es\",\"@id\":\"https:\\\/\\\/mont-roig.cat\\\/es\\\/actualitat\\\/noticies\\\/el-programa-cafes-con-el-alcalde-incluido-el-banc-de-bones-practiques-de-los-gobiernos-locales\\\/#primaryimage\",\"url\":\"https:\\\/\\\/mont-roig.cat\\\/wp-content\\\/uploads\\\/Caf\u00e8-amb-lalcalde_v2.jpg\",\"contentUrl\":\"https:\\\/\\\/mont-roig.cat\\\/wp-content\\\/uploads\\\/Caf\u00e8-amb-lalcalde_v2.jpg\",\"width\":3154,\"height\":1486},{\"@type\":\"BreadcrumbList\",\"@id\":\"https:\\\/\\\/mont-roig.cat\\\/es\\\/actualitat\\\/noticies\\\/el-programa-cafes-con-el-alcalde-incluido-el-banc-de-bones-practiques-de-los-gobiernos-locales\\\/#breadcrumb\",\"itemListElement\":[{\"@type\":\"ListItem\",\"position\":1,\"name\":\"Inici\",\"item\":\"https:\\\/\\\/mont-roig.cat\\\/es\\\/pagina-de-inicio\\\/\"},{\"@type\":\"ListItem\",\"position\":2,\"name\":\"El programa Caf\u00e9s con el alcalde incluido el Banc de Bones Pr\u00e0ctiques de los Gobiernos Locales\"}]},{\"@type\":\"WebSite\",\"@id\":\"https:\\\/\\\/mont-roig.cat\\\/es\\\/#website\",\"url\":\"https:\\\/\\\/mont-roig.cat\\\/es\\\/\",\"name\":\"Ajuntament de Mont-roig del Camp\",\"description\":\"Tota la informaci\u00f3 sobre la instituci\u00f3, els seus \u00f2rgans de govern, actualitat, serveis i molt m\u00e9s.\",\"potentialAction\":[{\"@type\":\"SearchAction\",\"target\":{\"@type\":\"EntryPoint\",\"urlTemplate\":\"https:\\\/\\\/mont-roig.cat\\\/es\\\/?s={search_term_string}\"},\"query-input\":{\"@type\":\"PropertyValueSpecification\",\"valueRequired\":true,\"valueName\":\"search_term_string\"}}],\"inLanguage\":\"es\"},{\"@type\":\"Person\",\"@id\":\"https:\\\/\\\/mont-roig.cat\\\/es\\\/#\\\/schema\\\/person\\\/f2b111789f22b7d0c3bd6786c9128cba\",\"name\":\"administrador\",\"image\":{\"@type\":\"ImageObject\",\"inLanguage\":\"es\",\"@id\":\"https:\\\/\\\/secure.gravatar.com\\\/avatar\\\/9137aac6891e2595c9d3036fd83bcb653b4db3c946db4c7d9b9be193c3c944bb?s=96&d=mm&r=g\",\"url\":\"https:\\\/\\\/secure.gravatar.com\\\/avatar\\\/9137aac6891e2595c9d3036fd83bcb653b4db3c946db4c7d9b9be193c3c944bb?s=96&d=mm&r=g\",\"contentUrl\":\"https:\\\/\\\/secure.gravatar.com\\\/avatar\\\/9137aac6891e2595c9d3036fd83bcb653b4db3c946db4c7d9b9be193c3c944bb?s=96&d=mm&r=g\",\"caption\":\"administrador\"},\"url\":\"https:\\\/\\\/mont-roig.cat\\\/es\\\/actualitat\\\/noticies\\\/author\\\/administrador\\\/\"}]}<\/script>\n<!-- \/ Yoast SEO plugin. -->","yoast_head_json":{"title":"El programa Caf\u00e9s con el alcalde incluido el Banc de Bones Pr\u00e0ctiques de los Gobiernos Locales - Ajuntament de Mont-roig del Camp","robots":{"index":"index","follow":"follow","max-snippet":"max-snippet:-1","max-image-preview":"max-image-preview:large","max-video-preview":"max-video-preview:-1"},"canonical":"https:\/\/mont-roig.cat\/es\/actualitat\/noticies\/el-programa-cafes-con-el-alcalde-incluido-el-banc-de-bones-practiques-de-los-gobiernos-locales\/","og_locale":"es_ES","og_type":"article","og_title":"El programa Caf\u00e9s con el alcalde incluido el Banc de Bones Pr\u00e0ctiques de los Gobiernos Locales - Ajuntament de Mont-roig del Camp","og_description":"La iniciativa ha sido reconocida como una pr\u00e1ctica significativa de acercamiento a la ciudadan\u00eda Es la segunda vez que el BBP reconoce el esfuerzo del Ayuntamiento de Mont-roig del Camp en la puesta en marcha de acciones y experiencias innovadoras de gobierno y gesti\u00f3n municipal El programa Caf\u00e9s con el alcalde del Ayuntamiento de Mont-roig [&hellip;]","og_url":"https:\/\/mont-roig.cat\/es\/actualitat\/noticies\/el-programa-cafes-con-el-alcalde-incluido-el-banc-de-bones-practiques-de-los-gobiernos-locales\/","og_site_name":"Ajuntament de Mont-roig del Camp","article_published_time":"2017-05-22T07:42:38+00:00","article_modified_time":"2017-05-22T07:49:21+00:00","og_image":[{"width":3154,"height":1486,"url":"https:\/\/mont-roig.cat\/wp-content\/uploads\/Caf\u00e8-amb-lalcalde_v2.jpg","type":"image\/jpeg"}],"author":"administrador","twitter_card":"summary_large_image","twitter_misc":{"Escrito por":"administrador","Tiempo de lectura":"2 minutos"},"schema":{"@context":"https:\/\/schema.org","@graph":[{"@type":"Article","@id":"https:\/\/mont-roig.cat\/es\/actualitat\/noticies\/el-programa-cafes-con-el-alcalde-incluido-el-banc-de-bones-practiques-de-los-gobiernos-locales\/#article","isPartOf":{"@id":"https:\/\/mont-roig.cat\/es\/actualitat\/noticies\/el-programa-cafes-con-el-alcalde-incluido-el-banc-de-bones-practiques-de-los-gobiernos-locales\/"},"author":{"name":"administrador","@id":"https:\/\/mont-roig.cat\/es\/#\/schema\/person\/f2b111789f22b7d0c3bd6786c9128cba"},"headline":"El programa Caf\u00e9s con el alcalde incluido el Banc de Bones Pr\u00e0ctiques de los Gobiernos Locales","datePublished":"2017-05-22T07:42:38+00:00","dateModified":"2017-05-22T07:49:21+00:00","mainEntityOfPage":{"@id":"https:\/\/mont-roig.cat\/es\/actualitat\/noticies\/el-programa-cafes-con-el-alcalde-incluido-el-banc-de-bones-practiques-de-los-gobiernos-locales\/"},"wordCount":499,"image":{"@id":"https:\/\/mont-roig.cat\/es\/actualitat\/noticies\/el-programa-cafes-con-el-alcalde-incluido-el-banc-de-bones-practiques-de-los-gobiernos-locales\/#primaryimage"},"thumbnailUrl":"https:\/\/mont-roig.cat\/wp-content\/uploads\/Caf\u00e8-amb-lalcalde_v2.jpg","articleSection":["Ayuntamiento"],"inLanguage":"es"},{"@type":"WebPage","@id":"https:\/\/mont-roig.cat\/es\/actualitat\/noticies\/el-programa-cafes-con-el-alcalde-incluido-el-banc-de-bones-practiques-de-los-gobiernos-locales\/","url":"https:\/\/mont-roig.cat\/es\/actualitat\/noticies\/el-programa-cafes-con-el-alcalde-incluido-el-banc-de-bones-practiques-de-los-gobiernos-locales\/","name":"El programa Caf\u00e9s con el alcalde incluido el Banc de Bones Pr\u00e0ctiques de los Gobiernos Locales - Ajuntament de Mont-roig del Camp","isPartOf":{"@id":"https:\/\/mont-roig.cat\/es\/#website"},"primaryImageOfPage":{"@id":"https:\/\/mont-roig.cat\/es\/actualitat\/noticies\/el-programa-cafes-con-el-alcalde-incluido-el-banc-de-bones-practiques-de-los-gobiernos-locales\/#primaryimage"},"image":{"@id":"https:\/\/mont-roig.cat\/es\/actualitat\/noticies\/el-programa-cafes-con-el-alcalde-incluido-el-banc-de-bones-practiques-de-los-gobiernos-locales\/#primaryimage"},"thumbnailUrl":"https:\/\/mont-roig.cat\/wp-content\/uploads\/Caf\u00e8-amb-lalcalde_v2.jpg","datePublished":"2017-05-22T07:42:38+00:00","dateModified":"2017-05-22T07:49:21+00:00","author":{"@id":"https:\/\/mont-roig.cat\/es\/#\/schema\/person\/f2b111789f22b7d0c3bd6786c9128cba"},"breadcrumb":{"@id":"https:\/\/mont-roig.cat\/es\/actualitat\/noticies\/el-programa-cafes-con-el-alcalde-incluido-el-banc-de-bones-practiques-de-los-gobiernos-locales\/#breadcrumb"},"inLanguage":"es","potentialAction":[{"@type":"ReadAction","target":["https:\/\/mont-roig.cat\/es\/actualitat\/noticies\/el-programa-cafes-con-el-alcalde-incluido-el-banc-de-bones-practiques-de-los-gobiernos-locales\/"]}]},{"@type":"ImageObject","inLanguage":"es","@id":"https:\/\/mont-roig.cat\/es\/actualitat\/noticies\/el-programa-cafes-con-el-alcalde-incluido-el-banc-de-bones-practiques-de-los-gobiernos-locales\/#primaryimage","url":"https:\/\/mont-roig.cat\/wp-content\/uploads\/Caf\u00e8-amb-lalcalde_v2.jpg","contentUrl":"https:\/\/mont-roig.cat\/wp-content\/uploads\/Caf\u00e8-amb-lalcalde_v2.jpg","width":3154,"height":1486},{"@type":"BreadcrumbList","@id":"https:\/\/mont-roig.cat\/es\/actualitat\/noticies\/el-programa-cafes-con-el-alcalde-incluido-el-banc-de-bones-practiques-de-los-gobiernos-locales\/#breadcrumb","itemListElement":[{"@type":"ListItem","position":1,"name":"Inici","item":"https:\/\/mont-roig.cat\/es\/pagina-de-inicio\/"},{"@type":"ListItem","position":2,"name":"El programa Caf\u00e9s con el alcalde incluido el Banc de Bones Pr\u00e0ctiques de los Gobiernos Locales"}]},{"@type":"WebSite","@id":"https:\/\/mont-roig.cat\/es\/#website","url":"https:\/\/mont-roig.cat\/es\/","name":"Ajuntament de Mont-roig del Camp","description":"Tota la informaci\u00f3 sobre la instituci\u00f3, els seus \u00f2rgans de govern, actualitat, serveis i molt m\u00e9s.","potentialAction":[{"@type":"SearchAction","target":{"@type":"EntryPoint","urlTemplate":"https:\/\/mont-roig.cat\/es\/?s={search_term_string}"},"query-input":{"@type":"PropertyValueSpecification","valueRequired":true,"valueName":"search_term_string"}}],"inLanguage":"es"},{"@type":"Person","@id":"https:\/\/mont-roig.cat\/es\/#\/schema\/person\/f2b111789f22b7d0c3bd6786c9128cba","name":"administrador","image":{"@type":"ImageObject","inLanguage":"es","@id":"https:\/\/secure.gravatar.com\/avatar\/9137aac6891e2595c9d3036fd83bcb653b4db3c946db4c7d9b9be193c3c944bb?s=96&d=mm&r=g","url":"https:\/\/secure.gravatar.com\/avatar\/9137aac6891e2595c9d3036fd83bcb653b4db3c946db4c7d9b9be193c3c944bb?s=96&d=mm&r=g","contentUrl":"https:\/\/secure.gravatar.com\/avatar\/9137aac6891e2595c9d3036fd83bcb653b4db3c946db4c7d9b9be193c3c944bb?s=96&d=mm&r=g","caption":"administrador"},"url":"https:\/\/mont-roig.cat\/es\/actualitat\/noticies\/author\/administrador\/"}]}},"_links":{"self":[{"href":"https:\/\/mont-roig.cat\/es\/wp-json\/wp\/v2\/posts\/17104","targetHints":{"allow":["GET"]}}],"collection":[{"href":"https:\/\/mont-roig.cat\/es\/wp-json\/wp\/v2\/posts"}],"about":[{"href":"https:\/\/mont-roig.cat\/es\/wp-json\/wp\/v2\/types\/post"}],"author":[{"embeddable":true,"href":"https:\/\/mont-roig.cat\/es\/wp-json\/wp\/v2\/users\/4"}],"replies":[{"embeddable":true,"href":"https:\/\/mont-roig.cat\/es\/wp-json\/wp\/v2\/comments?post=17104"}],"version-history":[{"count":0,"href":"https:\/\/mont-roig.cat\/es\/wp-json\/wp\/v2\/posts\/17104\/revisions"}],"wp:featuredmedia":[{"embeddable":true,"href":"https:\/\/mont-roig.cat\/es\/wp-json\/wp\/v2\/media\/8409"}],"wp:attachment":[{"href":"https:\/\/mont-roig.cat\/es\/wp-json\/wp\/v2\/media?parent=17104"}],"wp:term":[{"taxonomy":"category","embeddable":true,"href":"https:\/\/mont-roig.cat\/es\/wp-json\/wp\/v2\/categories?post=17104"},{"taxonomy":"post_tag","embeddable":true,"href":"https:\/\/mont-roig.cat\/es\/wp-json\/wp\/v2\/tags?post=17104"}],"curies":[{"name":"wp","href":"https:\/\/api.w.org\/{rel}","templated":true}]}}